{"id":78683,"date":"2025-01-27T21:15:00","date_gmt":"2025-01-28T03:15:00","guid":{"rendered":"https:\/\/nitu.mx\/?p=78683"},"modified":"2025-01-27T20:57:22","modified_gmt":"2025-01-28T02:57:22","slug":"jalisco-consolida-su-liderazgo-como-hub-filmico-en-fitur-2025","status":"publish","type":"post","link":"https:\/\/nitu.mx\/index.php\/2025\/01\/27\/jalisco-consolida-su-liderazgo-como-hub-filmico-en-fitur-2025\/","title":{"rendered":"Jalisco consolida su liderazgo como hub f\u00edlmico en FITUR 2025"},"content":{"rendered":"<p>Con 189 producciones realizadas en 2024 y una derrama econ\u00f3mica de 948 millones de pesos, Jalisco ha fortalecido su posici\u00f3n como l\u00edder en la industria f\u00edlmica en M\u00e9xico y Latinoam\u00e9rica. Durante la Feria Internacional de Turismo (FITUR) 2025 en Madrid, el gobernador de Jalisco, Pablo Lemus Navarro, present\u00f3 &#8220;Filma Jalisco&#8221;, una pol\u00edtica p\u00fablica que busca atraer inversiones, impulsar el talento local y consolidar al estado como un destino clave para producciones audiovisuales.<\/p>\n<p>Incentivos clave para la industria<br \/>\nEl programa &#8220;Filma Jalisco&#8221; incluye el Cash Rebate, un esquema \u00fanico en M\u00e9xico que reembolsa a las producciones un porcentaje de la inversi\u00f3n realizada en el estado. Este fideicomiso cuenta con un presupuesto de 100 millones de pesos para 2025 y ha beneficiado a 20 proyectos en el \u00faltimo a\u00f1o, generando un crecimiento econ\u00f3mico del 82.1%.<\/p>\n<p>Adem\u00e1s, se ofrecen facilidades como permisos simplificados, un extenso cat\u00e1logo de locaciones y un marco legal adaptado a las necesidades del sector.<\/p>\n<p>Apuesta por el talento local<br \/>\nLa estrategia tambi\u00e9n busca fortalecer el capital humano. &#8220;Academia Filma&#8221; fomenta la formaci\u00f3n de profesionales en \u00e1reas como producci\u00f3n, edici\u00f3n y audio, mientras que &#8220;Punto Filma&#8221; facilita la vinculaci\u00f3n estrat\u00e9gica para atraer inversiones y agilizar permisos de filmaci\u00f3n.<\/p>\n<p>Proyecci\u00f3n internacional<br \/>\nLemus Navarro extendi\u00f3 una invitaci\u00f3n a empresarios internacionales para invertir en estudios de filmaci\u00f3n, garantizando est\u00edmulos econ\u00f3micos, terrenos y seguridad jur\u00eddica. &#8220;Van a encontrar un gobierno promotor, abierto y que les d\u00e9 certeza como inversionistas&#8221;, destac\u00f3.<\/p>\n<p>Impacto en el desarrollo del estado<br \/>\nEl gobernador subray\u00f3 que la industria f\u00edlmica no solo impulsa la econom\u00eda, sino que tambi\u00e9n fortalece el desarrollo social y cultural de Jalisco, convirti\u00e9ndolo en un referente internacional en la producci\u00f3n audiovisual. (<a href=\"https:\/\/nitu.mx\/index.php\/2025\/01\/09\/jalisco-recibe-mas-de-1-56-millones-de-turistas-en-las-vacaciones-de-invierno\/\">Jalisco recibe m\u00e1s de 1.56 millones de turistas en las vacaciones de invierno<\/a>).<\/p>\n","protected":false},"excerpt":{"rendered":"<p>Con 189 producciones realizadas en 2024 y una derrama econ\u00f3mica de 948 millones de pesos, Jalisco ha fortalecido su posici\u00f3n como l\u00edder en la industria f\u00edlmica en M\u00e9xico y Latinoam\u00e9rica. Durante la Feria Internacional de Turismo (FITUR) 2025 en Madrid, el gobernador de Jalisco, Pablo Lemus Navarro, present\u00f3 &#8220;Filma Jalisco&#8221;, una pol\u00edtica p\u00fablica que busca [&hellip;]<\/p>\n","protected":false},"author":3,"featured_media":78700,"comment_status":"open","ping_status":"open","sticky":false,"template":"","format":"standard","meta":{"footnotes":""},"categories":[24505,5],"tags":[26861,2703,4633,1754,12278,26692],"yoast_head":"<!-- This site is optimized with the Yoast SEO plugin v22.2 - https:\/\/yoast.com\/wordpress\/plugins\/seo\/ -->\n<title>Jalisco consolida su liderazgo como hub f\u00edlmico en FITUR 2025 - Nitu - Noticias de la Industria Turistica<\/title>\n<meta name=\"robots\" content=\"index, follow, max-snippet:-1, max-image-preview:large, max-video-preview:-1\" \/>\n<link rel=\"canonical\" href=\"https:\/\/nitu.mx\/index.php\/2025\/01\/27\/jalisco-consolida-su-liderazgo-como-hub-filmico-en-fitur-2025\/\" \/>\n<meta name=\"twitter:card\" content=\"summary_large_image\" \/>\n<meta name=\"twitter:title\" content=\"Jalisco consolida su liderazgo como hub f\u00edlmico en FITUR 2025 - Nitu - Noticias de la Industria Turistica\" \/>\n<meta name=\"twitter:description\" content=\"Con 189 producciones realizadas en 2024 y una derrama econ\u00f3mica de 948 millones de pesos, Jalisco ha fortalecido su posici\u00f3n como l\u00edder en la industria f\u00edlmica en M\u00e9xico y Latinoam\u00e9rica. Durante la Feria Internacional de Turismo (FITUR) 2025 en Madrid, el gobernador de Jalisco, Pablo Lemus Navarro, present\u00f3 &#8220;Filma Jalisco&#8221;, una pol\u00edtica p\u00fablica que busca [&hellip;]\" \/>\n<meta name=\"twitter:image\" content=\"https:\/\/nitu.mx\/wp-content\/uploads\/2025\/01\/Filma-Jalisco.jpg\" \/>\n<meta name=\"twitter:creator\" content=\"@NITUmx\" \/>\n<meta name=\"twitter:site\" content=\"@Arturo_Medina_G\" \/>\n<meta name=\"twitter:label1\" content=\"Escrito por\" \/>\n\t<meta name=\"twitter:data1\" content=\"Alejandra Moncisbays\" \/>\n\t<meta name=\"twitter:label2\" content=\"Tiempo de lectura\" \/>\n\t<meta name=\"twitter:data2\" content=\"2 minutos\" \/>\n<script type=\"application\/ld+json\" class=\"yoast-schema-graph\">{\"@context\":\"https:\/\/schema.org\",\"@graph\":[{\"@type\":\"Article\",\"@id\":\"https:\/\/nitu.mx\/index.php\/2025\/01\/27\/jalisco-consolida-su-liderazgo-como-hub-filmico-en-fitur-2025\/#article\",\"isPartOf\":{\"@id\":\"https:\/\/nitu.mx\/index.php\/2025\/01\/27\/jalisco-consolida-su-liderazgo-como-hub-filmico-en-fitur-2025\/\"},\"author\":{\"name\":\"Alejandra Moncisbays\",\"@id\":\"https:\/\/nitu.mx\/#\/schema\/person\/2ecd887b19dfd3382d1f14fc5acf24a8\"},\"headline\":\"Jalisco consolida su liderazgo como hub f\u00edlmico en FITUR 2025\",\"datePublished\":\"2025-01-28T03:15:00+00:00\",\"dateModified\":\"2025-01-28T02:57:22+00:00\",\"mainEntityOfPage\":{\"@id\":\"https:\/\/nitu.mx\/index.php\/2025\/01\/27\/jalisco-consolida-su-liderazgo-como-hub-filmico-en-fitur-2025\/\"},\"wordCount\":321,\"commentCount\":0,\"publisher\":{\"@id\":\"https:\/\/nitu.mx\/#\/schema\/person\/ae7a53426417292d3dd07b45a33e01bc\"},\"image\":{\"@id\":\"https:\/\/nitu.mx\/index.php\/2025\/01\/27\/jalisco-consolida-su-liderazgo-como-hub-filmico-en-fitur-2025\/#primaryimage\"},\"thumbnailUrl\":\"https:\/\/nitu.mx\/wp-content\/uploads\/2025\/01\/Filma-Jalisco.jpg\",\"keywords\":[\"f\u00edlmico\",\"FITUR\",\"hub\",\"Jalisco\",\"liderazgo\",\"Pablo Lemus\"],\"articleSection\":[\"Destacados\",\"Destinos\"],\"inLanguage\":\"es-MX\",\"potentialAction\":[{\"@type\":\"CommentAction\",\"name\":\"Comment\",\"target\":[\"https:\/\/nitu.mx\/index.php\/2025\/01\/27\/jalisco-consolida-su-liderazgo-como-hub-filmico-en-fitur-2025\/#respond\"]}]},{\"@type\":\"WebPage\",\"@id\":\"https:\/\/nitu.mx\/index.php\/2025\/01\/27\/jalisco-consolida-su-liderazgo-como-hub-filmico-en-fitur-2025\/\",\"url\":\"https:\/\/nitu.mx\/index.php\/2025\/01\/27\/jalisco-consolida-su-liderazgo-como-hub-filmico-en-fitur-2025\/\",\"name\":\"Jalisco consolida su liderazgo como hub f\u00edlmico en FITUR 2025 - Nitu - Noticias de la Industria Turistica\",\"isPartOf\":{\"@id\":\"https:\/\/nitu.mx\/#website\"},\"primaryImageOfPage\":{\"@id\":\"https:\/\/nitu.mx\/index.php\/2025\/01\/27\/jalisco-consolida-su-liderazgo-como-hub-filmico-en-fitur-2025\/#primaryimage\"},\"image\":{\"@id\":\"https:\/\/nitu.mx\/index.php\/2025\/01\/27\/jalisco-consolida-su-liderazgo-como-hub-filmico-en-fitur-2025\/#primaryimage\"},\"thumbnailUrl\":\"https:\/\/nitu.mx\/wp-content\/uploads\/2025\/01\/Filma-Jalisco.jpg\",\"datePublished\":\"2025-01-28T03:15:00+00:00\",\"dateModified\":\"2025-01-28T02:57:22+00:00\",\"breadcrumb\":{\"@id\":\"https:\/\/nitu.mx\/index.php\/2025\/01\/27\/jalisco-consolida-su-liderazgo-como-hub-filmico-en-fitur-2025\/#breadcrumb\"},\"inLanguage\":\"es-MX\",\"potentialAction\":[{\"@type\":\"ReadAction\",\"target\":[\"https:\/\/nitu.mx\/index.php\/2025\/01\/27\/jalisco-consolida-su-liderazgo-como-hub-filmico-en-fitur-2025\/\"]}]},{\"@type\":\"ImageObject\",\"inLanguage\":\"es-MX\",\"@id\":\"https:\/\/nitu.mx\/index.php\/2025\/01\/27\/jalisco-consolida-su-liderazgo-como-hub-filmico-en-fitur-2025\/#primaryimage\",\"url\":\"https:\/\/nitu.mx\/wp-content\/uploads\/2025\/01\/Filma-Jalisco.jpg\",\"contentUrl\":\"https:\/\/nitu.mx\/wp-content\/uploads\/2025\/01\/Filma-Jalisco.jpg\",\"width\":1200,\"height\":675,\"caption\":\"Filma Jalisco\"},{\"@type\":\"BreadcrumbList\",\"@id\":\"https:\/\/nitu.mx\/index.php\/2025\/01\/27\/jalisco-consolida-su-liderazgo-como-hub-filmico-en-fitur-2025\/#breadcrumb\",\"itemListElement\":[{\"@type\":\"ListItem\",\"position\":1,\"name\":\"Inicio\",\"item\":\"https:\/\/nitu.mx\/\"},{\"@type\":\"ListItem\",\"position\":2,\"name\":\"Jalisco consolida su liderazgo como hub f\u00edlmico en FITUR 2025\"}]},{\"@type\":\"WebSite\",\"@id\":\"https:\/\/nitu.mx\/#website\",\"url\":\"https:\/\/nitu.mx\/\",\"name\":\"Nitu - Noticias de la Industria Turistica\",\"description\":\"Noticias de la Industria Turistica\",\"publisher\":{\"@id\":\"https:\/\/nitu.mx\/#\/schema\/person\/ae7a53426417292d3dd07b45a33e01bc\"},\"alternateName\":\"Noticias de la Industria Turistica\",\"potentialAction\":[{\"@type\":\"SearchAction\",\"target\":{\"@type\":\"EntryPoint\",\"urlTemplate\":\"https:\/\/nitu.mx\/?s={search_term_string}\"},\"query-input\":\"required name=search_term_string\"}],\"inLanguage\":\"es-MX\"},{\"@type\":[\"Person\",\"Organization\"],\"@id\":\"https:\/\/nitu.mx\/#\/schema\/person\/ae7a53426417292d3dd07b45a33e01bc\",\"name\":\"Arturo Medina\",\"image\":{\"@type\":\"ImageObject\",\"inLanguage\":\"es-MX\",\"@id\":\"https:\/\/nitu.mx\/#\/schema\/person\/image\/\",\"url\":\"https:\/\/nitu.mx\/wp-content\/uploads\/2024\/04\/4A315622-1904-4D5C-B022-878CDC840E04-90x90-1.jpeg\",\"contentUrl\":\"https:\/\/nitu.mx\/wp-content\/uploads\/2024\/04\/4A315622-1904-4D5C-B022-878CDC840E04-90x90-1.jpeg\",\"width\":90,\"height\":90,\"caption\":\"Arturo Medina\"},\"logo\":{\"@id\":\"https:\/\/nitu.mx\/#\/schema\/person\/image\/\"},\"description\":\"Director NITU.mx, Egresado de la Escuela de Periodismo Carlos Septi\u00e9n Garc\u00eda. Periodista y analista especializado en turismo desde hace 35 a\u00f1os, radicado en Canc\u00fan Q.Roo. arturo@nitu.mx\",\"sameAs\":[\"https:\/\/nitu.mx\",\"https:\/\/www.facebook.com\/NITUmx\/\",\"medinacancun\",\"https:\/\/twitter.com\/@Arturo_Medina_G\"]},{\"@type\":\"Person\",\"@id\":\"https:\/\/nitu.mx\/#\/schema\/person\/2ecd887b19dfd3382d1f14fc5acf24a8\",\"name\":\"Alejandra Moncisbays\",\"image\":{\"@type\":\"ImageObject\",\"inLanguage\":\"es-MX\",\"@id\":\"https:\/\/nitu.mx\/#\/schema\/person\/image\/\",\"url\":\"https:\/\/secure.gravatar.com\/avatar\/e74f7af0be172b7804dacfd0bfbef787?s=96&d=mm&r=g\",\"contentUrl\":\"https:\/\/secure.gravatar.com\/avatar\/e74f7af0be172b7804dacfd0bfbef787?s=96&d=mm&r=g\",\"caption\":\"Alejandra Moncisbays\"},\"description\":\"Curs\u00e9 la carrera de Periodismo y Comunicaci\u00f3n en la Facultad de Estudios Profesionales Acatl\u00e1n. Vivo en Canc\u00fan desde hace 24 a\u00f1os. Fui reportera de La Tarde de Canc\u00fan, y Novedades de Quintana Roo, colabor\u00e9 en TVCUN, edit\u00e9 Cancun\u00edssimo y colabor\u00e9 en las revistas Latitud21, entre otras, con principal enfoque en los sectores empresarial y tur\u00edstico. Desde hace varios a\u00f1os soy Agente de Seguros con c\u00e9dula de la Comisi\u00f3n Nacional de Seguros y Fianzas. Actualmente, me desarrollo en los \u00e1mbitos del periodismo y el sector asegurador.\",\"sameAs\":[\"https:\/\/nitu.mx\"],\"url\":\"https:\/\/nitu.mx\/index.php\/author\/alejandra\/\"}]}<\/script>\n<!-- \/ Yoast SEO plugin. -->","yoast_head_json":{"title":"Jalisco consolida su liderazgo como hub f\u00edlmico en FITUR 2025 - Nitu - Noticias de la Industria Turistica","robots":{"index":"index","follow":"follow","max-snippet":"max-snippet:-1","max-image-preview":"max-image-preview:large","max-video-preview":"max-video-preview:-1"},"canonical":"https:\/\/nitu.mx\/index.php\/2025\/01\/27\/jalisco-consolida-su-liderazgo-como-hub-filmico-en-fitur-2025\/","twitter_card":"summary_large_image","twitter_title":"Jalisco consolida su liderazgo como hub f\u00edlmico en FITUR 2025 - Nitu - Noticias de la Industria Turistica","twitter_description":"Con 189 producciones realizadas en 2024 y una derrama econ\u00f3mica de 948 millones de pesos, Jalisco ha fortalecido su posici\u00f3n como l\u00edder en la industria f\u00edlmica en M\u00e9xico y Latinoam\u00e9rica. Durante la Feria Internacional de Turismo (FITUR) 2025 en Madrid, el gobernador de Jalisco, Pablo Lemus Navarro, present\u00f3 &#8220;Filma Jalisco&#8221;, una pol\u00edtica p\u00fablica que busca [&hellip;]","twitter_image":"https:\/\/nitu.mx\/wp-content\/uploads\/2025\/01\/Filma-Jalisco.jpg","twitter_creator":"@NITUmx","twitter_site":"@Arturo_Medina_G","twitter_misc":{"Escrito por":"Alejandra Moncisbays","Tiempo de lectura":"2 minutos"},"schema":{"@context":"https:\/\/schema.org","@graph":[{"@type":"Article","@id":"https:\/\/nitu.mx\/index.php\/2025\/01\/27\/jalisco-consolida-su-liderazgo-como-hub-filmico-en-fitur-2025\/#article","isPartOf":{"@id":"https:\/\/nitu.mx\/index.php\/2025\/01\/27\/jalisco-consolida-su-liderazgo-como-hub-filmico-en-fitur-2025\/"},"author":{"name":"Alejandra Moncisbays","@id":"https:\/\/nitu.mx\/#\/schema\/person\/2ecd887b19dfd3382d1f14fc5acf24a8"},"headline":"Jalisco consolida su liderazgo como hub f\u00edlmico en FITUR 2025","datePublished":"2025-01-28T03:15:00+00:00","dateModified":"2025-01-28T02:57:22+00:00","mainEntityOfPage":{"@id":"https:\/\/nitu.mx\/index.php\/2025\/01\/27\/jalisco-consolida-su-liderazgo-como-hub-filmico-en-fitur-2025\/"},"wordCount":321,"commentCount":0,"publisher":{"@id":"https:\/\/nitu.mx\/#\/schema\/person\/ae7a53426417292d3dd07b45a33e01bc"},"image":{"@id":"https:\/\/nitu.mx\/index.php\/2025\/01\/27\/jalisco-consolida-su-liderazgo-como-hub-filmico-en-fitur-2025\/#primaryimage"},"thumbnailUrl":"https:\/\/nitu.mx\/wp-content\/uploads\/2025\/01\/Filma-Jalisco.jpg","keywords":["f\u00edlmico","FITUR","hub","Jalisco","liderazgo","Pablo Lemus"],"articleSection":["Destacados","Destinos"],"inLanguage":"es-MX","potentialAction":[{"@type":"CommentAction","name":"Comment","target":["https:\/\/nitu.mx\/index.php\/2025\/01\/27\/jalisco-consolida-su-liderazgo-como-hub-filmico-en-fitur-2025\/#respond"]}]},{"@type":"WebPage","@id":"https:\/\/nitu.mx\/index.php\/2025\/01\/27\/jalisco-consolida-su-liderazgo-como-hub-filmico-en-fitur-2025\/","url":"https:\/\/nitu.mx\/index.php\/2025\/01\/27\/jalisco-consolida-su-liderazgo-como-hub-filmico-en-fitur-2025\/","name":"Jalisco consolida su liderazgo como hub f\u00edlmico en FITUR 2025 - Nitu - Noticias de la Industria Turistica","isPartOf":{"@id":"https:\/\/nitu.mx\/#website"},"primaryImageOfPage":{"@id":"https:\/\/nitu.mx\/index.php\/2025\/01\/27\/jalisco-consolida-su-liderazgo-como-hub-filmico-en-fitur-2025\/#primaryimage"},"image":{"@id":"https:\/\/nitu.mx\/index.php\/2025\/01\/27\/jalisco-consolida-su-liderazgo-como-hub-filmico-en-fitur-2025\/#primaryimage"},"thumbnailUrl":"https:\/\/nitu.mx\/wp-content\/uploads\/2025\/01\/Filma-Jalisco.jpg","datePublished":"2025-01-28T03:15:00+00:00","dateModified":"2025-01-28T02:57:22+00:00","breadcrumb":{"@id":"https:\/\/nitu.mx\/index.php\/2025\/01\/27\/jalisco-consolida-su-liderazgo-como-hub-filmico-en-fitur-2025\/#breadcrumb"},"inLanguage":"es-MX","potentialAction":[{"@type":"ReadAction","target":["https:\/\/nitu.mx\/index.php\/2025\/01\/27\/jalisco-consolida-su-liderazgo-como-hub-filmico-en-fitur-2025\/"]}]},{"@type":"ImageObject","inLanguage":"es-MX","@id":"https:\/\/nitu.mx\/index.php\/2025\/01\/27\/jalisco-consolida-su-liderazgo-como-hub-filmico-en-fitur-2025\/#primaryimage","url":"https:\/\/nitu.mx\/wp-content\/uploads\/2025\/01\/Filma-Jalisco.jpg","contentUrl":"https:\/\/nitu.mx\/wp-content\/uploads\/2025\/01\/Filma-Jalisco.jpg","width":1200,"height":675,"caption":"Filma Jalisco"},{"@type":"BreadcrumbList","@id":"https:\/\/nitu.mx\/index.php\/2025\/01\/27\/jalisco-consolida-su-liderazgo-como-hub-filmico-en-fitur-2025\/#breadcrumb","itemListElement":[{"@type":"ListItem","position":1,"name":"Inicio","item":"https:\/\/nitu.mx\/"},{"@type":"ListItem","position":2,"name":"Jalisco consolida su liderazgo como hub f\u00edlmico en FITUR 2025"}]},{"@type":"WebSite","@id":"https:\/\/nitu.mx\/#website","url":"https:\/\/nitu.mx\/","name":"Nitu - Noticias de la Industria Turistica","description":"Noticias de la Industria Turistica","publisher":{"@id":"https:\/\/nitu.mx\/#\/schema\/person\/ae7a53426417292d3dd07b45a33e01bc"},"alternateName":"Noticias de la Industria Turistica","potentialAction":[{"@type":"SearchAction","target":{"@type":"EntryPoint","urlTemplate":"https:\/\/nitu.mx\/?s={search_term_string}"},"query-input":"required name=search_term_string"}],"inLanguage":"es-MX"},{"@type":["Person","Organization"],"@id":"https:\/\/nitu.mx\/#\/schema\/person\/ae7a53426417292d3dd07b45a33e01bc","name":"Arturo Medina","image":{"@type":"ImageObject","inLanguage":"es-MX","@id":"https:\/\/nitu.mx\/#\/schema\/person\/image\/","url":"https:\/\/nitu.mx\/wp-content\/uploads\/2024\/04\/4A315622-1904-4D5C-B022-878CDC840E04-90x90-1.jpeg","contentUrl":"https:\/\/nitu.mx\/wp-content\/uploads\/2024\/04\/4A315622-1904-4D5C-B022-878CDC840E04-90x90-1.jpeg","width":90,"height":90,"caption":"Arturo Medina"},"logo":{"@id":"https:\/\/nitu.mx\/#\/schema\/person\/image\/"},"description":"Director NITU.mx, Egresado de la Escuela de Periodismo Carlos Septi\u00e9n Garc\u00eda. Periodista y analista especializado en turismo desde hace 35 a\u00f1os, radicado en Canc\u00fan Q.Roo. arturo@nitu.mx","sameAs":["https:\/\/nitu.mx","https:\/\/www.facebook.com\/NITUmx\/","medinacancun","https:\/\/twitter.com\/@Arturo_Medina_G"]},{"@type":"Person","@id":"https:\/\/nitu.mx\/#\/schema\/person\/2ecd887b19dfd3382d1f14fc5acf24a8","name":"Alejandra Moncisbays","image":{"@type":"ImageObject","inLanguage":"es-MX","@id":"https:\/\/nitu.mx\/#\/schema\/person\/image\/","url":"https:\/\/secure.gravatar.com\/avatar\/e74f7af0be172b7804dacfd0bfbef787?s=96&d=mm&r=g","contentUrl":"https:\/\/secure.gravatar.com\/avatar\/e74f7af0be172b7804dacfd0bfbef787?s=96&d=mm&r=g","caption":"Alejandra Moncisbays"},"description":"Curs\u00e9 la carrera de Periodismo y Comunicaci\u00f3n en la Facultad de Estudios Profesionales Acatl\u00e1n. Vivo en Canc\u00fan desde hace 24 a\u00f1os. Fui reportera de La Tarde de Canc\u00fan, y Novedades de Quintana Roo, colabor\u00e9 en TVCUN, edit\u00e9 Cancun\u00edssimo y colabor\u00e9 en las revistas Latitud21, entre otras, con principal enfoque en los sectores empresarial y tur\u00edstico. Desde hace varios a\u00f1os soy Agente de Seguros con c\u00e9dula de la Comisi\u00f3n Nacional de Seguros y Fianzas. Actualmente, me desarrollo en los \u00e1mbitos del periodismo y el sector asegurador.","sameAs":["https:\/\/nitu.mx"],"url":"https:\/\/nitu.mx\/index.php\/author\/alejandra\/"}]}},"views":502,"_links":{"self":[{"href":"https:\/\/nitu.mx\/index.php\/wp-json\/wp\/v2\/posts\/78683"}],"collection":[{"href":"https:\/\/nitu.mx\/index.php\/wp-json\/wp\/v2\/posts"}],"about":[{"href":"https:\/\/nitu.mx\/index.php\/wp-json\/wp\/v2\/types\/post"}],"author":[{"embeddable":true,"href":"https:\/\/nitu.mx\/index.php\/wp-json\/wp\/v2\/users\/3"}],"replies":[{"embeddable":true,"href":"https:\/\/nitu.mx\/index.php\/wp-json\/wp\/v2\/comments?post=78683"}],"version-history":[{"count":2,"href":"https:\/\/nitu.mx\/index.php\/wp-json\/wp\/v2\/posts\/78683\/revisions"}],"predecessor-version":[{"id":78701,"href":"https:\/\/nitu.mx\/index.php\/wp-json\/wp\/v2\/posts\/78683\/revisions\/78701"}],"wp:featuredmedia":[{"embeddable":true,"href":"https:\/\/nitu.mx\/index.php\/wp-json\/wp\/v2\/media\/78700"}],"wp:attachment":[{"href":"https:\/\/nitu.mx\/index.php\/wp-json\/wp\/v2\/media?parent=78683"}],"wp:term":[{"taxonomy":"category","embeddable":true,"href":"https:\/\/nitu.mx\/index.php\/wp-json\/wp\/v2\/categories?post=78683"},{"taxonomy":"post_tag","embeddable":true,"href":"https:\/\/nitu.mx\/index.php\/wp-json\/wp\/v2\/tags?post=78683"}],"curies":[{"name":"wp","href":"https:\/\/api.w.org\/{rel}","templated":true}]}}