{"id":78633,"date":"2025-01-27T00:42:48","date_gmt":"2025-01-27T06:42:48","guid":{"rendered":"https:\/\/nitu.mx\/?p=78633"},"modified":"2025-01-27T00:42:48","modified_gmt":"2025-01-27T06:42:48","slug":"anuncia-tag-intenciones-de-volar-a-tulum-y-huatulco","status":"publish","type":"post","link":"https:\/\/nitu.mx\/index.php\/2025\/01\/27\/anuncia-tag-intenciones-de-volar-a-tulum-y-huatulco\/","title":{"rendered":"Anuncia TAG intenciones de volar a Tulum y Huatulco"},"content":{"rendered":"\n<p>TagAirlines, la aerol\u00ednea bandera de Guatemala y aerol\u00ednea del Mundo Maya, particip\u00f3&nbsp;en la Feria Internacional de Turismo (FITUR 2025), que se realiz\u00f3 en la capital espa\u00f1ola con el objetivo de fortalecer su estrategia 2025.<\/p>\n\n\n\n<p>Marcela Toriello, presidenta y CEO de TagAirlines, sostuvo diversas reuniones de trabajo con tour operadores, mayoristas emisores, socios comerciales estrat\u00e9gicos y representantes de aerol\u00edneas internacionales, as\u00ed como con autoridades del sector turismo de diversos pa\u00edses, con el objetivo de fortalecer la conectividad a\u00e9rea y estrechar alianzas.<\/p>\n\n\n\n<p>La aerol\u00ednea analiza la posible apertura de nuevas rutas a los aeropuertos internacionales de Tulum y Huatulco, que son dos de los principales destinos tur\u00edsticos de M\u00e9xico. Marcela Toriello refrend\u00f3 el compromiso de la aerol\u00ednea con el desarrollo de la aviaci\u00f3n comercial, los viajes y el turismo.<\/p>\n\n\n\n<p>Detall\u00f3 que la estrategia de TagAirlines para este a\u00f1o tiene como eje estrat\u00e9gico continuar con el proceso de modernizaci\u00f3n de la flota a\u00e9rea, para seguir ofreciendo el mejor servicio a los pasajeros, as\u00ed como fortalecer las alianzas comerciales y la oferta a\u00e9rea multidestino en la regi\u00f3n.<\/p>\n\n\n\n<p>La agenda de trabajo en Madrid incluy\u00f3 encuentros con autoridades de turismo de Yucat\u00e1n y Oaxaca, entre otros representantes de la industria.<\/p>\n\n\n\n<p>De igual forma, se reuni\u00f3 con directivos de la espa\u00f1ola Iberia y con diferentes touroperadores y mayoristas emisores, entre ellos Kiwi, Roibos, Atlas, Inter GSA, entre otros.<\/p>\n\n\n\n<p>Fitur es el evento de referencia en el sector tur\u00edstico y la feria l\u00edder para los mercados receptivos y emisores a nivel mundial. En esta edici\u00f3n participaron m\u00e1s de 9,000 expositores y 153,000 profesionales del sector a nivel global procedentes de 152 pa\u00edses.<\/p>\n\n\n\n<p>En Guatemala, seg\u00fan cifras del Consejo Mundial de Viajes y Turismo (WTTC), el turismo contribuye con casi 490 mil empleos directos e indirectos y su aporte econ\u00f3mico representa 5.4% del PIB del pa\u00eds (5.4 mil millones de d\u00f3lares).<\/p>\n\n\n\n<p>Considerando que la mayor\u00eda de los turistas llegan al pa\u00eds por la v\u00eda a\u00e9rea, es necesario mantener las condiciones que permitan que la aviaci\u00f3n contin\u00fae siendo uno de los motores m\u00e1s importantes de la econom\u00eda.<\/p>\n\n\n\n<p>Cabe destacar que TagAirlines es una empresa 100 por ciento guatemalteca, que desde hace 60 a\u00f1os mantiene un firme compromiso con la conectividad a\u00e9rea y el desarrollo econ\u00f3mico en la regi\u00f3n. (<a href=\"https:\/\/nitu.mx\/index.php\/2025\/01\/14\/tagairlines-impulsara-el-turismo-del-mundo-maya-en-fitur-2025\/\">TagAirlines impulsar\u00e1 el turismo del Mundo Maya en FITUR 2025<\/a>).<\/p>\n","protected":false},"excerpt":{"rendered":"<p>TagAirlines, la aerol\u00ednea bandera de Guatemala y aerol\u00ednea del Mundo Maya, particip\u00f3&nbsp;en la Feria Internacional de Turismo (FITUR 2025), que se realiz\u00f3 en la capital espa\u00f1ola con el objetivo de fortalecer su estrategia 2025. Marcela Toriello, presidenta y CEO de TagAirlines, sostuvo diversas reuniones de trabajo con tour operadores, mayoristas emisores, socios comerciales estrat\u00e9gicos y [&hellip;]<\/p>\n","protected":false},"author":2,"featured_media":62993,"comment_status":"open","ping_status":"open","sticky":false,"template":"","format":"standard","meta":{"footnotes":""},"categories":[29,24423],"tags":[2703,116,26859,23499,390],"yoast_head":"<!-- This site is optimized with the Yoast SEO plugin v22.2 - https:\/\/yoast.com\/wordpress\/plugins\/seo\/ -->\n<title>Anuncia TAG intenciones de volar a Tulum y Huatulco - Nitu - Noticias de la Industria Turistica<\/title>\n<meta name=\"robots\" content=\"index, follow, max-snippet:-1, max-image-preview:large, max-video-preview:-1\" \/>\n<link rel=\"canonical\" href=\"https:\/\/nitu.mx\/index.php\/2025\/01\/27\/anuncia-tag-intenciones-de-volar-a-tulum-y-huatulco\/\" \/>\n<meta name=\"twitter:card\" content=\"summary_large_image\" \/>\n<meta name=\"twitter:title\" content=\"Anuncia TAG intenciones de volar a Tulum y Huatulco - Nitu - Noticias de la Industria Turistica\" \/>\n<meta name=\"twitter:description\" content=\"TagAirlines, la aerol\u00ednea bandera de Guatemala y aerol\u00ednea del Mundo Maya, particip\u00f3&nbsp;en la Feria Internacional de Turismo (FITUR 2025), que se realiz\u00f3 en la capital espa\u00f1ola con el objetivo de fortalecer su estrategia 2025. Marcela Toriello, presidenta y CEO de TagAirlines, sostuvo diversas reuniones de trabajo con tour operadores, mayoristas emisores, socios comerciales estrat\u00e9gicos y [&hellip;]\" \/>\n<meta name=\"twitter:image\" content=\"https:\/\/nitu.mx\/wp-content\/uploads\/2023\/01\/TagAirlines.jpg\" \/>\n<meta name=\"twitter:creator\" content=\"@Arturo_Medina_G\" \/>\n<meta name=\"twitter:site\" content=\"@Arturo_Medina_G\" \/>\n<meta name=\"twitter:label1\" content=\"Escrito por\" \/>\n\t<meta name=\"twitter:data1\" content=\"Arturo Medina\" \/>\n\t<meta name=\"twitter:label2\" content=\"Tiempo de lectura\" \/>\n\t<meta name=\"twitter:data2\" content=\"2 minutos\" \/>\n<script type=\"application\/ld+json\" class=\"yoast-schema-graph\">{\"@context\":\"https:\/\/schema.org\",\"@graph\":[{\"@type\":\"Article\",\"@id\":\"https:\/\/nitu.mx\/index.php\/2025\/01\/27\/anuncia-tag-intenciones-de-volar-a-tulum-y-huatulco\/#article\",\"isPartOf\":{\"@id\":\"https:\/\/nitu.mx\/index.php\/2025\/01\/27\/anuncia-tag-intenciones-de-volar-a-tulum-y-huatulco\/\"},\"author\":{\"name\":\"Arturo Medina\",\"@id\":\"https:\/\/nitu.mx\/#\/schema\/person\/ae7a53426417292d3dd07b45a33e01bc\"},\"headline\":\"Anuncia TAG intenciones de volar a Tulum y Huatulco\",\"datePublished\":\"2025-01-27T06:42:48+00:00\",\"dateModified\":\"2025-01-27T06:42:48+00:00\",\"mainEntityOfPage\":{\"@id\":\"https:\/\/nitu.mx\/index.php\/2025\/01\/27\/anuncia-tag-intenciones-de-volar-a-tulum-y-huatulco\/\"},\"wordCount\":420,\"commentCount\":0,\"publisher\":{\"@id\":\"https:\/\/nitu.mx\/#\/schema\/person\/ae7a53426417292d3dd07b45a33e01bc\"},\"image\":{\"@id\":\"https:\/\/nitu.mx\/index.php\/2025\/01\/27\/anuncia-tag-intenciones-de-volar-a-tulum-y-huatulco\/#primaryimage\"},\"thumbnailUrl\":\"https:\/\/nitu.mx\/wp-content\/uploads\/2023\/01\/TagAirlines.jpg\",\"keywords\":[\"FITUR\",\"Huatulco\",\"Marcela Toriell\",\"TAGAirlines\",\"Tulum\"],\"articleSection\":[\"Aerol\u00edneas\",\"FITUR\"],\"inLanguage\":\"es-MX\",\"potentialAction\":[{\"@type\":\"CommentAction\",\"name\":\"Comment\",\"target\":[\"https:\/\/nitu.mx\/index.php\/2025\/01\/27\/anuncia-tag-intenciones-de-volar-a-tulum-y-huatulco\/#respond\"]}]},{\"@type\":\"WebPage\",\"@id\":\"https:\/\/nitu.mx\/index.php\/2025\/01\/27\/anuncia-tag-intenciones-de-volar-a-tulum-y-huatulco\/\",\"url\":\"https:\/\/nitu.mx\/index.php\/2025\/01\/27\/anuncia-tag-intenciones-de-volar-a-tulum-y-huatulco\/\",\"name\":\"Anuncia TAG intenciones de volar a Tulum y Huatulco - Nitu - Noticias de la Industria Turistica\",\"isPartOf\":{\"@id\":\"https:\/\/nitu.mx\/#website\"},\"primaryImageOfPage\":{\"@id\":\"https:\/\/nitu.mx\/index.php\/2025\/01\/27\/anuncia-tag-intenciones-de-volar-a-tulum-y-huatulco\/#primaryimage\"},\"image\":{\"@id\":\"https:\/\/nitu.mx\/index.php\/2025\/01\/27\/anuncia-tag-intenciones-de-volar-a-tulum-y-huatulco\/#primaryimage\"},\"thumbnailUrl\":\"https:\/\/nitu.mx\/wp-content\/uploads\/2023\/01\/TagAirlines.jpg\",\"datePublished\":\"2025-01-27T06:42:48+00:00\",\"dateModified\":\"2025-01-27T06:42:48+00:00\",\"breadcrumb\":{\"@id\":\"https:\/\/nitu.mx\/index.php\/2025\/01\/27\/anuncia-tag-intenciones-de-volar-a-tulum-y-huatulco\/#breadcrumb\"},\"inLanguage\":\"es-MX\",\"potentialAction\":[{\"@type\":\"ReadAction\",\"target\":[\"https:\/\/nitu.mx\/index.php\/2025\/01\/27\/anuncia-tag-intenciones-de-volar-a-tulum-y-huatulco\/\"]}]},{\"@type\":\"ImageObject\",\"inLanguage\":\"es-MX\",\"@id\":\"https:\/\/nitu.mx\/index.php\/2025\/01\/27\/anuncia-tag-intenciones-de-volar-a-tulum-y-huatulco\/#primaryimage\",\"url\":\"https:\/\/nitu.mx\/wp-content\/uploads\/2023\/01\/TagAirlines.jpg\",\"contentUrl\":\"https:\/\/nitu.mx\/wp-content\/uploads\/2023\/01\/TagAirlines.jpg\",\"width\":1200,\"height\":675,\"caption\":\"TagAirlines\"},{\"@type\":\"BreadcrumbList\",\"@id\":\"https:\/\/nitu.mx\/index.php\/2025\/01\/27\/anuncia-tag-intenciones-de-volar-a-tulum-y-huatulco\/#breadcrumb\",\"itemListElement\":[{\"@type\":\"ListItem\",\"position\":1,\"name\":\"Inicio\",\"item\":\"https:\/\/nitu.mx\/\"},{\"@type\":\"ListItem\",\"position\":2,\"name\":\"Anuncia TAG intenciones de volar a Tulum y Huatulco\"}]},{\"@type\":\"WebSite\",\"@id\":\"https:\/\/nitu.mx\/#website\",\"url\":\"https:\/\/nitu.mx\/\",\"name\":\"Nitu - Noticias de la Industria Turistica\",\"description\":\"Noticias de la Industria Turistica\",\"publisher\":{\"@id\":\"https:\/\/nitu.mx\/#\/schema\/person\/ae7a53426417292d3dd07b45a33e01bc\"},\"alternateName\":\"Noticias de la Industria Turistica\",\"potentialAction\":[{\"@type\":\"SearchAction\",\"target\":{\"@type\":\"EntryPoint\",\"urlTemplate\":\"https:\/\/nitu.mx\/?s={search_term_string}\"},\"query-input\":\"required name=search_term_string\"}],\"inLanguage\":\"es-MX\"},{\"@type\":[\"Person\",\"Organization\"],\"@id\":\"https:\/\/nitu.mx\/#\/schema\/person\/ae7a53426417292d3dd07b45a33e01bc\",\"name\":\"Arturo Medina\",\"image\":{\"@type\":\"ImageObject\",\"inLanguage\":\"es-MX\",\"@id\":\"https:\/\/nitu.mx\/#\/schema\/person\/image\/\",\"url\":\"https:\/\/nitu.mx\/wp-content\/uploads\/2024\/04\/4A315622-1904-4D5C-B022-878CDC840E04-90x90-1.jpeg\",\"contentUrl\":\"https:\/\/nitu.mx\/wp-content\/uploads\/2024\/04\/4A315622-1904-4D5C-B022-878CDC840E04-90x90-1.jpeg\",\"width\":90,\"height\":90,\"caption\":\"Arturo Medina\"},\"logo\":{\"@id\":\"https:\/\/nitu.mx\/#\/schema\/person\/image\/\"},\"description\":\"Director NITU.mx, Egresado de la Escuela de Periodismo Carlos Septi\u00e9n Garc\u00eda. Periodista y analista especializado en turismo desde hace 35 a\u00f1os, radicado en Canc\u00fan Q.Roo. arturo@nitu.mx\",\"sameAs\":[\"https:\/\/nitu.mx\",\"https:\/\/www.facebook.com\/NITUmx\/\",\"medinacancun\",\"https:\/\/twitter.com\/@Arturo_Medina_G\"],\"url\":\"https:\/\/nitu.mx\/index.php\/author\/arturo-medina\/\"}]}<\/script>\n<!-- \/ Yoast SEO plugin. -->","yoast_head_json":{"title":"Anuncia TAG intenciones de volar a Tulum y Huatulco - Nitu - Noticias de la Industria Turistica","robots":{"index":"index","follow":"follow","max-snippet":"max-snippet:-1","max-image-preview":"max-image-preview:large","max-video-preview":"max-video-preview:-1"},"canonical":"https:\/\/nitu.mx\/index.php\/2025\/01\/27\/anuncia-tag-intenciones-de-volar-a-tulum-y-huatulco\/","twitter_card":"summary_large_image","twitter_title":"Anuncia TAG intenciones de volar a Tulum y Huatulco - Nitu - Noticias de la Industria Turistica","twitter_description":"TagAirlines, la aerol\u00ednea bandera de Guatemala y aerol\u00ednea del Mundo Maya, particip\u00f3&nbsp;en la Feria Internacional de Turismo (FITUR 2025), que se realiz\u00f3 en la capital espa\u00f1ola con el objetivo de fortalecer su estrategia 2025. Marcela Toriello, presidenta y CEO de TagAirlines, sostuvo diversas reuniones de trabajo con tour operadores, mayoristas emisores, socios comerciales estrat\u00e9gicos y [&hellip;]","twitter_image":"https:\/\/nitu.mx\/wp-content\/uploads\/2023\/01\/TagAirlines.jpg","twitter_creator":"@Arturo_Medina_G","twitter_site":"@Arturo_Medina_G","twitter_misc":{"Escrito por":"Arturo Medina","Tiempo de lectura":"2 minutos"},"schema":{"@context":"https:\/\/schema.org","@graph":[{"@type":"Article","@id":"https:\/\/nitu.mx\/index.php\/2025\/01\/27\/anuncia-tag-intenciones-de-volar-a-tulum-y-huatulco\/#article","isPartOf":{"@id":"https:\/\/nitu.mx\/index.php\/2025\/01\/27\/anuncia-tag-intenciones-de-volar-a-tulum-y-huatulco\/"},"author":{"name":"Arturo Medina","@id":"https:\/\/nitu.mx\/#\/schema\/person\/ae7a53426417292d3dd07b45a33e01bc"},"headline":"Anuncia TAG intenciones de volar a Tulum y Huatulco","datePublished":"2025-01-27T06:42:48+00:00","dateModified":"2025-01-27T06:42:48+00:00","mainEntityOfPage":{"@id":"https:\/\/nitu.mx\/index.php\/2025\/01\/27\/anuncia-tag-intenciones-de-volar-a-tulum-y-huatulco\/"},"wordCount":420,"commentCount":0,"publisher":{"@id":"https:\/\/nitu.mx\/#\/schema\/person\/ae7a53426417292d3dd07b45a33e01bc"},"image":{"@id":"https:\/\/nitu.mx\/index.php\/2025\/01\/27\/anuncia-tag-intenciones-de-volar-a-tulum-y-huatulco\/#primaryimage"},"thumbnailUrl":"https:\/\/nitu.mx\/wp-content\/uploads\/2023\/01\/TagAirlines.jpg","keywords":["FITUR","Huatulco","Marcela Toriell","TAGAirlines","Tulum"],"articleSection":["Aerol\u00edneas","FITUR"],"inLanguage":"es-MX","potentialAction":[{"@type":"CommentAction","name":"Comment","target":["https:\/\/nitu.mx\/index.php\/2025\/01\/27\/anuncia-tag-intenciones-de-volar-a-tulum-y-huatulco\/#respond"]}]},{"@type":"WebPage","@id":"https:\/\/nitu.mx\/index.php\/2025\/01\/27\/anuncia-tag-intenciones-de-volar-a-tulum-y-huatulco\/","url":"https:\/\/nitu.mx\/index.php\/2025\/01\/27\/anuncia-tag-intenciones-de-volar-a-tulum-y-huatulco\/","name":"Anuncia TAG intenciones de volar a Tulum y Huatulco - Nitu - Noticias de la Industria Turistica","isPartOf":{"@id":"https:\/\/nitu.mx\/#website"},"primaryImageOfPage":{"@id":"https:\/\/nitu.mx\/index.php\/2025\/01\/27\/anuncia-tag-intenciones-de-volar-a-tulum-y-huatulco\/#primaryimage"},"image":{"@id":"https:\/\/nitu.mx\/index.php\/2025\/01\/27\/anuncia-tag-intenciones-de-volar-a-tulum-y-huatulco\/#primaryimage"},"thumbnailUrl":"https:\/\/nitu.mx\/wp-content\/uploads\/2023\/01\/TagAirlines.jpg","datePublished":"2025-01-27T06:42:48+00:00","dateModified":"2025-01-27T06:42:48+00:00","breadcrumb":{"@id":"https:\/\/nitu.mx\/index.php\/2025\/01\/27\/anuncia-tag-intenciones-de-volar-a-tulum-y-huatulco\/#breadcrumb"},"inLanguage":"es-MX","potentialAction":[{"@type":"ReadAction","target":["https:\/\/nitu.mx\/index.php\/2025\/01\/27\/anuncia-tag-intenciones-de-volar-a-tulum-y-huatulco\/"]}]},{"@type":"ImageObject","inLanguage":"es-MX","@id":"https:\/\/nitu.mx\/index.php\/2025\/01\/27\/anuncia-tag-intenciones-de-volar-a-tulum-y-huatulco\/#primaryimage","url":"https:\/\/nitu.mx\/wp-content\/uploads\/2023\/01\/TagAirlines.jpg","contentUrl":"https:\/\/nitu.mx\/wp-content\/uploads\/2023\/01\/TagAirlines.jpg","width":1200,"height":675,"caption":"TagAirlines"},{"@type":"BreadcrumbList","@id":"https:\/\/nitu.mx\/index.php\/2025\/01\/27\/anuncia-tag-intenciones-de-volar-a-tulum-y-huatulco\/#breadcrumb","itemListElement":[{"@type":"ListItem","position":1,"name":"Inicio","item":"https:\/\/nitu.mx\/"},{"@type":"ListItem","position":2,"name":"Anuncia TAG intenciones de volar a Tulum y Huatulco"}]},{"@type":"WebSite","@id":"https:\/\/nitu.mx\/#website","url":"https:\/\/nitu.mx\/","name":"Nitu - Noticias de la Industria Turistica","description":"Noticias de la Industria Turistica","publisher":{"@id":"https:\/\/nitu.mx\/#\/schema\/person\/ae7a53426417292d3dd07b45a33e01bc"},"alternateName":"Noticias de la Industria Turistica","potentialAction":[{"@type":"SearchAction","target":{"@type":"EntryPoint","urlTemplate":"https:\/\/nitu.mx\/?s={search_term_string}"},"query-input":"required name=search_term_string"}],"inLanguage":"es-MX"},{"@type":["Person","Organization"],"@id":"https:\/\/nitu.mx\/#\/schema\/person\/ae7a53426417292d3dd07b45a33e01bc","name":"Arturo Medina","image":{"@type":"ImageObject","inLanguage":"es-MX","@id":"https:\/\/nitu.mx\/#\/schema\/person\/image\/","url":"https:\/\/nitu.mx\/wp-content\/uploads\/2024\/04\/4A315622-1904-4D5C-B022-878CDC840E04-90x90-1.jpeg","contentUrl":"https:\/\/nitu.mx\/wp-content\/uploads\/2024\/04\/4A315622-1904-4D5C-B022-878CDC840E04-90x90-1.jpeg","width":90,"height":90,"caption":"Arturo Medina"},"logo":{"@id":"https:\/\/nitu.mx\/#\/schema\/person\/image\/"},"description":"Director NITU.mx, Egresado de la Escuela de Periodismo Carlos Septi\u00e9n Garc\u00eda. Periodista y analista especializado en turismo desde hace 35 a\u00f1os, radicado en Canc\u00fan Q.Roo. arturo@nitu.mx","sameAs":["https:\/\/nitu.mx","https:\/\/www.facebook.com\/NITUmx\/","medinacancun","https:\/\/twitter.com\/@Arturo_Medina_G"],"url":"https:\/\/nitu.mx\/index.php\/author\/arturo-medina\/"}]}},"views":807,"_links":{"self":[{"href":"https:\/\/nitu.mx\/index.php\/wp-json\/wp\/v2\/posts\/78633"}],"collection":[{"href":"https:\/\/nitu.mx\/index.php\/wp-json\/wp\/v2\/posts"}],"about":[{"href":"https:\/\/nitu.mx\/index.php\/wp-json\/wp\/v2\/types\/post"}],"author":[{"embeddable":true,"href":"https:\/\/nitu.mx\/index.php\/wp-json\/wp\/v2\/users\/2"}],"replies":[{"embeddable":true,"href":"https:\/\/nitu.mx\/index.php\/wp-json\/wp\/v2\/comments?post=78633"}],"version-history":[{"count":2,"href":"https:\/\/nitu.mx\/index.php\/wp-json\/wp\/v2\/posts\/78633\/revisions"}],"predecessor-version":[{"id":78670,"href":"https:\/\/nitu.mx\/index.php\/wp-json\/wp\/v2\/posts\/78633\/revisions\/78670"}],"wp:featuredmedia":[{"embeddable":true,"href":"https:\/\/nitu.mx\/index.php\/wp-json\/wp\/v2\/media\/62993"}],"wp:attachment":[{"href":"https:\/\/nitu.mx\/index.php\/wp-json\/wp\/v2\/media?parent=78633"}],"wp:term":[{"taxonomy":"category","embeddable":true,"href":"https:\/\/nitu.mx\/index.php\/wp-json\/wp\/v2\/categories?post=78633"},{"taxonomy":"post_tag","embeddable":true,"href":"https:\/\/nitu.mx\/index.php\/wp-json\/wp\/v2\/tags?post=78633"}],"curies":[{"name":"wp","href":"https:\/\/api.w.org\/{rel}","templated":true}]}}