{"id":78625,"date":"2025-01-25T16:32:38","date_gmt":"2025-01-25T22:32:38","guid":{"rendered":"https:\/\/nitu.mx\/?p=78625"},"modified":"2025-01-26T23:36:40","modified_gmt":"2025-01-27T05:36:40","slug":"destaca-quintana-roo-en-fitur-consolidacion-de-proyectos-y-eventos-internacionales-a-traves-de-la-gobernadora-mara-lezama","status":"publish","type":"post","link":"https:\/\/nitu.mx\/index.php\/2025\/01\/25\/destaca-quintana-roo-en-fitur-consolidacion-de-proyectos-y-eventos-internacionales-a-traves-de-la-gobernadora-mara-lezama\/","title":{"rendered":"Destaca Quintana Roo en FITUR: Consolidaci\u00f3n de proyectos y eventos internacionales a trav\u00e9s de la gobernadora Mara Lezama"},"content":{"rendered":"\n<p>La gobernadora Mara Lezama Espinosa cerr\u00f3 agenda en la FITUR 2025 luego de una jornada marat\u00f3nica, con cada segundo aprovechado y grandes noticias para Quintana Roo. En resumen:<\/p>\n\n\n\n<p>La primera academia de la Fundaci\u00f3n Real Madrid, en coordinaci\u00f3n con Grupo Pi\u00f1ero, en el Tulum Country Club de Tulum con becas para ni\u00f1os vulnerables; colocamos a Canc\u00fan, junto con la presidenta municipal de Benito Ju\u00e1rez, en la terraza del Hotel Riu, plaza ah\u00ed, en el coraz\u00f3n de Madrid.<\/p>\n\n\n\n<p>Presentamos la campa\u00f1a de experiencias culinarias, posicionando al Caribe Mexicano como un destino gastron\u00f3mico; dimos a conocer al mundo entero el cuarto festival gastron\u00f3mico del Caribe Mexicano, que se celebrar\u00e1 el 8 y 9 de marzo en Bacalar.<\/p>\n\n\n\n<p>Estuvimos con los directivos de BBVA y empresarios espa\u00f1oles. Presentamos la proyecci\u00f3n y diversificaci\u00f3n de nuestros 12 destinos tur\u00edsticos, los nuevos atractivos arqueol\u00f3gicos, gastron\u00f3micos, culturales, deportivos.<\/p>\n\n\n\n<p>Promocionamos nuestros 12 destinos tur\u00edsticos y 14 marcas, desde una de las avenidas principales, Paseo de la Castellana, aqu\u00ed en Madrid; Canc\u00fan se sigue consolidando como destino l\u00edder en Am\u00e9rica Latina, sum\u00f3 cuatro premios World Travel Awards 2024.<\/p>\n\n\n\n<p>Tambi\u00e9n anunciamos que Canc\u00fan ser\u00e1 sede del Congreso de la Liga Espa\u00f1ola 2026, consolidando nuestro estado como un destino de clase mundial para convenciones y reuniones. En conectividad con Air Canad\u00e1, se incrementar\u00e1n las frecuencias hacia Canc\u00fan, pasando de 53 a 60 vuelos semanales. Y, con Viva Aerob\u00fas, confirmamos nuevas rutas para el verano.<\/p>\n\n\n\n<figure class=\"wp-block-video\"><video controls src=\"https:\/\/nitu.mx\/wp-content\/uploads\/2025\/01\/WhatsApp-Video-2025-01-24-at-18.27.51.mp4\"><\/video><\/figure>\n\n\n\n<p>En inversiones, les puedo anunciar ya cinco nuevos hoteles para ya en Quintana Roo, con aproximadamente 2,500 habitaciones. Grupo Excellence en Puerto Morelos, el Majestic Elegance en Costa Mujeres, un hotel de Grupo H10, el Hotel Rio Ventura de Grupo Rio y un hotel de Grupo Meli\u00e1.<\/p>\n\n\n\n<p>Tambi\u00e9n mostramos los nuevos atractivos de todo nuestro estado, incluido el Tren Maya con la tour operadora del Corte Ingl\u00e9s y muchas m\u00e1s agencias de viajes en donde este gran proyecto, el Tren Maya, hoy es una realidad.<\/p>\n\n\n\n<p>Mara Lezama agradeci\u00f3 a la Organizaci\u00f3n de Mujeres L\u00edderes en Turismo por el reconocimiento que se le entreg\u00f3 por su Liderazgo Femenino en Turismo 2025.<\/p>\n\n\n\n<p>En este resumen Mara Lezama afirm\u00f3 en FITUR 2026 oficialmente M\u00e9xico es pa\u00eds invitado. \u201cNosotros regresamos a Quintana Roo. Seguimos trabajando 24 a 7. \u00a1V\u00e1monos!\u201d cit\u00f3 la Gobernadora.<\/p>\n","protected":false},"excerpt":{"rendered":"<p>La gobernadora Mara Lezama Espinosa cerr\u00f3 agenda en la FITUR 2025 luego de una jornada marat\u00f3nica, con cada segundo aprovechado y grandes noticias para Quintana Roo. En resumen: La primera academia de la Fundaci\u00f3n Real Madrid, en coordinaci\u00f3n con Grupo Pi\u00f1ero, en el Tulum Country Club de Tulum con becas para ni\u00f1os vulnerables; colocamos a [&hellip;]<\/p>\n","protected":false},"author":2,"featured_media":78631,"comment_status":"open","ping_status":"open","sticky":false,"template":"","format":"standard","meta":{"footnotes":""},"categories":[18475,24423],"tags":[],"yoast_head":"<!-- This site is optimized with the Yoast SEO plugin v22.2 - https:\/\/yoast.com\/wordpress\/plugins\/seo\/ -->\n<title>Destaca Quintana Roo en FITUR: Consolidaci\u00f3n de proyectos y eventos internacionales a trav\u00e9s de la gobernadora Mara Lezama - Nitu - Noticias de la Industria Turistica<\/title>\n<meta name=\"robots\" content=\"index, follow, max-snippet:-1, max-image-preview:large, max-video-preview:-1\" \/>\n<link rel=\"canonical\" href=\"https:\/\/nitu.mx\/index.php\/2025\/01\/25\/destaca-quintana-roo-en-fitur-consolidacion-de-proyectos-y-eventos-internacionales-a-traves-de-la-gobernadora-mara-lezama\/\" \/>\n<meta name=\"twitter:card\" content=\"summary_large_image\" \/>\n<meta name=\"twitter:title\" content=\"Destaca Quintana Roo en FITUR: Consolidaci\u00f3n de proyectos y eventos internacionales a trav\u00e9s de la gobernadora Mara Lezama - Nitu - Noticias de la Industria Turistica\" \/>\n<meta name=\"twitter:description\" content=\"La gobernadora Mara Lezama Espinosa cerr\u00f3 agenda en la FITUR 2025 luego de una jornada marat\u00f3nica, con cada segundo aprovechado y grandes noticias para Quintana Roo. En resumen: La primera academia de la Fundaci\u00f3n Real Madrid, en coordinaci\u00f3n con Grupo Pi\u00f1ero, en el Tulum Country Club de Tulum con becas para ni\u00f1os vulnerables; colocamos a [&hellip;]\" \/>\n<meta name=\"twitter:image\" content=\"https:\/\/nitu.mx\/wp-content\/uploads\/2025\/01\/Captura-de-pantalla-2025-01-25-a-las-5.35.32\u202fp.m.png\" \/>\n<meta name=\"twitter:creator\" content=\"@Arturo_Medina_G\" \/>\n<meta name=\"twitter:site\" content=\"@Arturo_Medina_G\" \/>\n<meta name=\"twitter:label1\" content=\"Escrito por\" \/>\n\t<meta name=\"twitter:data1\" content=\"Arturo Medina\" \/>\n\t<meta name=\"twitter:label2\" content=\"Tiempo de lectura\" \/>\n\t<meta name=\"twitter:data2\" content=\"2 minutos\" \/>\n<script type=\"application\/ld+json\" class=\"yoast-schema-graph\">{\"@context\":\"https:\/\/schema.org\",\"@graph\":[{\"@type\":\"Article\",\"@id\":\"https:\/\/nitu.mx\/index.php\/2025\/01\/25\/destaca-quintana-roo-en-fitur-consolidacion-de-proyectos-y-eventos-internacionales-a-traves-de-la-gobernadora-mara-lezama\/#article\",\"isPartOf\":{\"@id\":\"https:\/\/nitu.mx\/index.php\/2025\/01\/25\/destaca-quintana-roo-en-fitur-consolidacion-de-proyectos-y-eventos-internacionales-a-traves-de-la-gobernadora-mara-lezama\/\"},\"author\":{\"name\":\"Arturo Medina\",\"@id\":\"https:\/\/nitu.mx\/#\/schema\/person\/ae7a53426417292d3dd07b45a33e01bc\"},\"headline\":\"Destaca Quintana Roo en FITUR: Consolidaci\u00f3n de proyectos y eventos internacionales a trav\u00e9s de la gobernadora Mara Lezama\",\"datePublished\":\"2025-01-25T22:32:38+00:00\",\"dateModified\":\"2025-01-27T05:36:40+00:00\",\"mainEntityOfPage\":{\"@id\":\"https:\/\/nitu.mx\/index.php\/2025\/01\/25\/destaca-quintana-roo-en-fitur-consolidacion-de-proyectos-y-eventos-internacionales-a-traves-de-la-gobernadora-mara-lezama\/\"},\"wordCount\":411,\"commentCount\":0,\"publisher\":{\"@id\":\"https:\/\/nitu.mx\/#\/schema\/person\/ae7a53426417292d3dd07b45a33e01bc\"},\"image\":{\"@id\":\"https:\/\/nitu.mx\/index.php\/2025\/01\/25\/destaca-quintana-roo-en-fitur-consolidacion-de-proyectos-y-eventos-internacionales-a-traves-de-la-gobernadora-mara-lezama\/#primaryimage\"},\"thumbnailUrl\":\"https:\/\/nitu.mx\/wp-content\/uploads\/2025\/01\/Captura-de-pantalla-2025-01-25-a-las-5.35.32\u202fp.m.png\",\"articleSection\":[\"Caribe Mexicano\",\"FITUR\"],\"inLanguage\":\"es-MX\",\"potentialAction\":[{\"@type\":\"CommentAction\",\"name\":\"Comment\",\"target\":[\"https:\/\/nitu.mx\/index.php\/2025\/01\/25\/destaca-quintana-roo-en-fitur-consolidacion-de-proyectos-y-eventos-internacionales-a-traves-de-la-gobernadora-mara-lezama\/#respond\"]}]},{\"@type\":\"WebPage\",\"@id\":\"https:\/\/nitu.mx\/index.php\/2025\/01\/25\/destaca-quintana-roo-en-fitur-consolidacion-de-proyectos-y-eventos-internacionales-a-traves-de-la-gobernadora-mara-lezama\/\",\"url\":\"https:\/\/nitu.mx\/index.php\/2025\/01\/25\/destaca-quintana-roo-en-fitur-consolidacion-de-proyectos-y-eventos-internacionales-a-traves-de-la-gobernadora-mara-lezama\/\",\"name\":\"Destaca Quintana Roo en FITUR: Consolidaci\u00f3n de proyectos y eventos internacionales a trav\u00e9s de la gobernadora Mara Lezama - Nitu - Noticias de la Industria Turistica\",\"isPartOf\":{\"@id\":\"https:\/\/nitu.mx\/#website\"},\"primaryImageOfPage\":{\"@id\":\"https:\/\/nitu.mx\/index.php\/2025\/01\/25\/destaca-quintana-roo-en-fitur-consolidacion-de-proyectos-y-eventos-internacionales-a-traves-de-la-gobernadora-mara-lezama\/#primaryimage\"},\"image\":{\"@id\":\"https:\/\/nitu.mx\/index.php\/2025\/01\/25\/destaca-quintana-roo-en-fitur-consolidacion-de-proyectos-y-eventos-internacionales-a-traves-de-la-gobernadora-mara-lezama\/#primaryimage\"},\"thumbnailUrl\":\"https:\/\/nitu.mx\/wp-content\/uploads\/2025\/01\/Captura-de-pantalla-2025-01-25-a-las-5.35.32\u202fp.m.png\",\"datePublished\":\"2025-01-25T22:32:38+00:00\",\"dateModified\":\"2025-01-27T05:36:40+00:00\",\"breadcrumb\":{\"@id\":\"https:\/\/nitu.mx\/index.php\/2025\/01\/25\/destaca-quintana-roo-en-fitur-consolidacion-de-proyectos-y-eventos-internacionales-a-traves-de-la-gobernadora-mara-lezama\/#breadcrumb\"},\"inLanguage\":\"es-MX\",\"potentialAction\":[{\"@type\":\"ReadAction\",\"target\":[\"https:\/\/nitu.mx\/index.php\/2025\/01\/25\/destaca-quintana-roo-en-fitur-consolidacion-de-proyectos-y-eventos-internacionales-a-traves-de-la-gobernadora-mara-lezama\/\"]}]},{\"@type\":\"ImageObject\",\"inLanguage\":\"es-MX\",\"@id\":\"https:\/\/nitu.mx\/index.php\/2025\/01\/25\/destaca-quintana-roo-en-fitur-consolidacion-de-proyectos-y-eventos-internacionales-a-traves-de-la-gobernadora-mara-lezama\/#primaryimage\",\"url\":\"https:\/\/nitu.mx\/wp-content\/uploads\/2025\/01\/Captura-de-pantalla-2025-01-25-a-las-5.35.32\u202fp.m.png\",\"contentUrl\":\"https:\/\/nitu.mx\/wp-content\/uploads\/2025\/01\/Captura-de-pantalla-2025-01-25-a-las-5.35.32\u202fp.m.png\",\"width\":2406,\"height\":1314},{\"@type\":\"BreadcrumbList\",\"@id\":\"https:\/\/nitu.mx\/index.php\/2025\/01\/25\/destaca-quintana-roo-en-fitur-consolidacion-de-proyectos-y-eventos-internacionales-a-traves-de-la-gobernadora-mara-lezama\/#breadcrumb\",\"itemListElement\":[{\"@type\":\"ListItem\",\"position\":1,\"name\":\"Inicio\",\"item\":\"https:\/\/nitu.mx\/\"},{\"@type\":\"ListItem\",\"position\":2,\"name\":\"Destaca Quintana Roo en FITUR: Consolidaci\u00f3n de proyectos y eventos internacionales a trav\u00e9s de la gobernadora Mara Lezama\"}]},{\"@type\":\"WebSite\",\"@id\":\"https:\/\/nitu.mx\/#website\",\"url\":\"https:\/\/nitu.mx\/\",\"name\":\"Nitu - Noticias de la Industria Turistica\",\"description\":\"Noticias de la Industria Turistica\",\"publisher\":{\"@id\":\"https:\/\/nitu.mx\/#\/schema\/person\/ae7a53426417292d3dd07b45a33e01bc\"},\"alternateName\":\"Noticias de la Industria Turistica\",\"potentialAction\":[{\"@type\":\"SearchAction\",\"target\":{\"@type\":\"EntryPoint\",\"urlTemplate\":\"https:\/\/nitu.mx\/?s={search_term_string}\"},\"query-input\":\"required name=search_term_string\"}],\"inLanguage\":\"es-MX\"},{\"@type\":[\"Person\",\"Organization\"],\"@id\":\"https:\/\/nitu.mx\/#\/schema\/person\/ae7a53426417292d3dd07b45a33e01bc\",\"name\":\"Arturo Medina\",\"image\":{\"@type\":\"ImageObject\",\"inLanguage\":\"es-MX\",\"@id\":\"https:\/\/nitu.mx\/#\/schema\/person\/image\/\",\"url\":\"https:\/\/nitu.mx\/wp-content\/uploads\/2024\/04\/4A315622-1904-4D5C-B022-878CDC840E04-90x90-1.jpeg\",\"contentUrl\":\"https:\/\/nitu.mx\/wp-content\/uploads\/2024\/04\/4A315622-1904-4D5C-B022-878CDC840E04-90x90-1.jpeg\",\"width\":90,\"height\":90,\"caption\":\"Arturo Medina\"},\"logo\":{\"@id\":\"https:\/\/nitu.mx\/#\/schema\/person\/image\/\"},\"description\":\"Director NITU.mx, Egresado de la Escuela de Periodismo Carlos Septi\u00e9n Garc\u00eda. Periodista y analista especializado en turismo desde hace 35 a\u00f1os, radicado en Canc\u00fan Q.Roo. arturo@nitu.mx\",\"sameAs\":[\"https:\/\/nitu.mx\",\"https:\/\/www.facebook.com\/NITUmx\/\",\"medinacancun\",\"https:\/\/twitter.com\/@Arturo_Medina_G\"],\"url\":\"https:\/\/nitu.mx\/index.php\/author\/arturo-medina\/\"}]}<\/script>\n<!-- \/ Yoast SEO plugin. -->","yoast_head_json":{"title":"Destaca Quintana Roo en FITUR: Consolidaci\u00f3n de proyectos y eventos internacionales a trav\u00e9s de la gobernadora Mara Lezama - Nitu - Noticias de la Industria Turistica","robots":{"index":"index","follow":"follow","max-snippet":"max-snippet:-1","max-image-preview":"max-image-preview:large","max-video-preview":"max-video-preview:-1"},"canonical":"https:\/\/nitu.mx\/index.php\/2025\/01\/25\/destaca-quintana-roo-en-fitur-consolidacion-de-proyectos-y-eventos-internacionales-a-traves-de-la-gobernadora-mara-lezama\/","twitter_card":"summary_large_image","twitter_title":"Destaca Quintana Roo en FITUR: Consolidaci\u00f3n de proyectos y eventos internacionales a trav\u00e9s de la gobernadora Mara Lezama - Nitu - Noticias de la Industria Turistica","twitter_description":"La gobernadora Mara Lezama Espinosa cerr\u00f3 agenda en la FITUR 2025 luego de una jornada marat\u00f3nica, con cada segundo aprovechado y grandes noticias para Quintana Roo. En resumen: La primera academia de la Fundaci\u00f3n Real Madrid, en coordinaci\u00f3n con Grupo Pi\u00f1ero, en el Tulum Country Club de Tulum con becas para ni\u00f1os vulnerables; colocamos a [&hellip;]","twitter_image":"https:\/\/nitu.mx\/wp-content\/uploads\/2025\/01\/Captura-de-pantalla-2025-01-25-a-las-5.35.32\u202fp.m.png","twitter_creator":"@Arturo_Medina_G","twitter_site":"@Arturo_Medina_G","twitter_misc":{"Escrito por":"Arturo Medina","Tiempo de lectura":"2 minutos"},"schema":{"@context":"https:\/\/schema.org","@graph":[{"@type":"Article","@id":"https:\/\/nitu.mx\/index.php\/2025\/01\/25\/destaca-quintana-roo-en-fitur-consolidacion-de-proyectos-y-eventos-internacionales-a-traves-de-la-gobernadora-mara-lezama\/#article","isPartOf":{"@id":"https:\/\/nitu.mx\/index.php\/2025\/01\/25\/destaca-quintana-roo-en-fitur-consolidacion-de-proyectos-y-eventos-internacionales-a-traves-de-la-gobernadora-mara-lezama\/"},"author":{"name":"Arturo Medina","@id":"https:\/\/nitu.mx\/#\/schema\/person\/ae7a53426417292d3dd07b45a33e01bc"},"headline":"Destaca Quintana Roo en FITUR: Consolidaci\u00f3n de proyectos y eventos internacionales a trav\u00e9s de la gobernadora Mara Lezama","datePublished":"2025-01-25T22:32:38+00:00","dateModified":"2025-01-27T05:36:40+00:00","mainEntityOfPage":{"@id":"https:\/\/nitu.mx\/index.php\/2025\/01\/25\/destaca-quintana-roo-en-fitur-consolidacion-de-proyectos-y-eventos-internacionales-a-traves-de-la-gobernadora-mara-lezama\/"},"wordCount":411,"commentCount":0,"publisher":{"@id":"https:\/\/nitu.mx\/#\/schema\/person\/ae7a53426417292d3dd07b45a33e01bc"},"image":{"@id":"https:\/\/nitu.mx\/index.php\/2025\/01\/25\/destaca-quintana-roo-en-fitur-consolidacion-de-proyectos-y-eventos-internacionales-a-traves-de-la-gobernadora-mara-lezama\/#primaryimage"},"thumbnailUrl":"https:\/\/nitu.mx\/wp-content\/uploads\/2025\/01\/Captura-de-pantalla-2025-01-25-a-las-5.35.32\u202fp.m.png","articleSection":["Caribe Mexicano","FITUR"],"inLanguage":"es-MX","potentialAction":[{"@type":"CommentAction","name":"Comment","target":["https:\/\/nitu.mx\/index.php\/2025\/01\/25\/destaca-quintana-roo-en-fitur-consolidacion-de-proyectos-y-eventos-internacionales-a-traves-de-la-gobernadora-mara-lezama\/#respond"]}]},{"@type":"WebPage","@id":"https:\/\/nitu.mx\/index.php\/2025\/01\/25\/destaca-quintana-roo-en-fitur-consolidacion-de-proyectos-y-eventos-internacionales-a-traves-de-la-gobernadora-mara-lezama\/","url":"https:\/\/nitu.mx\/index.php\/2025\/01\/25\/destaca-quintana-roo-en-fitur-consolidacion-de-proyectos-y-eventos-internacionales-a-traves-de-la-gobernadora-mara-lezama\/","name":"Destaca Quintana Roo en FITUR: Consolidaci\u00f3n de proyectos y eventos internacionales a trav\u00e9s de la gobernadora Mara Lezama - Nitu - Noticias de la Industria Turistica","isPartOf":{"@id":"https:\/\/nitu.mx\/#website"},"primaryImageOfPage":{"@id":"https:\/\/nitu.mx\/index.php\/2025\/01\/25\/destaca-quintana-roo-en-fitur-consolidacion-de-proyectos-y-eventos-internacionales-a-traves-de-la-gobernadora-mara-lezama\/#primaryimage"},"image":{"@id":"https:\/\/nitu.mx\/index.php\/2025\/01\/25\/destaca-quintana-roo-en-fitur-consolidacion-de-proyectos-y-eventos-internacionales-a-traves-de-la-gobernadora-mara-lezama\/#primaryimage"},"thumbnailUrl":"https:\/\/nitu.mx\/wp-content\/uploads\/2025\/01\/Captura-de-pantalla-2025-01-25-a-las-5.35.32\u202fp.m.png","datePublished":"2025-01-25T22:32:38+00:00","dateModified":"2025-01-27T05:36:40+00:00","breadcrumb":{"@id":"https:\/\/nitu.mx\/index.php\/2025\/01\/25\/destaca-quintana-roo-en-fitur-consolidacion-de-proyectos-y-eventos-internacionales-a-traves-de-la-gobernadora-mara-lezama\/#breadcrumb"},"inLanguage":"es-MX","potentialAction":[{"@type":"ReadAction","target":["https:\/\/nitu.mx\/index.php\/2025\/01\/25\/destaca-quintana-roo-en-fitur-consolidacion-de-proyectos-y-eventos-internacionales-a-traves-de-la-gobernadora-mara-lezama\/"]}]},{"@type":"ImageObject","inLanguage":"es-MX","@id":"https:\/\/nitu.mx\/index.php\/2025\/01\/25\/destaca-quintana-roo-en-fitur-consolidacion-de-proyectos-y-eventos-internacionales-a-traves-de-la-gobernadora-mara-lezama\/#primaryimage","url":"https:\/\/nitu.mx\/wp-content\/uploads\/2025\/01\/Captura-de-pantalla-2025-01-25-a-las-5.35.32\u202fp.m.png","contentUrl":"https:\/\/nitu.mx\/wp-content\/uploads\/2025\/01\/Captura-de-pantalla-2025-01-25-a-las-5.35.32\u202fp.m.png","width":2406,"height":1314},{"@type":"BreadcrumbList","@id":"https:\/\/nitu.mx\/index.php\/2025\/01\/25\/destaca-quintana-roo-en-fitur-consolidacion-de-proyectos-y-eventos-internacionales-a-traves-de-la-gobernadora-mara-lezama\/#breadcrumb","itemListElement":[{"@type":"ListItem","position":1,"name":"Inicio","item":"https:\/\/nitu.mx\/"},{"@type":"ListItem","position":2,"name":"Destaca Quintana Roo en FITUR: Consolidaci\u00f3n de proyectos y eventos internacionales a trav\u00e9s de la gobernadora Mara Lezama"}]},{"@type":"WebSite","@id":"https:\/\/nitu.mx\/#website","url":"https:\/\/nitu.mx\/","name":"Nitu - Noticias de la Industria Turistica","description":"Noticias de la Industria Turistica","publisher":{"@id":"https:\/\/nitu.mx\/#\/schema\/person\/ae7a53426417292d3dd07b45a33e01bc"},"alternateName":"Noticias de la Industria Turistica","potentialAction":[{"@type":"SearchAction","target":{"@type":"EntryPoint","urlTemplate":"https:\/\/nitu.mx\/?s={search_term_string}"},"query-input":"required name=search_term_string"}],"inLanguage":"es-MX"},{"@type":["Person","Organization"],"@id":"https:\/\/nitu.mx\/#\/schema\/person\/ae7a53426417292d3dd07b45a33e01bc","name":"Arturo Medina","image":{"@type":"ImageObject","inLanguage":"es-MX","@id":"https:\/\/nitu.mx\/#\/schema\/person\/image\/","url":"https:\/\/nitu.mx\/wp-content\/uploads\/2024\/04\/4A315622-1904-4D5C-B022-878CDC840E04-90x90-1.jpeg","contentUrl":"https:\/\/nitu.mx\/wp-content\/uploads\/2024\/04\/4A315622-1904-4D5C-B022-878CDC840E04-90x90-1.jpeg","width":90,"height":90,"caption":"Arturo Medina"},"logo":{"@id":"https:\/\/nitu.mx\/#\/schema\/person\/image\/"},"description":"Director NITU.mx, Egresado de la Escuela de Periodismo Carlos Septi\u00e9n Garc\u00eda. Periodista y analista especializado en turismo desde hace 35 a\u00f1os, radicado en Canc\u00fan Q.Roo. arturo@nitu.mx","sameAs":["https:\/\/nitu.mx","https:\/\/www.facebook.com\/NITUmx\/","medinacancun","https:\/\/twitter.com\/@Arturo_Medina_G"],"url":"https:\/\/nitu.mx\/index.php\/author\/arturo-medina\/"}]}},"views":1136,"_links":{"self":[{"href":"https:\/\/nitu.mx\/index.php\/wp-json\/wp\/v2\/posts\/78625"}],"collection":[{"href":"https:\/\/nitu.mx\/index.php\/wp-json\/wp\/v2\/posts"}],"about":[{"href":"https:\/\/nitu.mx\/index.php\/wp-json\/wp\/v2\/types\/post"}],"author":[{"embeddable":true,"href":"https:\/\/nitu.mx\/index.php\/wp-json\/wp\/v2\/users\/2"}],"replies":[{"embeddable":true,"href":"https:\/\/nitu.mx\/index.php\/wp-json\/wp\/v2\/comments?post=78625"}],"version-history":[{"count":2,"href":"https:\/\/nitu.mx\/index.php\/wp-json\/wp\/v2\/posts\/78625\/revisions"}],"predecessor-version":[{"id":78643,"href":"https:\/\/nitu.mx\/index.php\/wp-json\/wp\/v2\/posts\/78625\/revisions\/78643"}],"wp:featuredmedia":[{"embeddable":true,"href":"https:\/\/nitu.mx\/index.php\/wp-json\/wp\/v2\/media\/78631"}],"wp:attachment":[{"href":"https:\/\/nitu.mx\/index.php\/wp-json\/wp\/v2\/media?parent=78625"}],"wp:term":[{"taxonomy":"category","embeddable":true,"href":"https:\/\/nitu.mx\/index.php\/wp-json\/wp\/v2\/categories?post=78625"},{"taxonomy":"post_tag","embeddable":true,"href":"https:\/\/nitu.mx\/index.php\/wp-json\/wp\/v2\/tags?post=78625"}],"curies":[{"name":"wp","href":"https:\/\/api.w.org\/{rel}","templated":true}]}}