{"id":78309,"date":"2025-01-15T23:13:12","date_gmt":"2025-01-16T05:13:12","guid":{"rendered":"https:\/\/nitu.mx\/?p=78309"},"modified":"2025-01-15T23:13:13","modified_gmt":"2025-01-16T05:13:13","slug":"belice-pide-formalmente-a-mexico-ampliar-tren-maya-a-este-pais-y-a-guatemala","status":"publish","type":"post","link":"https:\/\/nitu.mx\/index.php\/2025\/01\/15\/belice-pide-formalmente-a-mexico-ampliar-tren-maya-a-este-pais-y-a-guatemala\/","title":{"rendered":"Belice pide formalmente a M\u00e9xico ampliar Tren Maya a este pa\u00eds y a Guatemala"},"content":{"rendered":"<p>El primer ministro de Belice, Johnny Brice\u00f1o, ha intensificado las gestiones para que el Tren Maya, uno de los proyectos m\u00e1s emblem\u00e1ticos de infraestructura en M\u00e9xico, extienda su ruta hasta Guatemala.<\/p>\n<p>Brice\u00f1o propuso dos fases iniciales: una ampliaci\u00f3n de 7 kil\u00f3metros para cruzar el r\u00edo Hondo hacia Belice y otra que conecte directamente con la frontera guatemalteca. La solicitud, presentada formalmente a la presidenta Claudia Sheinbaum, tiene como objetivo integrar a Belice y Guatemala dentro del trazado del Tren Maya, creando un corredor tur\u00edstico que facilite el acceso a destinos ic\u00f3nicos como Tikal, en Pet\u00e9n, Guatemala.<\/p>\n<p>En octubre de 2024, M\u00e9xico ya hab\u00eda iniciado negociaciones con Guatemala para explorar posibles rutas de conexi\u00f3n ferroviaria desde Chetumal, Quintana Roo, y Tenosique, Tabasco. La inclusi\u00f3n de Belice en el proyecto refuerza la visi\u00f3n de una integraci\u00f3n centroamericana, que busca dinamizar el turismo, mejorar la movilidad y fortalecer la econom\u00eda regional.<\/p>\n<p>Los beneficios potenciales incluyen mayor accesibilidad a sitios arqueol\u00f3gicos considerados patrimonio cultural, como Tikal, y un flujo tur\u00edstico incrementado entre los tres pa\u00edses. Sin embargo, el proyecto enfrenta desaf\u00edos t\u00e9cnicos y econ\u00f3micos, como el dise\u00f1o de infraestructura especializada sobre el r\u00edo Hondo y la coordinaci\u00f3n binacional para garantizar recursos y apoyo pol\u00edtico.<\/p>\n<p>La respuesta del gobierno mexicano ser\u00e1 clave para determinar la viabilidad de este ambicioso plan, que podr\u00eda transformar la din\u00e1mica tur\u00edstica de la regi\u00f3n y consolidar al Tren Maya como un eje estrat\u00e9gico de conectividad en Centroam\u00e9rica. (<a href=\"https:\/\/nitu.mx\/index.php\/2025\/01\/13\/sheinbaum-anuncia-conversion-del-tren-maya-para-incluir-transporte-de-carga\/\">Sheinbaum anuncia conversi\u00f3n del Tren Maya para incluir transporte de carga<\/a>).<\/p>\n","protected":false},"excerpt":{"rendered":"<p>El primer ministro de Belice, Johnny Brice\u00f1o, ha intensificado las gestiones para que el Tren Maya, uno de los proyectos m\u00e1s emblem\u00e1ticos de infraestructura en M\u00e9xico, extienda su ruta hasta Guatemala. Brice\u00f1o propuso dos fases iniciales: una ampliaci\u00f3n de 7 kil\u00f3metros para cruzar el r\u00edo Hondo hacia Belice y otra que conecte directamente con la [&hellip;]<\/p>\n","protected":false},"author":3,"featured_media":62563,"comment_status":"open","ping_status":"open","sticky":false,"template":"","format":"standard","meta":{"footnotes":""},"categories":[374,22813],"tags":[3065,1638,26808,11427,421],"yoast_head":"<!-- This site is optimized with the Yoast SEO plugin v22.2 - https:\/\/yoast.com\/wordpress\/plugins\/seo\/ -->\n<title>Belice pide formalmente a M\u00e9xico ampliar Tren Maya a este pa\u00eds y a Guatemala - Nitu - Noticias de la Industria Turistica<\/title>\n<meta name=\"robots\" content=\"index, follow, max-snippet:-1, max-image-preview:large, max-video-preview:-1\" \/>\n<link rel=\"canonical\" href=\"https:\/\/nitu.mx\/index.php\/2025\/01\/15\/belice-pide-formalmente-a-mexico-ampliar-tren-maya-a-este-pais-y-a-guatemala\/\" \/>\n<meta name=\"twitter:card\" content=\"summary_large_image\" \/>\n<meta name=\"twitter:title\" content=\"Belice pide formalmente a M\u00e9xico ampliar Tren Maya a este pa\u00eds y a Guatemala - Nitu - Noticias de la Industria Turistica\" \/>\n<meta name=\"twitter:description\" content=\"El primer ministro de Belice, Johnny Brice\u00f1o, ha intensificado las gestiones para que el Tren Maya, uno de los proyectos m\u00e1s emblem\u00e1ticos de infraestructura en M\u00e9xico, extienda su ruta hasta Guatemala. Brice\u00f1o propuso dos fases iniciales: una ampliaci\u00f3n de 7 kil\u00f3metros para cruzar el r\u00edo Hondo hacia Belice y otra que conecte directamente con la [&hellip;]\" \/>\n<meta name=\"twitter:image\" content=\"https:\/\/nitu.mx\/wp-content\/uploads\/2022\/12\/Tren-Maya-diesel-no-contaminante.jpg\" \/>\n<meta name=\"twitter:creator\" content=\"@NITUmx\" \/>\n<meta name=\"twitter:site\" content=\"@Arturo_Medina_G\" \/>\n<meta name=\"twitter:label1\" content=\"Escrito por\" \/>\n\t<meta name=\"twitter:data1\" content=\"Alejandra Moncisbays\" \/>\n\t<meta name=\"twitter:label2\" content=\"Tiempo de lectura\" \/>\n\t<meta name=\"twitter:data2\" content=\"1 minuto\" \/>\n<script type=\"application\/ld+json\" class=\"yoast-schema-graph\">{\"@context\":\"https:\/\/schema.org\",\"@graph\":[{\"@type\":\"Article\",\"@id\":\"https:\/\/nitu.mx\/index.php\/2025\/01\/15\/belice-pide-formalmente-a-mexico-ampliar-tren-maya-a-este-pais-y-a-guatemala\/#article\",\"isPartOf\":{\"@id\":\"https:\/\/nitu.mx\/index.php\/2025\/01\/15\/belice-pide-formalmente-a-mexico-ampliar-tren-maya-a-este-pais-y-a-guatemala\/\"},\"author\":{\"name\":\"Alejandra Moncisbays\",\"@id\":\"https:\/\/nitu.mx\/#\/schema\/person\/2ecd887b19dfd3382d1f14fc5acf24a8\"},\"headline\":\"Belice pide formalmente a M\u00e9xico ampliar Tren Maya a este pa\u00eds y a Guatemala\",\"datePublished\":\"2025-01-16T05:13:12+00:00\",\"dateModified\":\"2025-01-16T05:13:13+00:00\",\"mainEntityOfPage\":{\"@id\":\"https:\/\/nitu.mx\/index.php\/2025\/01\/15\/belice-pide-formalmente-a-mexico-ampliar-tren-maya-a-este-pais-y-a-guatemala\/\"},\"wordCount\":297,\"commentCount\":0,\"publisher\":{\"@id\":\"https:\/\/nitu.mx\/#\/schema\/person\/ae7a53426417292d3dd07b45a33e01bc\"},\"image\":{\"@id\":\"https:\/\/nitu.mx\/index.php\/2025\/01\/15\/belice-pide-formalmente-a-mexico-ampliar-tren-maya-a-este-pais-y-a-guatemala\/#primaryimage\"},\"thumbnailUrl\":\"https:\/\/nitu.mx\/wp-content\/uploads\/2022\/12\/Tren-Maya-diesel-no-contaminante.jpg\",\"keywords\":[\"Belice\",\"Guatemala\",\"Johnny Brice\u00f1o\",\"Tren Maya\",\"turismo\"],\"articleSection\":[\"Internacional\",\"Tren Maya\"],\"inLanguage\":\"es-MX\",\"potentialAction\":[{\"@type\":\"CommentAction\",\"name\":\"Comment\",\"target\":[\"https:\/\/nitu.mx\/index.php\/2025\/01\/15\/belice-pide-formalmente-a-mexico-ampliar-tren-maya-a-este-pais-y-a-guatemala\/#respond\"]}]},{\"@type\":\"WebPage\",\"@id\":\"https:\/\/nitu.mx\/index.php\/2025\/01\/15\/belice-pide-formalmente-a-mexico-ampliar-tren-maya-a-este-pais-y-a-guatemala\/\",\"url\":\"https:\/\/nitu.mx\/index.php\/2025\/01\/15\/belice-pide-formalmente-a-mexico-ampliar-tren-maya-a-este-pais-y-a-guatemala\/\",\"name\":\"Belice pide formalmente a M\u00e9xico ampliar Tren Maya a este pa\u00eds y a Guatemala - Nitu - Noticias de la Industria Turistica\",\"isPartOf\":{\"@id\":\"https:\/\/nitu.mx\/#website\"},\"primaryImageOfPage\":{\"@id\":\"https:\/\/nitu.mx\/index.php\/2025\/01\/15\/belice-pide-formalmente-a-mexico-ampliar-tren-maya-a-este-pais-y-a-guatemala\/#primaryimage\"},\"image\":{\"@id\":\"https:\/\/nitu.mx\/index.php\/2025\/01\/15\/belice-pide-formalmente-a-mexico-ampliar-tren-maya-a-este-pais-y-a-guatemala\/#primaryimage\"},\"thumbnailUrl\":\"https:\/\/nitu.mx\/wp-content\/uploads\/2022\/12\/Tren-Maya-diesel-no-contaminante.jpg\",\"datePublished\":\"2025-01-16T05:13:12+00:00\",\"dateModified\":\"2025-01-16T05:13:13+00:00\",\"breadcrumb\":{\"@id\":\"https:\/\/nitu.mx\/index.php\/2025\/01\/15\/belice-pide-formalmente-a-mexico-ampliar-tren-maya-a-este-pais-y-a-guatemala\/#breadcrumb\"},\"inLanguage\":\"es-MX\",\"potentialAction\":[{\"@type\":\"ReadAction\",\"target\":[\"https:\/\/nitu.mx\/index.php\/2025\/01\/15\/belice-pide-formalmente-a-mexico-ampliar-tren-maya-a-este-pais-y-a-guatemala\/\"]}]},{\"@type\":\"ImageObject\",\"inLanguage\":\"es-MX\",\"@id\":\"https:\/\/nitu.mx\/index.php\/2025\/01\/15\/belice-pide-formalmente-a-mexico-ampliar-tren-maya-a-este-pais-y-a-guatemala\/#primaryimage\",\"url\":\"https:\/\/nitu.mx\/wp-content\/uploads\/2022\/12\/Tren-Maya-diesel-no-contaminante.jpg\",\"contentUrl\":\"https:\/\/nitu.mx\/wp-content\/uploads\/2022\/12\/Tren-Maya-diesel-no-contaminante.jpg\",\"width\":1200,\"height\":675,\"caption\":\"Tren Maya\"},{\"@type\":\"BreadcrumbList\",\"@id\":\"https:\/\/nitu.mx\/index.php\/2025\/01\/15\/belice-pide-formalmente-a-mexico-ampliar-tren-maya-a-este-pais-y-a-guatemala\/#breadcrumb\",\"itemListElement\":[{\"@type\":\"ListItem\",\"position\":1,\"name\":\"Inicio\",\"item\":\"https:\/\/nitu.mx\/\"},{\"@type\":\"ListItem\",\"position\":2,\"name\":\"Belice pide formalmente a M\u00e9xico ampliar Tren Maya a este pa\u00eds y a Guatemala\"}]},{\"@type\":\"WebSite\",\"@id\":\"https:\/\/nitu.mx\/#website\",\"url\":\"https:\/\/nitu.mx\/\",\"name\":\"Nitu - Noticias de la Industria Turistica\",\"description\":\"Noticias de la Industria Turistica\",\"publisher\":{\"@id\":\"https:\/\/nitu.mx\/#\/schema\/person\/ae7a53426417292d3dd07b45a33e01bc\"},\"alternateName\":\"Noticias de la Industria Turistica\",\"potentialAction\":[{\"@type\":\"SearchAction\",\"target\":{\"@type\":\"EntryPoint\",\"urlTemplate\":\"https:\/\/nitu.mx\/?s={search_term_string}\"},\"query-input\":\"required name=search_term_string\"}],\"inLanguage\":\"es-MX\"},{\"@type\":[\"Person\",\"Organization\"],\"@id\":\"https:\/\/nitu.mx\/#\/schema\/person\/ae7a53426417292d3dd07b45a33e01bc\",\"name\":\"Arturo Medina\",\"image\":{\"@type\":\"ImageObject\",\"inLanguage\":\"es-MX\",\"@id\":\"https:\/\/nitu.mx\/#\/schema\/person\/image\/\",\"url\":\"https:\/\/nitu.mx\/wp-content\/uploads\/2024\/04\/4A315622-1904-4D5C-B022-878CDC840E04-90x90-1.jpeg\",\"contentUrl\":\"https:\/\/nitu.mx\/wp-content\/uploads\/2024\/04\/4A315622-1904-4D5C-B022-878CDC840E04-90x90-1.jpeg\",\"width\":90,\"height\":90,\"caption\":\"Arturo Medina\"},\"logo\":{\"@id\":\"https:\/\/nitu.mx\/#\/schema\/person\/image\/\"},\"description\":\"Director NITU.mx, Egresado de la Escuela de Periodismo Carlos Septi\u00e9n Garc\u00eda. Periodista y analista especializado en turismo desde hace 35 a\u00f1os, radicado en Canc\u00fan Q.Roo. arturo@nitu.mx\",\"sameAs\":[\"https:\/\/nitu.mx\",\"https:\/\/www.facebook.com\/NITUmx\/\",\"medinacancun\",\"https:\/\/twitter.com\/@Arturo_Medina_G\"]},{\"@type\":\"Person\",\"@id\":\"https:\/\/nitu.mx\/#\/schema\/person\/2ecd887b19dfd3382d1f14fc5acf24a8\",\"name\":\"Alejandra Moncisbays\",\"image\":{\"@type\":\"ImageObject\",\"inLanguage\":\"es-MX\",\"@id\":\"https:\/\/nitu.mx\/#\/schema\/person\/image\/\",\"url\":\"https:\/\/secure.gravatar.com\/avatar\/e74f7af0be172b7804dacfd0bfbef787?s=96&d=mm&r=g\",\"contentUrl\":\"https:\/\/secure.gravatar.com\/avatar\/e74f7af0be172b7804dacfd0bfbef787?s=96&d=mm&r=g\",\"caption\":\"Alejandra Moncisbays\"},\"description\":\"Curs\u00e9 la carrera de Periodismo y Comunicaci\u00f3n en la Facultad de Estudios Profesionales Acatl\u00e1n. Vivo en Canc\u00fan desde hace 24 a\u00f1os. Fui reportera de La Tarde de Canc\u00fan, y Novedades de Quintana Roo, colabor\u00e9 en TVCUN, edit\u00e9 Cancun\u00edssimo y colabor\u00e9 en las revistas Latitud21, entre otras, con principal enfoque en los sectores empresarial y tur\u00edstico. Desde hace varios a\u00f1os soy Agente de Seguros con c\u00e9dula de la Comisi\u00f3n Nacional de Seguros y Fianzas. Actualmente, me desarrollo en los \u00e1mbitos del periodismo y el sector asegurador.\",\"sameAs\":[\"https:\/\/nitu.mx\"],\"url\":\"https:\/\/nitu.mx\/index.php\/author\/alejandra\/\"}]}<\/script>\n<!-- \/ Yoast SEO plugin. -->","yoast_head_json":{"title":"Belice pide formalmente a M\u00e9xico ampliar Tren Maya a este pa\u00eds y a Guatemala - Nitu - Noticias de la Industria Turistica","robots":{"index":"index","follow":"follow","max-snippet":"max-snippet:-1","max-image-preview":"max-image-preview:large","max-video-preview":"max-video-preview:-1"},"canonical":"https:\/\/nitu.mx\/index.php\/2025\/01\/15\/belice-pide-formalmente-a-mexico-ampliar-tren-maya-a-este-pais-y-a-guatemala\/","twitter_card":"summary_large_image","twitter_title":"Belice pide formalmente a M\u00e9xico ampliar Tren Maya a este pa\u00eds y a Guatemala - Nitu - Noticias de la Industria Turistica","twitter_description":"El primer ministro de Belice, Johnny Brice\u00f1o, ha intensificado las gestiones para que el Tren Maya, uno de los proyectos m\u00e1s emblem\u00e1ticos de infraestructura en M\u00e9xico, extienda su ruta hasta Guatemala. Brice\u00f1o propuso dos fases iniciales: una ampliaci\u00f3n de 7 kil\u00f3metros para cruzar el r\u00edo Hondo hacia Belice y otra que conecte directamente con la [&hellip;]","twitter_image":"https:\/\/nitu.mx\/wp-content\/uploads\/2022\/12\/Tren-Maya-diesel-no-contaminante.jpg","twitter_creator":"@NITUmx","twitter_site":"@Arturo_Medina_G","twitter_misc":{"Escrito por":"Alejandra Moncisbays","Tiempo de lectura":"1 minuto"},"schema":{"@context":"https:\/\/schema.org","@graph":[{"@type":"Article","@id":"https:\/\/nitu.mx\/index.php\/2025\/01\/15\/belice-pide-formalmente-a-mexico-ampliar-tren-maya-a-este-pais-y-a-guatemala\/#article","isPartOf":{"@id":"https:\/\/nitu.mx\/index.php\/2025\/01\/15\/belice-pide-formalmente-a-mexico-ampliar-tren-maya-a-este-pais-y-a-guatemala\/"},"author":{"name":"Alejandra Moncisbays","@id":"https:\/\/nitu.mx\/#\/schema\/person\/2ecd887b19dfd3382d1f14fc5acf24a8"},"headline":"Belice pide formalmente a M\u00e9xico ampliar Tren Maya a este pa\u00eds y a Guatemala","datePublished":"2025-01-16T05:13:12+00:00","dateModified":"2025-01-16T05:13:13+00:00","mainEntityOfPage":{"@id":"https:\/\/nitu.mx\/index.php\/2025\/01\/15\/belice-pide-formalmente-a-mexico-ampliar-tren-maya-a-este-pais-y-a-guatemala\/"},"wordCount":297,"commentCount":0,"publisher":{"@id":"https:\/\/nitu.mx\/#\/schema\/person\/ae7a53426417292d3dd07b45a33e01bc"},"image":{"@id":"https:\/\/nitu.mx\/index.php\/2025\/01\/15\/belice-pide-formalmente-a-mexico-ampliar-tren-maya-a-este-pais-y-a-guatemala\/#primaryimage"},"thumbnailUrl":"https:\/\/nitu.mx\/wp-content\/uploads\/2022\/12\/Tren-Maya-diesel-no-contaminante.jpg","keywords":["Belice","Guatemala","Johnny Brice\u00f1o","Tren Maya","turismo"],"articleSection":["Internacional","Tren Maya"],"inLanguage":"es-MX","potentialAction":[{"@type":"CommentAction","name":"Comment","target":["https:\/\/nitu.mx\/index.php\/2025\/01\/15\/belice-pide-formalmente-a-mexico-ampliar-tren-maya-a-este-pais-y-a-guatemala\/#respond"]}]},{"@type":"WebPage","@id":"https:\/\/nitu.mx\/index.php\/2025\/01\/15\/belice-pide-formalmente-a-mexico-ampliar-tren-maya-a-este-pais-y-a-guatemala\/","url":"https:\/\/nitu.mx\/index.php\/2025\/01\/15\/belice-pide-formalmente-a-mexico-ampliar-tren-maya-a-este-pais-y-a-guatemala\/","name":"Belice pide formalmente a M\u00e9xico ampliar Tren Maya a este pa\u00eds y a Guatemala - Nitu - Noticias de la Industria Turistica","isPartOf":{"@id":"https:\/\/nitu.mx\/#website"},"primaryImageOfPage":{"@id":"https:\/\/nitu.mx\/index.php\/2025\/01\/15\/belice-pide-formalmente-a-mexico-ampliar-tren-maya-a-este-pais-y-a-guatemala\/#primaryimage"},"image":{"@id":"https:\/\/nitu.mx\/index.php\/2025\/01\/15\/belice-pide-formalmente-a-mexico-ampliar-tren-maya-a-este-pais-y-a-guatemala\/#primaryimage"},"thumbnailUrl":"https:\/\/nitu.mx\/wp-content\/uploads\/2022\/12\/Tren-Maya-diesel-no-contaminante.jpg","datePublished":"2025-01-16T05:13:12+00:00","dateModified":"2025-01-16T05:13:13+00:00","breadcrumb":{"@id":"https:\/\/nitu.mx\/index.php\/2025\/01\/15\/belice-pide-formalmente-a-mexico-ampliar-tren-maya-a-este-pais-y-a-guatemala\/#breadcrumb"},"inLanguage":"es-MX","potentialAction":[{"@type":"ReadAction","target":["https:\/\/nitu.mx\/index.php\/2025\/01\/15\/belice-pide-formalmente-a-mexico-ampliar-tren-maya-a-este-pais-y-a-guatemala\/"]}]},{"@type":"ImageObject","inLanguage":"es-MX","@id":"https:\/\/nitu.mx\/index.php\/2025\/01\/15\/belice-pide-formalmente-a-mexico-ampliar-tren-maya-a-este-pais-y-a-guatemala\/#primaryimage","url":"https:\/\/nitu.mx\/wp-content\/uploads\/2022\/12\/Tren-Maya-diesel-no-contaminante.jpg","contentUrl":"https:\/\/nitu.mx\/wp-content\/uploads\/2022\/12\/Tren-Maya-diesel-no-contaminante.jpg","width":1200,"height":675,"caption":"Tren Maya"},{"@type":"BreadcrumbList","@id":"https:\/\/nitu.mx\/index.php\/2025\/01\/15\/belice-pide-formalmente-a-mexico-ampliar-tren-maya-a-este-pais-y-a-guatemala\/#breadcrumb","itemListElement":[{"@type":"ListItem","position":1,"name":"Inicio","item":"https:\/\/nitu.mx\/"},{"@type":"ListItem","position":2,"name":"Belice pide formalmente a M\u00e9xico ampliar Tren Maya a este pa\u00eds y a Guatemala"}]},{"@type":"WebSite","@id":"https:\/\/nitu.mx\/#website","url":"https:\/\/nitu.mx\/","name":"Nitu - Noticias de la Industria Turistica","description":"Noticias de la Industria Turistica","publisher":{"@id":"https:\/\/nitu.mx\/#\/schema\/person\/ae7a53426417292d3dd07b45a33e01bc"},"alternateName":"Noticias de la Industria Turistica","potentialAction":[{"@type":"SearchAction","target":{"@type":"EntryPoint","urlTemplate":"https:\/\/nitu.mx\/?s={search_term_string}"},"query-input":"required name=search_term_string"}],"inLanguage":"es-MX"},{"@type":["Person","Organization"],"@id":"https:\/\/nitu.mx\/#\/schema\/person\/ae7a53426417292d3dd07b45a33e01bc","name":"Arturo Medina","image":{"@type":"ImageObject","inLanguage":"es-MX","@id":"https:\/\/nitu.mx\/#\/schema\/person\/image\/","url":"https:\/\/nitu.mx\/wp-content\/uploads\/2024\/04\/4A315622-1904-4D5C-B022-878CDC840E04-90x90-1.jpeg","contentUrl":"https:\/\/nitu.mx\/wp-content\/uploads\/2024\/04\/4A315622-1904-4D5C-B022-878CDC840E04-90x90-1.jpeg","width":90,"height":90,"caption":"Arturo Medina"},"logo":{"@id":"https:\/\/nitu.mx\/#\/schema\/person\/image\/"},"description":"Director NITU.mx, Egresado de la Escuela de Periodismo Carlos Septi\u00e9n Garc\u00eda. Periodista y analista especializado en turismo desde hace 35 a\u00f1os, radicado en Canc\u00fan Q.Roo. arturo@nitu.mx","sameAs":["https:\/\/nitu.mx","https:\/\/www.facebook.com\/NITUmx\/","medinacancun","https:\/\/twitter.com\/@Arturo_Medina_G"]},{"@type":"Person","@id":"https:\/\/nitu.mx\/#\/schema\/person\/2ecd887b19dfd3382d1f14fc5acf24a8","name":"Alejandra Moncisbays","image":{"@type":"ImageObject","inLanguage":"es-MX","@id":"https:\/\/nitu.mx\/#\/schema\/person\/image\/","url":"https:\/\/secure.gravatar.com\/avatar\/e74f7af0be172b7804dacfd0bfbef787?s=96&d=mm&r=g","contentUrl":"https:\/\/secure.gravatar.com\/avatar\/e74f7af0be172b7804dacfd0bfbef787?s=96&d=mm&r=g","caption":"Alejandra Moncisbays"},"description":"Curs\u00e9 la carrera de Periodismo y Comunicaci\u00f3n en la Facultad de Estudios Profesionales Acatl\u00e1n. Vivo en Canc\u00fan desde hace 24 a\u00f1os. Fui reportera de La Tarde de Canc\u00fan, y Novedades de Quintana Roo, colabor\u00e9 en TVCUN, edit\u00e9 Cancun\u00edssimo y colabor\u00e9 en las revistas Latitud21, entre otras, con principal enfoque en los sectores empresarial y tur\u00edstico. Desde hace varios a\u00f1os soy Agente de Seguros con c\u00e9dula de la Comisi\u00f3n Nacional de Seguros y Fianzas. Actualmente, me desarrollo en los \u00e1mbitos del periodismo y el sector asegurador.","sameAs":["https:\/\/nitu.mx"],"url":"https:\/\/nitu.mx\/index.php\/author\/alejandra\/"}]}},"views":725,"_links":{"self":[{"href":"https:\/\/nitu.mx\/index.php\/wp-json\/wp\/v2\/posts\/78309"}],"collection":[{"href":"https:\/\/nitu.mx\/index.php\/wp-json\/wp\/v2\/posts"}],"about":[{"href":"https:\/\/nitu.mx\/index.php\/wp-json\/wp\/v2\/types\/post"}],"author":[{"embeddable":true,"href":"https:\/\/nitu.mx\/index.php\/wp-json\/wp\/v2\/users\/3"}],"replies":[{"embeddable":true,"href":"https:\/\/nitu.mx\/index.php\/wp-json\/wp\/v2\/comments?post=78309"}],"version-history":[{"count":2,"href":"https:\/\/nitu.mx\/index.php\/wp-json\/wp\/v2\/posts\/78309\/revisions"}],"predecessor-version":[{"id":78338,"href":"https:\/\/nitu.mx\/index.php\/wp-json\/wp\/v2\/posts\/78309\/revisions\/78338"}],"wp:featuredmedia":[{"embeddable":true,"href":"https:\/\/nitu.mx\/index.php\/wp-json\/wp\/v2\/media\/62563"}],"wp:attachment":[{"href":"https:\/\/nitu.mx\/index.php\/wp-json\/wp\/v2\/media?parent=78309"}],"wp:term":[{"taxonomy":"category","embeddable":true,"href":"https:\/\/nitu.mx\/index.php\/wp-json\/wp\/v2\/categories?post=78309"},{"taxonomy":"post_tag","embeddable":true,"href":"https:\/\/nitu.mx\/index.php\/wp-json\/wp\/v2\/tags?post=78309"}],"curies":[{"name":"wp","href":"https:\/\/api.w.org\/{rel}","templated":true}]}}