{"id":78272,"date":"2025-01-14T16:50:20","date_gmt":"2025-01-14T22:50:20","guid":{"rendered":"https:\/\/nitu.mx\/?p=78272"},"modified":"2025-01-14T16:50:21","modified_gmt":"2025-01-14T22:50:21","slug":"javier-galicia-seguira-3-ejes-como-nuevo-presidente-de-expomayoristas","status":"publish","type":"post","link":"https:\/\/nitu.mx\/index.php\/2025\/01\/14\/javier-galicia-seguira-3-ejes-como-nuevo-presidente-de-expomayoristas\/","title":{"rendered":"Javier Galicia seguir\u00e1 3 ejes como nuevo presidente de ExpoMayoristas"},"content":{"rendered":"\n<p>Al asumir la presidencia de ExpoMayoristas, Javier Galicia, director general de Concierge Operadora, explic\u00f3 que la capacitaci\u00f3n, uni\u00f3n y expansi\u00f3n ser\u00e1n los tres ejes bajo los cuales se rija esta nueva etapa de la asociaci\u00f3n integrada por 9 importantes operadoras mayoristas, y a la cual se comprometi\u00f3 a darle m\u00e1s valor y presencia en el sector.<\/p>\n\n\n\n<p>Detall\u00f3 que la capacitaci\u00f3n continua de los agentes de viajes es importante para fortalecer su profesionalizaci\u00f3n y mantener un capital humano competitivo.<\/p>\n\n\n\n<p>Respecto a la uni\u00f3n, asever\u00f3 que se busca integrar a m\u00e1s actores que sumen de diferente manera a ExpoMayoristas. En ese tenor resalt\u00f3 la importancia de ser parte de GMA, organismo que concentra las principales asociaciones tur\u00edsticas, as\u00ed como el apoyo de su presidenta Judith Guerra.<\/p>\n\n\n\n<p>En cuanto a la expansi\u00f3n, el objetivo es llegar a m\u00e1s puntos de la Rep\u00fablica mexicana, m\u00e1s agentes de viajes y operadores tur\u00edsticos con el fin de ampliar la influencia y acciones de la asociaci\u00f3n a trav\u00e9s de una nueva etapa de las caravanas que se ajusten al dinamismo actual del sector turismo.<\/p>\n\n\n\n<p>Con el objetivo de dar prioridad a las alianzas con empresas tur\u00edsticas que busquen ampliar sus oportunidades con agencias de viajes, el nuevo presidente de ExpoMayoristas anunci\u00f3 la incorporaci\u00f3n de Cap\u00edtulo Destinos.<\/p>\n\n\n\n<p>&#8220;Un proyecto pensado para los destinos que quieran promover y capacitar a los agentes de viaje gracias a nuestra capacidad, ofreciendo nuestros foros, convocatoria, alcance medi\u00e1tico y herramientas de comunicaci\u00f3n para poder crear estrategias de marketing en conjunto&#8221;. (<a href=\"https:\/\/nitu.mx\/index.php\/2024\/04\/21\/operadora-concierge-presenta-la-oferta-de-british-columbia-a-socias-de-afeet\/\">Operadora Concierge presenta la oferta de British Columbia a socias de AFEET<\/a>).<\/p>\n\n\n\n<h2 class=\"wp-block-heading\">Nueva Mesa Directiva de ExpoMayoristas<\/h2>\n\n\n\n<p>La nueva Mesa Directiva, presidida por Javier Galicia, quedar\u00e1 integrada de la siguiente manera:<\/p>\n\n\n\n<p>Jos\u00e9 Trauwitz, gerente general de PE TRA Operadora como Vicepresidente; Mart\u00ed Sarrate, director general de Juli\u00e1 Tours, como Tesorero; Blanca de la Garza, directora comercial de \u00a1UMIRA TRAVEL, como Secretaria; y Antonio Taverna, gerente general de Viajes Fama, como Vocal.<\/p>\n\n\n\n<p>En entrevista para <strong><em>NITU.mx<\/em><\/strong>, Galicia reconoci\u00f3 que asume la presidencia de una asociaci\u00f3n muy bien posicionada tras la gesti\u00f3n de Blanca de la Garza, con operadoras cada vez m\u00e1s especializadas en determinados segmentos, lo cual le da su fortaleza.<\/p>\n\n\n\n<p>Indic\u00f3 que la sustentabilidad , el turismo de lujo y el deportivo tendr\u00e1n un crecimiento importante; este \u00faltimo en particular de cara al Mundial 2026.<\/p>\n\n\n\n<p>Con todas estas acciones, Javier Galicia tiene como objetivo generar m\u00e1s valor para expo mayoristas, ante un sector en el cual ve un fuerte crecimiento a doble d\u00edgito. \u201cGracias infinitas a nuestros socios, patrocinadores y aliados estrat\u00e9gicos, cuya confianza y apoyo nos inspiran a seguir construyendo un mejor sector\u201d, concluy\u00f3 el nuevo presidente de ExpoMayoristas. <\/p>\n","protected":false},"excerpt":{"rendered":"<p>Al asumir la presidencia de ExpoMayoristas, Javier Galicia, director general de Concierge Operadora, explic\u00f3 que la capacitaci\u00f3n, uni\u00f3n y expansi\u00f3n ser\u00e1n los tres ejes bajo los cuales se rija esta nueva etapa de la asociaci\u00f3n integrada por 9 importantes operadoras mayoristas, y a la cual se comprometi\u00f3 a darle m\u00e1s valor y presencia en el [&hellip;]<\/p>\n","protected":false},"author":18,"featured_media":78274,"comment_status":"open","ping_status":"open","sticky":false,"template":"","format":"standard","meta":{"footnotes":""},"categories":[3],"tags":[1360,3651,23170,23173,6355],"yoast_head":"<!-- This site is optimized with the Yoast SEO plugin v22.2 - https:\/\/yoast.com\/wordpress\/plugins\/seo\/ -->\n<title>Javier Galicia seguir\u00e1 3 ejes como nuevo presidente de ExpoMayoristas - Nitu - Noticias de la Industria Turistica<\/title>\n<meta name=\"robots\" content=\"index, follow, max-snippet:-1, max-image-preview:large, max-video-preview:-1\" \/>\n<link rel=\"canonical\" href=\"https:\/\/nitu.mx\/index.php\/2025\/01\/14\/javier-galicia-seguira-3-ejes-como-nuevo-presidente-de-expomayoristas\/\" \/>\n<meta name=\"twitter:card\" content=\"summary_large_image\" \/>\n<meta name=\"twitter:title\" content=\"Javier Galicia seguir\u00e1 3 ejes como nuevo presidente de ExpoMayoristas - Nitu - Noticias de la Industria Turistica\" \/>\n<meta name=\"twitter:description\" content=\"Al asumir la presidencia de ExpoMayoristas, Javier Galicia, director general de Concierge Operadora, explic\u00f3 que la capacitaci\u00f3n, uni\u00f3n y expansi\u00f3n ser\u00e1n los tres ejes bajo los cuales se rija esta nueva etapa de la asociaci\u00f3n integrada por 9 importantes operadoras mayoristas, y a la cual se comprometi\u00f3 a darle m\u00e1s valor y presencia en el [&hellip;]\" \/>\n<meta name=\"twitter:image\" content=\"https:\/\/nitu.mx\/wp-content\/uploads\/2025\/01\/ExpoMayoristas-Javier-Galicia.jpg\" \/>\n<meta name=\"twitter:creator\" content=\"@NITUmx\" \/>\n<meta name=\"twitter:site\" content=\"@Arturo_Medina_G\" \/>\n<meta name=\"twitter:label1\" content=\"Escrito por\" \/>\n\t<meta name=\"twitter:data1\" content=\"Guadalupe Sixto\" \/>\n\t<meta name=\"twitter:label2\" content=\"Tiempo de lectura\" \/>\n\t<meta name=\"twitter:data2\" content=\"2 minutos\" \/>\n<script type=\"application\/ld+json\" class=\"yoast-schema-graph\">{\"@context\":\"https:\/\/schema.org\",\"@graph\":[{\"@type\":\"Article\",\"@id\":\"https:\/\/nitu.mx\/index.php\/2025\/01\/14\/javier-galicia-seguira-3-ejes-como-nuevo-presidente-de-expomayoristas\/#article\",\"isPartOf\":{\"@id\":\"https:\/\/nitu.mx\/index.php\/2025\/01\/14\/javier-galicia-seguira-3-ejes-como-nuevo-presidente-de-expomayoristas\/\"},\"author\":{\"name\":\"Guadalupe Sixto\",\"@id\":\"https:\/\/nitu.mx\/#\/schema\/person\/3df3082b5e46037e3f13614d28ee0b77\"},\"headline\":\"Javier Galicia seguir\u00e1 3 ejes como nuevo presidente de ExpoMayoristas\",\"datePublished\":\"2025-01-14T22:50:20+00:00\",\"dateModified\":\"2025-01-14T22:50:21+00:00\",\"mainEntityOfPage\":{\"@id\":\"https:\/\/nitu.mx\/index.php\/2025\/01\/14\/javier-galicia-seguira-3-ejes-como-nuevo-presidente-de-expomayoristas\/\"},\"wordCount\":474,\"commentCount\":0,\"publisher\":{\"@id\":\"https:\/\/nitu.mx\/#\/schema\/person\/ae7a53426417292d3dd07b45a33e01bc\"},\"image\":{\"@id\":\"https:\/\/nitu.mx\/index.php\/2025\/01\/14\/javier-galicia-seguira-3-ejes-como-nuevo-presidente-de-expomayoristas\/#primaryimage\"},\"thumbnailUrl\":\"https:\/\/nitu.mx\/wp-content\/uploads\/2025\/01\/ExpoMayoristas-Javier-Galicia.jpg\",\"keywords\":[\"Expomayoristas\",\"GMA\",\"Javier Galicia\",\"Operadora Concierge\",\"tour operadores\"],\"articleSection\":[\"Agencias de Viajes\"],\"inLanguage\":\"es-MX\",\"potentialAction\":[{\"@type\":\"CommentAction\",\"name\":\"Comment\",\"target\":[\"https:\/\/nitu.mx\/index.php\/2025\/01\/14\/javier-galicia-seguira-3-ejes-como-nuevo-presidente-de-expomayoristas\/#respond\"]}]},{\"@type\":\"WebPage\",\"@id\":\"https:\/\/nitu.mx\/index.php\/2025\/01\/14\/javier-galicia-seguira-3-ejes-como-nuevo-presidente-de-expomayoristas\/\",\"url\":\"https:\/\/nitu.mx\/index.php\/2025\/01\/14\/javier-galicia-seguira-3-ejes-como-nuevo-presidente-de-expomayoristas\/\",\"name\":\"Javier Galicia seguir\u00e1 3 ejes como nuevo presidente de ExpoMayoristas - Nitu - Noticias de la Industria Turistica\",\"isPartOf\":{\"@id\":\"https:\/\/nitu.mx\/#website\"},\"primaryImageOfPage\":{\"@id\":\"https:\/\/nitu.mx\/index.php\/2025\/01\/14\/javier-galicia-seguira-3-ejes-como-nuevo-presidente-de-expomayoristas\/#primaryimage\"},\"image\":{\"@id\":\"https:\/\/nitu.mx\/index.php\/2025\/01\/14\/javier-galicia-seguira-3-ejes-como-nuevo-presidente-de-expomayoristas\/#primaryimage\"},\"thumbnailUrl\":\"https:\/\/nitu.mx\/wp-content\/uploads\/2025\/01\/ExpoMayoristas-Javier-Galicia.jpg\",\"datePublished\":\"2025-01-14T22:50:20+00:00\",\"dateModified\":\"2025-01-14T22:50:21+00:00\",\"breadcrumb\":{\"@id\":\"https:\/\/nitu.mx\/index.php\/2025\/01\/14\/javier-galicia-seguira-3-ejes-como-nuevo-presidente-de-expomayoristas\/#breadcrumb\"},\"inLanguage\":\"es-MX\",\"potentialAction\":[{\"@type\":\"ReadAction\",\"target\":[\"https:\/\/nitu.mx\/index.php\/2025\/01\/14\/javier-galicia-seguira-3-ejes-como-nuevo-presidente-de-expomayoristas\/\"]}]},{\"@type\":\"ImageObject\",\"inLanguage\":\"es-MX\",\"@id\":\"https:\/\/nitu.mx\/index.php\/2025\/01\/14\/javier-galicia-seguira-3-ejes-como-nuevo-presidente-de-expomayoristas\/#primaryimage\",\"url\":\"https:\/\/nitu.mx\/wp-content\/uploads\/2025\/01\/ExpoMayoristas-Javier-Galicia.jpg\",\"contentUrl\":\"https:\/\/nitu.mx\/wp-content\/uploads\/2025\/01\/ExpoMayoristas-Javier-Galicia.jpg\",\"width\":1200,\"height\":675,\"caption\":\"ExpoMayoristas Javier Galicia\"},{\"@type\":\"BreadcrumbList\",\"@id\":\"https:\/\/nitu.mx\/index.php\/2025\/01\/14\/javier-galicia-seguira-3-ejes-como-nuevo-presidente-de-expomayoristas\/#breadcrumb\",\"itemListElement\":[{\"@type\":\"ListItem\",\"position\":1,\"name\":\"Inicio\",\"item\":\"https:\/\/nitu.mx\/\"},{\"@type\":\"ListItem\",\"position\":2,\"name\":\"Javier Galicia seguir\u00e1 3 ejes como nuevo presidente de ExpoMayoristas\"}]},{\"@type\":\"WebSite\",\"@id\":\"https:\/\/nitu.mx\/#website\",\"url\":\"https:\/\/nitu.mx\/\",\"name\":\"Nitu - Noticias de la Industria Turistica\",\"description\":\"Noticias de la Industria Turistica\",\"publisher\":{\"@id\":\"https:\/\/nitu.mx\/#\/schema\/person\/ae7a53426417292d3dd07b45a33e01bc\"},\"alternateName\":\"Noticias de la Industria Turistica\",\"potentialAction\":[{\"@type\":\"SearchAction\",\"target\":{\"@type\":\"EntryPoint\",\"urlTemplate\":\"https:\/\/nitu.mx\/?s={search_term_string}\"},\"query-input\":\"required name=search_term_string\"}],\"inLanguage\":\"es-MX\"},{\"@type\":[\"Person\",\"Organization\"],\"@id\":\"https:\/\/nitu.mx\/#\/schema\/person\/ae7a53426417292d3dd07b45a33e01bc\",\"name\":\"Arturo Medina\",\"image\":{\"@type\":\"ImageObject\",\"inLanguage\":\"es-MX\",\"@id\":\"https:\/\/nitu.mx\/#\/schema\/person\/image\/\",\"url\":\"https:\/\/nitu.mx\/wp-content\/uploads\/2024\/04\/4A315622-1904-4D5C-B022-878CDC840E04-90x90-1.jpeg\",\"contentUrl\":\"https:\/\/nitu.mx\/wp-content\/uploads\/2024\/04\/4A315622-1904-4D5C-B022-878CDC840E04-90x90-1.jpeg\",\"width\":90,\"height\":90,\"caption\":\"Arturo Medina\"},\"logo\":{\"@id\":\"https:\/\/nitu.mx\/#\/schema\/person\/image\/\"},\"description\":\"Director NITU.mx, Egresado de la Escuela de Periodismo Carlos Septi\u00e9n Garc\u00eda. Periodista y analista especializado en turismo desde hace 35 a\u00f1os, radicado en Canc\u00fan Q.Roo. arturo@nitu.mx\",\"sameAs\":[\"https:\/\/nitu.mx\",\"https:\/\/www.facebook.com\/NITUmx\/\",\"medinacancun\",\"https:\/\/twitter.com\/@Arturo_Medina_G\"]},{\"@type\":\"Person\",\"@id\":\"https:\/\/nitu.mx\/#\/schema\/person\/3df3082b5e46037e3f13614d28ee0b77\",\"name\":\"Guadalupe Sixto\",\"image\":{\"@type\":\"ImageObject\",\"inLanguage\":\"es-MX\",\"@id\":\"https:\/\/nitu.mx\/#\/schema\/person\/image\/\",\"url\":\"https:\/\/secure.gravatar.com\/avatar\/13914e1b0e1919e91f9539de4dc584c4?s=96&d=mm&r=g\",\"contentUrl\":\"https:\/\/secure.gravatar.com\/avatar\/13914e1b0e1919e91f9539de4dc584c4?s=96&d=mm&r=g\",\"caption\":\"Guadalupe Sixto\"},\"url\":\"https:\/\/nitu.mx\/index.php\/author\/gsixto\/\"}]}<\/script>\n<!-- \/ Yoast SEO plugin. -->","yoast_head_json":{"title":"Javier Galicia seguir\u00e1 3 ejes como nuevo presidente de ExpoMayoristas - Nitu - Noticias de la Industria Turistica","robots":{"index":"index","follow":"follow","max-snippet":"max-snippet:-1","max-image-preview":"max-image-preview:large","max-video-preview":"max-video-preview:-1"},"canonical":"https:\/\/nitu.mx\/index.php\/2025\/01\/14\/javier-galicia-seguira-3-ejes-como-nuevo-presidente-de-expomayoristas\/","twitter_card":"summary_large_image","twitter_title":"Javier Galicia seguir\u00e1 3 ejes como nuevo presidente de ExpoMayoristas - Nitu - Noticias de la Industria Turistica","twitter_description":"Al asumir la presidencia de ExpoMayoristas, Javier Galicia, director general de Concierge Operadora, explic\u00f3 que la capacitaci\u00f3n, uni\u00f3n y expansi\u00f3n ser\u00e1n los tres ejes bajo los cuales se rija esta nueva etapa de la asociaci\u00f3n integrada por 9 importantes operadoras mayoristas, y a la cual se comprometi\u00f3 a darle m\u00e1s valor y presencia en el [&hellip;]","twitter_image":"https:\/\/nitu.mx\/wp-content\/uploads\/2025\/01\/ExpoMayoristas-Javier-Galicia.jpg","twitter_creator":"@NITUmx","twitter_site":"@Arturo_Medina_G","twitter_misc":{"Escrito por":"Guadalupe Sixto","Tiempo de lectura":"2 minutos"},"schema":{"@context":"https:\/\/schema.org","@graph":[{"@type":"Article","@id":"https:\/\/nitu.mx\/index.php\/2025\/01\/14\/javier-galicia-seguira-3-ejes-como-nuevo-presidente-de-expomayoristas\/#article","isPartOf":{"@id":"https:\/\/nitu.mx\/index.php\/2025\/01\/14\/javier-galicia-seguira-3-ejes-como-nuevo-presidente-de-expomayoristas\/"},"author":{"name":"Guadalupe Sixto","@id":"https:\/\/nitu.mx\/#\/schema\/person\/3df3082b5e46037e3f13614d28ee0b77"},"headline":"Javier Galicia seguir\u00e1 3 ejes como nuevo presidente de ExpoMayoristas","datePublished":"2025-01-14T22:50:20+00:00","dateModified":"2025-01-14T22:50:21+00:00","mainEntityOfPage":{"@id":"https:\/\/nitu.mx\/index.php\/2025\/01\/14\/javier-galicia-seguira-3-ejes-como-nuevo-presidente-de-expomayoristas\/"},"wordCount":474,"commentCount":0,"publisher":{"@id":"https:\/\/nitu.mx\/#\/schema\/person\/ae7a53426417292d3dd07b45a33e01bc"},"image":{"@id":"https:\/\/nitu.mx\/index.php\/2025\/01\/14\/javier-galicia-seguira-3-ejes-como-nuevo-presidente-de-expomayoristas\/#primaryimage"},"thumbnailUrl":"https:\/\/nitu.mx\/wp-content\/uploads\/2025\/01\/ExpoMayoristas-Javier-Galicia.jpg","keywords":["Expomayoristas","GMA","Javier Galicia","Operadora Concierge","tour operadores"],"articleSection":["Agencias de Viajes"],"inLanguage":"es-MX","potentialAction":[{"@type":"CommentAction","name":"Comment","target":["https:\/\/nitu.mx\/index.php\/2025\/01\/14\/javier-galicia-seguira-3-ejes-como-nuevo-presidente-de-expomayoristas\/#respond"]}]},{"@type":"WebPage","@id":"https:\/\/nitu.mx\/index.php\/2025\/01\/14\/javier-galicia-seguira-3-ejes-como-nuevo-presidente-de-expomayoristas\/","url":"https:\/\/nitu.mx\/index.php\/2025\/01\/14\/javier-galicia-seguira-3-ejes-como-nuevo-presidente-de-expomayoristas\/","name":"Javier Galicia seguir\u00e1 3 ejes como nuevo presidente de ExpoMayoristas - Nitu - Noticias de la Industria Turistica","isPartOf":{"@id":"https:\/\/nitu.mx\/#website"},"primaryImageOfPage":{"@id":"https:\/\/nitu.mx\/index.php\/2025\/01\/14\/javier-galicia-seguira-3-ejes-como-nuevo-presidente-de-expomayoristas\/#primaryimage"},"image":{"@id":"https:\/\/nitu.mx\/index.php\/2025\/01\/14\/javier-galicia-seguira-3-ejes-como-nuevo-presidente-de-expomayoristas\/#primaryimage"},"thumbnailUrl":"https:\/\/nitu.mx\/wp-content\/uploads\/2025\/01\/ExpoMayoristas-Javier-Galicia.jpg","datePublished":"2025-01-14T22:50:20+00:00","dateModified":"2025-01-14T22:50:21+00:00","breadcrumb":{"@id":"https:\/\/nitu.mx\/index.php\/2025\/01\/14\/javier-galicia-seguira-3-ejes-como-nuevo-presidente-de-expomayoristas\/#breadcrumb"},"inLanguage":"es-MX","potentialAction":[{"@type":"ReadAction","target":["https:\/\/nitu.mx\/index.php\/2025\/01\/14\/javier-galicia-seguira-3-ejes-como-nuevo-presidente-de-expomayoristas\/"]}]},{"@type":"ImageObject","inLanguage":"es-MX","@id":"https:\/\/nitu.mx\/index.php\/2025\/01\/14\/javier-galicia-seguira-3-ejes-como-nuevo-presidente-de-expomayoristas\/#primaryimage","url":"https:\/\/nitu.mx\/wp-content\/uploads\/2025\/01\/ExpoMayoristas-Javier-Galicia.jpg","contentUrl":"https:\/\/nitu.mx\/wp-content\/uploads\/2025\/01\/ExpoMayoristas-Javier-Galicia.jpg","width":1200,"height":675,"caption":"ExpoMayoristas Javier Galicia"},{"@type":"BreadcrumbList","@id":"https:\/\/nitu.mx\/index.php\/2025\/01\/14\/javier-galicia-seguira-3-ejes-como-nuevo-presidente-de-expomayoristas\/#breadcrumb","itemListElement":[{"@type":"ListItem","position":1,"name":"Inicio","item":"https:\/\/nitu.mx\/"},{"@type":"ListItem","position":2,"name":"Javier Galicia seguir\u00e1 3 ejes como nuevo presidente de ExpoMayoristas"}]},{"@type":"WebSite","@id":"https:\/\/nitu.mx\/#website","url":"https:\/\/nitu.mx\/","name":"Nitu - Noticias de la Industria Turistica","description":"Noticias de la Industria Turistica","publisher":{"@id":"https:\/\/nitu.mx\/#\/schema\/person\/ae7a53426417292d3dd07b45a33e01bc"},"alternateName":"Noticias de la Industria Turistica","potentialAction":[{"@type":"SearchAction","target":{"@type":"EntryPoint","urlTemplate":"https:\/\/nitu.mx\/?s={search_term_string}"},"query-input":"required name=search_term_string"}],"inLanguage":"es-MX"},{"@type":["Person","Organization"],"@id":"https:\/\/nitu.mx\/#\/schema\/person\/ae7a53426417292d3dd07b45a33e01bc","name":"Arturo Medina","image":{"@type":"ImageObject","inLanguage":"es-MX","@id":"https:\/\/nitu.mx\/#\/schema\/person\/image\/","url":"https:\/\/nitu.mx\/wp-content\/uploads\/2024\/04\/4A315622-1904-4D5C-B022-878CDC840E04-90x90-1.jpeg","contentUrl":"https:\/\/nitu.mx\/wp-content\/uploads\/2024\/04\/4A315622-1904-4D5C-B022-878CDC840E04-90x90-1.jpeg","width":90,"height":90,"caption":"Arturo Medina"},"logo":{"@id":"https:\/\/nitu.mx\/#\/schema\/person\/image\/"},"description":"Director NITU.mx, Egresado de la Escuela de Periodismo Carlos Septi\u00e9n Garc\u00eda. Periodista y analista especializado en turismo desde hace 35 a\u00f1os, radicado en Canc\u00fan Q.Roo. arturo@nitu.mx","sameAs":["https:\/\/nitu.mx","https:\/\/www.facebook.com\/NITUmx\/","medinacancun","https:\/\/twitter.com\/@Arturo_Medina_G"]},{"@type":"Person","@id":"https:\/\/nitu.mx\/#\/schema\/person\/3df3082b5e46037e3f13614d28ee0b77","name":"Guadalupe Sixto","image":{"@type":"ImageObject","inLanguage":"es-MX","@id":"https:\/\/nitu.mx\/#\/schema\/person\/image\/","url":"https:\/\/secure.gravatar.com\/avatar\/13914e1b0e1919e91f9539de4dc584c4?s=96&d=mm&r=g","contentUrl":"https:\/\/secure.gravatar.com\/avatar\/13914e1b0e1919e91f9539de4dc584c4?s=96&d=mm&r=g","caption":"Guadalupe Sixto"},"url":"https:\/\/nitu.mx\/index.php\/author\/gsixto\/"}]}},"views":839,"_links":{"self":[{"href":"https:\/\/nitu.mx\/index.php\/wp-json\/wp\/v2\/posts\/78272"}],"collection":[{"href":"https:\/\/nitu.mx\/index.php\/wp-json\/wp\/v2\/posts"}],"about":[{"href":"https:\/\/nitu.mx\/index.php\/wp-json\/wp\/v2\/types\/post"}],"author":[{"embeddable":true,"href":"https:\/\/nitu.mx\/index.php\/wp-json\/wp\/v2\/users\/18"}],"replies":[{"embeddable":true,"href":"https:\/\/nitu.mx\/index.php\/wp-json\/wp\/v2\/comments?post=78272"}],"version-history":[{"count":1,"href":"https:\/\/nitu.mx\/index.php\/wp-json\/wp\/v2\/posts\/78272\/revisions"}],"predecessor-version":[{"id":78275,"href":"https:\/\/nitu.mx\/index.php\/wp-json\/wp\/v2\/posts\/78272\/revisions\/78275"}],"wp:featuredmedia":[{"embeddable":true,"href":"https:\/\/nitu.mx\/index.php\/wp-json\/wp\/v2\/media\/78274"}],"wp:attachment":[{"href":"https:\/\/nitu.mx\/index.php\/wp-json\/wp\/v2\/media?parent=78272"}],"wp:term":[{"taxonomy":"category","embeddable":true,"href":"https:\/\/nitu.mx\/index.php\/wp-json\/wp\/v2\/categories?post=78272"},{"taxonomy":"post_tag","embeddable":true,"href":"https:\/\/nitu.mx\/index.php\/wp-json\/wp\/v2\/tags?post=78272"}],"curies":[{"name":"wp","href":"https:\/\/api.w.org\/{rel}","templated":true}]}}