{"id":78151,"date":"2025-01-08T21:30:00","date_gmt":"2025-01-09T03:30:00","guid":{"rendered":"https:\/\/nitu.mx\/?p=78151"},"modified":"2025-01-08T20:09:14","modified_gmt":"2025-01-09T02:09:14","slug":"aeromexico-reporta-3-menos-pasajeros-nacionales-y-15-mas-internacionales","status":"publish","type":"post","link":"https:\/\/nitu.mx\/index.php\/2025\/01\/08\/aeromexico-reporta-3-menos-pasajeros-nacionales-y-15-mas-internacionales\/","title":{"rendered":"Aerom\u00e9xico reporta 3% menos pasajeros nacionales y 15% m\u00e1s internacionales"},"content":{"rendered":"\n<p>Al presentar sus resultados de tr\u00e1fico de pasajeros, Grupo Aerom\u00e9xico inform\u00f3 que en 2024 transport\u00f3 25 millones 337 mil viajeros, de los cuales 17 millones 160 mil fueron en vuelos nacionales, esto es 3.1% menos que en 2023, y 8 millones 178 mil pasajeros en vuelos internacionales, un importante repunte de 15.8% m\u00e1s comparado con el a\u00f1o anterior.<\/p>\n\n\n\n<p>En 2024, la compa\u00f1\u00eda a\u00e9rea report\u00f3 un incremento de 8.2% en su capacidad a\u00e9rea, con una disminuci\u00f3n de 3.8% en el mercado nacional y un aumento de 15% en el internacional.<\/p>\n\n\n\n<p>En cuanto a la demanda, medida en pasajeros-kil\u00f3metro, se registra un incremento de 11.2%, con un leve descenso de 1.2% en el mercado dom\u00e9stico y un incremento de 18.2% en el internacional.<\/p>\n\n\n\n<p>Respecto a sus resultados de diciembre pasado, Grupo Aerom\u00e9xico transport\u00f3 2 millones 171 mil pasajeros, lo que significa una disminuci\u00f3n interanual del 1.6%. Los pasajeros internacionales aumentaron un 2.5%, mientras que los nacionales disminuyeron un 3.6%, en este periodo.<\/p>\n\n\n\n<p>La capacidad total de Aerom\u00e9xico, medida en asientos por kil\u00f3metro disponibles (ASK), disminuy\u00f3 un 3% en comparaci\u00f3n con diciembre del a\u00f1o anterior. Los ASK internacionales disminuyeron un 1.3%, mientras que la capacidad nacional disminuy\u00f3 un 7.0% en comparaci\u00f3n con el \u00faltimo mes de 2023. El factor de ocupaci\u00f3n de la empresa\u00a0en diciembre de 2024\u00a0fue de 85.7%, un aumento de 2.4 puntos porcentuales (pp) en comparaci\u00f3n con\u00a0diciembre de 2023.\u00a0El factor de ocupaci\u00f3n internacional aument\u00f3 2.8 pp y el factor de ocupaci\u00f3n nacional aument\u00f3 1.7 pp. (<a href=\"https:\/\/nitu.mx\/index.php\/2025\/01\/02\/aeromexico-lidera-la-puntualidad-mundial-en-2024\/\">Aerom\u00e9xico lidera la puntualidad mundial en 2024<\/a>).<\/p>\n","protected":false},"excerpt":{"rendered":"<p>Al presentar sus resultados de tr\u00e1fico de pasajeros, Grupo Aerom\u00e9xico inform\u00f3 que en 2024 transport\u00f3 25 millones 337 mil viajeros, de los cuales 17 millones 160 mil fueron en vuelos nacionales, esto es 3.1% menos que en 2023, y 8 millones 178 mil pasajeros en vuelos internacionales, un importante repunte de 15.8% m\u00e1s comparado con [&hellip;]<\/p>\n","protected":false},"author":17,"featured_media":54076,"comment_status":"open","ping_status":"open","sticky":false,"template":"","format":"standard","meta":{"footnotes":""},"categories":[29,6],"tags":[30,6280,5024],"yoast_head":"<!-- This site is optimized with the Yoast SEO plugin v22.2 - https:\/\/yoast.com\/wordpress\/plugins\/seo\/ -->\n<title>Aerom\u00e9xico reporta 3% menos pasajeros nacionales y 15% m\u00e1s internacionales - Nitu - Noticias de la Industria Turistica<\/title>\n<meta name=\"robots\" content=\"index, follow, max-snippet:-1, max-image-preview:large, max-video-preview:-1\" \/>\n<link rel=\"canonical\" href=\"https:\/\/nitu.mx\/index.php\/2025\/01\/08\/aeromexico-reporta-3-menos-pasajeros-nacionales-y-15-mas-internacionales\/\" \/>\n<meta name=\"twitter:card\" content=\"summary_large_image\" \/>\n<meta name=\"twitter:title\" content=\"Aerom\u00e9xico reporta 3% menos pasajeros nacionales y 15% m\u00e1s internacionales - Nitu - Noticias de la Industria Turistica\" \/>\n<meta name=\"twitter:description\" content=\"Al presentar sus resultados de tr\u00e1fico de pasajeros, Grupo Aerom\u00e9xico inform\u00f3 que en 2024 transport\u00f3 25 millones 337 mil viajeros, de los cuales 17 millones 160 mil fueron en vuelos nacionales, esto es 3.1% menos que en 2023, y 8 millones 178 mil pasajeros en vuelos internacionales, un importante repunte de 15.8% m\u00e1s comparado con [&hellip;]\" \/>\n<meta name=\"twitter:image\" content=\"https:\/\/nitu.mx\/wp-content\/uploads\/2021\/07\/Aeromexico-737-MAX.jpg\" \/>\n<meta name=\"twitter:creator\" content=\"@NITUmx\" \/>\n<meta name=\"twitter:site\" content=\"@Arturo_Medina_G\" \/>\n<meta name=\"twitter:label1\" content=\"Escrito por\" \/>\n\t<meta name=\"twitter:data1\" content=\"Redacci\u00f3n\" \/>\n\t<meta name=\"twitter:label2\" content=\"Tiempo de lectura\" \/>\n\t<meta name=\"twitter:data2\" content=\"1 minuto\" \/>\n<script type=\"application\/ld+json\" class=\"yoast-schema-graph\">{\"@context\":\"https:\/\/schema.org\",\"@graph\":[{\"@type\":\"Article\",\"@id\":\"https:\/\/nitu.mx\/index.php\/2025\/01\/08\/aeromexico-reporta-3-menos-pasajeros-nacionales-y-15-mas-internacionales\/#article\",\"isPartOf\":{\"@id\":\"https:\/\/nitu.mx\/index.php\/2025\/01\/08\/aeromexico-reporta-3-menos-pasajeros-nacionales-y-15-mas-internacionales\/\"},\"author\":{\"name\":\"Redacci\u00f3n\",\"@id\":\"https:\/\/nitu.mx\/#\/schema\/person\/4a28fe9bd65924f7c90623773daf1b0b\"},\"headline\":\"Aerom\u00e9xico reporta 3% menos pasajeros nacionales y 15% m\u00e1s internacionales\",\"datePublished\":\"2025-01-09T03:30:00+00:00\",\"dateModified\":\"2025-01-09T02:09:14+00:00\",\"mainEntityOfPage\":{\"@id\":\"https:\/\/nitu.mx\/index.php\/2025\/01\/08\/aeromexico-reporta-3-menos-pasajeros-nacionales-y-15-mas-internacionales\/\"},\"wordCount\":254,\"commentCount\":0,\"publisher\":{\"@id\":\"https:\/\/nitu.mx\/#\/schema\/person\/ae7a53426417292d3dd07b45a33e01bc\"},\"image\":{\"@id\":\"https:\/\/nitu.mx\/index.php\/2025\/01\/08\/aeromexico-reporta-3-menos-pasajeros-nacionales-y-15-mas-internacionales\/#primaryimage\"},\"thumbnailUrl\":\"https:\/\/nitu.mx\/wp-content\/uploads\/2021\/07\/Aeromexico-737-MAX.jpg\",\"keywords\":[\"Aerom\u00e9xico\",\"ocupaci\u00f3n\",\"tr\u00e1fico de pasajeros\"],\"articleSection\":[\"Aerol\u00edneas\",\"M\u00e9xico\"],\"inLanguage\":\"es-MX\",\"potentialAction\":[{\"@type\":\"CommentAction\",\"name\":\"Comment\",\"target\":[\"https:\/\/nitu.mx\/index.php\/2025\/01\/08\/aeromexico-reporta-3-menos-pasajeros-nacionales-y-15-mas-internacionales\/#respond\"]}]},{\"@type\":\"WebPage\",\"@id\":\"https:\/\/nitu.mx\/index.php\/2025\/01\/08\/aeromexico-reporta-3-menos-pasajeros-nacionales-y-15-mas-internacionales\/\",\"url\":\"https:\/\/nitu.mx\/index.php\/2025\/01\/08\/aeromexico-reporta-3-menos-pasajeros-nacionales-y-15-mas-internacionales\/\",\"name\":\"Aerom\u00e9xico reporta 3% menos pasajeros nacionales y 15% m\u00e1s internacionales - Nitu - Noticias de la Industria Turistica\",\"isPartOf\":{\"@id\":\"https:\/\/nitu.mx\/#website\"},\"primaryImageOfPage\":{\"@id\":\"https:\/\/nitu.mx\/index.php\/2025\/01\/08\/aeromexico-reporta-3-menos-pasajeros-nacionales-y-15-mas-internacionales\/#primaryimage\"},\"image\":{\"@id\":\"https:\/\/nitu.mx\/index.php\/2025\/01\/08\/aeromexico-reporta-3-menos-pasajeros-nacionales-y-15-mas-internacionales\/#primaryimage\"},\"thumbnailUrl\":\"https:\/\/nitu.mx\/wp-content\/uploads\/2021\/07\/Aeromexico-737-MAX.jpg\",\"datePublished\":\"2025-01-09T03:30:00+00:00\",\"dateModified\":\"2025-01-09T02:09:14+00:00\",\"breadcrumb\":{\"@id\":\"https:\/\/nitu.mx\/index.php\/2025\/01\/08\/aeromexico-reporta-3-menos-pasajeros-nacionales-y-15-mas-internacionales\/#breadcrumb\"},\"inLanguage\":\"es-MX\",\"potentialAction\":[{\"@type\":\"ReadAction\",\"target\":[\"https:\/\/nitu.mx\/index.php\/2025\/01\/08\/aeromexico-reporta-3-menos-pasajeros-nacionales-y-15-mas-internacionales\/\"]}]},{\"@type\":\"ImageObject\",\"inLanguage\":\"es-MX\",\"@id\":\"https:\/\/nitu.mx\/index.php\/2025\/01\/08\/aeromexico-reporta-3-menos-pasajeros-nacionales-y-15-mas-internacionales\/#primaryimage\",\"url\":\"https:\/\/nitu.mx\/wp-content\/uploads\/2021\/07\/Aeromexico-737-MAX.jpg\",\"contentUrl\":\"https:\/\/nitu.mx\/wp-content\/uploads\/2021\/07\/Aeromexico-737-MAX.jpg\",\"width\":1200,\"height\":675,\"caption\":\"Aerom\u00e9xico\"},{\"@type\":\"BreadcrumbList\",\"@id\":\"https:\/\/nitu.mx\/index.php\/2025\/01\/08\/aeromexico-reporta-3-menos-pasajeros-nacionales-y-15-mas-internacionales\/#breadcrumb\",\"itemListElement\":[{\"@type\":\"ListItem\",\"position\":1,\"name\":\"Inicio\",\"item\":\"https:\/\/nitu.mx\/\"},{\"@type\":\"ListItem\",\"position\":2,\"name\":\"Aerom\u00e9xico reporta 3% menos pasajeros nacionales y 15% m\u00e1s internacionales\"}]},{\"@type\":\"WebSite\",\"@id\":\"https:\/\/nitu.mx\/#website\",\"url\":\"https:\/\/nitu.mx\/\",\"name\":\"Nitu - Noticias de la Industria Turistica\",\"description\":\"Noticias de la Industria Turistica\",\"publisher\":{\"@id\":\"https:\/\/nitu.mx\/#\/schema\/person\/ae7a53426417292d3dd07b45a33e01bc\"},\"alternateName\":\"Noticias de la Industria Turistica\",\"potentialAction\":[{\"@type\":\"SearchAction\",\"target\":{\"@type\":\"EntryPoint\",\"urlTemplate\":\"https:\/\/nitu.mx\/?s={search_term_string}\"},\"query-input\":\"required name=search_term_string\"}],\"inLanguage\":\"es-MX\"},{\"@type\":[\"Person\",\"Organization\"],\"@id\":\"https:\/\/nitu.mx\/#\/schema\/person\/ae7a53426417292d3dd07b45a33e01bc\",\"name\":\"Arturo Medina\",\"image\":{\"@type\":\"ImageObject\",\"inLanguage\":\"es-MX\",\"@id\":\"https:\/\/nitu.mx\/#\/schema\/person\/image\/\",\"url\":\"https:\/\/nitu.mx\/wp-content\/uploads\/2024\/04\/4A315622-1904-4D5C-B022-878CDC840E04-90x90-1.jpeg\",\"contentUrl\":\"https:\/\/nitu.mx\/wp-content\/uploads\/2024\/04\/4A315622-1904-4D5C-B022-878CDC840E04-90x90-1.jpeg\",\"width\":90,\"height\":90,\"caption\":\"Arturo Medina\"},\"logo\":{\"@id\":\"https:\/\/nitu.mx\/#\/schema\/person\/image\/\"},\"description\":\"Director NITU.mx, Egresado de la Escuela de Periodismo Carlos Septi\u00e9n Garc\u00eda. Periodista y analista especializado en turismo desde hace 35 a\u00f1os, radicado en Canc\u00fan Q.Roo. arturo@nitu.mx\",\"sameAs\":[\"https:\/\/nitu.mx\",\"https:\/\/www.facebook.com\/NITUmx\/\",\"medinacancun\",\"https:\/\/twitter.com\/@Arturo_Medina_G\"]},{\"@type\":\"Person\",\"@id\":\"https:\/\/nitu.mx\/#\/schema\/person\/4a28fe9bd65924f7c90623773daf1b0b\",\"name\":\"Redacci\u00f3n\",\"image\":{\"@type\":\"ImageObject\",\"inLanguage\":\"es-MX\",\"@id\":\"https:\/\/nitu.mx\/#\/schema\/person\/image\/\",\"url\":\"https:\/\/secure.gravatar.com\/avatar\/5dd011c8ccfc5cd7e4c81e42252aab38?s=96&d=mm&r=g\",\"contentUrl\":\"https:\/\/secure.gravatar.com\/avatar\/5dd011c8ccfc5cd7e4c81e42252aab38?s=96&d=mm&r=g\",\"caption\":\"Redacci\u00f3n\"},\"url\":\"https:\/\/nitu.mx\/index.php\/author\/redaccion\/\"}]}<\/script>\n<!-- \/ Yoast SEO plugin. -->","yoast_head_json":{"title":"Aerom\u00e9xico reporta 3% menos pasajeros nacionales y 15% m\u00e1s internacionales - Nitu - Noticias de la Industria Turistica","robots":{"index":"index","follow":"follow","max-snippet":"max-snippet:-1","max-image-preview":"max-image-preview:large","max-video-preview":"max-video-preview:-1"},"canonical":"https:\/\/nitu.mx\/index.php\/2025\/01\/08\/aeromexico-reporta-3-menos-pasajeros-nacionales-y-15-mas-internacionales\/","twitter_card":"summary_large_image","twitter_title":"Aerom\u00e9xico reporta 3% menos pasajeros nacionales y 15% m\u00e1s internacionales - Nitu - Noticias de la Industria Turistica","twitter_description":"Al presentar sus resultados de tr\u00e1fico de pasajeros, Grupo Aerom\u00e9xico inform\u00f3 que en 2024 transport\u00f3 25 millones 337 mil viajeros, de los cuales 17 millones 160 mil fueron en vuelos nacionales, esto es 3.1% menos que en 2023, y 8 millones 178 mil pasajeros en vuelos internacionales, un importante repunte de 15.8% m\u00e1s comparado con [&hellip;]","twitter_image":"https:\/\/nitu.mx\/wp-content\/uploads\/2021\/07\/Aeromexico-737-MAX.jpg","twitter_creator":"@NITUmx","twitter_site":"@Arturo_Medina_G","twitter_misc":{"Escrito por":"Redacci\u00f3n","Tiempo de lectura":"1 minuto"},"schema":{"@context":"https:\/\/schema.org","@graph":[{"@type":"Article","@id":"https:\/\/nitu.mx\/index.php\/2025\/01\/08\/aeromexico-reporta-3-menos-pasajeros-nacionales-y-15-mas-internacionales\/#article","isPartOf":{"@id":"https:\/\/nitu.mx\/index.php\/2025\/01\/08\/aeromexico-reporta-3-menos-pasajeros-nacionales-y-15-mas-internacionales\/"},"author":{"name":"Redacci\u00f3n","@id":"https:\/\/nitu.mx\/#\/schema\/person\/4a28fe9bd65924f7c90623773daf1b0b"},"headline":"Aerom\u00e9xico reporta 3% menos pasajeros nacionales y 15% m\u00e1s internacionales","datePublished":"2025-01-09T03:30:00+00:00","dateModified":"2025-01-09T02:09:14+00:00","mainEntityOfPage":{"@id":"https:\/\/nitu.mx\/index.php\/2025\/01\/08\/aeromexico-reporta-3-menos-pasajeros-nacionales-y-15-mas-internacionales\/"},"wordCount":254,"commentCount":0,"publisher":{"@id":"https:\/\/nitu.mx\/#\/schema\/person\/ae7a53426417292d3dd07b45a33e01bc"},"image":{"@id":"https:\/\/nitu.mx\/index.php\/2025\/01\/08\/aeromexico-reporta-3-menos-pasajeros-nacionales-y-15-mas-internacionales\/#primaryimage"},"thumbnailUrl":"https:\/\/nitu.mx\/wp-content\/uploads\/2021\/07\/Aeromexico-737-MAX.jpg","keywords":["Aerom\u00e9xico","ocupaci\u00f3n","tr\u00e1fico de pasajeros"],"articleSection":["Aerol\u00edneas","M\u00e9xico"],"inLanguage":"es-MX","potentialAction":[{"@type":"CommentAction","name":"Comment","target":["https:\/\/nitu.mx\/index.php\/2025\/01\/08\/aeromexico-reporta-3-menos-pasajeros-nacionales-y-15-mas-internacionales\/#respond"]}]},{"@type":"WebPage","@id":"https:\/\/nitu.mx\/index.php\/2025\/01\/08\/aeromexico-reporta-3-menos-pasajeros-nacionales-y-15-mas-internacionales\/","url":"https:\/\/nitu.mx\/index.php\/2025\/01\/08\/aeromexico-reporta-3-menos-pasajeros-nacionales-y-15-mas-internacionales\/","name":"Aerom\u00e9xico reporta 3% menos pasajeros nacionales y 15% m\u00e1s internacionales - Nitu - Noticias de la Industria Turistica","isPartOf":{"@id":"https:\/\/nitu.mx\/#website"},"primaryImageOfPage":{"@id":"https:\/\/nitu.mx\/index.php\/2025\/01\/08\/aeromexico-reporta-3-menos-pasajeros-nacionales-y-15-mas-internacionales\/#primaryimage"},"image":{"@id":"https:\/\/nitu.mx\/index.php\/2025\/01\/08\/aeromexico-reporta-3-menos-pasajeros-nacionales-y-15-mas-internacionales\/#primaryimage"},"thumbnailUrl":"https:\/\/nitu.mx\/wp-content\/uploads\/2021\/07\/Aeromexico-737-MAX.jpg","datePublished":"2025-01-09T03:30:00+00:00","dateModified":"2025-01-09T02:09:14+00:00","breadcrumb":{"@id":"https:\/\/nitu.mx\/index.php\/2025\/01\/08\/aeromexico-reporta-3-menos-pasajeros-nacionales-y-15-mas-internacionales\/#breadcrumb"},"inLanguage":"es-MX","potentialAction":[{"@type":"ReadAction","target":["https:\/\/nitu.mx\/index.php\/2025\/01\/08\/aeromexico-reporta-3-menos-pasajeros-nacionales-y-15-mas-internacionales\/"]}]},{"@type":"ImageObject","inLanguage":"es-MX","@id":"https:\/\/nitu.mx\/index.php\/2025\/01\/08\/aeromexico-reporta-3-menos-pasajeros-nacionales-y-15-mas-internacionales\/#primaryimage","url":"https:\/\/nitu.mx\/wp-content\/uploads\/2021\/07\/Aeromexico-737-MAX.jpg","contentUrl":"https:\/\/nitu.mx\/wp-content\/uploads\/2021\/07\/Aeromexico-737-MAX.jpg","width":1200,"height":675,"caption":"Aerom\u00e9xico"},{"@type":"BreadcrumbList","@id":"https:\/\/nitu.mx\/index.php\/2025\/01\/08\/aeromexico-reporta-3-menos-pasajeros-nacionales-y-15-mas-internacionales\/#breadcrumb","itemListElement":[{"@type":"ListItem","position":1,"name":"Inicio","item":"https:\/\/nitu.mx\/"},{"@type":"ListItem","position":2,"name":"Aerom\u00e9xico reporta 3% menos pasajeros nacionales y 15% m\u00e1s internacionales"}]},{"@type":"WebSite","@id":"https:\/\/nitu.mx\/#website","url":"https:\/\/nitu.mx\/","name":"Nitu - Noticias de la Industria Turistica","description":"Noticias de la Industria Turistica","publisher":{"@id":"https:\/\/nitu.mx\/#\/schema\/person\/ae7a53426417292d3dd07b45a33e01bc"},"alternateName":"Noticias de la Industria Turistica","potentialAction":[{"@type":"SearchAction","target":{"@type":"EntryPoint","urlTemplate":"https:\/\/nitu.mx\/?s={search_term_string}"},"query-input":"required name=search_term_string"}],"inLanguage":"es-MX"},{"@type":["Person","Organization"],"@id":"https:\/\/nitu.mx\/#\/schema\/person\/ae7a53426417292d3dd07b45a33e01bc","name":"Arturo Medina","image":{"@type":"ImageObject","inLanguage":"es-MX","@id":"https:\/\/nitu.mx\/#\/schema\/person\/image\/","url":"https:\/\/nitu.mx\/wp-content\/uploads\/2024\/04\/4A315622-1904-4D5C-B022-878CDC840E04-90x90-1.jpeg","contentUrl":"https:\/\/nitu.mx\/wp-content\/uploads\/2024\/04\/4A315622-1904-4D5C-B022-878CDC840E04-90x90-1.jpeg","width":90,"height":90,"caption":"Arturo Medina"},"logo":{"@id":"https:\/\/nitu.mx\/#\/schema\/person\/image\/"},"description":"Director NITU.mx, Egresado de la Escuela de Periodismo Carlos Septi\u00e9n Garc\u00eda. Periodista y analista especializado en turismo desde hace 35 a\u00f1os, radicado en Canc\u00fan Q.Roo. arturo@nitu.mx","sameAs":["https:\/\/nitu.mx","https:\/\/www.facebook.com\/NITUmx\/","medinacancun","https:\/\/twitter.com\/@Arturo_Medina_G"]},{"@type":"Person","@id":"https:\/\/nitu.mx\/#\/schema\/person\/4a28fe9bd65924f7c90623773daf1b0b","name":"Redacci\u00f3n","image":{"@type":"ImageObject","inLanguage":"es-MX","@id":"https:\/\/nitu.mx\/#\/schema\/person\/image\/","url":"https:\/\/secure.gravatar.com\/avatar\/5dd011c8ccfc5cd7e4c81e42252aab38?s=96&d=mm&r=g","contentUrl":"https:\/\/secure.gravatar.com\/avatar\/5dd011c8ccfc5cd7e4c81e42252aab38?s=96&d=mm&r=g","caption":"Redacci\u00f3n"},"url":"https:\/\/nitu.mx\/index.php\/author\/redaccion\/"}]}},"views":741,"_links":{"self":[{"href":"https:\/\/nitu.mx\/index.php\/wp-json\/wp\/v2\/posts\/78151"}],"collection":[{"href":"https:\/\/nitu.mx\/index.php\/wp-json\/wp\/v2\/posts"}],"about":[{"href":"https:\/\/nitu.mx\/index.php\/wp-json\/wp\/v2\/types\/post"}],"author":[{"embeddable":true,"href":"https:\/\/nitu.mx\/index.php\/wp-json\/wp\/v2\/users\/17"}],"replies":[{"embeddable":true,"href":"https:\/\/nitu.mx\/index.php\/wp-json\/wp\/v2\/comments?post=78151"}],"version-history":[{"count":1,"href":"https:\/\/nitu.mx\/index.php\/wp-json\/wp\/v2\/posts\/78151\/revisions"}],"predecessor-version":[{"id":78156,"href":"https:\/\/nitu.mx\/index.php\/wp-json\/wp\/v2\/posts\/78151\/revisions\/78156"}],"wp:featuredmedia":[{"embeddable":true,"href":"https:\/\/nitu.mx\/index.php\/wp-json\/wp\/v2\/media\/54076"}],"wp:attachment":[{"href":"https:\/\/nitu.mx\/index.php\/wp-json\/wp\/v2\/media?parent=78151"}],"wp:term":[{"taxonomy":"category","embeddable":true,"href":"https:\/\/nitu.mx\/index.php\/wp-json\/wp\/v2\/categories?post=78151"},{"taxonomy":"post_tag","embeddable":true,"href":"https:\/\/nitu.mx\/index.php\/wp-json\/wp\/v2\/tags?post=78151"}],"curies":[{"name":"wp","href":"https:\/\/api.w.org\/{rel}","templated":true}]}}