{"id":78142,"date":"2025-01-08T20:15:00","date_gmt":"2025-01-09T02:15:00","guid":{"rendered":"https:\/\/nitu.mx\/?p=78142"},"modified":"2025-01-08T19:48:10","modified_gmt":"2025-01-09T01:48:10","slug":"volaris-se-desploma-12-en-pasajeros-al-cierre-de-2024","status":"publish","type":"post","link":"https:\/\/nitu.mx\/index.php\/2025\/01\/08\/volaris-se-desploma-12-en-pasajeros-al-cierre-de-2024\/","title":{"rendered":"Volaris se desploma 12% en pasajeros al cierre de 2024"},"content":{"rendered":"<p>Volaris report\u00f3 una disminuci\u00f3n del 12% en el n\u00famero de pasajeros transportados durante 2024, alcanzando un total de 29.4 millones de viajeros. La reducci\u00f3n se atribuye a inspecciones obligatorias en los motores Pratt &amp; Whitney de su flota Airbus, lo que afect\u00f3 su capacidad operativa.<\/p>\n<p>Ca\u00edda en el mercado nacional y leve crecimiento internacional<br \/>\nEl transporte de pasajeros nacionales baj\u00f3 un 16%, con 21.7 millones de usuarios, mientras que los viajes internacionales mostraron un incremento del 2.4%, llegando a 7.7 millones de pasajeros.<\/p>\n<p>Recuperaci\u00f3n gradual en diciembre<br \/>\nEn el \u00faltimo mes del a\u00f1o, la aerol\u00ednea transport\u00f3 2.8 millones de pasajeros con un factor de ocupaci\u00f3n del 87.6%, marcando un incremento de 2.2 puntos porcentuales respecto a diciembre de 2023. Adem\u00e1s, la capacidad operativa super\u00f3 las expectativas gracias a la recuperaci\u00f3n de motores inspeccionados.<\/p>\n<p>Compromiso con la estabilidad operativa<br \/>\nEnrique Beltranena, presidente ejecutivo de Volaris, se\u00f1al\u00f3 que la aerol\u00ednea experimenta mayor estabilidad tras completar varias inspecciones. &#8220;Seguimos comprometidos con ofrecer una red confiable y priorizamos el desempe\u00f1o operativo y la satisfacci\u00f3n del cliente&#8221;, indic\u00f3.<\/p>\n<p>A pesar del entorno desafiante, Volaris logr\u00f3 un cumplimiento de itinerarios del 99% a lo largo del a\u00f1o, reforzando su posici\u00f3n como una de las aerol\u00edneas l\u00edderes en sus mercados principales.<\/p>\n<p>La l\u00ednea a\u00e9rea de bajo costo destac\u00f3 que continuar\u00e1 trabajando para minimizar las fluctuaciones en su capacidad mientras avanza con las inspecciones, manteniendo altos est\u00e1ndares de servicio para los pasajeros. <a href=\"https:\/\/nitu.mx\/index.php\/2024\/12\/23\/volaris-recibe-su-avion-143-para-reforzar-conectividad-a-cancun\/\">(Volaris recibe su avi\u00f3n 143 para reforzar conectividad a Canc\u00fan<\/a>).<\/p>\n","protected":false},"excerpt":{"rendered":"<p>Volaris report\u00f3 una disminuci\u00f3n del 12% en el n\u00famero de pasajeros transportados durante 2024, alcanzando un total de 29.4 millones de viajeros. La reducci\u00f3n se atribuye a inspecciones obligatorias en los motores Pratt &amp; Whitney de su flota Airbus, lo que afect\u00f3 su capacidad operativa. Ca\u00edda en el mercado nacional y leve crecimiento internacional El [&hellip;]<\/p>\n","protected":false},"author":3,"featured_media":27038,"comment_status":"open","ping_status":"open","sticky":false,"template":"","format":"standard","meta":{"footnotes":""},"categories":[29,6],"tags":[435,131,4042],"yoast_head":"<!-- This site is optimized with the Yoast SEO plugin v22.2 - https:\/\/yoast.com\/wordpress\/plugins\/seo\/ -->\n<title>Volaris se desploma 12% en pasajeros al cierre de 2024 - Nitu - Noticias de la Industria Turistica<\/title>\n<meta name=\"robots\" content=\"index, follow, max-snippet:-1, max-image-preview:large, max-video-preview:-1\" \/>\n<link rel=\"canonical\" href=\"https:\/\/nitu.mx\/index.php\/2025\/01\/08\/volaris-se-desploma-12-en-pasajeros-al-cierre-de-2024\/\" \/>\n<meta name=\"twitter:card\" content=\"summary_large_image\" \/>\n<meta name=\"twitter:title\" content=\"Volaris se desploma 12% en pasajeros al cierre de 2024 - Nitu - Noticias de la Industria Turistica\" \/>\n<meta name=\"twitter:description\" content=\"Volaris report\u00f3 una disminuci\u00f3n del 12% en el n\u00famero de pasajeros transportados durante 2024, alcanzando un total de 29.4 millones de viajeros. La reducci\u00f3n se atribuye a inspecciones obligatorias en los motores Pratt &amp; Whitney de su flota Airbus, lo que afect\u00f3 su capacidad operativa. Ca\u00edda en el mercado nacional y leve crecimiento internacional El [&hellip;]\" \/>\n<meta name=\"twitter:image\" content=\"https:\/\/nitu.mx\/wp-content\/uploads\/2018\/11\/Avi\u00f3n-A320neo-Volaris.jpg\" \/>\n<meta name=\"twitter:creator\" content=\"@NITUmx\" \/>\n<meta name=\"twitter:site\" content=\"@Arturo_Medina_G\" \/>\n<meta name=\"twitter:label1\" content=\"Escrito por\" \/>\n\t<meta name=\"twitter:data1\" content=\"Alejandra Moncisbays\" \/>\n\t<meta name=\"twitter:label2\" content=\"Tiempo de lectura\" \/>\n\t<meta name=\"twitter:data2\" content=\"1 minuto\" \/>\n<script type=\"application\/ld+json\" class=\"yoast-schema-graph\">{\"@context\":\"https:\/\/schema.org\",\"@graph\":[{\"@type\":\"Article\",\"@id\":\"https:\/\/nitu.mx\/index.php\/2025\/01\/08\/volaris-se-desploma-12-en-pasajeros-al-cierre-de-2024\/#article\",\"isPartOf\":{\"@id\":\"https:\/\/nitu.mx\/index.php\/2025\/01\/08\/volaris-se-desploma-12-en-pasajeros-al-cierre-de-2024\/\"},\"author\":{\"name\":\"Alejandra Moncisbays\",\"@id\":\"https:\/\/nitu.mx\/#\/schema\/person\/2ecd887b19dfd3382d1f14fc5acf24a8\"},\"headline\":\"Volaris se desploma 12% en pasajeros al cierre de 2024\",\"datePublished\":\"2025-01-09T02:15:00+00:00\",\"dateModified\":\"2025-01-09T01:48:10+00:00\",\"mainEntityOfPage\":{\"@id\":\"https:\/\/nitu.mx\/index.php\/2025\/01\/08\/volaris-se-desploma-12-en-pasajeros-al-cierre-de-2024\/\"},\"wordCount\":262,\"commentCount\":0,\"publisher\":{\"@id\":\"https:\/\/nitu.mx\/#\/schema\/person\/ae7a53426417292d3dd07b45a33e01bc\"},\"image\":{\"@id\":\"https:\/\/nitu.mx\/index.php\/2025\/01\/08\/volaris-se-desploma-12-en-pasajeros-al-cierre-de-2024\/#primaryimage\"},\"thumbnailUrl\":\"https:\/\/nitu.mx\/wp-content\/uploads\/2018\/11\/Avi\u00f3n-A320neo-Volaris.jpg\",\"keywords\":[\"Enrique Beltranena\",\"Volaris\",\"Vuelos\"],\"articleSection\":[\"Aerol\u00edneas\",\"M\u00e9xico\"],\"inLanguage\":\"es-MX\",\"potentialAction\":[{\"@type\":\"CommentAction\",\"name\":\"Comment\",\"target\":[\"https:\/\/nitu.mx\/index.php\/2025\/01\/08\/volaris-se-desploma-12-en-pasajeros-al-cierre-de-2024\/#respond\"]}]},{\"@type\":\"WebPage\",\"@id\":\"https:\/\/nitu.mx\/index.php\/2025\/01\/08\/volaris-se-desploma-12-en-pasajeros-al-cierre-de-2024\/\",\"url\":\"https:\/\/nitu.mx\/index.php\/2025\/01\/08\/volaris-se-desploma-12-en-pasajeros-al-cierre-de-2024\/\",\"name\":\"Volaris se desploma 12% en pasajeros al cierre de 2024 - Nitu - Noticias de la Industria Turistica\",\"isPartOf\":{\"@id\":\"https:\/\/nitu.mx\/#website\"},\"primaryImageOfPage\":{\"@id\":\"https:\/\/nitu.mx\/index.php\/2025\/01\/08\/volaris-se-desploma-12-en-pasajeros-al-cierre-de-2024\/#primaryimage\"},\"image\":{\"@id\":\"https:\/\/nitu.mx\/index.php\/2025\/01\/08\/volaris-se-desploma-12-en-pasajeros-al-cierre-de-2024\/#primaryimage\"},\"thumbnailUrl\":\"https:\/\/nitu.mx\/wp-content\/uploads\/2018\/11\/Avi\u00f3n-A320neo-Volaris.jpg\",\"datePublished\":\"2025-01-09T02:15:00+00:00\",\"dateModified\":\"2025-01-09T01:48:10+00:00\",\"breadcrumb\":{\"@id\":\"https:\/\/nitu.mx\/index.php\/2025\/01\/08\/volaris-se-desploma-12-en-pasajeros-al-cierre-de-2024\/#breadcrumb\"},\"inLanguage\":\"es-MX\",\"potentialAction\":[{\"@type\":\"ReadAction\",\"target\":[\"https:\/\/nitu.mx\/index.php\/2025\/01\/08\/volaris-se-desploma-12-en-pasajeros-al-cierre-de-2024\/\"]}]},{\"@type\":\"ImageObject\",\"inLanguage\":\"es-MX\",\"@id\":\"https:\/\/nitu.mx\/index.php\/2025\/01\/08\/volaris-se-desploma-12-en-pasajeros-al-cierre-de-2024\/#primaryimage\",\"url\":\"https:\/\/nitu.mx\/wp-content\/uploads\/2018\/11\/Avi\u00f3n-A320neo-Volaris.jpg\",\"contentUrl\":\"https:\/\/nitu.mx\/wp-content\/uploads\/2018\/11\/Avi\u00f3n-A320neo-Volaris.jpg\",\"width\":850,\"height\":480,\"caption\":\"Volaris BMV v.business Baja California Sur\"},{\"@type\":\"BreadcrumbList\",\"@id\":\"https:\/\/nitu.mx\/index.php\/2025\/01\/08\/volaris-se-desploma-12-en-pasajeros-al-cierre-de-2024\/#breadcrumb\",\"itemListElement\":[{\"@type\":\"ListItem\",\"position\":1,\"name\":\"Inicio\",\"item\":\"https:\/\/nitu.mx\/\"},{\"@type\":\"ListItem\",\"position\":2,\"name\":\"Volaris se desploma 12% en pasajeros al cierre de 2024\"}]},{\"@type\":\"WebSite\",\"@id\":\"https:\/\/nitu.mx\/#website\",\"url\":\"https:\/\/nitu.mx\/\",\"name\":\"Nitu - Noticias de la Industria Turistica\",\"description\":\"Noticias de la Industria Turistica\",\"publisher\":{\"@id\":\"https:\/\/nitu.mx\/#\/schema\/person\/ae7a53426417292d3dd07b45a33e01bc\"},\"alternateName\":\"Noticias de la Industria Turistica\",\"potentialAction\":[{\"@type\":\"SearchAction\",\"target\":{\"@type\":\"EntryPoint\",\"urlTemplate\":\"https:\/\/nitu.mx\/?s={search_term_string}\"},\"query-input\":\"required name=search_term_string\"}],\"inLanguage\":\"es-MX\"},{\"@type\":[\"Person\",\"Organization\"],\"@id\":\"https:\/\/nitu.mx\/#\/schema\/person\/ae7a53426417292d3dd07b45a33e01bc\",\"name\":\"Arturo Medina\",\"image\":{\"@type\":\"ImageObject\",\"inLanguage\":\"es-MX\",\"@id\":\"https:\/\/nitu.mx\/#\/schema\/person\/image\/\",\"url\":\"https:\/\/nitu.mx\/wp-content\/uploads\/2024\/04\/4A315622-1904-4D5C-B022-878CDC840E04-90x90-1.jpeg\",\"contentUrl\":\"https:\/\/nitu.mx\/wp-content\/uploads\/2024\/04\/4A315622-1904-4D5C-B022-878CDC840E04-90x90-1.jpeg\",\"width\":90,\"height\":90,\"caption\":\"Arturo Medina\"},\"logo\":{\"@id\":\"https:\/\/nitu.mx\/#\/schema\/person\/image\/\"},\"description\":\"Director NITU.mx, Egresado de la Escuela de Periodismo Carlos Septi\u00e9n Garc\u00eda. Periodista y analista especializado en turismo desde hace 35 a\u00f1os, radicado en Canc\u00fan Q.Roo. arturo@nitu.mx\",\"sameAs\":[\"https:\/\/nitu.mx\",\"https:\/\/www.facebook.com\/NITUmx\/\",\"medinacancun\",\"https:\/\/twitter.com\/@Arturo_Medina_G\"]},{\"@type\":\"Person\",\"@id\":\"https:\/\/nitu.mx\/#\/schema\/person\/2ecd887b19dfd3382d1f14fc5acf24a8\",\"name\":\"Alejandra Moncisbays\",\"image\":{\"@type\":\"ImageObject\",\"inLanguage\":\"es-MX\",\"@id\":\"https:\/\/nitu.mx\/#\/schema\/person\/image\/\",\"url\":\"https:\/\/secure.gravatar.com\/avatar\/e74f7af0be172b7804dacfd0bfbef787?s=96&d=mm&r=g\",\"contentUrl\":\"https:\/\/secure.gravatar.com\/avatar\/e74f7af0be172b7804dacfd0bfbef787?s=96&d=mm&r=g\",\"caption\":\"Alejandra Moncisbays\"},\"description\":\"Curs\u00e9 la carrera de Periodismo y Comunicaci\u00f3n en la Facultad de Estudios Profesionales Acatl\u00e1n. Vivo en Canc\u00fan desde hace 24 a\u00f1os. Fui reportera de La Tarde de Canc\u00fan, y Novedades de Quintana Roo, colabor\u00e9 en TVCUN, edit\u00e9 Cancun\u00edssimo y colabor\u00e9 en las revistas Latitud21, entre otras, con principal enfoque en los sectores empresarial y tur\u00edstico. Desde hace varios a\u00f1os soy Agente de Seguros con c\u00e9dula de la Comisi\u00f3n Nacional de Seguros y Fianzas. Actualmente, me desarrollo en los \u00e1mbitos del periodismo y el sector asegurador.\",\"sameAs\":[\"https:\/\/nitu.mx\"],\"url\":\"https:\/\/nitu.mx\/index.php\/author\/alejandra\/\"}]}<\/script>\n<!-- \/ Yoast SEO plugin. -->","yoast_head_json":{"title":"Volaris se desploma 12% en pasajeros al cierre de 2024 - Nitu - Noticias de la Industria Turistica","robots":{"index":"index","follow":"follow","max-snippet":"max-snippet:-1","max-image-preview":"max-image-preview:large","max-video-preview":"max-video-preview:-1"},"canonical":"https:\/\/nitu.mx\/index.php\/2025\/01\/08\/volaris-se-desploma-12-en-pasajeros-al-cierre-de-2024\/","twitter_card":"summary_large_image","twitter_title":"Volaris se desploma 12% en pasajeros al cierre de 2024 - Nitu - Noticias de la Industria Turistica","twitter_description":"Volaris report\u00f3 una disminuci\u00f3n del 12% en el n\u00famero de pasajeros transportados durante 2024, alcanzando un total de 29.4 millones de viajeros. La reducci\u00f3n se atribuye a inspecciones obligatorias en los motores Pratt &amp; Whitney de su flota Airbus, lo que afect\u00f3 su capacidad operativa. Ca\u00edda en el mercado nacional y leve crecimiento internacional El [&hellip;]","twitter_image":"https:\/\/nitu.mx\/wp-content\/uploads\/2018\/11\/Avi\u00f3n-A320neo-Volaris.jpg","twitter_creator":"@NITUmx","twitter_site":"@Arturo_Medina_G","twitter_misc":{"Escrito por":"Alejandra Moncisbays","Tiempo de lectura":"1 minuto"},"schema":{"@context":"https:\/\/schema.org","@graph":[{"@type":"Article","@id":"https:\/\/nitu.mx\/index.php\/2025\/01\/08\/volaris-se-desploma-12-en-pasajeros-al-cierre-de-2024\/#article","isPartOf":{"@id":"https:\/\/nitu.mx\/index.php\/2025\/01\/08\/volaris-se-desploma-12-en-pasajeros-al-cierre-de-2024\/"},"author":{"name":"Alejandra Moncisbays","@id":"https:\/\/nitu.mx\/#\/schema\/person\/2ecd887b19dfd3382d1f14fc5acf24a8"},"headline":"Volaris se desploma 12% en pasajeros al cierre de 2024","datePublished":"2025-01-09T02:15:00+00:00","dateModified":"2025-01-09T01:48:10+00:00","mainEntityOfPage":{"@id":"https:\/\/nitu.mx\/index.php\/2025\/01\/08\/volaris-se-desploma-12-en-pasajeros-al-cierre-de-2024\/"},"wordCount":262,"commentCount":0,"publisher":{"@id":"https:\/\/nitu.mx\/#\/schema\/person\/ae7a53426417292d3dd07b45a33e01bc"},"image":{"@id":"https:\/\/nitu.mx\/index.php\/2025\/01\/08\/volaris-se-desploma-12-en-pasajeros-al-cierre-de-2024\/#primaryimage"},"thumbnailUrl":"https:\/\/nitu.mx\/wp-content\/uploads\/2018\/11\/Avi\u00f3n-A320neo-Volaris.jpg","keywords":["Enrique Beltranena","Volaris","Vuelos"],"articleSection":["Aerol\u00edneas","M\u00e9xico"],"inLanguage":"es-MX","potentialAction":[{"@type":"CommentAction","name":"Comment","target":["https:\/\/nitu.mx\/index.php\/2025\/01\/08\/volaris-se-desploma-12-en-pasajeros-al-cierre-de-2024\/#respond"]}]},{"@type":"WebPage","@id":"https:\/\/nitu.mx\/index.php\/2025\/01\/08\/volaris-se-desploma-12-en-pasajeros-al-cierre-de-2024\/","url":"https:\/\/nitu.mx\/index.php\/2025\/01\/08\/volaris-se-desploma-12-en-pasajeros-al-cierre-de-2024\/","name":"Volaris se desploma 12% en pasajeros al cierre de 2024 - Nitu - Noticias de la Industria Turistica","isPartOf":{"@id":"https:\/\/nitu.mx\/#website"},"primaryImageOfPage":{"@id":"https:\/\/nitu.mx\/index.php\/2025\/01\/08\/volaris-se-desploma-12-en-pasajeros-al-cierre-de-2024\/#primaryimage"},"image":{"@id":"https:\/\/nitu.mx\/index.php\/2025\/01\/08\/volaris-se-desploma-12-en-pasajeros-al-cierre-de-2024\/#primaryimage"},"thumbnailUrl":"https:\/\/nitu.mx\/wp-content\/uploads\/2018\/11\/Avi\u00f3n-A320neo-Volaris.jpg","datePublished":"2025-01-09T02:15:00+00:00","dateModified":"2025-01-09T01:48:10+00:00","breadcrumb":{"@id":"https:\/\/nitu.mx\/index.php\/2025\/01\/08\/volaris-se-desploma-12-en-pasajeros-al-cierre-de-2024\/#breadcrumb"},"inLanguage":"es-MX","potentialAction":[{"@type":"ReadAction","target":["https:\/\/nitu.mx\/index.php\/2025\/01\/08\/volaris-se-desploma-12-en-pasajeros-al-cierre-de-2024\/"]}]},{"@type":"ImageObject","inLanguage":"es-MX","@id":"https:\/\/nitu.mx\/index.php\/2025\/01\/08\/volaris-se-desploma-12-en-pasajeros-al-cierre-de-2024\/#primaryimage","url":"https:\/\/nitu.mx\/wp-content\/uploads\/2018\/11\/Avi\u00f3n-A320neo-Volaris.jpg","contentUrl":"https:\/\/nitu.mx\/wp-content\/uploads\/2018\/11\/Avi\u00f3n-A320neo-Volaris.jpg","width":850,"height":480,"caption":"Volaris BMV v.business Baja California Sur"},{"@type":"BreadcrumbList","@id":"https:\/\/nitu.mx\/index.php\/2025\/01\/08\/volaris-se-desploma-12-en-pasajeros-al-cierre-de-2024\/#breadcrumb","itemListElement":[{"@type":"ListItem","position":1,"name":"Inicio","item":"https:\/\/nitu.mx\/"},{"@type":"ListItem","position":2,"name":"Volaris se desploma 12% en pasajeros al cierre de 2024"}]},{"@type":"WebSite","@id":"https:\/\/nitu.mx\/#website","url":"https:\/\/nitu.mx\/","name":"Nitu - Noticias de la Industria Turistica","description":"Noticias de la Industria Turistica","publisher":{"@id":"https:\/\/nitu.mx\/#\/schema\/person\/ae7a53426417292d3dd07b45a33e01bc"},"alternateName":"Noticias de la Industria Turistica","potentialAction":[{"@type":"SearchAction","target":{"@type":"EntryPoint","urlTemplate":"https:\/\/nitu.mx\/?s={search_term_string}"},"query-input":"required name=search_term_string"}],"inLanguage":"es-MX"},{"@type":["Person","Organization"],"@id":"https:\/\/nitu.mx\/#\/schema\/person\/ae7a53426417292d3dd07b45a33e01bc","name":"Arturo Medina","image":{"@type":"ImageObject","inLanguage":"es-MX","@id":"https:\/\/nitu.mx\/#\/schema\/person\/image\/","url":"https:\/\/nitu.mx\/wp-content\/uploads\/2024\/04\/4A315622-1904-4D5C-B022-878CDC840E04-90x90-1.jpeg","contentUrl":"https:\/\/nitu.mx\/wp-content\/uploads\/2024\/04\/4A315622-1904-4D5C-B022-878CDC840E04-90x90-1.jpeg","width":90,"height":90,"caption":"Arturo Medina"},"logo":{"@id":"https:\/\/nitu.mx\/#\/schema\/person\/image\/"},"description":"Director NITU.mx, Egresado de la Escuela de Periodismo Carlos Septi\u00e9n Garc\u00eda. Periodista y analista especializado en turismo desde hace 35 a\u00f1os, radicado en Canc\u00fan Q.Roo. arturo@nitu.mx","sameAs":["https:\/\/nitu.mx","https:\/\/www.facebook.com\/NITUmx\/","medinacancun","https:\/\/twitter.com\/@Arturo_Medina_G"]},{"@type":"Person","@id":"https:\/\/nitu.mx\/#\/schema\/person\/2ecd887b19dfd3382d1f14fc5acf24a8","name":"Alejandra Moncisbays","image":{"@type":"ImageObject","inLanguage":"es-MX","@id":"https:\/\/nitu.mx\/#\/schema\/person\/image\/","url":"https:\/\/secure.gravatar.com\/avatar\/e74f7af0be172b7804dacfd0bfbef787?s=96&d=mm&r=g","contentUrl":"https:\/\/secure.gravatar.com\/avatar\/e74f7af0be172b7804dacfd0bfbef787?s=96&d=mm&r=g","caption":"Alejandra Moncisbays"},"description":"Curs\u00e9 la carrera de Periodismo y Comunicaci\u00f3n en la Facultad de Estudios Profesionales Acatl\u00e1n. Vivo en Canc\u00fan desde hace 24 a\u00f1os. Fui reportera de La Tarde de Canc\u00fan, y Novedades de Quintana Roo, colabor\u00e9 en TVCUN, edit\u00e9 Cancun\u00edssimo y colabor\u00e9 en las revistas Latitud21, entre otras, con principal enfoque en los sectores empresarial y tur\u00edstico. Desde hace varios a\u00f1os soy Agente de Seguros con c\u00e9dula de la Comisi\u00f3n Nacional de Seguros y Fianzas. Actualmente, me desarrollo en los \u00e1mbitos del periodismo y el sector asegurador.","sameAs":["https:\/\/nitu.mx"],"url":"https:\/\/nitu.mx\/index.php\/author\/alejandra\/"}]}},"views":763,"_links":{"self":[{"href":"https:\/\/nitu.mx\/index.php\/wp-json\/wp\/v2\/posts\/78142"}],"collection":[{"href":"https:\/\/nitu.mx\/index.php\/wp-json\/wp\/v2\/posts"}],"about":[{"href":"https:\/\/nitu.mx\/index.php\/wp-json\/wp\/v2\/types\/post"}],"author":[{"embeddable":true,"href":"https:\/\/nitu.mx\/index.php\/wp-json\/wp\/v2\/users\/3"}],"replies":[{"embeddable":true,"href":"https:\/\/nitu.mx\/index.php\/wp-json\/wp\/v2\/comments?post=78142"}],"version-history":[{"count":4,"href":"https:\/\/nitu.mx\/index.php\/wp-json\/wp\/v2\/posts\/78142\/revisions"}],"predecessor-version":[{"id":78155,"href":"https:\/\/nitu.mx\/index.php\/wp-json\/wp\/v2\/posts\/78142\/revisions\/78155"}],"wp:featuredmedia":[{"embeddable":true,"href":"https:\/\/nitu.mx\/index.php\/wp-json\/wp\/v2\/media\/27038"}],"wp:attachment":[{"href":"https:\/\/nitu.mx\/index.php\/wp-json\/wp\/v2\/media?parent=78142"}],"wp:term":[{"taxonomy":"category","embeddable":true,"href":"https:\/\/nitu.mx\/index.php\/wp-json\/wp\/v2\/categories?post=78142"},{"taxonomy":"post_tag","embeddable":true,"href":"https:\/\/nitu.mx\/index.php\/wp-json\/wp\/v2\/tags?post=78142"}],"curies":[{"name":"wp","href":"https:\/\/api.w.org\/{rel}","templated":true}]}}