{"id":78091,"date":"2025-01-06T23:55:52","date_gmt":"2025-01-07T05:55:52","guid":{"rendered":"https:\/\/nitu.mx\/?p=78091"},"modified":"2025-01-06T23:55:53","modified_gmt":"2025-01-07T05:55:53","slug":"la-denuncia-de-luisito-comunica-por-cobros-excesivos-de-taxis-en-cancun-es-replicada-en-mexico-y-el-extranjero","status":"publish","type":"post","link":"https:\/\/nitu.mx\/index.php\/2025\/01\/06\/la-denuncia-de-luisito-comunica-por-cobros-excesivos-de-taxis-en-cancun-es-replicada-en-mexico-y-el-extranjero\/","title":{"rendered":"La denuncia de Luisito Comunica por cobros excesivos de taxis en Canc\u00fan, es replicada en M\u00e9xico y el extranjero"},"content":{"rendered":"<p>El influencer Luisito Comunica expres\u00f3 en sus redes sociales su inconformidad tras pagar 2 mil pesos por un viaje de 20 minutos desde el Aeropuerto Internacional de Canc\u00fan. Seg\u00fan explic\u00f3, fue trasladado en un auto Sentra, sin ning\u00fan servicio de lujo.<\/p>\n<p>El hecho fue replicado en todos los medios nacionales y miles de usuarios expresaron que este es un hecho que ocurre frecuentemente en Canc\u00fan, adem\u00e1s unirse a su descontento y llamado a las autoridades de tomar acci\u00f3n.<\/p>\n<p>En sus historias de Instagram, coment\u00f3 que el pago fue solicitado en efectivo y se\u00f1al\u00f3 que estas pr\u00e1cticas no solo perjudican a los turistas, sino tambi\u00e9n a la imagen del destino. Compar\u00f3 la tarifa con las de ciudades como Nueva York o Tokio, donde precios similares corresponden a viajes de m\u00e1s de una hora.<\/p>\n<p>Luisito apunt\u00f3 a varios responsables, a quienes calific\u00f3 como \u201clos verdaderos villanos\u201d: l\u00edderes sindicales, autoridades del aeropuerto e incluso el crimen organizado.<\/p>\n<p>Reacci\u00f3n del sector empresarial<br \/>\nEmpresarios de Quintana Roo rechazaron estos abusos, argumentando que da\u00f1an la reputaci\u00f3n del estado y del destino tur\u00edstico, que es uno de los m\u00e1s importantes del pa\u00eds.<\/p>\n<p>El incidente pone de nuevo en el centro del debate las regulaciones del transporte en Canc\u00fan y la necesidad de mejorar los controles para evitar afectaciones a los visitantes. (<a href=\"https:\/\/nitu.mx\/index.php\/2024\/10\/09\/criticas-a-las-tarifas-del-aeropuerto-internacional-de-tulum-un-reto-para-el-turismo\/\">Cr\u00edticas a las tarifas del Aeropuerto Internacional de Tulum: Un reto para el turismo<\/a>).<\/p>\n","protected":false},"excerpt":{"rendered":"<p>El influencer Luisito Comunica expres\u00f3 en sus redes sociales su inconformidad tras pagar 2 mil pesos por un viaje de 20 minutos desde el Aeropuerto Internacional de Canc\u00fan. Seg\u00fan explic\u00f3, fue trasladado en un auto Sentra, sin ning\u00fan servicio de lujo. El hecho fue replicado en todos los medios nacionales y miles de usuarios expresaron [&hellip;]<\/p>\n","protected":false},"author":3,"featured_media":2367,"comment_status":"open","ping_status":"open","sticky":false,"template":"","format":"standard","meta":{"footnotes":""},"categories":[19462,24505],"tags":[43,21614,26750,5213,15983],"yoast_head":"<!-- This site is optimized with the Yoast SEO plugin v22.2 - https:\/\/yoast.com\/wordpress\/plugins\/seo\/ -->\n<title>La denuncia de Luisito Comunica por cobros excesivos de taxis en Canc\u00fan, es replicada en M\u00e9xico y el extranjero - Nitu - Noticias de la Industria Turistica<\/title>\n<meta name=\"robots\" content=\"index, follow, max-snippet:-1, max-image-preview:large, max-video-preview:-1\" \/>\n<link rel=\"canonical\" href=\"https:\/\/nitu.mx\/index.php\/2025\/01\/06\/la-denuncia-de-luisito-comunica-por-cobros-excesivos-de-taxis-en-cancun-es-replicada-en-mexico-y-el-extranjero\/\" \/>\n<meta name=\"twitter:card\" content=\"summary_large_image\" \/>\n<meta name=\"twitter:title\" content=\"La denuncia de Luisito Comunica por cobros excesivos de taxis en Canc\u00fan, es replicada en M\u00e9xico y el extranjero - Nitu - Noticias de la Industria Turistica\" \/>\n<meta name=\"twitter:description\" content=\"El influencer Luisito Comunica expres\u00f3 en sus redes sociales su inconformidad tras pagar 2 mil pesos por un viaje de 20 minutos desde el Aeropuerto Internacional de Canc\u00fan. Seg\u00fan explic\u00f3, fue trasladado en un auto Sentra, sin ning\u00fan servicio de lujo. El hecho fue replicado en todos los medios nacionales y miles de usuarios expresaron [&hellip;]\" \/>\n<meta name=\"twitter:image\" content=\"https:\/\/nitu.mx\/wp-content\/uploads\/2016\/09\/Aeropuerto-Internacional-de-Cancun.jpg\" \/>\n<meta name=\"twitter:creator\" content=\"@NITUmx\" \/>\n<meta name=\"twitter:site\" content=\"@Arturo_Medina_G\" \/>\n<meta name=\"twitter:label1\" content=\"Escrito por\" \/>\n\t<meta name=\"twitter:data1\" content=\"Alejandra Moncisbays\" \/>\n\t<meta name=\"twitter:label2\" content=\"Tiempo de lectura\" \/>\n\t<meta name=\"twitter:data2\" content=\"1 minuto\" \/>\n<script type=\"application\/ld+json\" class=\"yoast-schema-graph\">{\"@context\":\"https:\/\/schema.org\",\"@graph\":[{\"@type\":\"Article\",\"@id\":\"https:\/\/nitu.mx\/index.php\/2025\/01\/06\/la-denuncia-de-luisito-comunica-por-cobros-excesivos-de-taxis-en-cancun-es-replicada-en-mexico-y-el-extranjero\/#article\",\"isPartOf\":{\"@id\":\"https:\/\/nitu.mx\/index.php\/2025\/01\/06\/la-denuncia-de-luisito-comunica-por-cobros-excesivos-de-taxis-en-cancun-es-replicada-en-mexico-y-el-extranjero\/\"},\"author\":{\"name\":\"Alejandra Moncisbays\",\"@id\":\"https:\/\/nitu.mx\/#\/schema\/person\/2ecd887b19dfd3382d1f14fc5acf24a8\"},\"headline\":\"La denuncia de Luisito Comunica por cobros excesivos de taxis en Canc\u00fan, es replicada en M\u00e9xico y el extranjero\",\"datePublished\":\"2025-01-07T05:55:52+00:00\",\"dateModified\":\"2025-01-07T05:55:53+00:00\",\"mainEntityOfPage\":{\"@id\":\"https:\/\/nitu.mx\/index.php\/2025\/01\/06\/la-denuncia-de-luisito-comunica-por-cobros-excesivos-de-taxis-en-cancun-es-replicada-en-mexico-y-el-extranjero\/\"},\"wordCount\":266,\"commentCount\":0,\"publisher\":{\"@id\":\"https:\/\/nitu.mx\/#\/schema\/person\/ae7a53426417292d3dd07b45a33e01bc\"},\"image\":{\"@id\":\"https:\/\/nitu.mx\/index.php\/2025\/01\/06\/la-denuncia-de-luisito-comunica-por-cobros-excesivos-de-taxis-en-cancun-es-replicada-en-mexico-y-el-extranjero\/#primaryimage\"},\"thumbnailUrl\":\"https:\/\/nitu.mx\/wp-content\/uploads\/2016\/09\/Aeropuerto-Internacional-de-Cancun.jpg\",\"keywords\":[\"Canc\u00fan\",\"denuncia\",\"Luisito Comunica\",\"Tarifas\",\"taxis\"],\"articleSection\":[\"Aeropuertos\",\"Destacados\"],\"inLanguage\":\"es-MX\",\"potentialAction\":[{\"@type\":\"CommentAction\",\"name\":\"Comment\",\"target\":[\"https:\/\/nitu.mx\/index.php\/2025\/01\/06\/la-denuncia-de-luisito-comunica-por-cobros-excesivos-de-taxis-en-cancun-es-replicada-en-mexico-y-el-extranjero\/#respond\"]}]},{\"@type\":\"WebPage\",\"@id\":\"https:\/\/nitu.mx\/index.php\/2025\/01\/06\/la-denuncia-de-luisito-comunica-por-cobros-excesivos-de-taxis-en-cancun-es-replicada-en-mexico-y-el-extranjero\/\",\"url\":\"https:\/\/nitu.mx\/index.php\/2025\/01\/06\/la-denuncia-de-luisito-comunica-por-cobros-excesivos-de-taxis-en-cancun-es-replicada-en-mexico-y-el-extranjero\/\",\"name\":\"La denuncia de Luisito Comunica por cobros excesivos de taxis en Canc\u00fan, es replicada en M\u00e9xico y el extranjero - Nitu - Noticias de la Industria Turistica\",\"isPartOf\":{\"@id\":\"https:\/\/nitu.mx\/#website\"},\"primaryImageOfPage\":{\"@id\":\"https:\/\/nitu.mx\/index.php\/2025\/01\/06\/la-denuncia-de-luisito-comunica-por-cobros-excesivos-de-taxis-en-cancun-es-replicada-en-mexico-y-el-extranjero\/#primaryimage\"},\"image\":{\"@id\":\"https:\/\/nitu.mx\/index.php\/2025\/01\/06\/la-denuncia-de-luisito-comunica-por-cobros-excesivos-de-taxis-en-cancun-es-replicada-en-mexico-y-el-extranjero\/#primaryimage\"},\"thumbnailUrl\":\"https:\/\/nitu.mx\/wp-content\/uploads\/2016\/09\/Aeropuerto-Internacional-de-Cancun.jpg\",\"datePublished\":\"2025-01-07T05:55:52+00:00\",\"dateModified\":\"2025-01-07T05:55:53+00:00\",\"breadcrumb\":{\"@id\":\"https:\/\/nitu.mx\/index.php\/2025\/01\/06\/la-denuncia-de-luisito-comunica-por-cobros-excesivos-de-taxis-en-cancun-es-replicada-en-mexico-y-el-extranjero\/#breadcrumb\"},\"inLanguage\":\"es-MX\",\"potentialAction\":[{\"@type\":\"ReadAction\",\"target\":[\"https:\/\/nitu.mx\/index.php\/2025\/01\/06\/la-denuncia-de-luisito-comunica-por-cobros-excesivos-de-taxis-en-cancun-es-replicada-en-mexico-y-el-extranjero\/\"]}]},{\"@type\":\"ImageObject\",\"inLanguage\":\"es-MX\",\"@id\":\"https:\/\/nitu.mx\/index.php\/2025\/01\/06\/la-denuncia-de-luisito-comunica-por-cobros-excesivos-de-taxis-en-cancun-es-replicada-en-mexico-y-el-extranjero\/#primaryimage\",\"url\":\"https:\/\/nitu.mx\/wp-content\/uploads\/2016\/09\/Aeropuerto-Internacional-de-Cancun.jpg\",\"contentUrl\":\"https:\/\/nitu.mx\/wp-content\/uploads\/2016\/09\/Aeropuerto-Internacional-de-Cancun.jpg\",\"width\":1024,\"height\":582,\"caption\":\"taxis aeropuerto canc\u00fan\"},{\"@type\":\"BreadcrumbList\",\"@id\":\"https:\/\/nitu.mx\/index.php\/2025\/01\/06\/la-denuncia-de-luisito-comunica-por-cobros-excesivos-de-taxis-en-cancun-es-replicada-en-mexico-y-el-extranjero\/#breadcrumb\",\"itemListElement\":[{\"@type\":\"ListItem\",\"position\":1,\"name\":\"Inicio\",\"item\":\"https:\/\/nitu.mx\/\"},{\"@type\":\"ListItem\",\"position\":2,\"name\":\"La denuncia de Luisito Comunica por cobros excesivos de taxis en Canc\u00fan, es replicada en M\u00e9xico y el extranjero\"}]},{\"@type\":\"WebSite\",\"@id\":\"https:\/\/nitu.mx\/#website\",\"url\":\"https:\/\/nitu.mx\/\",\"name\":\"Nitu - Noticias de la Industria Turistica\",\"description\":\"Noticias de la Industria Turistica\",\"publisher\":{\"@id\":\"https:\/\/nitu.mx\/#\/schema\/person\/ae7a53426417292d3dd07b45a33e01bc\"},\"alternateName\":\"Noticias de la Industria Turistica\",\"potentialAction\":[{\"@type\":\"SearchAction\",\"target\":{\"@type\":\"EntryPoint\",\"urlTemplate\":\"https:\/\/nitu.mx\/?s={search_term_string}\"},\"query-input\":\"required name=search_term_string\"}],\"inLanguage\":\"es-MX\"},{\"@type\":[\"Person\",\"Organization\"],\"@id\":\"https:\/\/nitu.mx\/#\/schema\/person\/ae7a53426417292d3dd07b45a33e01bc\",\"name\":\"Arturo Medina\",\"image\":{\"@type\":\"ImageObject\",\"inLanguage\":\"es-MX\",\"@id\":\"https:\/\/nitu.mx\/#\/schema\/person\/image\/\",\"url\":\"https:\/\/nitu.mx\/wp-content\/uploads\/2024\/04\/4A315622-1904-4D5C-B022-878CDC840E04-90x90-1.jpeg\",\"contentUrl\":\"https:\/\/nitu.mx\/wp-content\/uploads\/2024\/04\/4A315622-1904-4D5C-B022-878CDC840E04-90x90-1.jpeg\",\"width\":90,\"height\":90,\"caption\":\"Arturo Medina\"},\"logo\":{\"@id\":\"https:\/\/nitu.mx\/#\/schema\/person\/image\/\"},\"description\":\"Director NITU.mx, Egresado de la Escuela de Periodismo Carlos Septi\u00e9n Garc\u00eda. Periodista y analista especializado en turismo desde hace 35 a\u00f1os, radicado en Canc\u00fan Q.Roo. arturo@nitu.mx\",\"sameAs\":[\"https:\/\/nitu.mx\",\"https:\/\/www.facebook.com\/NITUmx\/\",\"medinacancun\",\"https:\/\/twitter.com\/@Arturo_Medina_G\"]},{\"@type\":\"Person\",\"@id\":\"https:\/\/nitu.mx\/#\/schema\/person\/2ecd887b19dfd3382d1f14fc5acf24a8\",\"name\":\"Alejandra Moncisbays\",\"image\":{\"@type\":\"ImageObject\",\"inLanguage\":\"es-MX\",\"@id\":\"https:\/\/nitu.mx\/#\/schema\/person\/image\/\",\"url\":\"https:\/\/secure.gravatar.com\/avatar\/e74f7af0be172b7804dacfd0bfbef787?s=96&d=mm&r=g\",\"contentUrl\":\"https:\/\/secure.gravatar.com\/avatar\/e74f7af0be172b7804dacfd0bfbef787?s=96&d=mm&r=g\",\"caption\":\"Alejandra Moncisbays\"},\"description\":\"Curs\u00e9 la carrera de Periodismo y Comunicaci\u00f3n en la Facultad de Estudios Profesionales Acatl\u00e1n. Vivo en Canc\u00fan desde hace 24 a\u00f1os. Fui reportera de La Tarde de Canc\u00fan, y Novedades de Quintana Roo, colabor\u00e9 en TVCUN, edit\u00e9 Cancun\u00edssimo y colabor\u00e9 en las revistas Latitud21, entre otras, con principal enfoque en los sectores empresarial y tur\u00edstico. Desde hace varios a\u00f1os soy Agente de Seguros con c\u00e9dula de la Comisi\u00f3n Nacional de Seguros y Fianzas. Actualmente, me desarrollo en los \u00e1mbitos del periodismo y el sector asegurador.\",\"sameAs\":[\"https:\/\/nitu.mx\"],\"url\":\"https:\/\/nitu.mx\/index.php\/author\/alejandra\/\"}]}<\/script>\n<!-- \/ Yoast SEO plugin. -->","yoast_head_json":{"title":"La denuncia de Luisito Comunica por cobros excesivos de taxis en Canc\u00fan, es replicada en M\u00e9xico y el extranjero - Nitu - Noticias de la Industria Turistica","robots":{"index":"index","follow":"follow","max-snippet":"max-snippet:-1","max-image-preview":"max-image-preview:large","max-video-preview":"max-video-preview:-1"},"canonical":"https:\/\/nitu.mx\/index.php\/2025\/01\/06\/la-denuncia-de-luisito-comunica-por-cobros-excesivos-de-taxis-en-cancun-es-replicada-en-mexico-y-el-extranjero\/","twitter_card":"summary_large_image","twitter_title":"La denuncia de Luisito Comunica por cobros excesivos de taxis en Canc\u00fan, es replicada en M\u00e9xico y el extranjero - Nitu - Noticias de la Industria Turistica","twitter_description":"El influencer Luisito Comunica expres\u00f3 en sus redes sociales su inconformidad tras pagar 2 mil pesos por un viaje de 20 minutos desde el Aeropuerto Internacional de Canc\u00fan. Seg\u00fan explic\u00f3, fue trasladado en un auto Sentra, sin ning\u00fan servicio de lujo. El hecho fue replicado en todos los medios nacionales y miles de usuarios expresaron [&hellip;]","twitter_image":"https:\/\/nitu.mx\/wp-content\/uploads\/2016\/09\/Aeropuerto-Internacional-de-Cancun.jpg","twitter_creator":"@NITUmx","twitter_site":"@Arturo_Medina_G","twitter_misc":{"Escrito por":"Alejandra Moncisbays","Tiempo de lectura":"1 minuto"},"schema":{"@context":"https:\/\/schema.org","@graph":[{"@type":"Article","@id":"https:\/\/nitu.mx\/index.php\/2025\/01\/06\/la-denuncia-de-luisito-comunica-por-cobros-excesivos-de-taxis-en-cancun-es-replicada-en-mexico-y-el-extranjero\/#article","isPartOf":{"@id":"https:\/\/nitu.mx\/index.php\/2025\/01\/06\/la-denuncia-de-luisito-comunica-por-cobros-excesivos-de-taxis-en-cancun-es-replicada-en-mexico-y-el-extranjero\/"},"author":{"name":"Alejandra Moncisbays","@id":"https:\/\/nitu.mx\/#\/schema\/person\/2ecd887b19dfd3382d1f14fc5acf24a8"},"headline":"La denuncia de Luisito Comunica por cobros excesivos de taxis en Canc\u00fan, es replicada en M\u00e9xico y el extranjero","datePublished":"2025-01-07T05:55:52+00:00","dateModified":"2025-01-07T05:55:53+00:00","mainEntityOfPage":{"@id":"https:\/\/nitu.mx\/index.php\/2025\/01\/06\/la-denuncia-de-luisito-comunica-por-cobros-excesivos-de-taxis-en-cancun-es-replicada-en-mexico-y-el-extranjero\/"},"wordCount":266,"commentCount":0,"publisher":{"@id":"https:\/\/nitu.mx\/#\/schema\/person\/ae7a53426417292d3dd07b45a33e01bc"},"image":{"@id":"https:\/\/nitu.mx\/index.php\/2025\/01\/06\/la-denuncia-de-luisito-comunica-por-cobros-excesivos-de-taxis-en-cancun-es-replicada-en-mexico-y-el-extranjero\/#primaryimage"},"thumbnailUrl":"https:\/\/nitu.mx\/wp-content\/uploads\/2016\/09\/Aeropuerto-Internacional-de-Cancun.jpg","keywords":["Canc\u00fan","denuncia","Luisito Comunica","Tarifas","taxis"],"articleSection":["Aeropuertos","Destacados"],"inLanguage":"es-MX","potentialAction":[{"@type":"CommentAction","name":"Comment","target":["https:\/\/nitu.mx\/index.php\/2025\/01\/06\/la-denuncia-de-luisito-comunica-por-cobros-excesivos-de-taxis-en-cancun-es-replicada-en-mexico-y-el-extranjero\/#respond"]}]},{"@type":"WebPage","@id":"https:\/\/nitu.mx\/index.php\/2025\/01\/06\/la-denuncia-de-luisito-comunica-por-cobros-excesivos-de-taxis-en-cancun-es-replicada-en-mexico-y-el-extranjero\/","url":"https:\/\/nitu.mx\/index.php\/2025\/01\/06\/la-denuncia-de-luisito-comunica-por-cobros-excesivos-de-taxis-en-cancun-es-replicada-en-mexico-y-el-extranjero\/","name":"La denuncia de Luisito Comunica por cobros excesivos de taxis en Canc\u00fan, es replicada en M\u00e9xico y el extranjero - Nitu - Noticias de la Industria Turistica","isPartOf":{"@id":"https:\/\/nitu.mx\/#website"},"primaryImageOfPage":{"@id":"https:\/\/nitu.mx\/index.php\/2025\/01\/06\/la-denuncia-de-luisito-comunica-por-cobros-excesivos-de-taxis-en-cancun-es-replicada-en-mexico-y-el-extranjero\/#primaryimage"},"image":{"@id":"https:\/\/nitu.mx\/index.php\/2025\/01\/06\/la-denuncia-de-luisito-comunica-por-cobros-excesivos-de-taxis-en-cancun-es-replicada-en-mexico-y-el-extranjero\/#primaryimage"},"thumbnailUrl":"https:\/\/nitu.mx\/wp-content\/uploads\/2016\/09\/Aeropuerto-Internacional-de-Cancun.jpg","datePublished":"2025-01-07T05:55:52+00:00","dateModified":"2025-01-07T05:55:53+00:00","breadcrumb":{"@id":"https:\/\/nitu.mx\/index.php\/2025\/01\/06\/la-denuncia-de-luisito-comunica-por-cobros-excesivos-de-taxis-en-cancun-es-replicada-en-mexico-y-el-extranjero\/#breadcrumb"},"inLanguage":"es-MX","potentialAction":[{"@type":"ReadAction","target":["https:\/\/nitu.mx\/index.php\/2025\/01\/06\/la-denuncia-de-luisito-comunica-por-cobros-excesivos-de-taxis-en-cancun-es-replicada-en-mexico-y-el-extranjero\/"]}]},{"@type":"ImageObject","inLanguage":"es-MX","@id":"https:\/\/nitu.mx\/index.php\/2025\/01\/06\/la-denuncia-de-luisito-comunica-por-cobros-excesivos-de-taxis-en-cancun-es-replicada-en-mexico-y-el-extranjero\/#primaryimage","url":"https:\/\/nitu.mx\/wp-content\/uploads\/2016\/09\/Aeropuerto-Internacional-de-Cancun.jpg","contentUrl":"https:\/\/nitu.mx\/wp-content\/uploads\/2016\/09\/Aeropuerto-Internacional-de-Cancun.jpg","width":1024,"height":582,"caption":"taxis aeropuerto canc\u00fan"},{"@type":"BreadcrumbList","@id":"https:\/\/nitu.mx\/index.php\/2025\/01\/06\/la-denuncia-de-luisito-comunica-por-cobros-excesivos-de-taxis-en-cancun-es-replicada-en-mexico-y-el-extranjero\/#breadcrumb","itemListElement":[{"@type":"ListItem","position":1,"name":"Inicio","item":"https:\/\/nitu.mx\/"},{"@type":"ListItem","position":2,"name":"La denuncia de Luisito Comunica por cobros excesivos de taxis en Canc\u00fan, es replicada en M\u00e9xico y el extranjero"}]},{"@type":"WebSite","@id":"https:\/\/nitu.mx\/#website","url":"https:\/\/nitu.mx\/","name":"Nitu - Noticias de la Industria Turistica","description":"Noticias de la Industria Turistica","publisher":{"@id":"https:\/\/nitu.mx\/#\/schema\/person\/ae7a53426417292d3dd07b45a33e01bc"},"alternateName":"Noticias de la Industria Turistica","potentialAction":[{"@type":"SearchAction","target":{"@type":"EntryPoint","urlTemplate":"https:\/\/nitu.mx\/?s={search_term_string}"},"query-input":"required name=search_term_string"}],"inLanguage":"es-MX"},{"@type":["Person","Organization"],"@id":"https:\/\/nitu.mx\/#\/schema\/person\/ae7a53426417292d3dd07b45a33e01bc","name":"Arturo Medina","image":{"@type":"ImageObject","inLanguage":"es-MX","@id":"https:\/\/nitu.mx\/#\/schema\/person\/image\/","url":"https:\/\/nitu.mx\/wp-content\/uploads\/2024\/04\/4A315622-1904-4D5C-B022-878CDC840E04-90x90-1.jpeg","contentUrl":"https:\/\/nitu.mx\/wp-content\/uploads\/2024\/04\/4A315622-1904-4D5C-B022-878CDC840E04-90x90-1.jpeg","width":90,"height":90,"caption":"Arturo Medina"},"logo":{"@id":"https:\/\/nitu.mx\/#\/schema\/person\/image\/"},"description":"Director NITU.mx, Egresado de la Escuela de Periodismo Carlos Septi\u00e9n Garc\u00eda. Periodista y analista especializado en turismo desde hace 35 a\u00f1os, radicado en Canc\u00fan Q.Roo. arturo@nitu.mx","sameAs":["https:\/\/nitu.mx","https:\/\/www.facebook.com\/NITUmx\/","medinacancun","https:\/\/twitter.com\/@Arturo_Medina_G"]},{"@type":"Person","@id":"https:\/\/nitu.mx\/#\/schema\/person\/2ecd887b19dfd3382d1f14fc5acf24a8","name":"Alejandra Moncisbays","image":{"@type":"ImageObject","inLanguage":"es-MX","@id":"https:\/\/nitu.mx\/#\/schema\/person\/image\/","url":"https:\/\/secure.gravatar.com\/avatar\/e74f7af0be172b7804dacfd0bfbef787?s=96&d=mm&r=g","contentUrl":"https:\/\/secure.gravatar.com\/avatar\/e74f7af0be172b7804dacfd0bfbef787?s=96&d=mm&r=g","caption":"Alejandra Moncisbays"},"description":"Curs\u00e9 la carrera de Periodismo y Comunicaci\u00f3n en la Facultad de Estudios Profesionales Acatl\u00e1n. Vivo en Canc\u00fan desde hace 24 a\u00f1os. Fui reportera de La Tarde de Canc\u00fan, y Novedades de Quintana Roo, colabor\u00e9 en TVCUN, edit\u00e9 Cancun\u00edssimo y colabor\u00e9 en las revistas Latitud21, entre otras, con principal enfoque en los sectores empresarial y tur\u00edstico. Desde hace varios a\u00f1os soy Agente de Seguros con c\u00e9dula de la Comisi\u00f3n Nacional de Seguros y Fianzas. Actualmente, me desarrollo en los \u00e1mbitos del periodismo y el sector asegurador.","sameAs":["https:\/\/nitu.mx"],"url":"https:\/\/nitu.mx\/index.php\/author\/alejandra\/"}]}},"views":637,"_links":{"self":[{"href":"https:\/\/nitu.mx\/index.php\/wp-json\/wp\/v2\/posts\/78091"}],"collection":[{"href":"https:\/\/nitu.mx\/index.php\/wp-json\/wp\/v2\/posts"}],"about":[{"href":"https:\/\/nitu.mx\/index.php\/wp-json\/wp\/v2\/types\/post"}],"author":[{"embeddable":true,"href":"https:\/\/nitu.mx\/index.php\/wp-json\/wp\/v2\/users\/3"}],"replies":[{"embeddable":true,"href":"https:\/\/nitu.mx\/index.php\/wp-json\/wp\/v2\/comments?post=78091"}],"version-history":[{"count":3,"href":"https:\/\/nitu.mx\/index.php\/wp-json\/wp\/v2\/posts\/78091\/revisions"}],"predecessor-version":[{"id":78100,"href":"https:\/\/nitu.mx\/index.php\/wp-json\/wp\/v2\/posts\/78091\/revisions\/78100"}],"wp:featuredmedia":[{"embeddable":true,"href":"https:\/\/nitu.mx\/index.php\/wp-json\/wp\/v2\/media\/2367"}],"wp:attachment":[{"href":"https:\/\/nitu.mx\/index.php\/wp-json\/wp\/v2\/media?parent=78091"}],"wp:term":[{"taxonomy":"category","embeddable":true,"href":"https:\/\/nitu.mx\/index.php\/wp-json\/wp\/v2\/categories?post=78091"},{"taxonomy":"post_tag","embeddable":true,"href":"https:\/\/nitu.mx\/index.php\/wp-json\/wp\/v2\/tags?post=78091"}],"curies":[{"name":"wp","href":"https:\/\/api.w.org\/{rel}","templated":true}]}}