{"id":77990,"date":"2025-01-01T21:40:00","date_gmt":"2025-01-02T03:40:00","guid":{"rendered":"https:\/\/nitu.mx\/?p=77990"},"modified":"2025-01-01T21:00:16","modified_gmt":"2025-01-02T03:00:16","slug":"semarnat-certifica-proyecto-hotelero-de-grupo-vidanta-en-riviera-maya","status":"publish","type":"post","link":"https:\/\/nitu.mx\/index.php\/2025\/01\/01\/semarnat-certifica-proyecto-hotelero-de-grupo-vidanta-en-riviera-maya\/","title":{"rendered":"Semarnat certifica proyecto hotelero de Grupo Vidanta en Riviera Maya"},"content":{"rendered":"<p>La Secretar\u00eda de Medio Ambiente y Recursos Naturales (Semarnat) certific\u00f3 el proyecto de impacto ambiental Desarrollo State Riviera Maya, el cual aumenta el plan maestro de la zona condominal y de servicios del hotel Vidanta, que estar\u00e1 orientado al entretenimiento.<\/p>\n<p>La obra, denominada State Riviera Maya aumenta su Plan Maestro con nuevas atracciones y actividades recreativas, se llevar\u00e1 a cabo en un terreno de 440 hect\u00e1reas, por donde hab\u00edan planeado el paso del Tren Maya en el Tramo 5. El proyecto hotelero de la sociedad mercantil Marina Vallarta consigui\u00f3 un permiso de ejecuci\u00f3n de trabajos por 10 a\u00f1os.<\/p>\n<p>\u201cSe llevar\u00e1 a cabo la inclusi\u00f3n de juegos mec\u00e1nicos, restaurante, mercadito, juegos familiares tipo feria y actividades recreativas al aire libre integradas al ambiente natural para el disfrute y entretenimiento de los visitantes\u201d, dice la Manifestaci\u00f3n de Impacto Ambiental (MIA).<\/p>\n<p>As\u00ed mismo, incluir\u00e1 la intercomunicaci\u00f3n de las atracciones e infraestructura mediante andadores y vialidades de concreto ecol\u00f3gico. El proyecto estar\u00e1 ubicado al norte de Playa del Carmen, en l\u00edmites del municipio de Puerto Morelos, donde est\u00e1 el teatro del Cirque du Soleil Joya.<\/p>\n<p>De igual forma, Vidanta construye en Los Cabos un complejo de 300 cuartos.<\/p>\n<p>Grupo Vidanta proyectaba la construcci\u00f3n de un campo de golf de lujo \u201cThe Jungle Golf by Vidanta\u201d, con 12 hoyos en la selva de Riviera Maya, en un terreno de 47 hect\u00e1reas conservando \u00e1reas de refugio y alimentaci\u00f3n de fauna silvestre. Con 10 a\u00f1os para concretar todo el proyecto.<\/p>\n<p>La empresa Desarrollo Marina Vallarta planeaba incluir un lago artificial de m\u00e1s de 12 mil metros c\u00fabicos de agua. (<a href=\"https:\/\/nitu.mx\/index.php\/2024\/11\/21\/vidanta-tendra-en-nuevo-vallarta-el-primer-parque-tematico-de-lujo\/\">Vidanta tendr\u00e1 en Nuevo Vallarta el primer parque tem\u00e1tico de lujo<\/a>).<\/p>\n","protected":false},"excerpt":{"rendered":"<p>La Secretar\u00eda de Medio Ambiente y Recursos Naturales (Semarnat) certific\u00f3 el proyecto de impacto ambiental Desarrollo State Riviera Maya, el cual aumenta el plan maestro de la zona condominal y de servicios del hotel Vidanta, que estar\u00e1 orientado al entretenimiento. La obra, denominada State Riviera Maya aumenta su Plan Maestro con nuevas atracciones y actividades [&hellip;]<\/p>\n","protected":false},"author":3,"featured_media":38352,"comment_status":"open","ping_status":"open","sticky":false,"template":"","format":"standard","meta":{"footnotes":""},"categories":[2,19193],"tags":[16167,938,5292,5821,80,45,26737],"yoast_head":"<!-- This site is optimized with the Yoast SEO plugin v22.2 - https:\/\/yoast.com\/wordpress\/plugins\/seo\/ -->\n<title>Semarnat certifica proyecto hotelero de Grupo Vidanta en Riviera Maya - Nitu - Noticias de la Industria Turistica<\/title>\n<meta name=\"robots\" content=\"index, follow, max-snippet:-1, max-image-preview:large, max-video-preview:-1\" \/>\n<link rel=\"canonical\" href=\"https:\/\/nitu.mx\/index.php\/2025\/01\/01\/semarnat-certifica-proyecto-hotelero-de-grupo-vidanta-en-riviera-maya\/\" \/>\n<meta name=\"twitter:card\" content=\"summary_large_image\" \/>\n<meta name=\"twitter:title\" content=\"Semarnat certifica proyecto hotelero de Grupo Vidanta en Riviera Maya - Nitu - Noticias de la Industria Turistica\" \/>\n<meta name=\"twitter:description\" content=\"La Secretar\u00eda de Medio Ambiente y Recursos Naturales (Semarnat) certific\u00f3 el proyecto de impacto ambiental Desarrollo State Riviera Maya, el cual aumenta el plan maestro de la zona condominal y de servicios del hotel Vidanta, que estar\u00e1 orientado al entretenimiento. La obra, denominada State Riviera Maya aumenta su Plan Maestro con nuevas atracciones y actividades [&hellip;]\" \/>\n<meta name=\"twitter:image\" content=\"https:\/\/nitu.mx\/wp-content\/uploads\/2019\/12\/Vidanta-Riviera-Maya.jpg\" \/>\n<meta name=\"twitter:creator\" content=\"@NITUmx\" \/>\n<meta name=\"twitter:site\" content=\"@Arturo_Medina_G\" \/>\n<meta name=\"twitter:label1\" content=\"Escrito por\" \/>\n\t<meta name=\"twitter:data1\" content=\"Alejandra Moncisbays\" \/>\n\t<meta name=\"twitter:label2\" content=\"Tiempo de lectura\" \/>\n\t<meta name=\"twitter:data2\" content=\"1 minuto\" \/>\n<script type=\"application\/ld+json\" class=\"yoast-schema-graph\">{\"@context\":\"https:\/\/schema.org\",\"@graph\":[{\"@type\":\"Article\",\"@id\":\"https:\/\/nitu.mx\/index.php\/2025\/01\/01\/semarnat-certifica-proyecto-hotelero-de-grupo-vidanta-en-riviera-maya\/#article\",\"isPartOf\":{\"@id\":\"https:\/\/nitu.mx\/index.php\/2025\/01\/01\/semarnat-certifica-proyecto-hotelero-de-grupo-vidanta-en-riviera-maya\/\"},\"author\":{\"name\":\"Alejandra Moncisbays\",\"@id\":\"https:\/\/nitu.mx\/#\/schema\/person\/2ecd887b19dfd3382d1f14fc5acf24a8\"},\"headline\":\"Semarnat certifica proyecto hotelero de Grupo Vidanta en Riviera Maya\",\"datePublished\":\"2025-01-02T03:40:00+00:00\",\"dateModified\":\"2025-01-02T03:00:16+00:00\",\"mainEntityOfPage\":{\"@id\":\"https:\/\/nitu.mx\/index.php\/2025\/01\/01\/semarnat-certifica-proyecto-hotelero-de-grupo-vidanta-en-riviera-maya\/\"},\"wordCount\":293,\"commentCount\":0,\"publisher\":{\"@id\":\"https:\/\/nitu.mx\/#\/schema\/person\/ae7a53426417292d3dd07b45a33e01bc\"},\"image\":{\"@id\":\"https:\/\/nitu.mx\/index.php\/2025\/01\/01\/semarnat-certifica-proyecto-hotelero-de-grupo-vidanta-en-riviera-maya\/#primaryimage\"},\"thumbnailUrl\":\"https:\/\/nitu.mx\/wp-content\/uploads\/2019\/12\/Vidanta-Riviera-Maya.jpg\",\"keywords\":[\"certifica\",\"Grupo Vidanta\",\"hotelero\",\"proyecto\",\"Riviera Maya\",\"Semarnat\",\"State Riviera Maya\"],\"articleSection\":[\"Hoteles\",\"Riviera Maya\"],\"inLanguage\":\"es-MX\",\"potentialAction\":[{\"@type\":\"CommentAction\",\"name\":\"Comment\",\"target\":[\"https:\/\/nitu.mx\/index.php\/2025\/01\/01\/semarnat-certifica-proyecto-hotelero-de-grupo-vidanta-en-riviera-maya\/#respond\"]}]},{\"@type\":\"WebPage\",\"@id\":\"https:\/\/nitu.mx\/index.php\/2025\/01\/01\/semarnat-certifica-proyecto-hotelero-de-grupo-vidanta-en-riviera-maya\/\",\"url\":\"https:\/\/nitu.mx\/index.php\/2025\/01\/01\/semarnat-certifica-proyecto-hotelero-de-grupo-vidanta-en-riviera-maya\/\",\"name\":\"Semarnat certifica proyecto hotelero de Grupo Vidanta en Riviera Maya - Nitu - Noticias de la Industria Turistica\",\"isPartOf\":{\"@id\":\"https:\/\/nitu.mx\/#website\"},\"primaryImageOfPage\":{\"@id\":\"https:\/\/nitu.mx\/index.php\/2025\/01\/01\/semarnat-certifica-proyecto-hotelero-de-grupo-vidanta-en-riviera-maya\/#primaryimage\"},\"image\":{\"@id\":\"https:\/\/nitu.mx\/index.php\/2025\/01\/01\/semarnat-certifica-proyecto-hotelero-de-grupo-vidanta-en-riviera-maya\/#primaryimage\"},\"thumbnailUrl\":\"https:\/\/nitu.mx\/wp-content\/uploads\/2019\/12\/Vidanta-Riviera-Maya.jpg\",\"datePublished\":\"2025-01-02T03:40:00+00:00\",\"dateModified\":\"2025-01-02T03:00:16+00:00\",\"breadcrumb\":{\"@id\":\"https:\/\/nitu.mx\/index.php\/2025\/01\/01\/semarnat-certifica-proyecto-hotelero-de-grupo-vidanta-en-riviera-maya\/#breadcrumb\"},\"inLanguage\":\"es-MX\",\"potentialAction\":[{\"@type\":\"ReadAction\",\"target\":[\"https:\/\/nitu.mx\/index.php\/2025\/01\/01\/semarnat-certifica-proyecto-hotelero-de-grupo-vidanta-en-riviera-maya\/\"]}]},{\"@type\":\"ImageObject\",\"inLanguage\":\"es-MX\",\"@id\":\"https:\/\/nitu.mx\/index.php\/2025\/01\/01\/semarnat-certifica-proyecto-hotelero-de-grupo-vidanta-en-riviera-maya\/#primaryimage\",\"url\":\"https:\/\/nitu.mx\/wp-content\/uploads\/2019\/12\/Vidanta-Riviera-Maya.jpg\",\"contentUrl\":\"https:\/\/nitu.mx\/wp-content\/uploads\/2019\/12\/Vidanta-Riviera-Maya.jpg\",\"width\":850,\"height\":480,\"caption\":\"Vidanta Riviera Maya\"},{\"@type\":\"BreadcrumbList\",\"@id\":\"https:\/\/nitu.mx\/index.php\/2025\/01\/01\/semarnat-certifica-proyecto-hotelero-de-grupo-vidanta-en-riviera-maya\/#breadcrumb\",\"itemListElement\":[{\"@type\":\"ListItem\",\"position\":1,\"name\":\"Inicio\",\"item\":\"https:\/\/nitu.mx\/\"},{\"@type\":\"ListItem\",\"position\":2,\"name\":\"Semarnat certifica proyecto hotelero de Grupo Vidanta en Riviera Maya\"}]},{\"@type\":\"WebSite\",\"@id\":\"https:\/\/nitu.mx\/#website\",\"url\":\"https:\/\/nitu.mx\/\",\"name\":\"Nitu - Noticias de la Industria Turistica\",\"description\":\"Noticias de la Industria Turistica\",\"publisher\":{\"@id\":\"https:\/\/nitu.mx\/#\/schema\/person\/ae7a53426417292d3dd07b45a33e01bc\"},\"alternateName\":\"Noticias de la Industria Turistica\",\"potentialAction\":[{\"@type\":\"SearchAction\",\"target\":{\"@type\":\"EntryPoint\",\"urlTemplate\":\"https:\/\/nitu.mx\/?s={search_term_string}\"},\"query-input\":\"required name=search_term_string\"}],\"inLanguage\":\"es-MX\"},{\"@type\":[\"Person\",\"Organization\"],\"@id\":\"https:\/\/nitu.mx\/#\/schema\/person\/ae7a53426417292d3dd07b45a33e01bc\",\"name\":\"Arturo Medina\",\"image\":{\"@type\":\"ImageObject\",\"inLanguage\":\"es-MX\",\"@id\":\"https:\/\/nitu.mx\/#\/schema\/person\/image\/\",\"url\":\"https:\/\/nitu.mx\/wp-content\/uploads\/2024\/04\/4A315622-1904-4D5C-B022-878CDC840E04-90x90-1.jpeg\",\"contentUrl\":\"https:\/\/nitu.mx\/wp-content\/uploads\/2024\/04\/4A315622-1904-4D5C-B022-878CDC840E04-90x90-1.jpeg\",\"width\":90,\"height\":90,\"caption\":\"Arturo Medina\"},\"logo\":{\"@id\":\"https:\/\/nitu.mx\/#\/schema\/person\/image\/\"},\"description\":\"Director NITU.mx, Egresado de la Escuela de Periodismo Carlos Septi\u00e9n Garc\u00eda. Periodista y analista especializado en turismo desde hace 35 a\u00f1os, radicado en Canc\u00fan Q.Roo. arturo@nitu.mx\",\"sameAs\":[\"https:\/\/nitu.mx\",\"https:\/\/www.facebook.com\/NITUmx\/\",\"medinacancun\",\"https:\/\/twitter.com\/@Arturo_Medina_G\"]},{\"@type\":\"Person\",\"@id\":\"https:\/\/nitu.mx\/#\/schema\/person\/2ecd887b19dfd3382d1f14fc5acf24a8\",\"name\":\"Alejandra Moncisbays\",\"image\":{\"@type\":\"ImageObject\",\"inLanguage\":\"es-MX\",\"@id\":\"https:\/\/nitu.mx\/#\/schema\/person\/image\/\",\"url\":\"https:\/\/secure.gravatar.com\/avatar\/e74f7af0be172b7804dacfd0bfbef787?s=96&d=mm&r=g\",\"contentUrl\":\"https:\/\/secure.gravatar.com\/avatar\/e74f7af0be172b7804dacfd0bfbef787?s=96&d=mm&r=g\",\"caption\":\"Alejandra Moncisbays\"},\"description\":\"Curs\u00e9 la carrera de Periodismo y Comunicaci\u00f3n en la Facultad de Estudios Profesionales Acatl\u00e1n. Vivo en Canc\u00fan desde hace 24 a\u00f1os. Fui reportera de La Tarde de Canc\u00fan, y Novedades de Quintana Roo, colabor\u00e9 en TVCUN, edit\u00e9 Cancun\u00edssimo y colabor\u00e9 en las revistas Latitud21, entre otras, con principal enfoque en los sectores empresarial y tur\u00edstico. Desde hace varios a\u00f1os soy Agente de Seguros con c\u00e9dula de la Comisi\u00f3n Nacional de Seguros y Fianzas. Actualmente, me desarrollo en los \u00e1mbitos del periodismo y el sector asegurador.\",\"sameAs\":[\"https:\/\/nitu.mx\"],\"url\":\"https:\/\/nitu.mx\/index.php\/author\/alejandra\/\"}]}<\/script>\n<!-- \/ Yoast SEO plugin. -->","yoast_head_json":{"title":"Semarnat certifica proyecto hotelero de Grupo Vidanta en Riviera Maya - Nitu - Noticias de la Industria Turistica","robots":{"index":"index","follow":"follow","max-snippet":"max-snippet:-1","max-image-preview":"max-image-preview:large","max-video-preview":"max-video-preview:-1"},"canonical":"https:\/\/nitu.mx\/index.php\/2025\/01\/01\/semarnat-certifica-proyecto-hotelero-de-grupo-vidanta-en-riviera-maya\/","twitter_card":"summary_large_image","twitter_title":"Semarnat certifica proyecto hotelero de Grupo Vidanta en Riviera Maya - Nitu - Noticias de la Industria Turistica","twitter_description":"La Secretar\u00eda de Medio Ambiente y Recursos Naturales (Semarnat) certific\u00f3 el proyecto de impacto ambiental Desarrollo State Riviera Maya, el cual aumenta el plan maestro de la zona condominal y de servicios del hotel Vidanta, que estar\u00e1 orientado al entretenimiento. La obra, denominada State Riviera Maya aumenta su Plan Maestro con nuevas atracciones y actividades [&hellip;]","twitter_image":"https:\/\/nitu.mx\/wp-content\/uploads\/2019\/12\/Vidanta-Riviera-Maya.jpg","twitter_creator":"@NITUmx","twitter_site":"@Arturo_Medina_G","twitter_misc":{"Escrito por":"Alejandra Moncisbays","Tiempo de lectura":"1 minuto"},"schema":{"@context":"https:\/\/schema.org","@graph":[{"@type":"Article","@id":"https:\/\/nitu.mx\/index.php\/2025\/01\/01\/semarnat-certifica-proyecto-hotelero-de-grupo-vidanta-en-riviera-maya\/#article","isPartOf":{"@id":"https:\/\/nitu.mx\/index.php\/2025\/01\/01\/semarnat-certifica-proyecto-hotelero-de-grupo-vidanta-en-riviera-maya\/"},"author":{"name":"Alejandra Moncisbays","@id":"https:\/\/nitu.mx\/#\/schema\/person\/2ecd887b19dfd3382d1f14fc5acf24a8"},"headline":"Semarnat certifica proyecto hotelero de Grupo Vidanta en Riviera Maya","datePublished":"2025-01-02T03:40:00+00:00","dateModified":"2025-01-02T03:00:16+00:00","mainEntityOfPage":{"@id":"https:\/\/nitu.mx\/index.php\/2025\/01\/01\/semarnat-certifica-proyecto-hotelero-de-grupo-vidanta-en-riviera-maya\/"},"wordCount":293,"commentCount":0,"publisher":{"@id":"https:\/\/nitu.mx\/#\/schema\/person\/ae7a53426417292d3dd07b45a33e01bc"},"image":{"@id":"https:\/\/nitu.mx\/index.php\/2025\/01\/01\/semarnat-certifica-proyecto-hotelero-de-grupo-vidanta-en-riviera-maya\/#primaryimage"},"thumbnailUrl":"https:\/\/nitu.mx\/wp-content\/uploads\/2019\/12\/Vidanta-Riviera-Maya.jpg","keywords":["certifica","Grupo Vidanta","hotelero","proyecto","Riviera Maya","Semarnat","State Riviera Maya"],"articleSection":["Hoteles","Riviera Maya"],"inLanguage":"es-MX","potentialAction":[{"@type":"CommentAction","name":"Comment","target":["https:\/\/nitu.mx\/index.php\/2025\/01\/01\/semarnat-certifica-proyecto-hotelero-de-grupo-vidanta-en-riviera-maya\/#respond"]}]},{"@type":"WebPage","@id":"https:\/\/nitu.mx\/index.php\/2025\/01\/01\/semarnat-certifica-proyecto-hotelero-de-grupo-vidanta-en-riviera-maya\/","url":"https:\/\/nitu.mx\/index.php\/2025\/01\/01\/semarnat-certifica-proyecto-hotelero-de-grupo-vidanta-en-riviera-maya\/","name":"Semarnat certifica proyecto hotelero de Grupo Vidanta en Riviera Maya - Nitu - Noticias de la Industria Turistica","isPartOf":{"@id":"https:\/\/nitu.mx\/#website"},"primaryImageOfPage":{"@id":"https:\/\/nitu.mx\/index.php\/2025\/01\/01\/semarnat-certifica-proyecto-hotelero-de-grupo-vidanta-en-riviera-maya\/#primaryimage"},"image":{"@id":"https:\/\/nitu.mx\/index.php\/2025\/01\/01\/semarnat-certifica-proyecto-hotelero-de-grupo-vidanta-en-riviera-maya\/#primaryimage"},"thumbnailUrl":"https:\/\/nitu.mx\/wp-content\/uploads\/2019\/12\/Vidanta-Riviera-Maya.jpg","datePublished":"2025-01-02T03:40:00+00:00","dateModified":"2025-01-02T03:00:16+00:00","breadcrumb":{"@id":"https:\/\/nitu.mx\/index.php\/2025\/01\/01\/semarnat-certifica-proyecto-hotelero-de-grupo-vidanta-en-riviera-maya\/#breadcrumb"},"inLanguage":"es-MX","potentialAction":[{"@type":"ReadAction","target":["https:\/\/nitu.mx\/index.php\/2025\/01\/01\/semarnat-certifica-proyecto-hotelero-de-grupo-vidanta-en-riviera-maya\/"]}]},{"@type":"ImageObject","inLanguage":"es-MX","@id":"https:\/\/nitu.mx\/index.php\/2025\/01\/01\/semarnat-certifica-proyecto-hotelero-de-grupo-vidanta-en-riviera-maya\/#primaryimage","url":"https:\/\/nitu.mx\/wp-content\/uploads\/2019\/12\/Vidanta-Riviera-Maya.jpg","contentUrl":"https:\/\/nitu.mx\/wp-content\/uploads\/2019\/12\/Vidanta-Riviera-Maya.jpg","width":850,"height":480,"caption":"Vidanta Riviera Maya"},{"@type":"BreadcrumbList","@id":"https:\/\/nitu.mx\/index.php\/2025\/01\/01\/semarnat-certifica-proyecto-hotelero-de-grupo-vidanta-en-riviera-maya\/#breadcrumb","itemListElement":[{"@type":"ListItem","position":1,"name":"Inicio","item":"https:\/\/nitu.mx\/"},{"@type":"ListItem","position":2,"name":"Semarnat certifica proyecto hotelero de Grupo Vidanta en Riviera Maya"}]},{"@type":"WebSite","@id":"https:\/\/nitu.mx\/#website","url":"https:\/\/nitu.mx\/","name":"Nitu - Noticias de la Industria Turistica","description":"Noticias de la Industria Turistica","publisher":{"@id":"https:\/\/nitu.mx\/#\/schema\/person\/ae7a53426417292d3dd07b45a33e01bc"},"alternateName":"Noticias de la Industria Turistica","potentialAction":[{"@type":"SearchAction","target":{"@type":"EntryPoint","urlTemplate":"https:\/\/nitu.mx\/?s={search_term_string}"},"query-input":"required name=search_term_string"}],"inLanguage":"es-MX"},{"@type":["Person","Organization"],"@id":"https:\/\/nitu.mx\/#\/schema\/person\/ae7a53426417292d3dd07b45a33e01bc","name":"Arturo Medina","image":{"@type":"ImageObject","inLanguage":"es-MX","@id":"https:\/\/nitu.mx\/#\/schema\/person\/image\/","url":"https:\/\/nitu.mx\/wp-content\/uploads\/2024\/04\/4A315622-1904-4D5C-B022-878CDC840E04-90x90-1.jpeg","contentUrl":"https:\/\/nitu.mx\/wp-content\/uploads\/2024\/04\/4A315622-1904-4D5C-B022-878CDC840E04-90x90-1.jpeg","width":90,"height":90,"caption":"Arturo Medina"},"logo":{"@id":"https:\/\/nitu.mx\/#\/schema\/person\/image\/"},"description":"Director NITU.mx, Egresado de la Escuela de Periodismo Carlos Septi\u00e9n Garc\u00eda. Periodista y analista especializado en turismo desde hace 35 a\u00f1os, radicado en Canc\u00fan Q.Roo. arturo@nitu.mx","sameAs":["https:\/\/nitu.mx","https:\/\/www.facebook.com\/NITUmx\/","medinacancun","https:\/\/twitter.com\/@Arturo_Medina_G"]},{"@type":"Person","@id":"https:\/\/nitu.mx\/#\/schema\/person\/2ecd887b19dfd3382d1f14fc5acf24a8","name":"Alejandra Moncisbays","image":{"@type":"ImageObject","inLanguage":"es-MX","@id":"https:\/\/nitu.mx\/#\/schema\/person\/image\/","url":"https:\/\/secure.gravatar.com\/avatar\/e74f7af0be172b7804dacfd0bfbef787?s=96&d=mm&r=g","contentUrl":"https:\/\/secure.gravatar.com\/avatar\/e74f7af0be172b7804dacfd0bfbef787?s=96&d=mm&r=g","caption":"Alejandra Moncisbays"},"description":"Curs\u00e9 la carrera de Periodismo y Comunicaci\u00f3n en la Facultad de Estudios Profesionales Acatl\u00e1n. Vivo en Canc\u00fan desde hace 24 a\u00f1os. Fui reportera de La Tarde de Canc\u00fan, y Novedades de Quintana Roo, colabor\u00e9 en TVCUN, edit\u00e9 Cancun\u00edssimo y colabor\u00e9 en las revistas Latitud21, entre otras, con principal enfoque en los sectores empresarial y tur\u00edstico. Desde hace varios a\u00f1os soy Agente de Seguros con c\u00e9dula de la Comisi\u00f3n Nacional de Seguros y Fianzas. Actualmente, me desarrollo en los \u00e1mbitos del periodismo y el sector asegurador.","sameAs":["https:\/\/nitu.mx"],"url":"https:\/\/nitu.mx\/index.php\/author\/alejandra\/"}]}},"views":1220,"_links":{"self":[{"href":"https:\/\/nitu.mx\/index.php\/wp-json\/wp\/v2\/posts\/77990"}],"collection":[{"href":"https:\/\/nitu.mx\/index.php\/wp-json\/wp\/v2\/posts"}],"about":[{"href":"https:\/\/nitu.mx\/index.php\/wp-json\/wp\/v2\/types\/post"}],"author":[{"embeddable":true,"href":"https:\/\/nitu.mx\/index.php\/wp-json\/wp\/v2\/users\/3"}],"replies":[{"embeddable":true,"href":"https:\/\/nitu.mx\/index.php\/wp-json\/wp\/v2\/comments?post=77990"}],"version-history":[{"count":2,"href":"https:\/\/nitu.mx\/index.php\/wp-json\/wp\/v2\/posts\/77990\/revisions"}],"predecessor-version":[{"id":78007,"href":"https:\/\/nitu.mx\/index.php\/wp-json\/wp\/v2\/posts\/77990\/revisions\/78007"}],"wp:featuredmedia":[{"embeddable":true,"href":"https:\/\/nitu.mx\/index.php\/wp-json\/wp\/v2\/media\/38352"}],"wp:attachment":[{"href":"https:\/\/nitu.mx\/index.php\/wp-json\/wp\/v2\/media?parent=77990"}],"wp:term":[{"taxonomy":"category","embeddable":true,"href":"https:\/\/nitu.mx\/index.php\/wp-json\/wp\/v2\/categories?post=77990"},{"taxonomy":"post_tag","embeddable":true,"href":"https:\/\/nitu.mx\/index.php\/wp-json\/wp\/v2\/tags?post=77990"}],"curies":[{"name":"wp","href":"https:\/\/api.w.org\/{rel}","templated":true}]}}