{"id":77947,"date":"2024-12-29T21:47:50","date_gmt":"2024-12-30T03:47:50","guid":{"rendered":"https:\/\/nitu.mx\/?p=77947"},"modified":"2024-12-29T21:47:50","modified_gmt":"2024-12-30T03:47:50","slug":"quintana-roo-registra-cifra-record-en-vuelos-y-consolida-su-liderazgo-turistico-en-2024","status":"publish","type":"post","link":"https:\/\/nitu.mx\/index.php\/2024\/12\/29\/quintana-roo-registra-cifra-record-en-vuelos-y-consolida-su-liderazgo-turistico-en-2024\/","title":{"rendered":"Quintana Roo registra cifra r\u00e9cord en vuelos y consolida su liderazgo tur\u00edstico en 2024"},"content":{"rendered":"<p>En lo que va de 2024, Quintana Roo ha reafirmado su posici\u00f3n como l\u00edder mundial en turismo al alcanzar una cifra hist\u00f3rica de 765 vuelos en un solo d\u00eda en los cuatro aeropuertos internacionales del estado. Este logro se dio bajo la gesti\u00f3n de la gobernadora Mara Lezama Espinosa, quien impulsa la Nueva Era del Turismo y el fortalecimiento del Caribe Mexicano.<\/p>\n<p>Aeropuertos en cifras r\u00e9cord<br \/>\n&#8211; Aeropuerto Internacional de Canc\u00fan: El 28 de diciembre registr\u00f3 665 operaciones, siendo la tercera cifra m\u00e1s alta del a\u00f1o, solo detr\u00e1s de las 691 del 6 de enero y las 676 del 23 de marzo.<br \/>\n&#8211; Aeropuerto Internacional de Tulum, Felipe Carrillo Puerto: Igual\u00f3 su m\u00e1xima actividad desde su inauguraci\u00f3n con 56 vuelos el 21 de diciembre, evidenciando el crecimiento sostenido del turismo en la Riviera Maya.<br \/>\n&#8211; Aeropuertos de Cozumel y Chetumal: Contribuyen a la conectividad regional que sustenta el turismo diversificado en el estado.<\/p>\n<p>Conectividad a\u00e9rea: clave para el desarrollo<br \/>\nLa consolidaci\u00f3n de Quintana Roo como destino global se debe al trabajo conjunto entre autoridades, aerol\u00edneas y prestadores de servicios tur\u00edsticos. Este esfuerzo ha generado un crecimiento en rutas y frecuencias que beneficia tanto a visitantes como a residentes, al impulsar la econom\u00eda y generar empleos.<\/p>\n<p>\u201cEl flujo constante de vuelos refleja la creciente demanda y la posici\u00f3n privilegiada de Quintana Roo en el turismo mundial\u201d, afirm\u00f3 Bernardo Cueto, secretario de Turismo estatal.<\/p>\n<p>Perspectivas futuras<br \/>\nLa Secretar\u00eda de Turismo de Quintana Roo sigue trabajando con aerol\u00edneas para fortalecer las relaciones estrat\u00e9gicas y ampliar las opciones de conectividad. Estos logros se traducen en prosperidad compartida, reafirmando el compromiso de Quintana Roo con el desarrollo sostenible y el bienestar de sus habitantes. (<a href=\"https:\/\/nitu.mx\/index.php\/2024\/12\/22\/21-de-diciembre-record-historico-de-quintana-roo-con-762-vuelos-en-un-dia\/\">21 de Diciembre: R\u00e9cord hist\u00f3rico de Quintana Roo con 762 vuelos en un d\u00eda<\/a>).<\/p>\n","protected":false},"excerpt":{"rendered":"<p>En lo que va de 2024, Quintana Roo ha reafirmado su posici\u00f3n como l\u00edder mundial en turismo al alcanzar una cifra hist\u00f3rica de 765 vuelos en un solo d\u00eda en los cuatro aeropuertos internacionales del estado. Este logro se dio bajo la gesti\u00f3n de la gobernadora Mara Lezama Espinosa, quien impulsa la Nueva Era del [&hellip;]<\/p>\n","protected":false},"author":3,"featured_media":77950,"comment_status":"open","ping_status":"open","sticky":false,"template":"","format":"standard","meta":{"footnotes":""},"categories":[19462,18475],"tags":[13931,43,12278,14028,260,1153,4042],"yoast_head":"<!-- This site is optimized with the Yoast SEO plugin v22.2 - https:\/\/yoast.com\/wordpress\/plugins\/seo\/ -->\n<title>Quintana Roo registra cifra r\u00e9cord en vuelos y consolida su liderazgo tur\u00edstico en 2024 - Nitu - Noticias de la Industria Turistica<\/title>\n<meta name=\"robots\" content=\"index, follow, max-snippet:-1, max-image-preview:large, max-video-preview:-1\" \/>\n<link rel=\"canonical\" href=\"https:\/\/nitu.mx\/index.php\/2024\/12\/29\/quintana-roo-registra-cifra-record-en-vuelos-y-consolida-su-liderazgo-turistico-en-2024\/\" \/>\n<meta name=\"twitter:card\" content=\"summary_large_image\" \/>\n<meta name=\"twitter:title\" content=\"Quintana Roo registra cifra r\u00e9cord en vuelos y consolida su liderazgo tur\u00edstico en 2024 - Nitu - Noticias de la Industria Turistica\" \/>\n<meta name=\"twitter:description\" content=\"En lo que va de 2024, Quintana Roo ha reafirmado su posici\u00f3n como l\u00edder mundial en turismo al alcanzar una cifra hist\u00f3rica de 765 vuelos en un solo d\u00eda en los cuatro aeropuertos internacionales del estado. Este logro se dio bajo la gesti\u00f3n de la gobernadora Mara Lezama Espinosa, quien impulsa la Nueva Era del [&hellip;]\" \/>\n<meta name=\"twitter:image\" content=\"https:\/\/nitu.mx\/wp-content\/uploads\/2024\/12\/Aeropuerto-de-Cancun-2024.jpg\" \/>\n<meta name=\"twitter:creator\" content=\"@NITUmx\" \/>\n<meta name=\"twitter:site\" content=\"@Arturo_Medina_G\" \/>\n<meta name=\"twitter:label1\" content=\"Escrito por\" \/>\n\t<meta name=\"twitter:data1\" content=\"Alejandra Moncisbays\" \/>\n\t<meta name=\"twitter:label2\" content=\"Tiempo de lectura\" \/>\n\t<meta name=\"twitter:data2\" content=\"2 minutos\" \/>\n<script type=\"application\/ld+json\" class=\"yoast-schema-graph\">{\"@context\":\"https:\/\/schema.org\",\"@graph\":[{\"@type\":\"Article\",\"@id\":\"https:\/\/nitu.mx\/index.php\/2024\/12\/29\/quintana-roo-registra-cifra-record-en-vuelos-y-consolida-su-liderazgo-turistico-en-2024\/#article\",\"isPartOf\":{\"@id\":\"https:\/\/nitu.mx\/index.php\/2024\/12\/29\/quintana-roo-registra-cifra-record-en-vuelos-y-consolida-su-liderazgo-turistico-en-2024\/\"},\"author\":{\"name\":\"Alejandra Moncisbays\",\"@id\":\"https:\/\/nitu.mx\/#\/schema\/person\/2ecd887b19dfd3382d1f14fc5acf24a8\"},\"headline\":\"Quintana Roo registra cifra r\u00e9cord en vuelos y consolida su liderazgo tur\u00edstico en 2024\",\"datePublished\":\"2024-12-30T03:47:50+00:00\",\"dateModified\":\"2024-12-30T03:47:50+00:00\",\"mainEntityOfPage\":{\"@id\":\"https:\/\/nitu.mx\/index.php\/2024\/12\/29\/quintana-roo-registra-cifra-record-en-vuelos-y-consolida-su-liderazgo-turistico-en-2024\/\"},\"wordCount\":320,\"commentCount\":0,\"publisher\":{\"@id\":\"https:\/\/nitu.mx\/#\/schema\/person\/ae7a53426417292d3dd07b45a33e01bc\"},\"image\":{\"@id\":\"https:\/\/nitu.mx\/index.php\/2024\/12\/29\/quintana-roo-registra-cifra-record-en-vuelos-y-consolida-su-liderazgo-turistico-en-2024\/#primaryimage\"},\"thumbnailUrl\":\"https:\/\/nitu.mx\/wp-content\/uploads\/2024\/12\/Aeropuerto-de-Cancun-2024.jpg\",\"keywords\":[\"Bernardo Cueto\",\"Canc\u00fan\",\"liderazgo\",\"Mara Lezama\",\"Quintana Roo\",\"Sedetur\",\"Vuelos\"],\"articleSection\":[\"Aeropuertos\",\"Caribe Mexicano\"],\"inLanguage\":\"es-MX\",\"potentialAction\":[{\"@type\":\"CommentAction\",\"name\":\"Comment\",\"target\":[\"https:\/\/nitu.mx\/index.php\/2024\/12\/29\/quintana-roo-registra-cifra-record-en-vuelos-y-consolida-su-liderazgo-turistico-en-2024\/#respond\"]}]},{\"@type\":\"WebPage\",\"@id\":\"https:\/\/nitu.mx\/index.php\/2024\/12\/29\/quintana-roo-registra-cifra-record-en-vuelos-y-consolida-su-liderazgo-turistico-en-2024\/\",\"url\":\"https:\/\/nitu.mx\/index.php\/2024\/12\/29\/quintana-roo-registra-cifra-record-en-vuelos-y-consolida-su-liderazgo-turistico-en-2024\/\",\"name\":\"Quintana Roo registra cifra r\u00e9cord en vuelos y consolida su liderazgo tur\u00edstico en 2024 - Nitu - Noticias de la Industria Turistica\",\"isPartOf\":{\"@id\":\"https:\/\/nitu.mx\/#website\"},\"primaryImageOfPage\":{\"@id\":\"https:\/\/nitu.mx\/index.php\/2024\/12\/29\/quintana-roo-registra-cifra-record-en-vuelos-y-consolida-su-liderazgo-turistico-en-2024\/#primaryimage\"},\"image\":{\"@id\":\"https:\/\/nitu.mx\/index.php\/2024\/12\/29\/quintana-roo-registra-cifra-record-en-vuelos-y-consolida-su-liderazgo-turistico-en-2024\/#primaryimage\"},\"thumbnailUrl\":\"https:\/\/nitu.mx\/wp-content\/uploads\/2024\/12\/Aeropuerto-de-Cancun-2024.jpg\",\"datePublished\":\"2024-12-30T03:47:50+00:00\",\"dateModified\":\"2024-12-30T03:47:50+00:00\",\"breadcrumb\":{\"@id\":\"https:\/\/nitu.mx\/index.php\/2024\/12\/29\/quintana-roo-registra-cifra-record-en-vuelos-y-consolida-su-liderazgo-turistico-en-2024\/#breadcrumb\"},\"inLanguage\":\"es-MX\",\"potentialAction\":[{\"@type\":\"ReadAction\",\"target\":[\"https:\/\/nitu.mx\/index.php\/2024\/12\/29\/quintana-roo-registra-cifra-record-en-vuelos-y-consolida-su-liderazgo-turistico-en-2024\/\"]}]},{\"@type\":\"ImageObject\",\"inLanguage\":\"es-MX\",\"@id\":\"https:\/\/nitu.mx\/index.php\/2024\/12\/29\/quintana-roo-registra-cifra-record-en-vuelos-y-consolida-su-liderazgo-turistico-en-2024\/#primaryimage\",\"url\":\"https:\/\/nitu.mx\/wp-content\/uploads\/2024\/12\/Aeropuerto-de-Cancun-2024.jpg\",\"contentUrl\":\"https:\/\/nitu.mx\/wp-content\/uploads\/2024\/12\/Aeropuerto-de-Cancun-2024.jpg\",\"width\":1200,\"height\":675,\"caption\":\"Aeropuerto de Canc\u00fan 2024\"},{\"@type\":\"BreadcrumbList\",\"@id\":\"https:\/\/nitu.mx\/index.php\/2024\/12\/29\/quintana-roo-registra-cifra-record-en-vuelos-y-consolida-su-liderazgo-turistico-en-2024\/#breadcrumb\",\"itemListElement\":[{\"@type\":\"ListItem\",\"position\":1,\"name\":\"Inicio\",\"item\":\"https:\/\/nitu.mx\/\"},{\"@type\":\"ListItem\",\"position\":2,\"name\":\"Quintana Roo registra cifra r\u00e9cord en vuelos y consolida su liderazgo tur\u00edstico en 2024\"}]},{\"@type\":\"WebSite\",\"@id\":\"https:\/\/nitu.mx\/#website\",\"url\":\"https:\/\/nitu.mx\/\",\"name\":\"Nitu - Noticias de la Industria Turistica\",\"description\":\"Noticias de la Industria Turistica\",\"publisher\":{\"@id\":\"https:\/\/nitu.mx\/#\/schema\/person\/ae7a53426417292d3dd07b45a33e01bc\"},\"alternateName\":\"Noticias de la Industria Turistica\",\"potentialAction\":[{\"@type\":\"SearchAction\",\"target\":{\"@type\":\"EntryPoint\",\"urlTemplate\":\"https:\/\/nitu.mx\/?s={search_term_string}\"},\"query-input\":\"required name=search_term_string\"}],\"inLanguage\":\"es-MX\"},{\"@type\":[\"Person\",\"Organization\"],\"@id\":\"https:\/\/nitu.mx\/#\/schema\/person\/ae7a53426417292d3dd07b45a33e01bc\",\"name\":\"Arturo Medina\",\"image\":{\"@type\":\"ImageObject\",\"inLanguage\":\"es-MX\",\"@id\":\"https:\/\/nitu.mx\/#\/schema\/person\/image\/\",\"url\":\"https:\/\/nitu.mx\/wp-content\/uploads\/2024\/04\/4A315622-1904-4D5C-B022-878CDC840E04-90x90-1.jpeg\",\"contentUrl\":\"https:\/\/nitu.mx\/wp-content\/uploads\/2024\/04\/4A315622-1904-4D5C-B022-878CDC840E04-90x90-1.jpeg\",\"width\":90,\"height\":90,\"caption\":\"Arturo Medina\"},\"logo\":{\"@id\":\"https:\/\/nitu.mx\/#\/schema\/person\/image\/\"},\"description\":\"Director NITU.mx, Egresado de la Escuela de Periodismo Carlos Septi\u00e9n Garc\u00eda. Periodista y analista especializado en turismo desde hace 35 a\u00f1os, radicado en Canc\u00fan Q.Roo. arturo@nitu.mx\",\"sameAs\":[\"https:\/\/nitu.mx\",\"https:\/\/www.facebook.com\/NITUmx\/\",\"medinacancun\",\"https:\/\/twitter.com\/@Arturo_Medina_G\"]},{\"@type\":\"Person\",\"@id\":\"https:\/\/nitu.mx\/#\/schema\/person\/2ecd887b19dfd3382d1f14fc5acf24a8\",\"name\":\"Alejandra Moncisbays\",\"image\":{\"@type\":\"ImageObject\",\"inLanguage\":\"es-MX\",\"@id\":\"https:\/\/nitu.mx\/#\/schema\/person\/image\/\",\"url\":\"https:\/\/secure.gravatar.com\/avatar\/e74f7af0be172b7804dacfd0bfbef787?s=96&d=mm&r=g\",\"contentUrl\":\"https:\/\/secure.gravatar.com\/avatar\/e74f7af0be172b7804dacfd0bfbef787?s=96&d=mm&r=g\",\"caption\":\"Alejandra Moncisbays\"},\"description\":\"Curs\u00e9 la carrera de Periodismo y Comunicaci\u00f3n en la Facultad de Estudios Profesionales Acatl\u00e1n. Vivo en Canc\u00fan desde hace 24 a\u00f1os. Fui reportera de La Tarde de Canc\u00fan, y Novedades de Quintana Roo, colabor\u00e9 en TVCUN, edit\u00e9 Cancun\u00edssimo y colabor\u00e9 en las revistas Latitud21, entre otras, con principal enfoque en los sectores empresarial y tur\u00edstico. Desde hace varios a\u00f1os soy Agente de Seguros con c\u00e9dula de la Comisi\u00f3n Nacional de Seguros y Fianzas. Actualmente, me desarrollo en los \u00e1mbitos del periodismo y el sector asegurador.\",\"sameAs\":[\"https:\/\/nitu.mx\"],\"url\":\"https:\/\/nitu.mx\/index.php\/author\/alejandra\/\"}]}<\/script>\n<!-- \/ Yoast SEO plugin. -->","yoast_head_json":{"title":"Quintana Roo registra cifra r\u00e9cord en vuelos y consolida su liderazgo tur\u00edstico en 2024 - Nitu - Noticias de la Industria Turistica","robots":{"index":"index","follow":"follow","max-snippet":"max-snippet:-1","max-image-preview":"max-image-preview:large","max-video-preview":"max-video-preview:-1"},"canonical":"https:\/\/nitu.mx\/index.php\/2024\/12\/29\/quintana-roo-registra-cifra-record-en-vuelos-y-consolida-su-liderazgo-turistico-en-2024\/","twitter_card":"summary_large_image","twitter_title":"Quintana Roo registra cifra r\u00e9cord en vuelos y consolida su liderazgo tur\u00edstico en 2024 - Nitu - Noticias de la Industria Turistica","twitter_description":"En lo que va de 2024, Quintana Roo ha reafirmado su posici\u00f3n como l\u00edder mundial en turismo al alcanzar una cifra hist\u00f3rica de 765 vuelos en un solo d\u00eda en los cuatro aeropuertos internacionales del estado. Este logro se dio bajo la gesti\u00f3n de la gobernadora Mara Lezama Espinosa, quien impulsa la Nueva Era del [&hellip;]","twitter_image":"https:\/\/nitu.mx\/wp-content\/uploads\/2024\/12\/Aeropuerto-de-Cancun-2024.jpg","twitter_creator":"@NITUmx","twitter_site":"@Arturo_Medina_G","twitter_misc":{"Escrito por":"Alejandra Moncisbays","Tiempo de lectura":"2 minutos"},"schema":{"@context":"https:\/\/schema.org","@graph":[{"@type":"Article","@id":"https:\/\/nitu.mx\/index.php\/2024\/12\/29\/quintana-roo-registra-cifra-record-en-vuelos-y-consolida-su-liderazgo-turistico-en-2024\/#article","isPartOf":{"@id":"https:\/\/nitu.mx\/index.php\/2024\/12\/29\/quintana-roo-registra-cifra-record-en-vuelos-y-consolida-su-liderazgo-turistico-en-2024\/"},"author":{"name":"Alejandra Moncisbays","@id":"https:\/\/nitu.mx\/#\/schema\/person\/2ecd887b19dfd3382d1f14fc5acf24a8"},"headline":"Quintana Roo registra cifra r\u00e9cord en vuelos y consolida su liderazgo tur\u00edstico en 2024","datePublished":"2024-12-30T03:47:50+00:00","dateModified":"2024-12-30T03:47:50+00:00","mainEntityOfPage":{"@id":"https:\/\/nitu.mx\/index.php\/2024\/12\/29\/quintana-roo-registra-cifra-record-en-vuelos-y-consolida-su-liderazgo-turistico-en-2024\/"},"wordCount":320,"commentCount":0,"publisher":{"@id":"https:\/\/nitu.mx\/#\/schema\/person\/ae7a53426417292d3dd07b45a33e01bc"},"image":{"@id":"https:\/\/nitu.mx\/index.php\/2024\/12\/29\/quintana-roo-registra-cifra-record-en-vuelos-y-consolida-su-liderazgo-turistico-en-2024\/#primaryimage"},"thumbnailUrl":"https:\/\/nitu.mx\/wp-content\/uploads\/2024\/12\/Aeropuerto-de-Cancun-2024.jpg","keywords":["Bernardo Cueto","Canc\u00fan","liderazgo","Mara Lezama","Quintana Roo","Sedetur","Vuelos"],"articleSection":["Aeropuertos","Caribe Mexicano"],"inLanguage":"es-MX","potentialAction":[{"@type":"CommentAction","name":"Comment","target":["https:\/\/nitu.mx\/index.php\/2024\/12\/29\/quintana-roo-registra-cifra-record-en-vuelos-y-consolida-su-liderazgo-turistico-en-2024\/#respond"]}]},{"@type":"WebPage","@id":"https:\/\/nitu.mx\/index.php\/2024\/12\/29\/quintana-roo-registra-cifra-record-en-vuelos-y-consolida-su-liderazgo-turistico-en-2024\/","url":"https:\/\/nitu.mx\/index.php\/2024\/12\/29\/quintana-roo-registra-cifra-record-en-vuelos-y-consolida-su-liderazgo-turistico-en-2024\/","name":"Quintana Roo registra cifra r\u00e9cord en vuelos y consolida su liderazgo tur\u00edstico en 2024 - Nitu - Noticias de la Industria Turistica","isPartOf":{"@id":"https:\/\/nitu.mx\/#website"},"primaryImageOfPage":{"@id":"https:\/\/nitu.mx\/index.php\/2024\/12\/29\/quintana-roo-registra-cifra-record-en-vuelos-y-consolida-su-liderazgo-turistico-en-2024\/#primaryimage"},"image":{"@id":"https:\/\/nitu.mx\/index.php\/2024\/12\/29\/quintana-roo-registra-cifra-record-en-vuelos-y-consolida-su-liderazgo-turistico-en-2024\/#primaryimage"},"thumbnailUrl":"https:\/\/nitu.mx\/wp-content\/uploads\/2024\/12\/Aeropuerto-de-Cancun-2024.jpg","datePublished":"2024-12-30T03:47:50+00:00","dateModified":"2024-12-30T03:47:50+00:00","breadcrumb":{"@id":"https:\/\/nitu.mx\/index.php\/2024\/12\/29\/quintana-roo-registra-cifra-record-en-vuelos-y-consolida-su-liderazgo-turistico-en-2024\/#breadcrumb"},"inLanguage":"es-MX","potentialAction":[{"@type":"ReadAction","target":["https:\/\/nitu.mx\/index.php\/2024\/12\/29\/quintana-roo-registra-cifra-record-en-vuelos-y-consolida-su-liderazgo-turistico-en-2024\/"]}]},{"@type":"ImageObject","inLanguage":"es-MX","@id":"https:\/\/nitu.mx\/index.php\/2024\/12\/29\/quintana-roo-registra-cifra-record-en-vuelos-y-consolida-su-liderazgo-turistico-en-2024\/#primaryimage","url":"https:\/\/nitu.mx\/wp-content\/uploads\/2024\/12\/Aeropuerto-de-Cancun-2024.jpg","contentUrl":"https:\/\/nitu.mx\/wp-content\/uploads\/2024\/12\/Aeropuerto-de-Cancun-2024.jpg","width":1200,"height":675,"caption":"Aeropuerto de Canc\u00fan 2024"},{"@type":"BreadcrumbList","@id":"https:\/\/nitu.mx\/index.php\/2024\/12\/29\/quintana-roo-registra-cifra-record-en-vuelos-y-consolida-su-liderazgo-turistico-en-2024\/#breadcrumb","itemListElement":[{"@type":"ListItem","position":1,"name":"Inicio","item":"https:\/\/nitu.mx\/"},{"@type":"ListItem","position":2,"name":"Quintana Roo registra cifra r\u00e9cord en vuelos y consolida su liderazgo tur\u00edstico en 2024"}]},{"@type":"WebSite","@id":"https:\/\/nitu.mx\/#website","url":"https:\/\/nitu.mx\/","name":"Nitu - Noticias de la Industria Turistica","description":"Noticias de la Industria Turistica","publisher":{"@id":"https:\/\/nitu.mx\/#\/schema\/person\/ae7a53426417292d3dd07b45a33e01bc"},"alternateName":"Noticias de la Industria Turistica","potentialAction":[{"@type":"SearchAction","target":{"@type":"EntryPoint","urlTemplate":"https:\/\/nitu.mx\/?s={search_term_string}"},"query-input":"required name=search_term_string"}],"inLanguage":"es-MX"},{"@type":["Person","Organization"],"@id":"https:\/\/nitu.mx\/#\/schema\/person\/ae7a53426417292d3dd07b45a33e01bc","name":"Arturo Medina","image":{"@type":"ImageObject","inLanguage":"es-MX","@id":"https:\/\/nitu.mx\/#\/schema\/person\/image\/","url":"https:\/\/nitu.mx\/wp-content\/uploads\/2024\/04\/4A315622-1904-4D5C-B022-878CDC840E04-90x90-1.jpeg","contentUrl":"https:\/\/nitu.mx\/wp-content\/uploads\/2024\/04\/4A315622-1904-4D5C-B022-878CDC840E04-90x90-1.jpeg","width":90,"height":90,"caption":"Arturo Medina"},"logo":{"@id":"https:\/\/nitu.mx\/#\/schema\/person\/image\/"},"description":"Director NITU.mx, Egresado de la Escuela de Periodismo Carlos Septi\u00e9n Garc\u00eda. Periodista y analista especializado en turismo desde hace 35 a\u00f1os, radicado en Canc\u00fan Q.Roo. arturo@nitu.mx","sameAs":["https:\/\/nitu.mx","https:\/\/www.facebook.com\/NITUmx\/","medinacancun","https:\/\/twitter.com\/@Arturo_Medina_G"]},{"@type":"Person","@id":"https:\/\/nitu.mx\/#\/schema\/person\/2ecd887b19dfd3382d1f14fc5acf24a8","name":"Alejandra Moncisbays","image":{"@type":"ImageObject","inLanguage":"es-MX","@id":"https:\/\/nitu.mx\/#\/schema\/person\/image\/","url":"https:\/\/secure.gravatar.com\/avatar\/e74f7af0be172b7804dacfd0bfbef787?s=96&d=mm&r=g","contentUrl":"https:\/\/secure.gravatar.com\/avatar\/e74f7af0be172b7804dacfd0bfbef787?s=96&d=mm&r=g","caption":"Alejandra Moncisbays"},"description":"Curs\u00e9 la carrera de Periodismo y Comunicaci\u00f3n en la Facultad de Estudios Profesionales Acatl\u00e1n. Vivo en Canc\u00fan desde hace 24 a\u00f1os. Fui reportera de La Tarde de Canc\u00fan, y Novedades de Quintana Roo, colabor\u00e9 en TVCUN, edit\u00e9 Cancun\u00edssimo y colabor\u00e9 en las revistas Latitud21, entre otras, con principal enfoque en los sectores empresarial y tur\u00edstico. Desde hace varios a\u00f1os soy Agente de Seguros con c\u00e9dula de la Comisi\u00f3n Nacional de Seguros y Fianzas. Actualmente, me desarrollo en los \u00e1mbitos del periodismo y el sector asegurador.","sameAs":["https:\/\/nitu.mx"],"url":"https:\/\/nitu.mx\/index.php\/author\/alejandra\/"}]}},"views":579,"_links":{"self":[{"href":"https:\/\/nitu.mx\/index.php\/wp-json\/wp\/v2\/posts\/77947"}],"collection":[{"href":"https:\/\/nitu.mx\/index.php\/wp-json\/wp\/v2\/posts"}],"about":[{"href":"https:\/\/nitu.mx\/index.php\/wp-json\/wp\/v2\/types\/post"}],"author":[{"embeddable":true,"href":"https:\/\/nitu.mx\/index.php\/wp-json\/wp\/v2\/users\/3"}],"replies":[{"embeddable":true,"href":"https:\/\/nitu.mx\/index.php\/wp-json\/wp\/v2\/comments?post=77947"}],"version-history":[{"count":2,"href":"https:\/\/nitu.mx\/index.php\/wp-json\/wp\/v2\/posts\/77947\/revisions"}],"predecessor-version":[{"id":77951,"href":"https:\/\/nitu.mx\/index.php\/wp-json\/wp\/v2\/posts\/77947\/revisions\/77951"}],"wp:featuredmedia":[{"embeddable":true,"href":"https:\/\/nitu.mx\/index.php\/wp-json\/wp\/v2\/media\/77950"}],"wp:attachment":[{"href":"https:\/\/nitu.mx\/index.php\/wp-json\/wp\/v2\/media?parent=77947"}],"wp:term":[{"taxonomy":"category","embeddable":true,"href":"https:\/\/nitu.mx\/index.php\/wp-json\/wp\/v2\/categories?post=77947"},{"taxonomy":"post_tag","embeddable":true,"href":"https:\/\/nitu.mx\/index.php\/wp-json\/wp\/v2\/tags?post=77947"}],"curies":[{"name":"wp","href":"https:\/\/api.w.org\/{rel}","templated":true}]}}