{"id":77924,"date":"2024-12-28T01:41:03","date_gmt":"2024-12-28T07:41:03","guid":{"rendered":"https:\/\/nitu.mx\/?p=77924"},"modified":"2024-12-28T01:41:09","modified_gmt":"2024-12-28T07:41:09","slug":"cancela-royal-caribbean-llegadas-a-manzanillo-por-alerta-de-viaje","status":"publish","type":"post","link":"https:\/\/nitu.mx\/index.php\/2024\/12\/28\/cancela-royal-caribbean-llegadas-a-manzanillo-por-alerta-de-viaje\/","title":{"rendered":"Cancela Royal Caribbean llegadas a Manzanillo por alerta de viaje"},"content":{"rendered":"\n<p>La industria tur\u00edstica enfrenta nuevamente desaf\u00edos derivados de la inseguridad en destinos clave. Esta vez, el\u00a0puerto de Manzanillo, ubicado en el estado mexicano de\u00a0<strong>Colima<\/strong>, ha sido el epicentro de una alerta de viaje emitida por el\u00a0Departamento de Estado de Estados Unidos..\u00a0El aviso, clasificado como Nivel 4, el m\u00e1s alto en t\u00e9rminos de riesgo, ha provocado una medida dr\u00e1stica por parte de la naviera Royal Caribbean, que ha decidido retirar esta escala de sus itinerarios.<\/p>\n\n\n\n<p>El impacto no solo afecta a la compa\u00f1\u00eda y sus pasajeros, sino que tambi\u00e9n golpea con fuerza la econom\u00eda local, que depende en gran medida del turismo de cruceros, al a\u00f1o el puerto recibe al menos 80 mil visitantes via crucero La situaci\u00f3n evidencia la complejidad de operar en regiones donde la inseguridad se ha convertido en un desaf\u00edo persistente.<\/p>\n\n\n\n<p>La decisi\u00f3n de suspender los viajes al puerto de\u00a0Manzanillo\u00a0surgi\u00f3 tras la alerta emitida por el\u00a0Departamento<a href=\"https:\/\/larepublica.pe\/estados-unidos\/2024\/12\/27\/nueva-norma-migratoria-del-dhs-en-estados-unidos-da-menos-opciones-para-defender-el-asilo-y-acelerar-las-deportaciones-lrtmus-973161\"> <\/a>de<a href=\"https:\/\/larepublica.pe\/estados-unidos\/2024\/12\/27\/nueva-norma-migratoria-del-dhs-en-estados-unidos-da-menos-opciones-para-defender-el-asilo-y-acelerar-las-deportaciones-lrtmus-973161\"> <\/a>Estado de Estados Unidos, que advirti\u00f3 sobre niveles cr\u00edticos de violencia en la regi\u00f3n. El informe se\u00f1al\u00f3 la presencia de crimen organizado, homicidios y secuestros, afectando tanto a ciudadanos locales como a visitantes extranjeros. De acuerdo con datos oficiales, el estado de\u00a0Colima\u00a0tiene una de las tasas de homicidios m\u00e1s elevadas en M\u00e9xico, con 22 asesinatos por cada 100.000 habitantes. Esta cifra supera significativamente el promedio nacional y refleja un entorno de riesgo constante.<\/p>\n\n\n\n<p>Aunque Manzanillo no es el puerto m\u00e1s importnte para cruceros en el pais, si es una llamada de atencion que ni deben perder de vista los destinos que en realidad lideran este rubro y que sus economias realmente dependen de los pasajero que desembarcan, como Cozumel y Mahahual en Quintana Roo, La Paz en Baja Califormia y Puerto Vallarta en Jalisco. <\/p>\n\n\n\n<p>La cancelaci\u00f3n de escalas en\u00a0Manzanillo\u00a0por parte de\u00a0Royal Caribbean\u00a0representa un golpe considerable para la econom\u00eda local. El puerto es un destino tur\u00edstico clave que depende de la llegada de cruceros para sostener negocios locales, desde restaurantes hasta artesanos y operadores tur\u00edsticos.<\/p>\n\n\n\n<p>El sector tur\u00edstico ha sido uno de los m\u00e1s afectados por la percepci\u00f3n negativa en torno a la seguridad. Aunque las autoridades locales han intentado reforzar las medidas de protecci\u00f3n, la alerta internacional ha generado una ca\u00edda en la confianza de los visitantes.<\/p>\n\n\n\n<p>Empresarios locales han expresado su preocupaci\u00f3n, ya que el turismo de cruceros no solo genera ingresos directos, sino que tambi\u00e9n impulsa la econom\u00eda indirectamente a trav\u00e9s de empleos y servicios.<\/p>\n\n\n\n<p>La suspensi\u00f3n de las escalas en Manzanillo no solo afecta a los negocios locales, sino tambi\u00e9n a los pasajeros que ten\u00edan previsto visitar este destino. Royal Caribbean ha informado que las rutas afectadas ser\u00e1n ajustadas para evitar el puerto, priorizando siempre la seguridad de sus clientes y tripulaci\u00f3n.<\/p>\n\n\n\n<p>La industria de cruceros se enfrenta constantemente a desaf\u00edos relacionados con la seguridad en destinos tur\u00edsticos clave. Las compa\u00f1\u00edas deben equilibrar la experiencia de los pasajeros con la responsabilidad de proteger su integridad f\u00edsica.<\/p>\n\n\n\n<p>A largo plazo, la incertidumbre sobre el regreso de los cruceros a Manzanillo depender\u00e1 de los esfuerzos por parte de las autoridades locales para reducir los \u00edndices de violencia y ofrecer garant\u00edas reales a las empresas y turistas.<\/p>\n\n\n\n<p><\/p>\n","protected":false},"excerpt":{"rendered":"<p>La industria tur\u00edstica enfrenta nuevamente desaf\u00edos derivados de la inseguridad en destinos clave. Esta vez, el\u00a0puerto de Manzanillo, ubicado en el estado mexicano de\u00a0Colima, ha sido el epicentro de una alerta de viaje emitida por el\u00a0Departamento de Estado de Estados Unidos..\u00a0El aviso, clasificado como Nivel 4, el m\u00e1s alto en t\u00e9rminos de riesgo, ha provocado [&hellip;]<\/p>\n","protected":false},"author":2,"featured_media":77927,"comment_status":"open","ping_status":"open","sticky":false,"template":"","format":"standard","meta":{"footnotes":""},"categories":[4],"tags":[242,1076],"yoast_head":"<!-- This site is optimized with the Yoast SEO plugin v22.2 - https:\/\/yoast.com\/wordpress\/plugins\/seo\/ -->\n<title>Cancela Royal Caribbean llegadas a Manzanillo por alerta de viaje - Nitu - Noticias de la Industria Turistica<\/title>\n<meta name=\"robots\" content=\"index, follow, max-snippet:-1, max-image-preview:large, max-video-preview:-1\" \/>\n<link rel=\"canonical\" href=\"https:\/\/nitu.mx\/index.php\/2024\/12\/28\/cancela-royal-caribbean-llegadas-a-manzanillo-por-alerta-de-viaje\/\" \/>\n<meta name=\"twitter:card\" content=\"summary_large_image\" \/>\n<meta name=\"twitter:title\" content=\"Cancela Royal Caribbean llegadas a Manzanillo por alerta de viaje - Nitu - Noticias de la Industria Turistica\" \/>\n<meta name=\"twitter:description\" content=\"La industria tur\u00edstica enfrenta nuevamente desaf\u00edos derivados de la inseguridad en destinos clave. Esta vez, el\u00a0puerto de Manzanillo, ubicado en el estado mexicano de\u00a0Colima, ha sido el epicentro de una alerta de viaje emitida por el\u00a0Departamento de Estado de Estados Unidos..\u00a0El aviso, clasificado como Nivel 4, el m\u00e1s alto en t\u00e9rminos de riesgo, ha provocado [&hellip;]\" \/>\n<meta name=\"twitter:image\" content=\"https:\/\/nitu.mx\/wp-content\/uploads\/2024\/12\/colima.jpg\" \/>\n<meta name=\"twitter:creator\" content=\"@Arturo_Medina_G\" \/>\n<meta name=\"twitter:site\" content=\"@Arturo_Medina_G\" \/>\n<meta name=\"twitter:label1\" content=\"Escrito por\" \/>\n\t<meta name=\"twitter:data1\" content=\"Arturo Medina\" \/>\n\t<meta name=\"twitter:label2\" content=\"Tiempo de lectura\" \/>\n\t<meta name=\"twitter:data2\" content=\"3 minutos\" \/>\n<script type=\"application\/ld+json\" class=\"yoast-schema-graph\">{\"@context\":\"https:\/\/schema.org\",\"@graph\":[{\"@type\":\"Article\",\"@id\":\"https:\/\/nitu.mx\/index.php\/2024\/12\/28\/cancela-royal-caribbean-llegadas-a-manzanillo-por-alerta-de-viaje\/#article\",\"isPartOf\":{\"@id\":\"https:\/\/nitu.mx\/index.php\/2024\/12\/28\/cancela-royal-caribbean-llegadas-a-manzanillo-por-alerta-de-viaje\/\"},\"author\":{\"name\":\"Arturo Medina\",\"@id\":\"https:\/\/nitu.mx\/#\/schema\/person\/ae7a53426417292d3dd07b45a33e01bc\"},\"headline\":\"Cancela Royal Caribbean llegadas a Manzanillo por alerta de viaje\",\"datePublished\":\"2024-12-28T07:41:03+00:00\",\"dateModified\":\"2024-12-28T07:41:09+00:00\",\"mainEntityOfPage\":{\"@id\":\"https:\/\/nitu.mx\/index.php\/2024\/12\/28\/cancela-royal-caribbean-llegadas-a-manzanillo-por-alerta-de-viaje\/\"},\"wordCount\":577,\"commentCount\":0,\"publisher\":{\"@id\":\"https:\/\/nitu.mx\/#\/schema\/person\/ae7a53426417292d3dd07b45a33e01bc\"},\"image\":{\"@id\":\"https:\/\/nitu.mx\/index.php\/2024\/12\/28\/cancela-royal-caribbean-llegadas-a-manzanillo-por-alerta-de-viaje\/#primaryimage\"},\"thumbnailUrl\":\"https:\/\/nitu.mx\/wp-content\/uploads\/2024\/12\/colima.jpg\",\"keywords\":[\"Manzanillo\",\"Royal Caribbean\"],\"articleSection\":[\"Cruceros\"],\"inLanguage\":\"es-MX\",\"potentialAction\":[{\"@type\":\"CommentAction\",\"name\":\"Comment\",\"target\":[\"https:\/\/nitu.mx\/index.php\/2024\/12\/28\/cancela-royal-caribbean-llegadas-a-manzanillo-por-alerta-de-viaje\/#respond\"]}]},{\"@type\":\"WebPage\",\"@id\":\"https:\/\/nitu.mx\/index.php\/2024\/12\/28\/cancela-royal-caribbean-llegadas-a-manzanillo-por-alerta-de-viaje\/\",\"url\":\"https:\/\/nitu.mx\/index.php\/2024\/12\/28\/cancela-royal-caribbean-llegadas-a-manzanillo-por-alerta-de-viaje\/\",\"name\":\"Cancela Royal Caribbean llegadas a Manzanillo por alerta de viaje - Nitu - Noticias de la Industria Turistica\",\"isPartOf\":{\"@id\":\"https:\/\/nitu.mx\/#website\"},\"primaryImageOfPage\":{\"@id\":\"https:\/\/nitu.mx\/index.php\/2024\/12\/28\/cancela-royal-caribbean-llegadas-a-manzanillo-por-alerta-de-viaje\/#primaryimage\"},\"image\":{\"@id\":\"https:\/\/nitu.mx\/index.php\/2024\/12\/28\/cancela-royal-caribbean-llegadas-a-manzanillo-por-alerta-de-viaje\/#primaryimage\"},\"thumbnailUrl\":\"https:\/\/nitu.mx\/wp-content\/uploads\/2024\/12\/colima.jpg\",\"datePublished\":\"2024-12-28T07:41:03+00:00\",\"dateModified\":\"2024-12-28T07:41:09+00:00\",\"breadcrumb\":{\"@id\":\"https:\/\/nitu.mx\/index.php\/2024\/12\/28\/cancela-royal-caribbean-llegadas-a-manzanillo-por-alerta-de-viaje\/#breadcrumb\"},\"inLanguage\":\"es-MX\",\"potentialAction\":[{\"@type\":\"ReadAction\",\"target\":[\"https:\/\/nitu.mx\/index.php\/2024\/12\/28\/cancela-royal-caribbean-llegadas-a-manzanillo-por-alerta-de-viaje\/\"]}]},{\"@type\":\"ImageObject\",\"inLanguage\":\"es-MX\",\"@id\":\"https:\/\/nitu.mx\/index.php\/2024\/12\/28\/cancela-royal-caribbean-llegadas-a-manzanillo-por-alerta-de-viaje\/#primaryimage\",\"url\":\"https:\/\/nitu.mx\/wp-content\/uploads\/2024\/12\/colima.jpg\",\"contentUrl\":\"https:\/\/nitu.mx\/wp-content\/uploads\/2024\/12\/colima.jpg\",\"width\":720,\"height\":480},{\"@type\":\"BreadcrumbList\",\"@id\":\"https:\/\/nitu.mx\/index.php\/2024\/12\/28\/cancela-royal-caribbean-llegadas-a-manzanillo-por-alerta-de-viaje\/#breadcrumb\",\"itemListElement\":[{\"@type\":\"ListItem\",\"position\":1,\"name\":\"Inicio\",\"item\":\"https:\/\/nitu.mx\/\"},{\"@type\":\"ListItem\",\"position\":2,\"name\":\"Cancela Royal Caribbean llegadas a Manzanillo por alerta de viaje\"}]},{\"@type\":\"WebSite\",\"@id\":\"https:\/\/nitu.mx\/#website\",\"url\":\"https:\/\/nitu.mx\/\",\"name\":\"Nitu - Noticias de la Industria Turistica\",\"description\":\"Noticias de la Industria Turistica\",\"publisher\":{\"@id\":\"https:\/\/nitu.mx\/#\/schema\/person\/ae7a53426417292d3dd07b45a33e01bc\"},\"alternateName\":\"Noticias de la Industria Turistica\",\"potentialAction\":[{\"@type\":\"SearchAction\",\"target\":{\"@type\":\"EntryPoint\",\"urlTemplate\":\"https:\/\/nitu.mx\/?s={search_term_string}\"},\"query-input\":\"required name=search_term_string\"}],\"inLanguage\":\"es-MX\"},{\"@type\":[\"Person\",\"Organization\"],\"@id\":\"https:\/\/nitu.mx\/#\/schema\/person\/ae7a53426417292d3dd07b45a33e01bc\",\"name\":\"Arturo Medina\",\"image\":{\"@type\":\"ImageObject\",\"inLanguage\":\"es-MX\",\"@id\":\"https:\/\/nitu.mx\/#\/schema\/person\/image\/\",\"url\":\"https:\/\/nitu.mx\/wp-content\/uploads\/2024\/04\/4A315622-1904-4D5C-B022-878CDC840E04-90x90-1.jpeg\",\"contentUrl\":\"https:\/\/nitu.mx\/wp-content\/uploads\/2024\/04\/4A315622-1904-4D5C-B022-878CDC840E04-90x90-1.jpeg\",\"width\":90,\"height\":90,\"caption\":\"Arturo Medina\"},\"logo\":{\"@id\":\"https:\/\/nitu.mx\/#\/schema\/person\/image\/\"},\"description\":\"Director NITU.mx, Egresado de la Escuela de Periodismo Carlos Septi\u00e9n Garc\u00eda. Periodista y analista especializado en turismo desde hace 35 a\u00f1os, radicado en Canc\u00fan Q.Roo. arturo@nitu.mx\",\"sameAs\":[\"https:\/\/nitu.mx\",\"https:\/\/www.facebook.com\/NITUmx\/\",\"medinacancun\",\"https:\/\/twitter.com\/@Arturo_Medina_G\"],\"url\":\"https:\/\/nitu.mx\/index.php\/author\/arturo-medina\/\"}]}<\/script>\n<!-- \/ Yoast SEO plugin. -->","yoast_head_json":{"title":"Cancela Royal Caribbean llegadas a Manzanillo por alerta de viaje - Nitu - Noticias de la Industria Turistica","robots":{"index":"index","follow":"follow","max-snippet":"max-snippet:-1","max-image-preview":"max-image-preview:large","max-video-preview":"max-video-preview:-1"},"canonical":"https:\/\/nitu.mx\/index.php\/2024\/12\/28\/cancela-royal-caribbean-llegadas-a-manzanillo-por-alerta-de-viaje\/","twitter_card":"summary_large_image","twitter_title":"Cancela Royal Caribbean llegadas a Manzanillo por alerta de viaje - Nitu - Noticias de la Industria Turistica","twitter_description":"La industria tur\u00edstica enfrenta nuevamente desaf\u00edos derivados de la inseguridad en destinos clave. Esta vez, el\u00a0puerto de Manzanillo, ubicado en el estado mexicano de\u00a0Colima, ha sido el epicentro de una alerta de viaje emitida por el\u00a0Departamento de Estado de Estados Unidos..\u00a0El aviso, clasificado como Nivel 4, el m\u00e1s alto en t\u00e9rminos de riesgo, ha provocado [&hellip;]","twitter_image":"https:\/\/nitu.mx\/wp-content\/uploads\/2024\/12\/colima.jpg","twitter_creator":"@Arturo_Medina_G","twitter_site":"@Arturo_Medina_G","twitter_misc":{"Escrito por":"Arturo Medina","Tiempo de lectura":"3 minutos"},"schema":{"@context":"https:\/\/schema.org","@graph":[{"@type":"Article","@id":"https:\/\/nitu.mx\/index.php\/2024\/12\/28\/cancela-royal-caribbean-llegadas-a-manzanillo-por-alerta-de-viaje\/#article","isPartOf":{"@id":"https:\/\/nitu.mx\/index.php\/2024\/12\/28\/cancela-royal-caribbean-llegadas-a-manzanillo-por-alerta-de-viaje\/"},"author":{"name":"Arturo Medina","@id":"https:\/\/nitu.mx\/#\/schema\/person\/ae7a53426417292d3dd07b45a33e01bc"},"headline":"Cancela Royal Caribbean llegadas a Manzanillo por alerta de viaje","datePublished":"2024-12-28T07:41:03+00:00","dateModified":"2024-12-28T07:41:09+00:00","mainEntityOfPage":{"@id":"https:\/\/nitu.mx\/index.php\/2024\/12\/28\/cancela-royal-caribbean-llegadas-a-manzanillo-por-alerta-de-viaje\/"},"wordCount":577,"commentCount":0,"publisher":{"@id":"https:\/\/nitu.mx\/#\/schema\/person\/ae7a53426417292d3dd07b45a33e01bc"},"image":{"@id":"https:\/\/nitu.mx\/index.php\/2024\/12\/28\/cancela-royal-caribbean-llegadas-a-manzanillo-por-alerta-de-viaje\/#primaryimage"},"thumbnailUrl":"https:\/\/nitu.mx\/wp-content\/uploads\/2024\/12\/colima.jpg","keywords":["Manzanillo","Royal Caribbean"],"articleSection":["Cruceros"],"inLanguage":"es-MX","potentialAction":[{"@type":"CommentAction","name":"Comment","target":["https:\/\/nitu.mx\/index.php\/2024\/12\/28\/cancela-royal-caribbean-llegadas-a-manzanillo-por-alerta-de-viaje\/#respond"]}]},{"@type":"WebPage","@id":"https:\/\/nitu.mx\/index.php\/2024\/12\/28\/cancela-royal-caribbean-llegadas-a-manzanillo-por-alerta-de-viaje\/","url":"https:\/\/nitu.mx\/index.php\/2024\/12\/28\/cancela-royal-caribbean-llegadas-a-manzanillo-por-alerta-de-viaje\/","name":"Cancela Royal Caribbean llegadas a Manzanillo por alerta de viaje - Nitu - Noticias de la Industria Turistica","isPartOf":{"@id":"https:\/\/nitu.mx\/#website"},"primaryImageOfPage":{"@id":"https:\/\/nitu.mx\/index.php\/2024\/12\/28\/cancela-royal-caribbean-llegadas-a-manzanillo-por-alerta-de-viaje\/#primaryimage"},"image":{"@id":"https:\/\/nitu.mx\/index.php\/2024\/12\/28\/cancela-royal-caribbean-llegadas-a-manzanillo-por-alerta-de-viaje\/#primaryimage"},"thumbnailUrl":"https:\/\/nitu.mx\/wp-content\/uploads\/2024\/12\/colima.jpg","datePublished":"2024-12-28T07:41:03+00:00","dateModified":"2024-12-28T07:41:09+00:00","breadcrumb":{"@id":"https:\/\/nitu.mx\/index.php\/2024\/12\/28\/cancela-royal-caribbean-llegadas-a-manzanillo-por-alerta-de-viaje\/#breadcrumb"},"inLanguage":"es-MX","potentialAction":[{"@type":"ReadAction","target":["https:\/\/nitu.mx\/index.php\/2024\/12\/28\/cancela-royal-caribbean-llegadas-a-manzanillo-por-alerta-de-viaje\/"]}]},{"@type":"ImageObject","inLanguage":"es-MX","@id":"https:\/\/nitu.mx\/index.php\/2024\/12\/28\/cancela-royal-caribbean-llegadas-a-manzanillo-por-alerta-de-viaje\/#primaryimage","url":"https:\/\/nitu.mx\/wp-content\/uploads\/2024\/12\/colima.jpg","contentUrl":"https:\/\/nitu.mx\/wp-content\/uploads\/2024\/12\/colima.jpg","width":720,"height":480},{"@type":"BreadcrumbList","@id":"https:\/\/nitu.mx\/index.php\/2024\/12\/28\/cancela-royal-caribbean-llegadas-a-manzanillo-por-alerta-de-viaje\/#breadcrumb","itemListElement":[{"@type":"ListItem","position":1,"name":"Inicio","item":"https:\/\/nitu.mx\/"},{"@type":"ListItem","position":2,"name":"Cancela Royal Caribbean llegadas a Manzanillo por alerta de viaje"}]},{"@type":"WebSite","@id":"https:\/\/nitu.mx\/#website","url":"https:\/\/nitu.mx\/","name":"Nitu - Noticias de la Industria Turistica","description":"Noticias de la Industria Turistica","publisher":{"@id":"https:\/\/nitu.mx\/#\/schema\/person\/ae7a53426417292d3dd07b45a33e01bc"},"alternateName":"Noticias de la Industria Turistica","potentialAction":[{"@type":"SearchAction","target":{"@type":"EntryPoint","urlTemplate":"https:\/\/nitu.mx\/?s={search_term_string}"},"query-input":"required name=search_term_string"}],"inLanguage":"es-MX"},{"@type":["Person","Organization"],"@id":"https:\/\/nitu.mx\/#\/schema\/person\/ae7a53426417292d3dd07b45a33e01bc","name":"Arturo Medina","image":{"@type":"ImageObject","inLanguage":"es-MX","@id":"https:\/\/nitu.mx\/#\/schema\/person\/image\/","url":"https:\/\/nitu.mx\/wp-content\/uploads\/2024\/04\/4A315622-1904-4D5C-B022-878CDC840E04-90x90-1.jpeg","contentUrl":"https:\/\/nitu.mx\/wp-content\/uploads\/2024\/04\/4A315622-1904-4D5C-B022-878CDC840E04-90x90-1.jpeg","width":90,"height":90,"caption":"Arturo Medina"},"logo":{"@id":"https:\/\/nitu.mx\/#\/schema\/person\/image\/"},"description":"Director NITU.mx, Egresado de la Escuela de Periodismo Carlos Septi\u00e9n Garc\u00eda. Periodista y analista especializado en turismo desde hace 35 a\u00f1os, radicado en Canc\u00fan Q.Roo. arturo@nitu.mx","sameAs":["https:\/\/nitu.mx","https:\/\/www.facebook.com\/NITUmx\/","medinacancun","https:\/\/twitter.com\/@Arturo_Medina_G"],"url":"https:\/\/nitu.mx\/index.php\/author\/arturo-medina\/"}]}},"views":853,"_links":{"self":[{"href":"https:\/\/nitu.mx\/index.php\/wp-json\/wp\/v2\/posts\/77924"}],"collection":[{"href":"https:\/\/nitu.mx\/index.php\/wp-json\/wp\/v2\/posts"}],"about":[{"href":"https:\/\/nitu.mx\/index.php\/wp-json\/wp\/v2\/types\/post"}],"author":[{"embeddable":true,"href":"https:\/\/nitu.mx\/index.php\/wp-json\/wp\/v2\/users\/2"}],"replies":[{"embeddable":true,"href":"https:\/\/nitu.mx\/index.php\/wp-json\/wp\/v2\/comments?post=77924"}],"version-history":[{"count":2,"href":"https:\/\/nitu.mx\/index.php\/wp-json\/wp\/v2\/posts\/77924\/revisions"}],"predecessor-version":[{"id":77928,"href":"https:\/\/nitu.mx\/index.php\/wp-json\/wp\/v2\/posts\/77924\/revisions\/77928"}],"wp:featuredmedia":[{"embeddable":true,"href":"https:\/\/nitu.mx\/index.php\/wp-json\/wp\/v2\/media\/77927"}],"wp:attachment":[{"href":"https:\/\/nitu.mx\/index.php\/wp-json\/wp\/v2\/media?parent=77924"}],"wp:term":[{"taxonomy":"category","embeddable":true,"href":"https:\/\/nitu.mx\/index.php\/wp-json\/wp\/v2\/categories?post=77924"},{"taxonomy":"post_tag","embeddable":true,"href":"https:\/\/nitu.mx\/index.php\/wp-json\/wp\/v2\/tags?post=77924"}],"curies":[{"name":"wp","href":"https:\/\/api.w.org\/{rel}","templated":true}]}}