{"id":77900,"date":"2024-12-26T15:50:00","date_gmt":"2024-12-26T21:50:00","guid":{"rendered":"https:\/\/nitu.mx\/?p=77900"},"modified":"2024-12-26T15:25:04","modified_gmt":"2024-12-26T21:25:04","slug":"mexicana-de-aviacion-lanza-promociones-por-su-1er-aniversario","status":"publish","type":"post","link":"https:\/\/nitu.mx\/index.php\/2024\/12\/26\/mexicana-de-aviacion-lanza-promociones-por-su-1er-aniversario\/","title":{"rendered":"Mexicana de Aviaci\u00f3n lanza promociones por su 1er aniversario"},"content":{"rendered":"<p>Este 26 de diciembre, Mexicana de Aviaci\u00f3n celebra su primer a\u00f1o desde el reinicio de sus operaciones con atractivas ofertas para los viajeros. Conoce las promociones que ofrecer\u00e1 la aerol\u00ednea por su aniversario.<\/p>\n<p>El objetivo de Mexicana de Aviaci\u00f3n es incrementar su n\u00famero de pasajeros para 2025.<\/p>\n<p>Mexicana de Aviaci\u00f3n ha anunciado que sus ofertas estar\u00e1n disponibles por tiempo limitado, y entre ellas destacan:<\/p>\n<ul>\n<li>Vuelos a un peso: Una promoci\u00f3n llamativa en la que los usuarios podr\u00e1n adquirir boletos a un precio simb\u00f3lico de $1. Es importante estar atentos a los anuncios en la p\u00e1gina oficial de Mexicana y sus redes sociales, ya que esta oferta tendr\u00e1 vigencia limitada.<\/li>\n<li>Descuento del 50% en vuelos: Disponible desde el 26 hasta el 31 de diciembre, esta promoci\u00f3n se aplica al utilizar un c\u00f3digo promocional en la p\u00e1gina web de la aerol\u00ednea o al mencionarlo durante la reservaci\u00f3n por tel\u00e9fono.<\/li>\n<\/ul>\n<p>Ambas ofertas tienen como punto de origen y destino el Aeropuerto Internacional Felipe \u00c1ngeles (AIFA), principal terminal de operaciones de Mexicana de Aviaci\u00f3n.<\/p>\n<p>El periodo de viaje indicado en los t\u00e9rminos y condiciones abarca del 8 de enero al 31 de mayo de 2025, v\u00e1lido para las rutas Chetumal, M\u00e9rida, Tijuana, Tulum, Guadalajara, San Jos\u00e9 del Cabo (v\u00eda Guadalajara), Ciudad Victoria, Ixtepec y Palenque (sujeto a confirmaci\u00f3n).<br \/>\nSin embargo, este periodo excluye las fechas del 31 de enero al 3 de febrero, del 14 al 17 de marzo, y del 11 al 21 de abril.<\/p>\n<p>En sus canales oficiales, Mexicana de Aviaci\u00f3n emiti\u00f3 recomendaciones para que los usuarios eviten caer en posibles estafas. Entre los consejos, la aerol\u00ednea aclar\u00f3 que:<\/p>\n<ul>\n<li>No solicita pagos en efectivo, dep\u00f3sitos bancarios, transferencias no autorizadas ni pagos en establecimientos como Oxxo.<\/li>\n<li>Todas las transacciones deben realizarse exclusivamente a trav\u00e9s de su p\u00e1gina oficial o l\u00edneas telef\u00f3nicas autorizadas.<\/li>\n<\/ul>\n<p>Estos mensajes refuerzan la importancia de utilizar \u00fanicamente canales oficiales para evitar fraudes.<\/p>\n<p>El director de Mexicana, Leobardo \u00c1vila, inform\u00f3 durante la conferencia matutina del 26 de diciembre que la aerol\u00ednea incorporar\u00e1 cinco nuevas aeronaves Embraer en mayo de 2025.<\/p>\n<p>Estas unidades comenzar\u00e1n a operar despu\u00e9s del periodo vacacional de Semana Santa, fortaleciendo la capacidad operativa de la compa\u00f1\u00eda.<\/p>\n<p>Durante su primer a\u00f1o de operaciones, Mexicana de Aviaci\u00f3n transport\u00f3 a 382,011 pasajeros. Los periodos m\u00e1s destacados incluyeron las vacaciones de Semana Santa y el verano, alcanzando cifras de 28,582 y 43,122 pasajeros respectivamente. (<a href=\"https:\/\/nitu.mx\/index.php\/2024\/11\/27\/mexicana-de-aviacion-abre-vuelo-puerto-vallarta-guadalajara\/\">Mexicana de Aviaci\u00f3n abre vuelo Puerto Vallarta \u2013 Guadalajara<\/a>).<\/p>\n","protected":false},"excerpt":{"rendered":"<p>Este 26 de diciembre, Mexicana de Aviaci\u00f3n celebra su primer a\u00f1o desde el reinicio de sus operaciones con atractivas ofertas para los viajeros. Conoce las promociones que ofrecer\u00e1 la aerol\u00ednea por su aniversario. El objetivo de Mexicana de Aviaci\u00f3n es incrementar su n\u00famero de pasajeros para 2025. Mexicana de Aviaci\u00f3n ha anunciado que sus ofertas [&hellip;]<\/p>\n","protected":false},"author":3,"featured_media":71737,"comment_status":"open","ping_status":"open","sticky":false,"template":"","format":"standard","meta":{"footnotes":""},"categories":[29,5],"tags":[6511,26179,568,12345],"yoast_head":"<!-- This site is optimized with the Yoast SEO plugin v22.2 - https:\/\/yoast.com\/wordpress\/plugins\/seo\/ -->\n<title>Mexicana de Aviaci\u00f3n lanza promociones por su 1er aniversario - Nitu - Noticias de la Industria Turistica<\/title>\n<meta name=\"robots\" content=\"index, follow, max-snippet:-1, max-image-preview:large, max-video-preview:-1\" \/>\n<link rel=\"canonical\" href=\"https:\/\/nitu.mx\/index.php\/2024\/12\/26\/mexicana-de-aviacion-lanza-promociones-por-su-1er-aniversario\/\" \/>\n<meta name=\"twitter:card\" content=\"summary_large_image\" \/>\n<meta name=\"twitter:title\" content=\"Mexicana de Aviaci\u00f3n lanza promociones por su 1er aniversario - Nitu - Noticias de la Industria Turistica\" \/>\n<meta name=\"twitter:description\" content=\"Este 26 de diciembre, Mexicana de Aviaci\u00f3n celebra su primer a\u00f1o desde el reinicio de sus operaciones con atractivas ofertas para los viajeros. Conoce las promociones que ofrecer\u00e1 la aerol\u00ednea por su aniversario. El objetivo de Mexicana de Aviaci\u00f3n es incrementar su n\u00famero de pasajeros para 2025. Mexicana de Aviaci\u00f3n ha anunciado que sus ofertas [&hellip;]\" \/>\n<meta name=\"twitter:image\" content=\"https:\/\/nitu.mx\/wp-content\/uploads\/2024\/06\/Mexicana-de-Aviacion-Embraer-E2.jpg\" \/>\n<meta name=\"twitter:creator\" content=\"@NITUmx\" \/>\n<meta name=\"twitter:site\" content=\"@Arturo_Medina_G\" \/>\n<meta name=\"twitter:label1\" content=\"Escrito por\" \/>\n\t<meta name=\"twitter:data1\" content=\"Alejandra Moncisbays\" \/>\n\t<meta name=\"twitter:label2\" content=\"Tiempo de lectura\" \/>\n\t<meta name=\"twitter:data2\" content=\"2 minutos\" \/>\n<script type=\"application\/ld+json\" class=\"yoast-schema-graph\">{\"@context\":\"https:\/\/schema.org\",\"@graph\":[{\"@type\":\"Article\",\"@id\":\"https:\/\/nitu.mx\/index.php\/2024\/12\/26\/mexicana-de-aviacion-lanza-promociones-por-su-1er-aniversario\/#article\",\"isPartOf\":{\"@id\":\"https:\/\/nitu.mx\/index.php\/2024\/12\/26\/mexicana-de-aviacion-lanza-promociones-por-su-1er-aniversario\/\"},\"author\":{\"name\":\"Alejandra Moncisbays\",\"@id\":\"https:\/\/nitu.mx\/#\/schema\/person\/2ecd887b19dfd3382d1f14fc5acf24a8\"},\"headline\":\"Mexicana de Aviaci\u00f3n lanza promociones por su 1er aniversario\",\"datePublished\":\"2024-12-26T21:50:00+00:00\",\"dateModified\":\"2024-12-26T21:25:04+00:00\",\"mainEntityOfPage\":{\"@id\":\"https:\/\/nitu.mx\/index.php\/2024\/12\/26\/mexicana-de-aviacion-lanza-promociones-por-su-1er-aniversario\/\"},\"wordCount\":428,\"commentCount\":0,\"publisher\":{\"@id\":\"https:\/\/nitu.mx\/#\/schema\/person\/ae7a53426417292d3dd07b45a33e01bc\"},\"image\":{\"@id\":\"https:\/\/nitu.mx\/index.php\/2024\/12\/26\/mexicana-de-aviacion-lanza-promociones-por-su-1er-aniversario\/#primaryimage\"},\"thumbnailUrl\":\"https:\/\/nitu.mx\/wp-content\/uploads\/2024\/06\/Mexicana-de-Aviacion-Embraer-E2.jpg\",\"keywords\":[\"Aniversario\",\"Leobardo \u00c1vila\",\"Mexicana de Aviaci\u00f3n\",\"promociones\"],\"articleSection\":[\"Aerol\u00edneas\",\"Destinos\"],\"inLanguage\":\"es-MX\",\"potentialAction\":[{\"@type\":\"CommentAction\",\"name\":\"Comment\",\"target\":[\"https:\/\/nitu.mx\/index.php\/2024\/12\/26\/mexicana-de-aviacion-lanza-promociones-por-su-1er-aniversario\/#respond\"]}]},{\"@type\":\"WebPage\",\"@id\":\"https:\/\/nitu.mx\/index.php\/2024\/12\/26\/mexicana-de-aviacion-lanza-promociones-por-su-1er-aniversario\/\",\"url\":\"https:\/\/nitu.mx\/index.php\/2024\/12\/26\/mexicana-de-aviacion-lanza-promociones-por-su-1er-aniversario\/\",\"name\":\"Mexicana de Aviaci\u00f3n lanza promociones por su 1er aniversario - Nitu - Noticias de la Industria Turistica\",\"isPartOf\":{\"@id\":\"https:\/\/nitu.mx\/#website\"},\"primaryImageOfPage\":{\"@id\":\"https:\/\/nitu.mx\/index.php\/2024\/12\/26\/mexicana-de-aviacion-lanza-promociones-por-su-1er-aniversario\/#primaryimage\"},\"image\":{\"@id\":\"https:\/\/nitu.mx\/index.php\/2024\/12\/26\/mexicana-de-aviacion-lanza-promociones-por-su-1er-aniversario\/#primaryimage\"},\"thumbnailUrl\":\"https:\/\/nitu.mx\/wp-content\/uploads\/2024\/06\/Mexicana-de-Aviacion-Embraer-E2.jpg\",\"datePublished\":\"2024-12-26T21:50:00+00:00\",\"dateModified\":\"2024-12-26T21:25:04+00:00\",\"breadcrumb\":{\"@id\":\"https:\/\/nitu.mx\/index.php\/2024\/12\/26\/mexicana-de-aviacion-lanza-promociones-por-su-1er-aniversario\/#breadcrumb\"},\"inLanguage\":\"es-MX\",\"potentialAction\":[{\"@type\":\"ReadAction\",\"target\":[\"https:\/\/nitu.mx\/index.php\/2024\/12\/26\/mexicana-de-aviacion-lanza-promociones-por-su-1er-aniversario\/\"]}]},{\"@type\":\"ImageObject\",\"inLanguage\":\"es-MX\",\"@id\":\"https:\/\/nitu.mx\/index.php\/2024\/12\/26\/mexicana-de-aviacion-lanza-promociones-por-su-1er-aniversario\/#primaryimage\",\"url\":\"https:\/\/nitu.mx\/wp-content\/uploads\/2024\/06\/Mexicana-de-Aviacion-Embraer-E2.jpg\",\"contentUrl\":\"https:\/\/nitu.mx\/wp-content\/uploads\/2024\/06\/Mexicana-de-Aviacion-Embraer-E2.jpg\",\"width\":1200,\"height\":675,\"caption\":\"Mexicana de Aviaci\u00f3n Embraer\"},{\"@type\":\"BreadcrumbList\",\"@id\":\"https:\/\/nitu.mx\/index.php\/2024\/12\/26\/mexicana-de-aviacion-lanza-promociones-por-su-1er-aniversario\/#breadcrumb\",\"itemListElement\":[{\"@type\":\"ListItem\",\"position\":1,\"name\":\"Inicio\",\"item\":\"https:\/\/nitu.mx\/\"},{\"@type\":\"ListItem\",\"position\":2,\"name\":\"Mexicana de Aviaci\u00f3n lanza promociones por su 1er aniversario\"}]},{\"@type\":\"WebSite\",\"@id\":\"https:\/\/nitu.mx\/#website\",\"url\":\"https:\/\/nitu.mx\/\",\"name\":\"Nitu - Noticias de la Industria Turistica\",\"description\":\"Noticias de la Industria Turistica\",\"publisher\":{\"@id\":\"https:\/\/nitu.mx\/#\/schema\/person\/ae7a53426417292d3dd07b45a33e01bc\"},\"alternateName\":\"Noticias de la Industria Turistica\",\"potentialAction\":[{\"@type\":\"SearchAction\",\"target\":{\"@type\":\"EntryPoint\",\"urlTemplate\":\"https:\/\/nitu.mx\/?s={search_term_string}\"},\"query-input\":\"required name=search_term_string\"}],\"inLanguage\":\"es-MX\"},{\"@type\":[\"Person\",\"Organization\"],\"@id\":\"https:\/\/nitu.mx\/#\/schema\/person\/ae7a53426417292d3dd07b45a33e01bc\",\"name\":\"Arturo Medina\",\"image\":{\"@type\":\"ImageObject\",\"inLanguage\":\"es-MX\",\"@id\":\"https:\/\/nitu.mx\/#\/schema\/person\/image\/\",\"url\":\"https:\/\/nitu.mx\/wp-content\/uploads\/2024\/04\/4A315622-1904-4D5C-B022-878CDC840E04-90x90-1.jpeg\",\"contentUrl\":\"https:\/\/nitu.mx\/wp-content\/uploads\/2024\/04\/4A315622-1904-4D5C-B022-878CDC840E04-90x90-1.jpeg\",\"width\":90,\"height\":90,\"caption\":\"Arturo Medina\"},\"logo\":{\"@id\":\"https:\/\/nitu.mx\/#\/schema\/person\/image\/\"},\"description\":\"Director NITU.mx, Egresado de la Escuela de Periodismo Carlos Septi\u00e9n Garc\u00eda. Periodista y analista especializado en turismo desde hace 35 a\u00f1os, radicado en Canc\u00fan Q.Roo. arturo@nitu.mx\",\"sameAs\":[\"https:\/\/nitu.mx\",\"https:\/\/www.facebook.com\/NITUmx\/\",\"medinacancun\",\"https:\/\/twitter.com\/@Arturo_Medina_G\"]},{\"@type\":\"Person\",\"@id\":\"https:\/\/nitu.mx\/#\/schema\/person\/2ecd887b19dfd3382d1f14fc5acf24a8\",\"name\":\"Alejandra Moncisbays\",\"image\":{\"@type\":\"ImageObject\",\"inLanguage\":\"es-MX\",\"@id\":\"https:\/\/nitu.mx\/#\/schema\/person\/image\/\",\"url\":\"https:\/\/secure.gravatar.com\/avatar\/e74f7af0be172b7804dacfd0bfbef787?s=96&d=mm&r=g\",\"contentUrl\":\"https:\/\/secure.gravatar.com\/avatar\/e74f7af0be172b7804dacfd0bfbef787?s=96&d=mm&r=g\",\"caption\":\"Alejandra Moncisbays\"},\"description\":\"Curs\u00e9 la carrera de Periodismo y Comunicaci\u00f3n en la Facultad de Estudios Profesionales Acatl\u00e1n. Vivo en Canc\u00fan desde hace 24 a\u00f1os. Fui reportera de La Tarde de Canc\u00fan, y Novedades de Quintana Roo, colabor\u00e9 en TVCUN, edit\u00e9 Cancun\u00edssimo y colabor\u00e9 en las revistas Latitud21, entre otras, con principal enfoque en los sectores empresarial y tur\u00edstico. Desde hace varios a\u00f1os soy Agente de Seguros con c\u00e9dula de la Comisi\u00f3n Nacional de Seguros y Fianzas. Actualmente, me desarrollo en los \u00e1mbitos del periodismo y el sector asegurador.\",\"sameAs\":[\"https:\/\/nitu.mx\"],\"url\":\"https:\/\/nitu.mx\/index.php\/author\/alejandra\/\"}]}<\/script>\n<!-- \/ Yoast SEO plugin. -->","yoast_head_json":{"title":"Mexicana de Aviaci\u00f3n lanza promociones por su 1er aniversario - Nitu - Noticias de la Industria Turistica","robots":{"index":"index","follow":"follow","max-snippet":"max-snippet:-1","max-image-preview":"max-image-preview:large","max-video-preview":"max-video-preview:-1"},"canonical":"https:\/\/nitu.mx\/index.php\/2024\/12\/26\/mexicana-de-aviacion-lanza-promociones-por-su-1er-aniversario\/","twitter_card":"summary_large_image","twitter_title":"Mexicana de Aviaci\u00f3n lanza promociones por su 1er aniversario - Nitu - Noticias de la Industria Turistica","twitter_description":"Este 26 de diciembre, Mexicana de Aviaci\u00f3n celebra su primer a\u00f1o desde el reinicio de sus operaciones con atractivas ofertas para los viajeros. Conoce las promociones que ofrecer\u00e1 la aerol\u00ednea por su aniversario. El objetivo de Mexicana de Aviaci\u00f3n es incrementar su n\u00famero de pasajeros para 2025. Mexicana de Aviaci\u00f3n ha anunciado que sus ofertas [&hellip;]","twitter_image":"https:\/\/nitu.mx\/wp-content\/uploads\/2024\/06\/Mexicana-de-Aviacion-Embraer-E2.jpg","twitter_creator":"@NITUmx","twitter_site":"@Arturo_Medina_G","twitter_misc":{"Escrito por":"Alejandra Moncisbays","Tiempo de lectura":"2 minutos"},"schema":{"@context":"https:\/\/schema.org","@graph":[{"@type":"Article","@id":"https:\/\/nitu.mx\/index.php\/2024\/12\/26\/mexicana-de-aviacion-lanza-promociones-por-su-1er-aniversario\/#article","isPartOf":{"@id":"https:\/\/nitu.mx\/index.php\/2024\/12\/26\/mexicana-de-aviacion-lanza-promociones-por-su-1er-aniversario\/"},"author":{"name":"Alejandra Moncisbays","@id":"https:\/\/nitu.mx\/#\/schema\/person\/2ecd887b19dfd3382d1f14fc5acf24a8"},"headline":"Mexicana de Aviaci\u00f3n lanza promociones por su 1er aniversario","datePublished":"2024-12-26T21:50:00+00:00","dateModified":"2024-12-26T21:25:04+00:00","mainEntityOfPage":{"@id":"https:\/\/nitu.mx\/index.php\/2024\/12\/26\/mexicana-de-aviacion-lanza-promociones-por-su-1er-aniversario\/"},"wordCount":428,"commentCount":0,"publisher":{"@id":"https:\/\/nitu.mx\/#\/schema\/person\/ae7a53426417292d3dd07b45a33e01bc"},"image":{"@id":"https:\/\/nitu.mx\/index.php\/2024\/12\/26\/mexicana-de-aviacion-lanza-promociones-por-su-1er-aniversario\/#primaryimage"},"thumbnailUrl":"https:\/\/nitu.mx\/wp-content\/uploads\/2024\/06\/Mexicana-de-Aviacion-Embraer-E2.jpg","keywords":["Aniversario","Leobardo \u00c1vila","Mexicana de Aviaci\u00f3n","promociones"],"articleSection":["Aerol\u00edneas","Destinos"],"inLanguage":"es-MX","potentialAction":[{"@type":"CommentAction","name":"Comment","target":["https:\/\/nitu.mx\/index.php\/2024\/12\/26\/mexicana-de-aviacion-lanza-promociones-por-su-1er-aniversario\/#respond"]}]},{"@type":"WebPage","@id":"https:\/\/nitu.mx\/index.php\/2024\/12\/26\/mexicana-de-aviacion-lanza-promociones-por-su-1er-aniversario\/","url":"https:\/\/nitu.mx\/index.php\/2024\/12\/26\/mexicana-de-aviacion-lanza-promociones-por-su-1er-aniversario\/","name":"Mexicana de Aviaci\u00f3n lanza promociones por su 1er aniversario - Nitu - Noticias de la Industria Turistica","isPartOf":{"@id":"https:\/\/nitu.mx\/#website"},"primaryImageOfPage":{"@id":"https:\/\/nitu.mx\/index.php\/2024\/12\/26\/mexicana-de-aviacion-lanza-promociones-por-su-1er-aniversario\/#primaryimage"},"image":{"@id":"https:\/\/nitu.mx\/index.php\/2024\/12\/26\/mexicana-de-aviacion-lanza-promociones-por-su-1er-aniversario\/#primaryimage"},"thumbnailUrl":"https:\/\/nitu.mx\/wp-content\/uploads\/2024\/06\/Mexicana-de-Aviacion-Embraer-E2.jpg","datePublished":"2024-12-26T21:50:00+00:00","dateModified":"2024-12-26T21:25:04+00:00","breadcrumb":{"@id":"https:\/\/nitu.mx\/index.php\/2024\/12\/26\/mexicana-de-aviacion-lanza-promociones-por-su-1er-aniversario\/#breadcrumb"},"inLanguage":"es-MX","potentialAction":[{"@type":"ReadAction","target":["https:\/\/nitu.mx\/index.php\/2024\/12\/26\/mexicana-de-aviacion-lanza-promociones-por-su-1er-aniversario\/"]}]},{"@type":"ImageObject","inLanguage":"es-MX","@id":"https:\/\/nitu.mx\/index.php\/2024\/12\/26\/mexicana-de-aviacion-lanza-promociones-por-su-1er-aniversario\/#primaryimage","url":"https:\/\/nitu.mx\/wp-content\/uploads\/2024\/06\/Mexicana-de-Aviacion-Embraer-E2.jpg","contentUrl":"https:\/\/nitu.mx\/wp-content\/uploads\/2024\/06\/Mexicana-de-Aviacion-Embraer-E2.jpg","width":1200,"height":675,"caption":"Mexicana de Aviaci\u00f3n Embraer"},{"@type":"BreadcrumbList","@id":"https:\/\/nitu.mx\/index.php\/2024\/12\/26\/mexicana-de-aviacion-lanza-promociones-por-su-1er-aniversario\/#breadcrumb","itemListElement":[{"@type":"ListItem","position":1,"name":"Inicio","item":"https:\/\/nitu.mx\/"},{"@type":"ListItem","position":2,"name":"Mexicana de Aviaci\u00f3n lanza promociones por su 1er aniversario"}]},{"@type":"WebSite","@id":"https:\/\/nitu.mx\/#website","url":"https:\/\/nitu.mx\/","name":"Nitu - Noticias de la Industria Turistica","description":"Noticias de la Industria Turistica","publisher":{"@id":"https:\/\/nitu.mx\/#\/schema\/person\/ae7a53426417292d3dd07b45a33e01bc"},"alternateName":"Noticias de la Industria Turistica","potentialAction":[{"@type":"SearchAction","target":{"@type":"EntryPoint","urlTemplate":"https:\/\/nitu.mx\/?s={search_term_string}"},"query-input":"required name=search_term_string"}],"inLanguage":"es-MX"},{"@type":["Person","Organization"],"@id":"https:\/\/nitu.mx\/#\/schema\/person\/ae7a53426417292d3dd07b45a33e01bc","name":"Arturo Medina","image":{"@type":"ImageObject","inLanguage":"es-MX","@id":"https:\/\/nitu.mx\/#\/schema\/person\/image\/","url":"https:\/\/nitu.mx\/wp-content\/uploads\/2024\/04\/4A315622-1904-4D5C-B022-878CDC840E04-90x90-1.jpeg","contentUrl":"https:\/\/nitu.mx\/wp-content\/uploads\/2024\/04\/4A315622-1904-4D5C-B022-878CDC840E04-90x90-1.jpeg","width":90,"height":90,"caption":"Arturo Medina"},"logo":{"@id":"https:\/\/nitu.mx\/#\/schema\/person\/image\/"},"description":"Director NITU.mx, Egresado de la Escuela de Periodismo Carlos Septi\u00e9n Garc\u00eda. Periodista y analista especializado en turismo desde hace 35 a\u00f1os, radicado en Canc\u00fan Q.Roo. arturo@nitu.mx","sameAs":["https:\/\/nitu.mx","https:\/\/www.facebook.com\/NITUmx\/","medinacancun","https:\/\/twitter.com\/@Arturo_Medina_G"]},{"@type":"Person","@id":"https:\/\/nitu.mx\/#\/schema\/person\/2ecd887b19dfd3382d1f14fc5acf24a8","name":"Alejandra Moncisbays","image":{"@type":"ImageObject","inLanguage":"es-MX","@id":"https:\/\/nitu.mx\/#\/schema\/person\/image\/","url":"https:\/\/secure.gravatar.com\/avatar\/e74f7af0be172b7804dacfd0bfbef787?s=96&d=mm&r=g","contentUrl":"https:\/\/secure.gravatar.com\/avatar\/e74f7af0be172b7804dacfd0bfbef787?s=96&d=mm&r=g","caption":"Alejandra Moncisbays"},"description":"Curs\u00e9 la carrera de Periodismo y Comunicaci\u00f3n en la Facultad de Estudios Profesionales Acatl\u00e1n. Vivo en Canc\u00fan desde hace 24 a\u00f1os. Fui reportera de La Tarde de Canc\u00fan, y Novedades de Quintana Roo, colabor\u00e9 en TVCUN, edit\u00e9 Cancun\u00edssimo y colabor\u00e9 en las revistas Latitud21, entre otras, con principal enfoque en los sectores empresarial y tur\u00edstico. Desde hace varios a\u00f1os soy Agente de Seguros con c\u00e9dula de la Comisi\u00f3n Nacional de Seguros y Fianzas. Actualmente, me desarrollo en los \u00e1mbitos del periodismo y el sector asegurador.","sameAs":["https:\/\/nitu.mx"],"url":"https:\/\/nitu.mx\/index.php\/author\/alejandra\/"}]}},"views":664,"_links":{"self":[{"href":"https:\/\/nitu.mx\/index.php\/wp-json\/wp\/v2\/posts\/77900"}],"collection":[{"href":"https:\/\/nitu.mx\/index.php\/wp-json\/wp\/v2\/posts"}],"about":[{"href":"https:\/\/nitu.mx\/index.php\/wp-json\/wp\/v2\/types\/post"}],"author":[{"embeddable":true,"href":"https:\/\/nitu.mx\/index.php\/wp-json\/wp\/v2\/users\/3"}],"replies":[{"embeddable":true,"href":"https:\/\/nitu.mx\/index.php\/wp-json\/wp\/v2\/comments?post=77900"}],"version-history":[{"count":2,"href":"https:\/\/nitu.mx\/index.php\/wp-json\/wp\/v2\/posts\/77900\/revisions"}],"predecessor-version":[{"id":77906,"href":"https:\/\/nitu.mx\/index.php\/wp-json\/wp\/v2\/posts\/77900\/revisions\/77906"}],"wp:featuredmedia":[{"embeddable":true,"href":"https:\/\/nitu.mx\/index.php\/wp-json\/wp\/v2\/media\/71737"}],"wp:attachment":[{"href":"https:\/\/nitu.mx\/index.php\/wp-json\/wp\/v2\/media?parent=77900"}],"wp:term":[{"taxonomy":"category","embeddable":true,"href":"https:\/\/nitu.mx\/index.php\/wp-json\/wp\/v2\/categories?post=77900"},{"taxonomy":"post_tag","embeddable":true,"href":"https:\/\/nitu.mx\/index.php\/wp-json\/wp\/v2\/tags?post=77900"}],"curies":[{"name":"wp","href":"https:\/\/api.w.org\/{rel}","templated":true}]}}