{"id":7788,"date":"2017-03-14T00:14:59","date_gmt":"2017-03-14T05:14:59","guid":{"rendered":"http:\/\/www.dev.nitu.mx\/?p=7788"},"modified":"2017-03-14T01:12:11","modified_gmt":"2017-03-14T06:12:11","slug":"amadeus-nombra-a-sergio-vargas-director-comercial-para-otas","status":"publish","type":"post","link":"https:\/\/nitu.mx\/index.php\/2017\/03\/14\/amadeus-nombra-a-sergio-vargas-director-comercial-para-otas\/","title":{"rendered":"Amadeus nombra a Sergio Vargas, director comercial para OTAs"},"content":{"rendered":"<p>A partir de este mes de marzo Sergio Vargas asume el cargo de director comercial para Online Travel Agencies (OTASs) en Latinoam\u00e9rica de Amadeus. En este nuevo reto Vargas tendr\u00e1 la responsabilidad de consolidar el desarrollo del segmento de las agencias de viaje online en la regi\u00f3n de Am\u00e9rica Latina.<\/p>\n<p>Sergio tambi\u00e9n se desempe\u00f1a a partir de enero como director comercial para eDreams ODIGEO, cargo que mantendr\u00e1 en paralelo con su nuevo nombramiento.<\/p>\n<p>Esta experiencia en el mercado de Europa y Latinoam\u00e9rica se suma a una amplia trayectoria que incluye uno de los mercados m\u00e1s din\u00e1micos del mundo como es APAC.<\/p>\n<p>Antes de asumir este rol en Latinoam\u00e9rica, Sergio se desempe\u00f1\u00f3 en Amadeus como Head of Online Travel Agencies &amp; Metasearch para Asia Pac\u00edfico (APAC), basado en Bangkok. En dicha regi\u00f3n, fue responsable del crecimiento de la compa\u00f1\u00eda en el sector online. As\u00eda Pac\u00edfico, que incluye los mercados de China e India, se caracteriza por tener el mayor crecimiento a nivel mundial de las OTAs y por el dinamismo de su sector online. Esta regi\u00f3n posee la mayor penetraci\u00f3n m\u00f3vil en el mundo, hasta 80 por ciento del tr\u00e1fico de las online en China y en India provienen del canal m\u00f3vil. APAC se caracteriza tambi\u00e9n por constantes innovaciones como chatbots, instant messaging e inteligencia artificial y desde ah\u00ed han surgido innovadores modelos de negocio como el Marketplace y Metabooking.<\/p>\n<p>En Am\u00e9rica Latina la labor de Sergio consistir\u00e1 en implementar una estrategia de relacionamiento con las grandes agencias online que operan en la regi\u00f3n y liderar un importante equipo de ventas. Este abordaje y sus conocimientos en mercados din\u00e1micos le permitir\u00e1n garantizar la consolidaci\u00f3n de Amadeus como GDS y proveedor de tecnolog\u00eda de Informaci\u00f3n para la industria de los viajes y el turismo en Latinoam\u00e9rica.<\/p>\n<p>Le\u00f3n Herce, responsable de Amadeus para Am\u00e9rica Latina y el Caribe coment\u00f3 que dado el rol cada vez m\u00e1s relevante de las agencias de viaje online en la regi\u00f3n, en Amadeus quer\u00edan consolidar su relaci\u00f3n con este segmento y seguir brind\u00e1ndoles soluciones para ofrecerles valores agregados a su servicio. \u201cTengo plena certeza que el liderazgo y la vasta experiencia adquirida por Sergio a lo largo de sus veinte a\u00f1os en el sector, ser\u00e1n sumamente importantes para alcanzar este objetivo\u201d, dijo Herce.<\/p>\n<p>\u201cEl segmento de las Agencias de Viaje Online (OTAs) ha presentado un importante crecimiento en los \u00faltimos cuatro a\u00f1os en Latinoam\u00e9rica y Amadeus tiene una presencia importante en este segmento implementando fuertes estrategias de IT, marketing y negocio para ganar posicionamiento e incrementar su crecimiento, desarrollo y nivel de competitividad. Para m\u00ed es un gran honor liderar este equipo y contribuir a que el segmento contin\u00fae aprovechando las tendencias tecnol\u00f3gicas e implementando nuevos recursos para atender la demanda de los consumidores actuales\u201d, declar\u00f3 Sergio Vargas, nuevo Director Comercial para Online Travel Agencies en Am\u00e9rica Latina.<\/p>\n<p>Sergio, basado en Barcelona, es ejecutivo de Amadeus desde octubre de 1998 cuando inici\u00f3 como Gerente de Finanzas y Planificaci\u00f3n para M\u00e9xico, Centroam\u00e9rica y el Caribe. Cuenta con m\u00e1s de veinte a\u00f1os de experiencia en el sector de viajes y tecnolog\u00eda en mercados de Asia, Europa, Am\u00e9rica del Norte y Am\u00e9rica Latina. Adem\u00e1s, tiene un s\u00f3lido historial de \u00e9xitos en diversas \u00e1reas de negocio: comercio electr\u00f3nico, ventas, marketing, estrategia, recursos humanos, operaciones y finanzas. De nacionalidad costarricense, es graduado en Administraci\u00f3n de Empresas por la Universidad de Costa Rica y cuenta con un Master en Administraci\u00f3n de Negocios de la Universidad de Barcelona, Espa\u00f1a.<\/p>\n","protected":false},"excerpt":{"rendered":"<p>A partir de este mes de marzo Sergio Vargas asume el cargo de director comercial para Online Travel Agencies (OTASs) en Latinoam\u00e9rica de Amadeus. En este nuevo reto Vargas tendr\u00e1 la responsabilidad de consolidar el desarrollo del segmento de las agencias de viaje online en la regi\u00f3n de Am\u00e9rica Latina. Sergio tambi\u00e9n se desempe\u00f1a a [&hellip;]<\/p>\n","protected":false},"author":17,"featured_media":7790,"comment_status":"open","ping_status":"open","sticky":false,"template":"","format":"standard","meta":{"footnotes":""},"categories":[3,374],"tags":[632,3476,3477,3478,3475,3479],"yoast_head":"<!-- This site is optimized with the Yoast SEO plugin v22.2 - https:\/\/yoast.com\/wordpress\/plugins\/seo\/ -->\n<title>Amadeus nombra a Sergio Vargas, director comercial para OTAs - Nitu - Noticias de la Industria Turistica<\/title>\n<meta name=\"description\" content=\"Sergio Vargas es el nuevo director comercial para Online Travel Agencies (OTASs) en Latinoam\u00e9rica de Amadeus, su principal tarea consolidarse en la regi\u00f3n.\" \/>\n<meta name=\"robots\" content=\"index, follow, max-snippet:-1, max-image-preview:large, max-video-preview:-1\" \/>\n<link rel=\"canonical\" href=\"https:\/\/nitu.mx\/index.php\/2017\/03\/14\/amadeus-nombra-a-sergio-vargas-director-comercial-para-otas\/\" \/>\n<meta name=\"twitter:card\" content=\"summary_large_image\" \/>\n<meta name=\"twitter:title\" content=\"Amadeus nombra a Sergio Vargas, director comercial para OTAs - Nitu - Noticias de la Industria Turistica\" \/>\n<meta name=\"twitter:description\" content=\"Sergio Vargas es el nuevo director comercial para Online Travel Agencies (OTASs) en Latinoam\u00e9rica de Amadeus, su principal tarea consolidarse en la regi\u00f3n.\" \/>\n<meta name=\"twitter:image\" content=\"https:\/\/nitu.mx\/wp-content\/uploads\/2017\/03\/amadeus.jpg\" \/>\n<meta name=\"twitter:creator\" content=\"@NITUmx\" \/>\n<meta name=\"twitter:site\" content=\"@Arturo_Medina_G\" \/>\n<meta name=\"twitter:label1\" content=\"Escrito por\" \/>\n\t<meta name=\"twitter:data1\" content=\"Redacci\u00f3n\" \/>\n\t<meta name=\"twitter:label2\" content=\"Tiempo de lectura\" \/>\n\t<meta name=\"twitter:data2\" content=\"3 minutos\" \/>\n<script type=\"application\/ld+json\" class=\"yoast-schema-graph\">{\"@context\":\"https:\/\/schema.org\",\"@graph\":[{\"@type\":\"Article\",\"@id\":\"https:\/\/nitu.mx\/index.php\/2017\/03\/14\/amadeus-nombra-a-sergio-vargas-director-comercial-para-otas\/#article\",\"isPartOf\":{\"@id\":\"https:\/\/nitu.mx\/index.php\/2017\/03\/14\/amadeus-nombra-a-sergio-vargas-director-comercial-para-otas\/\"},\"author\":{\"name\":\"Redacci\u00f3n\",\"@id\":\"https:\/\/nitu.mx\/#\/schema\/person\/4a28fe9bd65924f7c90623773daf1b0b\"},\"headline\":\"Amadeus nombra a Sergio Vargas, director comercial para OTAs\",\"datePublished\":\"2017-03-14T05:14:59+00:00\",\"dateModified\":\"2017-03-14T06:12:11+00:00\",\"mainEntityOfPage\":{\"@id\":\"https:\/\/nitu.mx\/index.php\/2017\/03\/14\/amadeus-nombra-a-sergio-vargas-director-comercial-para-otas\/\"},\"wordCount\":637,\"commentCount\":0,\"publisher\":{\"@id\":\"https:\/\/nitu.mx\/#\/schema\/person\/ae7a53426417292d3dd07b45a33e01bc\"},\"image\":{\"@id\":\"https:\/\/nitu.mx\/index.php\/2017\/03\/14\/amadeus-nombra-a-sergio-vargas-director-comercial-para-otas\/#primaryimage\"},\"thumbnailUrl\":\"https:\/\/nitu.mx\/wp-content\/uploads\/2017\/03\/amadeus.jpg\",\"keywords\":[\"Amadeus\",\"APAC\",\"Head of Online Travel Agencies &amp; Metasearch\",\"Le\u00f3n Herce\",\"OTASs\",\"Sergio Vargas\"],\"articleSection\":[\"Agencias de Viajes\",\"Internacional\"],\"inLanguage\":\"es-MX\",\"potentialAction\":[{\"@type\":\"CommentAction\",\"name\":\"Comment\",\"target\":[\"https:\/\/nitu.mx\/index.php\/2017\/03\/14\/amadeus-nombra-a-sergio-vargas-director-comercial-para-otas\/#respond\"]}]},{\"@type\":\"WebPage\",\"@id\":\"https:\/\/nitu.mx\/index.php\/2017\/03\/14\/amadeus-nombra-a-sergio-vargas-director-comercial-para-otas\/\",\"url\":\"https:\/\/nitu.mx\/index.php\/2017\/03\/14\/amadeus-nombra-a-sergio-vargas-director-comercial-para-otas\/\",\"name\":\"Amadeus nombra a Sergio Vargas, director comercial para OTAs - Nitu - Noticias de la Industria Turistica\",\"isPartOf\":{\"@id\":\"https:\/\/nitu.mx\/#website\"},\"primaryImageOfPage\":{\"@id\":\"https:\/\/nitu.mx\/index.php\/2017\/03\/14\/amadeus-nombra-a-sergio-vargas-director-comercial-para-otas\/#primaryimage\"},\"image\":{\"@id\":\"https:\/\/nitu.mx\/index.php\/2017\/03\/14\/amadeus-nombra-a-sergio-vargas-director-comercial-para-otas\/#primaryimage\"},\"thumbnailUrl\":\"https:\/\/nitu.mx\/wp-content\/uploads\/2017\/03\/amadeus.jpg\",\"datePublished\":\"2017-03-14T05:14:59+00:00\",\"dateModified\":\"2017-03-14T06:12:11+00:00\",\"description\":\"Sergio Vargas es el nuevo director comercial para Online Travel Agencies (OTASs) en Latinoam\u00e9rica de Amadeus, su principal tarea consolidarse en la regi\u00f3n.\",\"breadcrumb\":{\"@id\":\"https:\/\/nitu.mx\/index.php\/2017\/03\/14\/amadeus-nombra-a-sergio-vargas-director-comercial-para-otas\/#breadcrumb\"},\"inLanguage\":\"es-MX\",\"potentialAction\":[{\"@type\":\"ReadAction\",\"target\":[\"https:\/\/nitu.mx\/index.php\/2017\/03\/14\/amadeus-nombra-a-sergio-vargas-director-comercial-para-otas\/\"]}]},{\"@type\":\"ImageObject\",\"inLanguage\":\"es-MX\",\"@id\":\"https:\/\/nitu.mx\/index.php\/2017\/03\/14\/amadeus-nombra-a-sergio-vargas-director-comercial-para-otas\/#primaryimage\",\"url\":\"https:\/\/nitu.mx\/wp-content\/uploads\/2017\/03\/amadeus.jpg\",\"contentUrl\":\"https:\/\/nitu.mx\/wp-content\/uploads\/2017\/03\/amadeus.jpg\",\"width\":850,\"height\":480,\"caption\":\"Sergio Vargas amadeus\"},{\"@type\":\"BreadcrumbList\",\"@id\":\"https:\/\/nitu.mx\/index.php\/2017\/03\/14\/amadeus-nombra-a-sergio-vargas-director-comercial-para-otas\/#breadcrumb\",\"itemListElement\":[{\"@type\":\"ListItem\",\"position\":1,\"name\":\"Inicio\",\"item\":\"https:\/\/nitu.mx\/\"},{\"@type\":\"ListItem\",\"position\":2,\"name\":\"Amadeus nombra a Sergio Vargas, director comercial para OTAs\"}]},{\"@type\":\"WebSite\",\"@id\":\"https:\/\/nitu.mx\/#website\",\"url\":\"https:\/\/nitu.mx\/\",\"name\":\"Nitu - Noticias de la Industria Turistica\",\"description\":\"Noticias de la Industria Turistica\",\"publisher\":{\"@id\":\"https:\/\/nitu.mx\/#\/schema\/person\/ae7a53426417292d3dd07b45a33e01bc\"},\"alternateName\":\"Noticias de la Industria Turistica\",\"potentialAction\":[{\"@type\":\"SearchAction\",\"target\":{\"@type\":\"EntryPoint\",\"urlTemplate\":\"https:\/\/nitu.mx\/?s={search_term_string}\"},\"query-input\":\"required name=search_term_string\"}],\"inLanguage\":\"es-MX\"},{\"@type\":[\"Person\",\"Organization\"],\"@id\":\"https:\/\/nitu.mx\/#\/schema\/person\/ae7a53426417292d3dd07b45a33e01bc\",\"name\":\"Arturo Medina\",\"image\":{\"@type\":\"ImageObject\",\"inLanguage\":\"es-MX\",\"@id\":\"https:\/\/nitu.mx\/#\/schema\/person\/image\/\",\"url\":\"https:\/\/nitu.mx\/wp-content\/uploads\/2024\/04\/4A315622-1904-4D5C-B022-878CDC840E04-90x90-1.jpeg\",\"contentUrl\":\"https:\/\/nitu.mx\/wp-content\/uploads\/2024\/04\/4A315622-1904-4D5C-B022-878CDC840E04-90x90-1.jpeg\",\"width\":90,\"height\":90,\"caption\":\"Arturo Medina\"},\"logo\":{\"@id\":\"https:\/\/nitu.mx\/#\/schema\/person\/image\/\"},\"description\":\"Director NITU.mx, Egresado de la Escuela de Periodismo Carlos Septi\u00e9n Garc\u00eda. Periodista y analista especializado en turismo desde hace 35 a\u00f1os, radicado en Canc\u00fan Q.Roo. arturo@nitu.mx\",\"sameAs\":[\"https:\/\/nitu.mx\",\"https:\/\/www.facebook.com\/NITUmx\/\",\"medinacancun\",\"https:\/\/twitter.com\/@Arturo_Medina_G\"]},{\"@type\":\"Person\",\"@id\":\"https:\/\/nitu.mx\/#\/schema\/person\/4a28fe9bd65924f7c90623773daf1b0b\",\"name\":\"Redacci\u00f3n\",\"image\":{\"@type\":\"ImageObject\",\"inLanguage\":\"es-MX\",\"@id\":\"https:\/\/nitu.mx\/#\/schema\/person\/image\/\",\"url\":\"https:\/\/secure.gravatar.com\/avatar\/5dd011c8ccfc5cd7e4c81e42252aab38?s=96&d=mm&r=g\",\"contentUrl\":\"https:\/\/secure.gravatar.com\/avatar\/5dd011c8ccfc5cd7e4c81e42252aab38?s=96&d=mm&r=g\",\"caption\":\"Redacci\u00f3n\"},\"url\":\"https:\/\/nitu.mx\/index.php\/author\/redaccion\/\"}]}<\/script>\n<!-- \/ Yoast SEO plugin. -->","yoast_head_json":{"title":"Amadeus nombra a Sergio Vargas, director comercial para OTAs - Nitu - Noticias de la Industria Turistica","description":"Sergio Vargas es el nuevo director comercial para Online Travel Agencies (OTASs) en Latinoam\u00e9rica de Amadeus, su principal tarea consolidarse en la regi\u00f3n.","robots":{"index":"index","follow":"follow","max-snippet":"max-snippet:-1","max-image-preview":"max-image-preview:large","max-video-preview":"max-video-preview:-1"},"canonical":"https:\/\/nitu.mx\/index.php\/2017\/03\/14\/amadeus-nombra-a-sergio-vargas-director-comercial-para-otas\/","twitter_card":"summary_large_image","twitter_title":"Amadeus nombra a Sergio Vargas, director comercial para OTAs - Nitu - Noticias de la Industria Turistica","twitter_description":"Sergio Vargas es el nuevo director comercial para Online Travel Agencies (OTASs) en Latinoam\u00e9rica de Amadeus, su principal tarea consolidarse en la regi\u00f3n.","twitter_image":"https:\/\/nitu.mx\/wp-content\/uploads\/2017\/03\/amadeus.jpg","twitter_creator":"@NITUmx","twitter_site":"@Arturo_Medina_G","twitter_misc":{"Escrito por":"Redacci\u00f3n","Tiempo de lectura":"3 minutos"},"schema":{"@context":"https:\/\/schema.org","@graph":[{"@type":"Article","@id":"https:\/\/nitu.mx\/index.php\/2017\/03\/14\/amadeus-nombra-a-sergio-vargas-director-comercial-para-otas\/#article","isPartOf":{"@id":"https:\/\/nitu.mx\/index.php\/2017\/03\/14\/amadeus-nombra-a-sergio-vargas-director-comercial-para-otas\/"},"author":{"name":"Redacci\u00f3n","@id":"https:\/\/nitu.mx\/#\/schema\/person\/4a28fe9bd65924f7c90623773daf1b0b"},"headline":"Amadeus nombra a Sergio Vargas, director comercial para OTAs","datePublished":"2017-03-14T05:14:59+00:00","dateModified":"2017-03-14T06:12:11+00:00","mainEntityOfPage":{"@id":"https:\/\/nitu.mx\/index.php\/2017\/03\/14\/amadeus-nombra-a-sergio-vargas-director-comercial-para-otas\/"},"wordCount":637,"commentCount":0,"publisher":{"@id":"https:\/\/nitu.mx\/#\/schema\/person\/ae7a53426417292d3dd07b45a33e01bc"},"image":{"@id":"https:\/\/nitu.mx\/index.php\/2017\/03\/14\/amadeus-nombra-a-sergio-vargas-director-comercial-para-otas\/#primaryimage"},"thumbnailUrl":"https:\/\/nitu.mx\/wp-content\/uploads\/2017\/03\/amadeus.jpg","keywords":["Amadeus","APAC","Head of Online Travel Agencies &amp; Metasearch","Le\u00f3n Herce","OTASs","Sergio Vargas"],"articleSection":["Agencias de Viajes","Internacional"],"inLanguage":"es-MX","potentialAction":[{"@type":"CommentAction","name":"Comment","target":["https:\/\/nitu.mx\/index.php\/2017\/03\/14\/amadeus-nombra-a-sergio-vargas-director-comercial-para-otas\/#respond"]}]},{"@type":"WebPage","@id":"https:\/\/nitu.mx\/index.php\/2017\/03\/14\/amadeus-nombra-a-sergio-vargas-director-comercial-para-otas\/","url":"https:\/\/nitu.mx\/index.php\/2017\/03\/14\/amadeus-nombra-a-sergio-vargas-director-comercial-para-otas\/","name":"Amadeus nombra a Sergio Vargas, director comercial para OTAs - Nitu - Noticias de la Industria Turistica","isPartOf":{"@id":"https:\/\/nitu.mx\/#website"},"primaryImageOfPage":{"@id":"https:\/\/nitu.mx\/index.php\/2017\/03\/14\/amadeus-nombra-a-sergio-vargas-director-comercial-para-otas\/#primaryimage"},"image":{"@id":"https:\/\/nitu.mx\/index.php\/2017\/03\/14\/amadeus-nombra-a-sergio-vargas-director-comercial-para-otas\/#primaryimage"},"thumbnailUrl":"https:\/\/nitu.mx\/wp-content\/uploads\/2017\/03\/amadeus.jpg","datePublished":"2017-03-14T05:14:59+00:00","dateModified":"2017-03-14T06:12:11+00:00","description":"Sergio Vargas es el nuevo director comercial para Online Travel Agencies (OTASs) en Latinoam\u00e9rica de Amadeus, su principal tarea consolidarse en la regi\u00f3n.","breadcrumb":{"@id":"https:\/\/nitu.mx\/index.php\/2017\/03\/14\/amadeus-nombra-a-sergio-vargas-director-comercial-para-otas\/#breadcrumb"},"inLanguage":"es-MX","potentialAction":[{"@type":"ReadAction","target":["https:\/\/nitu.mx\/index.php\/2017\/03\/14\/amadeus-nombra-a-sergio-vargas-director-comercial-para-otas\/"]}]},{"@type":"ImageObject","inLanguage":"es-MX","@id":"https:\/\/nitu.mx\/index.php\/2017\/03\/14\/amadeus-nombra-a-sergio-vargas-director-comercial-para-otas\/#primaryimage","url":"https:\/\/nitu.mx\/wp-content\/uploads\/2017\/03\/amadeus.jpg","contentUrl":"https:\/\/nitu.mx\/wp-content\/uploads\/2017\/03\/amadeus.jpg","width":850,"height":480,"caption":"Sergio Vargas amadeus"},{"@type":"BreadcrumbList","@id":"https:\/\/nitu.mx\/index.php\/2017\/03\/14\/amadeus-nombra-a-sergio-vargas-director-comercial-para-otas\/#breadcrumb","itemListElement":[{"@type":"ListItem","position":1,"name":"Inicio","item":"https:\/\/nitu.mx\/"},{"@type":"ListItem","position":2,"name":"Amadeus nombra a Sergio Vargas, director comercial para OTAs"}]},{"@type":"WebSite","@id":"https:\/\/nitu.mx\/#website","url":"https:\/\/nitu.mx\/","name":"Nitu - Noticias de la Industria Turistica","description":"Noticias de la Industria Turistica","publisher":{"@id":"https:\/\/nitu.mx\/#\/schema\/person\/ae7a53426417292d3dd07b45a33e01bc"},"alternateName":"Noticias de la Industria Turistica","potentialAction":[{"@type":"SearchAction","target":{"@type":"EntryPoint","urlTemplate":"https:\/\/nitu.mx\/?s={search_term_string}"},"query-input":"required name=search_term_string"}],"inLanguage":"es-MX"},{"@type":["Person","Organization"],"@id":"https:\/\/nitu.mx\/#\/schema\/person\/ae7a53426417292d3dd07b45a33e01bc","name":"Arturo Medina","image":{"@type":"ImageObject","inLanguage":"es-MX","@id":"https:\/\/nitu.mx\/#\/schema\/person\/image\/","url":"https:\/\/nitu.mx\/wp-content\/uploads\/2024\/04\/4A315622-1904-4D5C-B022-878CDC840E04-90x90-1.jpeg","contentUrl":"https:\/\/nitu.mx\/wp-content\/uploads\/2024\/04\/4A315622-1904-4D5C-B022-878CDC840E04-90x90-1.jpeg","width":90,"height":90,"caption":"Arturo Medina"},"logo":{"@id":"https:\/\/nitu.mx\/#\/schema\/person\/image\/"},"description":"Director NITU.mx, Egresado de la Escuela de Periodismo Carlos Septi\u00e9n Garc\u00eda. Periodista y analista especializado en turismo desde hace 35 a\u00f1os, radicado en Canc\u00fan Q.Roo. arturo@nitu.mx","sameAs":["https:\/\/nitu.mx","https:\/\/www.facebook.com\/NITUmx\/","medinacancun","https:\/\/twitter.com\/@Arturo_Medina_G"]},{"@type":"Person","@id":"https:\/\/nitu.mx\/#\/schema\/person\/4a28fe9bd65924f7c90623773daf1b0b","name":"Redacci\u00f3n","image":{"@type":"ImageObject","inLanguage":"es-MX","@id":"https:\/\/nitu.mx\/#\/schema\/person\/image\/","url":"https:\/\/secure.gravatar.com\/avatar\/5dd011c8ccfc5cd7e4c81e42252aab38?s=96&d=mm&r=g","contentUrl":"https:\/\/secure.gravatar.com\/avatar\/5dd011c8ccfc5cd7e4c81e42252aab38?s=96&d=mm&r=g","caption":"Redacci\u00f3n"},"url":"https:\/\/nitu.mx\/index.php\/author\/redaccion\/"}]}},"views":255,"_links":{"self":[{"href":"https:\/\/nitu.mx\/index.php\/wp-json\/wp\/v2\/posts\/7788"}],"collection":[{"href":"https:\/\/nitu.mx\/index.php\/wp-json\/wp\/v2\/posts"}],"about":[{"href":"https:\/\/nitu.mx\/index.php\/wp-json\/wp\/v2\/types\/post"}],"author":[{"embeddable":true,"href":"https:\/\/nitu.mx\/index.php\/wp-json\/wp\/v2\/users\/17"}],"replies":[{"embeddable":true,"href":"https:\/\/nitu.mx\/index.php\/wp-json\/wp\/v2\/comments?post=7788"}],"version-history":[{"count":4,"href":"https:\/\/nitu.mx\/index.php\/wp-json\/wp\/v2\/posts\/7788\/revisions"}],"predecessor-version":[{"id":7791,"href":"https:\/\/nitu.mx\/index.php\/wp-json\/wp\/v2\/posts\/7788\/revisions\/7791"}],"wp:featuredmedia":[{"embeddable":true,"href":"https:\/\/nitu.mx\/index.php\/wp-json\/wp\/v2\/media\/7790"}],"wp:attachment":[{"href":"https:\/\/nitu.mx\/index.php\/wp-json\/wp\/v2\/media?parent=7788"}],"wp:term":[{"taxonomy":"category","embeddable":true,"href":"https:\/\/nitu.mx\/index.php\/wp-json\/wp\/v2\/categories?post=7788"},{"taxonomy":"post_tag","embeddable":true,"href":"https:\/\/nitu.mx\/index.php\/wp-json\/wp\/v2\/tags?post=7788"}],"curies":[{"name":"wp","href":"https:\/\/api.w.org\/{rel}","templated":true}]}}