{"id":77851,"date":"2024-12-23T22:04:53","date_gmt":"2024-12-24T04:04:53","guid":{"rendered":"https:\/\/nitu.mx\/?p=77851"},"modified":"2024-12-23T22:04:54","modified_gmt":"2024-12-24T04:04:54","slug":"polemica-por-altos-costos-de-casetas-en-la-via-corta-guadalajara-puerto-vallarta","status":"publish","type":"post","link":"https:\/\/nitu.mx\/index.php\/2024\/12\/23\/polemica-por-altos-costos-de-casetas-en-la-via-corta-guadalajara-puerto-vallarta\/","title":{"rendered":"Pol\u00e9mica por altos costos de casetas en la V\u00eda Corta Guadalajara-Puerto Vallarta"},"content":{"rendered":"<p>El reciente costo de la caseta en el tramo Las Varas &#8211; Puerto Vallarta, implementado con una tarifa de 455 pesos para veh\u00edculos ligeros, ha desatado indignaci\u00f3n entre los usuarios. Este tramo se ha convertido en el m\u00e1s caro de las seis casetas que conforman la &#8220;V\u00eda Corta&#8221;, sumando un total de 1,300 pesos por trayecto sencillo y superando los 2,600 pesos en un viaje redondo.<\/p>\n<p>Reacciones de los usuarios<br \/>\nEn redes sociales, los conductores han mostrado su descontento publicando tickets y cuestionando el impacto econ\u00f3mico de estos costos, especialmente para quienes frecuentan la ruta.<\/p>\n<p>Detalle de tarifas en la V\u00eda Corta<br \/>\n1. El Arenal: 193 pesos<br \/>\n2. Plan de Barrancas: 288 pesos<br \/>\n3. Amado Nervo: 193 pesos<br \/>\n4. La Pe\u00f1ita: 171 pesos<br \/>\n5. Bucer\u00edas: 223 pesos (evitable si se contin\u00faa hasta Puerto Vallarta)<br \/>\n6. Aeropuerto (Las Varas &#8211; Puerto Vallarta): 455 pesos<\/p>\n<p>Beneficios de la V\u00eda<br \/>\nLa &#8220;V\u00eda Corta&#8221; conecta a Guadalajara con municipios clave de Nayarit como Compostela y Bah\u00eda de Banderas, reduciendo tiempos de traslado. Sin embargo, el costo elevado genera dudas sobre su accesibilidad para un amplio segmento de la poblaci\u00f3n.<\/p>\n<p>Esta situaci\u00f3n plantea el desaf\u00edo de equilibrar la inversi\u00f3n en infraestructura con tarifas que no se conviertan en una barrera econ\u00f3mica para los usuarios, con informaci\u00f3n de Debate. (<a href=\"https:\/\/nitu.mx\/index.php\/2024\/11\/28\/puerto-vallarta-repunta-en-rutas-frecuencias-y-asientos-internacionales\/\">Puerto Vallarta repunta en rutas, frecuencias y asientos internacionales<\/a>).<\/p>\n","protected":false},"excerpt":{"rendered":"<p>El reciente costo de la caseta en el tramo Las Varas &#8211; Puerto Vallarta, implementado con una tarifa de 455 pesos para veh\u00edculos ligeros, ha desatado indignaci\u00f3n entre los usuarios. Este tramo se ha convertido en el m\u00e1s caro de las seis casetas que conforman la &#8220;V\u00eda Corta&#8221;, sumando un total de 1,300 pesos por [&hellip;]<\/p>\n","protected":false},"author":3,"featured_media":77862,"comment_status":"open","ping_status":"open","sticky":false,"template":"","format":"standard","meta":{"footnotes":""},"categories":[24505,5],"tags":[3168,26685,25512,490,1431,471],"yoast_head":"<!-- This site is optimized with the Yoast SEO plugin v22.2 - https:\/\/yoast.com\/wordpress\/plugins\/seo\/ -->\n<title>Pol\u00e9mica por altos costos de casetas en la V\u00eda Corta Guadalajara-Puerto Vallarta - Nitu - Noticias de la Industria Turistica<\/title>\n<meta name=\"robots\" content=\"index, follow, max-snippet:-1, max-image-preview:large, max-video-preview:-1\" \/>\n<link rel=\"canonical\" href=\"https:\/\/nitu.mx\/index.php\/2024\/12\/23\/polemica-por-altos-costos-de-casetas-en-la-via-corta-guadalajara-puerto-vallarta\/\" \/>\n<meta name=\"twitter:card\" content=\"summary_large_image\" \/>\n<meta name=\"twitter:title\" content=\"Pol\u00e9mica por altos costos de casetas en la V\u00eda Corta Guadalajara-Puerto Vallarta - Nitu - Noticias de la Industria Turistica\" \/>\n<meta name=\"twitter:description\" content=\"El reciente costo de la caseta en el tramo Las Varas &#8211; Puerto Vallarta, implementado con una tarifa de 455 pesos para veh\u00edculos ligeros, ha desatado indignaci\u00f3n entre los usuarios. Este tramo se ha convertido en el m\u00e1s caro de las seis casetas que conforman la &#8220;V\u00eda Corta&#8221;, sumando un total de 1,300 pesos por [&hellip;]\" \/>\n<meta name=\"twitter:image\" content=\"https:\/\/nitu.mx\/wp-content\/uploads\/2024\/12\/Via-Corta-Guadalajara-Puerto-Vallarta.jpg\" \/>\n<meta name=\"twitter:creator\" content=\"@NITUmx\" \/>\n<meta name=\"twitter:site\" content=\"@Arturo_Medina_G\" \/>\n<meta name=\"twitter:label1\" content=\"Escrito por\" \/>\n\t<meta name=\"twitter:data1\" content=\"Alejandra Moncisbays\" \/>\n\t<meta name=\"twitter:label2\" content=\"Tiempo de lectura\" \/>\n\t<meta name=\"twitter:data2\" content=\"1 minuto\" \/>\n<script type=\"application\/ld+json\" class=\"yoast-schema-graph\">{\"@context\":\"https:\/\/schema.org\",\"@graph\":[{\"@type\":\"Article\",\"@id\":\"https:\/\/nitu.mx\/index.php\/2024\/12\/23\/polemica-por-altos-costos-de-casetas-en-la-via-corta-guadalajara-puerto-vallarta\/#article\",\"isPartOf\":{\"@id\":\"https:\/\/nitu.mx\/index.php\/2024\/12\/23\/polemica-por-altos-costos-de-casetas-en-la-via-corta-guadalajara-puerto-vallarta\/\"},\"author\":{\"name\":\"Alejandra Moncisbays\",\"@id\":\"https:\/\/nitu.mx\/#\/schema\/person\/2ecd887b19dfd3382d1f14fc5acf24a8\"},\"headline\":\"Pol\u00e9mica por altos costos de casetas en la V\u00eda Corta Guadalajara-Puerto Vallarta\",\"datePublished\":\"2024-12-24T04:04:53+00:00\",\"dateModified\":\"2024-12-24T04:04:54+00:00\",\"mainEntityOfPage\":{\"@id\":\"https:\/\/nitu.mx\/index.php\/2024\/12\/23\/polemica-por-altos-costos-de-casetas-en-la-via-corta-guadalajara-puerto-vallarta\/\"},\"wordCount\":239,\"commentCount\":0,\"publisher\":{\"@id\":\"https:\/\/nitu.mx\/#\/schema\/person\/ae7a53426417292d3dd07b45a33e01bc\"},\"image\":{\"@id\":\"https:\/\/nitu.mx\/index.php\/2024\/12\/23\/polemica-por-altos-costos-de-casetas-en-la-via-corta-guadalajara-puerto-vallarta\/#primaryimage\"},\"thumbnailUrl\":\"https:\/\/nitu.mx\/wp-content\/uploads\/2024\/12\/Via-Corta-Guadalajara-Puerto-Vallarta.jpg\",\"keywords\":[\"Bah\u00eda de Banderas\",\"casetas\",\"costos\",\"Guadalajara\",\"Nayarit\",\"Puerto Vallarta\"],\"articleSection\":[\"Destacados\",\"Destinos\"],\"inLanguage\":\"es-MX\",\"potentialAction\":[{\"@type\":\"CommentAction\",\"name\":\"Comment\",\"target\":[\"https:\/\/nitu.mx\/index.php\/2024\/12\/23\/polemica-por-altos-costos-de-casetas-en-la-via-corta-guadalajara-puerto-vallarta\/#respond\"]}]},{\"@type\":\"WebPage\",\"@id\":\"https:\/\/nitu.mx\/index.php\/2024\/12\/23\/polemica-por-altos-costos-de-casetas-en-la-via-corta-guadalajara-puerto-vallarta\/\",\"url\":\"https:\/\/nitu.mx\/index.php\/2024\/12\/23\/polemica-por-altos-costos-de-casetas-en-la-via-corta-guadalajara-puerto-vallarta\/\",\"name\":\"Pol\u00e9mica por altos costos de casetas en la V\u00eda Corta Guadalajara-Puerto Vallarta - Nitu - Noticias de la Industria Turistica\",\"isPartOf\":{\"@id\":\"https:\/\/nitu.mx\/#website\"},\"primaryImageOfPage\":{\"@id\":\"https:\/\/nitu.mx\/index.php\/2024\/12\/23\/polemica-por-altos-costos-de-casetas-en-la-via-corta-guadalajara-puerto-vallarta\/#primaryimage\"},\"image\":{\"@id\":\"https:\/\/nitu.mx\/index.php\/2024\/12\/23\/polemica-por-altos-costos-de-casetas-en-la-via-corta-guadalajara-puerto-vallarta\/#primaryimage\"},\"thumbnailUrl\":\"https:\/\/nitu.mx\/wp-content\/uploads\/2024\/12\/Via-Corta-Guadalajara-Puerto-Vallarta.jpg\",\"datePublished\":\"2024-12-24T04:04:53+00:00\",\"dateModified\":\"2024-12-24T04:04:54+00:00\",\"breadcrumb\":{\"@id\":\"https:\/\/nitu.mx\/index.php\/2024\/12\/23\/polemica-por-altos-costos-de-casetas-en-la-via-corta-guadalajara-puerto-vallarta\/#breadcrumb\"},\"inLanguage\":\"es-MX\",\"potentialAction\":[{\"@type\":\"ReadAction\",\"target\":[\"https:\/\/nitu.mx\/index.php\/2024\/12\/23\/polemica-por-altos-costos-de-casetas-en-la-via-corta-guadalajara-puerto-vallarta\/\"]}]},{\"@type\":\"ImageObject\",\"inLanguage\":\"es-MX\",\"@id\":\"https:\/\/nitu.mx\/index.php\/2024\/12\/23\/polemica-por-altos-costos-de-casetas-en-la-via-corta-guadalajara-puerto-vallarta\/#primaryimage\",\"url\":\"https:\/\/nitu.mx\/wp-content\/uploads\/2024\/12\/Via-Corta-Guadalajara-Puerto-Vallarta.jpg\",\"contentUrl\":\"https:\/\/nitu.mx\/wp-content\/uploads\/2024\/12\/Via-Corta-Guadalajara-Puerto-Vallarta.jpg\",\"width\":1200,\"height\":675,\"caption\":\"V\u00eda Corta Guadalajara-Puerto Vallarta\"},{\"@type\":\"BreadcrumbList\",\"@id\":\"https:\/\/nitu.mx\/index.php\/2024\/12\/23\/polemica-por-altos-costos-de-casetas-en-la-via-corta-guadalajara-puerto-vallarta\/#breadcrumb\",\"itemListElement\":[{\"@type\":\"ListItem\",\"position\":1,\"name\":\"Inicio\",\"item\":\"https:\/\/nitu.mx\/\"},{\"@type\":\"ListItem\",\"position\":2,\"name\":\"Pol\u00e9mica por altos costos de casetas en la V\u00eda Corta Guadalajara-Puerto Vallarta\"}]},{\"@type\":\"WebSite\",\"@id\":\"https:\/\/nitu.mx\/#website\",\"url\":\"https:\/\/nitu.mx\/\",\"name\":\"Nitu - Noticias de la Industria Turistica\",\"description\":\"Noticias de la Industria Turistica\",\"publisher\":{\"@id\":\"https:\/\/nitu.mx\/#\/schema\/person\/ae7a53426417292d3dd07b45a33e01bc\"},\"alternateName\":\"Noticias de la Industria Turistica\",\"potentialAction\":[{\"@type\":\"SearchAction\",\"target\":{\"@type\":\"EntryPoint\",\"urlTemplate\":\"https:\/\/nitu.mx\/?s={search_term_string}\"},\"query-input\":\"required name=search_term_string\"}],\"inLanguage\":\"es-MX\"},{\"@type\":[\"Person\",\"Organization\"],\"@id\":\"https:\/\/nitu.mx\/#\/schema\/person\/ae7a53426417292d3dd07b45a33e01bc\",\"name\":\"Arturo Medina\",\"image\":{\"@type\":\"ImageObject\",\"inLanguage\":\"es-MX\",\"@id\":\"https:\/\/nitu.mx\/#\/schema\/person\/image\/\",\"url\":\"https:\/\/nitu.mx\/wp-content\/uploads\/2024\/04\/4A315622-1904-4D5C-B022-878CDC840E04-90x90-1.jpeg\",\"contentUrl\":\"https:\/\/nitu.mx\/wp-content\/uploads\/2024\/04\/4A315622-1904-4D5C-B022-878CDC840E04-90x90-1.jpeg\",\"width\":90,\"height\":90,\"caption\":\"Arturo Medina\"},\"logo\":{\"@id\":\"https:\/\/nitu.mx\/#\/schema\/person\/image\/\"},\"description\":\"Director NITU.mx, Egresado de la Escuela de Periodismo Carlos Septi\u00e9n Garc\u00eda. Periodista y analista especializado en turismo desde hace 35 a\u00f1os, radicado en Canc\u00fan Q.Roo. arturo@nitu.mx\",\"sameAs\":[\"https:\/\/nitu.mx\",\"https:\/\/www.facebook.com\/NITUmx\/\",\"medinacancun\",\"https:\/\/twitter.com\/@Arturo_Medina_G\"]},{\"@type\":\"Person\",\"@id\":\"https:\/\/nitu.mx\/#\/schema\/person\/2ecd887b19dfd3382d1f14fc5acf24a8\",\"name\":\"Alejandra Moncisbays\",\"image\":{\"@type\":\"ImageObject\",\"inLanguage\":\"es-MX\",\"@id\":\"https:\/\/nitu.mx\/#\/schema\/person\/image\/\",\"url\":\"https:\/\/secure.gravatar.com\/avatar\/e74f7af0be172b7804dacfd0bfbef787?s=96&d=mm&r=g\",\"contentUrl\":\"https:\/\/secure.gravatar.com\/avatar\/e74f7af0be172b7804dacfd0bfbef787?s=96&d=mm&r=g\",\"caption\":\"Alejandra Moncisbays\"},\"description\":\"Curs\u00e9 la carrera de Periodismo y Comunicaci\u00f3n en la Facultad de Estudios Profesionales Acatl\u00e1n. Vivo en Canc\u00fan desde hace 24 a\u00f1os. Fui reportera de La Tarde de Canc\u00fan, y Novedades de Quintana Roo, colabor\u00e9 en TVCUN, edit\u00e9 Cancun\u00edssimo y colabor\u00e9 en las revistas Latitud21, entre otras, con principal enfoque en los sectores empresarial y tur\u00edstico. Desde hace varios a\u00f1os soy Agente de Seguros con c\u00e9dula de la Comisi\u00f3n Nacional de Seguros y Fianzas. Actualmente, me desarrollo en los \u00e1mbitos del periodismo y el sector asegurador.\",\"sameAs\":[\"https:\/\/nitu.mx\"],\"url\":\"https:\/\/nitu.mx\/index.php\/author\/alejandra\/\"}]}<\/script>\n<!-- \/ Yoast SEO plugin. -->","yoast_head_json":{"title":"Pol\u00e9mica por altos costos de casetas en la V\u00eda Corta Guadalajara-Puerto Vallarta - Nitu - Noticias de la Industria Turistica","robots":{"index":"index","follow":"follow","max-snippet":"max-snippet:-1","max-image-preview":"max-image-preview:large","max-video-preview":"max-video-preview:-1"},"canonical":"https:\/\/nitu.mx\/index.php\/2024\/12\/23\/polemica-por-altos-costos-de-casetas-en-la-via-corta-guadalajara-puerto-vallarta\/","twitter_card":"summary_large_image","twitter_title":"Pol\u00e9mica por altos costos de casetas en la V\u00eda Corta Guadalajara-Puerto Vallarta - Nitu - Noticias de la Industria Turistica","twitter_description":"El reciente costo de la caseta en el tramo Las Varas &#8211; Puerto Vallarta, implementado con una tarifa de 455 pesos para veh\u00edculos ligeros, ha desatado indignaci\u00f3n entre los usuarios. Este tramo se ha convertido en el m\u00e1s caro de las seis casetas que conforman la &#8220;V\u00eda Corta&#8221;, sumando un total de 1,300 pesos por [&hellip;]","twitter_image":"https:\/\/nitu.mx\/wp-content\/uploads\/2024\/12\/Via-Corta-Guadalajara-Puerto-Vallarta.jpg","twitter_creator":"@NITUmx","twitter_site":"@Arturo_Medina_G","twitter_misc":{"Escrito por":"Alejandra Moncisbays","Tiempo de lectura":"1 minuto"},"schema":{"@context":"https:\/\/schema.org","@graph":[{"@type":"Article","@id":"https:\/\/nitu.mx\/index.php\/2024\/12\/23\/polemica-por-altos-costos-de-casetas-en-la-via-corta-guadalajara-puerto-vallarta\/#article","isPartOf":{"@id":"https:\/\/nitu.mx\/index.php\/2024\/12\/23\/polemica-por-altos-costos-de-casetas-en-la-via-corta-guadalajara-puerto-vallarta\/"},"author":{"name":"Alejandra Moncisbays","@id":"https:\/\/nitu.mx\/#\/schema\/person\/2ecd887b19dfd3382d1f14fc5acf24a8"},"headline":"Pol\u00e9mica por altos costos de casetas en la V\u00eda Corta Guadalajara-Puerto Vallarta","datePublished":"2024-12-24T04:04:53+00:00","dateModified":"2024-12-24T04:04:54+00:00","mainEntityOfPage":{"@id":"https:\/\/nitu.mx\/index.php\/2024\/12\/23\/polemica-por-altos-costos-de-casetas-en-la-via-corta-guadalajara-puerto-vallarta\/"},"wordCount":239,"commentCount":0,"publisher":{"@id":"https:\/\/nitu.mx\/#\/schema\/person\/ae7a53426417292d3dd07b45a33e01bc"},"image":{"@id":"https:\/\/nitu.mx\/index.php\/2024\/12\/23\/polemica-por-altos-costos-de-casetas-en-la-via-corta-guadalajara-puerto-vallarta\/#primaryimage"},"thumbnailUrl":"https:\/\/nitu.mx\/wp-content\/uploads\/2024\/12\/Via-Corta-Guadalajara-Puerto-Vallarta.jpg","keywords":["Bah\u00eda de Banderas","casetas","costos","Guadalajara","Nayarit","Puerto Vallarta"],"articleSection":["Destacados","Destinos"],"inLanguage":"es-MX","potentialAction":[{"@type":"CommentAction","name":"Comment","target":["https:\/\/nitu.mx\/index.php\/2024\/12\/23\/polemica-por-altos-costos-de-casetas-en-la-via-corta-guadalajara-puerto-vallarta\/#respond"]}]},{"@type":"WebPage","@id":"https:\/\/nitu.mx\/index.php\/2024\/12\/23\/polemica-por-altos-costos-de-casetas-en-la-via-corta-guadalajara-puerto-vallarta\/","url":"https:\/\/nitu.mx\/index.php\/2024\/12\/23\/polemica-por-altos-costos-de-casetas-en-la-via-corta-guadalajara-puerto-vallarta\/","name":"Pol\u00e9mica por altos costos de casetas en la V\u00eda Corta Guadalajara-Puerto Vallarta - Nitu - Noticias de la Industria Turistica","isPartOf":{"@id":"https:\/\/nitu.mx\/#website"},"primaryImageOfPage":{"@id":"https:\/\/nitu.mx\/index.php\/2024\/12\/23\/polemica-por-altos-costos-de-casetas-en-la-via-corta-guadalajara-puerto-vallarta\/#primaryimage"},"image":{"@id":"https:\/\/nitu.mx\/index.php\/2024\/12\/23\/polemica-por-altos-costos-de-casetas-en-la-via-corta-guadalajara-puerto-vallarta\/#primaryimage"},"thumbnailUrl":"https:\/\/nitu.mx\/wp-content\/uploads\/2024\/12\/Via-Corta-Guadalajara-Puerto-Vallarta.jpg","datePublished":"2024-12-24T04:04:53+00:00","dateModified":"2024-12-24T04:04:54+00:00","breadcrumb":{"@id":"https:\/\/nitu.mx\/index.php\/2024\/12\/23\/polemica-por-altos-costos-de-casetas-en-la-via-corta-guadalajara-puerto-vallarta\/#breadcrumb"},"inLanguage":"es-MX","potentialAction":[{"@type":"ReadAction","target":["https:\/\/nitu.mx\/index.php\/2024\/12\/23\/polemica-por-altos-costos-de-casetas-en-la-via-corta-guadalajara-puerto-vallarta\/"]}]},{"@type":"ImageObject","inLanguage":"es-MX","@id":"https:\/\/nitu.mx\/index.php\/2024\/12\/23\/polemica-por-altos-costos-de-casetas-en-la-via-corta-guadalajara-puerto-vallarta\/#primaryimage","url":"https:\/\/nitu.mx\/wp-content\/uploads\/2024\/12\/Via-Corta-Guadalajara-Puerto-Vallarta.jpg","contentUrl":"https:\/\/nitu.mx\/wp-content\/uploads\/2024\/12\/Via-Corta-Guadalajara-Puerto-Vallarta.jpg","width":1200,"height":675,"caption":"V\u00eda Corta Guadalajara-Puerto Vallarta"},{"@type":"BreadcrumbList","@id":"https:\/\/nitu.mx\/index.php\/2024\/12\/23\/polemica-por-altos-costos-de-casetas-en-la-via-corta-guadalajara-puerto-vallarta\/#breadcrumb","itemListElement":[{"@type":"ListItem","position":1,"name":"Inicio","item":"https:\/\/nitu.mx\/"},{"@type":"ListItem","position":2,"name":"Pol\u00e9mica por altos costos de casetas en la V\u00eda Corta Guadalajara-Puerto Vallarta"}]},{"@type":"WebSite","@id":"https:\/\/nitu.mx\/#website","url":"https:\/\/nitu.mx\/","name":"Nitu - Noticias de la Industria Turistica","description":"Noticias de la Industria Turistica","publisher":{"@id":"https:\/\/nitu.mx\/#\/schema\/person\/ae7a53426417292d3dd07b45a33e01bc"},"alternateName":"Noticias de la Industria Turistica","potentialAction":[{"@type":"SearchAction","target":{"@type":"EntryPoint","urlTemplate":"https:\/\/nitu.mx\/?s={search_term_string}"},"query-input":"required name=search_term_string"}],"inLanguage":"es-MX"},{"@type":["Person","Organization"],"@id":"https:\/\/nitu.mx\/#\/schema\/person\/ae7a53426417292d3dd07b45a33e01bc","name":"Arturo Medina","image":{"@type":"ImageObject","inLanguage":"es-MX","@id":"https:\/\/nitu.mx\/#\/schema\/person\/image\/","url":"https:\/\/nitu.mx\/wp-content\/uploads\/2024\/04\/4A315622-1904-4D5C-B022-878CDC840E04-90x90-1.jpeg","contentUrl":"https:\/\/nitu.mx\/wp-content\/uploads\/2024\/04\/4A315622-1904-4D5C-B022-878CDC840E04-90x90-1.jpeg","width":90,"height":90,"caption":"Arturo Medina"},"logo":{"@id":"https:\/\/nitu.mx\/#\/schema\/person\/image\/"},"description":"Director NITU.mx, Egresado de la Escuela de Periodismo Carlos Septi\u00e9n Garc\u00eda. Periodista y analista especializado en turismo desde hace 35 a\u00f1os, radicado en Canc\u00fan Q.Roo. arturo@nitu.mx","sameAs":["https:\/\/nitu.mx","https:\/\/www.facebook.com\/NITUmx\/","medinacancun","https:\/\/twitter.com\/@Arturo_Medina_G"]},{"@type":"Person","@id":"https:\/\/nitu.mx\/#\/schema\/person\/2ecd887b19dfd3382d1f14fc5acf24a8","name":"Alejandra Moncisbays","image":{"@type":"ImageObject","inLanguage":"es-MX","@id":"https:\/\/nitu.mx\/#\/schema\/person\/image\/","url":"https:\/\/secure.gravatar.com\/avatar\/e74f7af0be172b7804dacfd0bfbef787?s=96&d=mm&r=g","contentUrl":"https:\/\/secure.gravatar.com\/avatar\/e74f7af0be172b7804dacfd0bfbef787?s=96&d=mm&r=g","caption":"Alejandra Moncisbays"},"description":"Curs\u00e9 la carrera de Periodismo y Comunicaci\u00f3n en la Facultad de Estudios Profesionales Acatl\u00e1n. Vivo en Canc\u00fan desde hace 24 a\u00f1os. Fui reportera de La Tarde de Canc\u00fan, y Novedades de Quintana Roo, colabor\u00e9 en TVCUN, edit\u00e9 Cancun\u00edssimo y colabor\u00e9 en las revistas Latitud21, entre otras, con principal enfoque en los sectores empresarial y tur\u00edstico. Desde hace varios a\u00f1os soy Agente de Seguros con c\u00e9dula de la Comisi\u00f3n Nacional de Seguros y Fianzas. Actualmente, me desarrollo en los \u00e1mbitos del periodismo y el sector asegurador.","sameAs":["https:\/\/nitu.mx"],"url":"https:\/\/nitu.mx\/index.php\/author\/alejandra\/"}]}},"views":986,"_links":{"self":[{"href":"https:\/\/nitu.mx\/index.php\/wp-json\/wp\/v2\/posts\/77851"}],"collection":[{"href":"https:\/\/nitu.mx\/index.php\/wp-json\/wp\/v2\/posts"}],"about":[{"href":"https:\/\/nitu.mx\/index.php\/wp-json\/wp\/v2\/types\/post"}],"author":[{"embeddable":true,"href":"https:\/\/nitu.mx\/index.php\/wp-json\/wp\/v2\/users\/3"}],"replies":[{"embeddable":true,"href":"https:\/\/nitu.mx\/index.php\/wp-json\/wp\/v2\/comments?post=77851"}],"version-history":[{"count":2,"href":"https:\/\/nitu.mx\/index.php\/wp-json\/wp\/v2\/posts\/77851\/revisions"}],"predecessor-version":[{"id":77863,"href":"https:\/\/nitu.mx\/index.php\/wp-json\/wp\/v2\/posts\/77851\/revisions\/77863"}],"wp:featuredmedia":[{"embeddable":true,"href":"https:\/\/nitu.mx\/index.php\/wp-json\/wp\/v2\/media\/77862"}],"wp:attachment":[{"href":"https:\/\/nitu.mx\/index.php\/wp-json\/wp\/v2\/media?parent=77851"}],"wp:term":[{"taxonomy":"category","embeddable":true,"href":"https:\/\/nitu.mx\/index.php\/wp-json\/wp\/v2\/categories?post=77851"},{"taxonomy":"post_tag","embeddable":true,"href":"https:\/\/nitu.mx\/index.php\/wp-json\/wp\/v2\/tags?post=77851"}],"curies":[{"name":"wp","href":"https:\/\/api.w.org\/{rel}","templated":true}]}}