{"id":77843,"date":"2024-12-23T21:00:00","date_gmt":"2024-12-24T03:00:00","guid":{"rendered":"https:\/\/nitu.mx\/?p=77843"},"modified":"2024-12-23T20:32:32","modified_gmt":"2024-12-24T02:32:32","slug":"volaris-recibe-su-avion-143-para-reforzar-conectividad-a-cancun","status":"publish","type":"post","link":"https:\/\/nitu.mx\/index.php\/2024\/12\/23\/volaris-recibe-su-avion-143-para-reforzar-conectividad-a-cancun\/","title":{"rendered":"Volaris recibe su avi\u00f3n 143 para reforzar conectividad a Canc\u00fan"},"content":{"rendered":"\n<p>Volaris anunci\u00f3 la incorporaci\u00f3n de un nuevo avi\u00f3n m\u00e1s a su flota, el 143, con lo que cierra el 2024 sumando 14 aeronaves en todo el a\u00f1o, consolid\u00e1ndose as\u00ed como\u00a0la aerol\u00ednea con una de las flotas m\u00e1s modernas y eficientes en consumo de combustible en la regi\u00f3n, ratificando su compromiso de continuar creciendo para brindar una mayor y mejor conectividad en beneficio de todos sus clientes.<\/p>\n\n\n\n<p>La aeronave 143 de Volaris, un Airbus A321NEO, matr\u00edcula XA-VUM y proveniente de Mobile, Alabama, con capacidad para transportar 239 pasajeros, estar\u00e1 destinada a operar rutas estrat\u00e9gicas dentro de M\u00e9xico en destinos como Hermosillo, Canc\u00fan y Ciudad Ju\u00e1rez, y tambi\u00e9n la conectividad en uno de los destinos m\u00e1s importantes de Estados Unidos, como lo es la ciudad de Los \u00c1ngeles, California.<\/p>\n\n\n\n<p>\u201cEstamos muy orgullosos de cerrar 2024 con nuestro avi\u00f3n 143. Fueron pr\u00e1cticamente un avi\u00f3n por mes los que fuimos incorporando, lo que nos ha permitido asignar mayor capacidad en las rutas con m\u00e1s demanda y brindar continuamente m\u00e1s y mejores oportunidades de viaje a precios asequibles para todos nuestros clientes\u201d, se\u00f1al\u00f3 Enrique Beltranena, presidente y director general de Volaris.<\/p>\n\n\n\n<p>Las aeronaves Airbus NEO est\u00e1n equipadas con\u00a0sharklets,\u00a0dispositivos que les permiten ahorro de combustible y reducci\u00f3n de emisiones, lo cual forma parte y fortalece las iniciativas implementadas dentro del pilar ambiental de la estrategia de sostenibilidad de la aerol\u00ednea mexicana de ultra bajo costo que opera en M\u00e9xico, Estados Unidos, Centro y Sudam\u00e9rica. <\/p>\n\n\n\n<p>Estas aeronaves,\u00a0impulsadas por motores NEO, destacan por su capacidad de reducir el consumo de combustible en al menos 15% y disminuir el impacto sonoro en un 50% en comparaci\u00f3n con las generaciones anteriores, posicion\u00e1ndolas como unas de las m\u00e1s eficientes del mundo.<\/p>\n\n\n\n<p>Como parte del pedido que Volaris tiene con Airbus, la aerol\u00ednea tiene previsto continuar creciendo su flota aviones de la familia\u00a0A320neo\u00a0en los siguientes a\u00f1os, para seguir ampliando su red de rutas y conectar de forma segura y accesible a m\u00e1s destinos nacionales e internacionales. <a href=\"https:\/\/nitu.mx\/index.php\/2024\/12\/17\/volaris-fortalecera-rutas-a-ciudad-juarez-culiacan-morelia-con-nuevo-avion\/\">(Volaris fortalecer\u00e1 rutas a Ciudad Ju\u00e1rez, Culiac\u00e1n, Morelia con nuevo avi\u00f3n<\/a>).<\/p>\n","protected":false},"excerpt":{"rendered":"<p>Volaris anunci\u00f3 la incorporaci\u00f3n de un nuevo avi\u00f3n m\u00e1s a su flota, el 143, con lo que cierra el 2024 sumando 14 aeronaves en todo el a\u00f1o, consolid\u00e1ndose as\u00ed como\u00a0la aerol\u00ednea con una de las flotas m\u00e1s modernas y eficientes en consumo de combustible en la regi\u00f3n, ratificando su compromiso de continuar creciendo para brindar [&hellip;]<\/p>\n","protected":false},"author":17,"featured_media":77846,"comment_status":"open","ping_status":"open","sticky":false,"template":"","format":"standard","meta":{"footnotes":""},"categories":[29],"tags":[444,2438,435,131],"yoast_head":"<!-- This site is optimized with the Yoast SEO plugin v22.2 - https:\/\/yoast.com\/wordpress\/plugins\/seo\/ -->\n<title>Volaris recibe su avi\u00f3n 143 para reforzar conectividad a Canc\u00fan - Nitu - Noticias de la Industria Turistica<\/title>\n<meta name=\"robots\" content=\"index, follow, max-snippet:-1, max-image-preview:large, max-video-preview:-1\" \/>\n<link rel=\"canonical\" href=\"https:\/\/nitu.mx\/index.php\/2024\/12\/23\/volaris-recibe-su-avion-143-para-reforzar-conectividad-a-cancun\/\" \/>\n<meta name=\"twitter:card\" content=\"summary_large_image\" \/>\n<meta name=\"twitter:title\" content=\"Volaris recibe su avi\u00f3n 143 para reforzar conectividad a Canc\u00fan - Nitu - Noticias de la Industria Turistica\" \/>\n<meta name=\"twitter:description\" content=\"Volaris anunci\u00f3 la incorporaci\u00f3n de un nuevo avi\u00f3n m\u00e1s a su flota, el 143, con lo que cierra el 2024 sumando 14 aeronaves en todo el a\u00f1o, consolid\u00e1ndose as\u00ed como\u00a0la aerol\u00ednea con una de las flotas m\u00e1s modernas y eficientes en consumo de combustible en la regi\u00f3n, ratificando su compromiso de continuar creciendo para brindar [&hellip;]\" \/>\n<meta name=\"twitter:image\" content=\"https:\/\/nitu.mx\/wp-content\/uploads\/2024\/12\/Volaris-Avion-143.jpg\" \/>\n<meta name=\"twitter:creator\" content=\"@NITUmx\" \/>\n<meta name=\"twitter:site\" content=\"@Arturo_Medina_G\" \/>\n<meta name=\"twitter:label1\" content=\"Escrito por\" \/>\n\t<meta name=\"twitter:data1\" content=\"Redacci\u00f3n\" \/>\n\t<meta name=\"twitter:label2\" content=\"Tiempo de lectura\" \/>\n\t<meta name=\"twitter:data2\" content=\"2 minutos\" \/>\n<script type=\"application\/ld+json\" class=\"yoast-schema-graph\">{\"@context\":\"https:\/\/schema.org\",\"@graph\":[{\"@type\":\"Article\",\"@id\":\"https:\/\/nitu.mx\/index.php\/2024\/12\/23\/volaris-recibe-su-avion-143-para-reforzar-conectividad-a-cancun\/#article\",\"isPartOf\":{\"@id\":\"https:\/\/nitu.mx\/index.php\/2024\/12\/23\/volaris-recibe-su-avion-143-para-reforzar-conectividad-a-cancun\/\"},\"author\":{\"name\":\"Redacci\u00f3n\",\"@id\":\"https:\/\/nitu.mx\/#\/schema\/person\/4a28fe9bd65924f7c90623773daf1b0b\"},\"headline\":\"Volaris recibe su avi\u00f3n 143 para reforzar conectividad a Canc\u00fan\",\"datePublished\":\"2024-12-24T03:00:00+00:00\",\"dateModified\":\"2024-12-24T02:32:32+00:00\",\"mainEntityOfPage\":{\"@id\":\"https:\/\/nitu.mx\/index.php\/2024\/12\/23\/volaris-recibe-su-avion-143-para-reforzar-conectividad-a-cancun\/\"},\"wordCount\":380,\"commentCount\":0,\"publisher\":{\"@id\":\"https:\/\/nitu.mx\/#\/schema\/person\/ae7a53426417292d3dd07b45a33e01bc\"},\"image\":{\"@id\":\"https:\/\/nitu.mx\/index.php\/2024\/12\/23\/volaris-recibe-su-avion-143-para-reforzar-conectividad-a-cancun\/#primaryimage\"},\"thumbnailUrl\":\"https:\/\/nitu.mx\/wp-content\/uploads\/2024\/12\/Volaris-Avion-143.jpg\",\"keywords\":[\"Airbus\",\"Avi\u00f3n\",\"Enrique Beltranena\",\"Volaris\"],\"articleSection\":[\"Aerol\u00edneas\"],\"inLanguage\":\"es-MX\",\"potentialAction\":[{\"@type\":\"CommentAction\",\"name\":\"Comment\",\"target\":[\"https:\/\/nitu.mx\/index.php\/2024\/12\/23\/volaris-recibe-su-avion-143-para-reforzar-conectividad-a-cancun\/#respond\"]}]},{\"@type\":\"WebPage\",\"@id\":\"https:\/\/nitu.mx\/index.php\/2024\/12\/23\/volaris-recibe-su-avion-143-para-reforzar-conectividad-a-cancun\/\",\"url\":\"https:\/\/nitu.mx\/index.php\/2024\/12\/23\/volaris-recibe-su-avion-143-para-reforzar-conectividad-a-cancun\/\",\"name\":\"Volaris recibe su avi\u00f3n 143 para reforzar conectividad a Canc\u00fan - Nitu - Noticias de la Industria Turistica\",\"isPartOf\":{\"@id\":\"https:\/\/nitu.mx\/#website\"},\"primaryImageOfPage\":{\"@id\":\"https:\/\/nitu.mx\/index.php\/2024\/12\/23\/volaris-recibe-su-avion-143-para-reforzar-conectividad-a-cancun\/#primaryimage\"},\"image\":{\"@id\":\"https:\/\/nitu.mx\/index.php\/2024\/12\/23\/volaris-recibe-su-avion-143-para-reforzar-conectividad-a-cancun\/#primaryimage\"},\"thumbnailUrl\":\"https:\/\/nitu.mx\/wp-content\/uploads\/2024\/12\/Volaris-Avion-143.jpg\",\"datePublished\":\"2024-12-24T03:00:00+00:00\",\"dateModified\":\"2024-12-24T02:32:32+00:00\",\"breadcrumb\":{\"@id\":\"https:\/\/nitu.mx\/index.php\/2024\/12\/23\/volaris-recibe-su-avion-143-para-reforzar-conectividad-a-cancun\/#breadcrumb\"},\"inLanguage\":\"es-MX\",\"potentialAction\":[{\"@type\":\"ReadAction\",\"target\":[\"https:\/\/nitu.mx\/index.php\/2024\/12\/23\/volaris-recibe-su-avion-143-para-reforzar-conectividad-a-cancun\/\"]}]},{\"@type\":\"ImageObject\",\"inLanguage\":\"es-MX\",\"@id\":\"https:\/\/nitu.mx\/index.php\/2024\/12\/23\/volaris-recibe-su-avion-143-para-reforzar-conectividad-a-cancun\/#primaryimage\",\"url\":\"https:\/\/nitu.mx\/wp-content\/uploads\/2024\/12\/Volaris-Avion-143.jpg\",\"contentUrl\":\"https:\/\/nitu.mx\/wp-content\/uploads\/2024\/12\/Volaris-Avion-143.jpg\",\"width\":1200,\"height\":675,\"caption\":\"Volaris Avi\u00f3n 143\"},{\"@type\":\"BreadcrumbList\",\"@id\":\"https:\/\/nitu.mx\/index.php\/2024\/12\/23\/volaris-recibe-su-avion-143-para-reforzar-conectividad-a-cancun\/#breadcrumb\",\"itemListElement\":[{\"@type\":\"ListItem\",\"position\":1,\"name\":\"Inicio\",\"item\":\"https:\/\/nitu.mx\/\"},{\"@type\":\"ListItem\",\"position\":2,\"name\":\"Volaris recibe su avi\u00f3n 143 para reforzar conectividad a Canc\u00fan\"}]},{\"@type\":\"WebSite\",\"@id\":\"https:\/\/nitu.mx\/#website\",\"url\":\"https:\/\/nitu.mx\/\",\"name\":\"Nitu - Noticias de la Industria Turistica\",\"description\":\"Noticias de la Industria Turistica\",\"publisher\":{\"@id\":\"https:\/\/nitu.mx\/#\/schema\/person\/ae7a53426417292d3dd07b45a33e01bc\"},\"alternateName\":\"Noticias de la Industria Turistica\",\"potentialAction\":[{\"@type\":\"SearchAction\",\"target\":{\"@type\":\"EntryPoint\",\"urlTemplate\":\"https:\/\/nitu.mx\/?s={search_term_string}\"},\"query-input\":\"required name=search_term_string\"}],\"inLanguage\":\"es-MX\"},{\"@type\":[\"Person\",\"Organization\"],\"@id\":\"https:\/\/nitu.mx\/#\/schema\/person\/ae7a53426417292d3dd07b45a33e01bc\",\"name\":\"Arturo Medina\",\"image\":{\"@type\":\"ImageObject\",\"inLanguage\":\"es-MX\",\"@id\":\"https:\/\/nitu.mx\/#\/schema\/person\/image\/\",\"url\":\"https:\/\/nitu.mx\/wp-content\/uploads\/2024\/04\/4A315622-1904-4D5C-B022-878CDC840E04-90x90-1.jpeg\",\"contentUrl\":\"https:\/\/nitu.mx\/wp-content\/uploads\/2024\/04\/4A315622-1904-4D5C-B022-878CDC840E04-90x90-1.jpeg\",\"width\":90,\"height\":90,\"caption\":\"Arturo Medina\"},\"logo\":{\"@id\":\"https:\/\/nitu.mx\/#\/schema\/person\/image\/\"},\"description\":\"Director NITU.mx, Egresado de la Escuela de Periodismo Carlos Septi\u00e9n Garc\u00eda. Periodista y analista especializado en turismo desde hace 35 a\u00f1os, radicado en Canc\u00fan Q.Roo. arturo@nitu.mx\",\"sameAs\":[\"https:\/\/nitu.mx\",\"https:\/\/www.facebook.com\/NITUmx\/\",\"medinacancun\",\"https:\/\/twitter.com\/@Arturo_Medina_G\"]},{\"@type\":\"Person\",\"@id\":\"https:\/\/nitu.mx\/#\/schema\/person\/4a28fe9bd65924f7c90623773daf1b0b\",\"name\":\"Redacci\u00f3n\",\"image\":{\"@type\":\"ImageObject\",\"inLanguage\":\"es-MX\",\"@id\":\"https:\/\/nitu.mx\/#\/schema\/person\/image\/\",\"url\":\"https:\/\/secure.gravatar.com\/avatar\/5dd011c8ccfc5cd7e4c81e42252aab38?s=96&d=mm&r=g\",\"contentUrl\":\"https:\/\/secure.gravatar.com\/avatar\/5dd011c8ccfc5cd7e4c81e42252aab38?s=96&d=mm&r=g\",\"caption\":\"Redacci\u00f3n\"},\"url\":\"https:\/\/nitu.mx\/index.php\/author\/redaccion\/\"}]}<\/script>\n<!-- \/ Yoast SEO plugin. -->","yoast_head_json":{"title":"Volaris recibe su avi\u00f3n 143 para reforzar conectividad a Canc\u00fan - Nitu - Noticias de la Industria Turistica","robots":{"index":"index","follow":"follow","max-snippet":"max-snippet:-1","max-image-preview":"max-image-preview:large","max-video-preview":"max-video-preview:-1"},"canonical":"https:\/\/nitu.mx\/index.php\/2024\/12\/23\/volaris-recibe-su-avion-143-para-reforzar-conectividad-a-cancun\/","twitter_card":"summary_large_image","twitter_title":"Volaris recibe su avi\u00f3n 143 para reforzar conectividad a Canc\u00fan - Nitu - Noticias de la Industria Turistica","twitter_description":"Volaris anunci\u00f3 la incorporaci\u00f3n de un nuevo avi\u00f3n m\u00e1s a su flota, el 143, con lo que cierra el 2024 sumando 14 aeronaves en todo el a\u00f1o, consolid\u00e1ndose as\u00ed como\u00a0la aerol\u00ednea con una de las flotas m\u00e1s modernas y eficientes en consumo de combustible en la regi\u00f3n, ratificando su compromiso de continuar creciendo para brindar [&hellip;]","twitter_image":"https:\/\/nitu.mx\/wp-content\/uploads\/2024\/12\/Volaris-Avion-143.jpg","twitter_creator":"@NITUmx","twitter_site":"@Arturo_Medina_G","twitter_misc":{"Escrito por":"Redacci\u00f3n","Tiempo de lectura":"2 minutos"},"schema":{"@context":"https:\/\/schema.org","@graph":[{"@type":"Article","@id":"https:\/\/nitu.mx\/index.php\/2024\/12\/23\/volaris-recibe-su-avion-143-para-reforzar-conectividad-a-cancun\/#article","isPartOf":{"@id":"https:\/\/nitu.mx\/index.php\/2024\/12\/23\/volaris-recibe-su-avion-143-para-reforzar-conectividad-a-cancun\/"},"author":{"name":"Redacci\u00f3n","@id":"https:\/\/nitu.mx\/#\/schema\/person\/4a28fe9bd65924f7c90623773daf1b0b"},"headline":"Volaris recibe su avi\u00f3n 143 para reforzar conectividad a Canc\u00fan","datePublished":"2024-12-24T03:00:00+00:00","dateModified":"2024-12-24T02:32:32+00:00","mainEntityOfPage":{"@id":"https:\/\/nitu.mx\/index.php\/2024\/12\/23\/volaris-recibe-su-avion-143-para-reforzar-conectividad-a-cancun\/"},"wordCount":380,"commentCount":0,"publisher":{"@id":"https:\/\/nitu.mx\/#\/schema\/person\/ae7a53426417292d3dd07b45a33e01bc"},"image":{"@id":"https:\/\/nitu.mx\/index.php\/2024\/12\/23\/volaris-recibe-su-avion-143-para-reforzar-conectividad-a-cancun\/#primaryimage"},"thumbnailUrl":"https:\/\/nitu.mx\/wp-content\/uploads\/2024\/12\/Volaris-Avion-143.jpg","keywords":["Airbus","Avi\u00f3n","Enrique Beltranena","Volaris"],"articleSection":["Aerol\u00edneas"],"inLanguage":"es-MX","potentialAction":[{"@type":"CommentAction","name":"Comment","target":["https:\/\/nitu.mx\/index.php\/2024\/12\/23\/volaris-recibe-su-avion-143-para-reforzar-conectividad-a-cancun\/#respond"]}]},{"@type":"WebPage","@id":"https:\/\/nitu.mx\/index.php\/2024\/12\/23\/volaris-recibe-su-avion-143-para-reforzar-conectividad-a-cancun\/","url":"https:\/\/nitu.mx\/index.php\/2024\/12\/23\/volaris-recibe-su-avion-143-para-reforzar-conectividad-a-cancun\/","name":"Volaris recibe su avi\u00f3n 143 para reforzar conectividad a Canc\u00fan - Nitu - Noticias de la Industria Turistica","isPartOf":{"@id":"https:\/\/nitu.mx\/#website"},"primaryImageOfPage":{"@id":"https:\/\/nitu.mx\/index.php\/2024\/12\/23\/volaris-recibe-su-avion-143-para-reforzar-conectividad-a-cancun\/#primaryimage"},"image":{"@id":"https:\/\/nitu.mx\/index.php\/2024\/12\/23\/volaris-recibe-su-avion-143-para-reforzar-conectividad-a-cancun\/#primaryimage"},"thumbnailUrl":"https:\/\/nitu.mx\/wp-content\/uploads\/2024\/12\/Volaris-Avion-143.jpg","datePublished":"2024-12-24T03:00:00+00:00","dateModified":"2024-12-24T02:32:32+00:00","breadcrumb":{"@id":"https:\/\/nitu.mx\/index.php\/2024\/12\/23\/volaris-recibe-su-avion-143-para-reforzar-conectividad-a-cancun\/#breadcrumb"},"inLanguage":"es-MX","potentialAction":[{"@type":"ReadAction","target":["https:\/\/nitu.mx\/index.php\/2024\/12\/23\/volaris-recibe-su-avion-143-para-reforzar-conectividad-a-cancun\/"]}]},{"@type":"ImageObject","inLanguage":"es-MX","@id":"https:\/\/nitu.mx\/index.php\/2024\/12\/23\/volaris-recibe-su-avion-143-para-reforzar-conectividad-a-cancun\/#primaryimage","url":"https:\/\/nitu.mx\/wp-content\/uploads\/2024\/12\/Volaris-Avion-143.jpg","contentUrl":"https:\/\/nitu.mx\/wp-content\/uploads\/2024\/12\/Volaris-Avion-143.jpg","width":1200,"height":675,"caption":"Volaris Avi\u00f3n 143"},{"@type":"BreadcrumbList","@id":"https:\/\/nitu.mx\/index.php\/2024\/12\/23\/volaris-recibe-su-avion-143-para-reforzar-conectividad-a-cancun\/#breadcrumb","itemListElement":[{"@type":"ListItem","position":1,"name":"Inicio","item":"https:\/\/nitu.mx\/"},{"@type":"ListItem","position":2,"name":"Volaris recibe su avi\u00f3n 143 para reforzar conectividad a Canc\u00fan"}]},{"@type":"WebSite","@id":"https:\/\/nitu.mx\/#website","url":"https:\/\/nitu.mx\/","name":"Nitu - Noticias de la Industria Turistica","description":"Noticias de la Industria Turistica","publisher":{"@id":"https:\/\/nitu.mx\/#\/schema\/person\/ae7a53426417292d3dd07b45a33e01bc"},"alternateName":"Noticias de la Industria Turistica","potentialAction":[{"@type":"SearchAction","target":{"@type":"EntryPoint","urlTemplate":"https:\/\/nitu.mx\/?s={search_term_string}"},"query-input":"required name=search_term_string"}],"inLanguage":"es-MX"},{"@type":["Person","Organization"],"@id":"https:\/\/nitu.mx\/#\/schema\/person\/ae7a53426417292d3dd07b45a33e01bc","name":"Arturo Medina","image":{"@type":"ImageObject","inLanguage":"es-MX","@id":"https:\/\/nitu.mx\/#\/schema\/person\/image\/","url":"https:\/\/nitu.mx\/wp-content\/uploads\/2024\/04\/4A315622-1904-4D5C-B022-878CDC840E04-90x90-1.jpeg","contentUrl":"https:\/\/nitu.mx\/wp-content\/uploads\/2024\/04\/4A315622-1904-4D5C-B022-878CDC840E04-90x90-1.jpeg","width":90,"height":90,"caption":"Arturo Medina"},"logo":{"@id":"https:\/\/nitu.mx\/#\/schema\/person\/image\/"},"description":"Director NITU.mx, Egresado de la Escuela de Periodismo Carlos Septi\u00e9n Garc\u00eda. Periodista y analista especializado en turismo desde hace 35 a\u00f1os, radicado en Canc\u00fan Q.Roo. arturo@nitu.mx","sameAs":["https:\/\/nitu.mx","https:\/\/www.facebook.com\/NITUmx\/","medinacancun","https:\/\/twitter.com\/@Arturo_Medina_G"]},{"@type":"Person","@id":"https:\/\/nitu.mx\/#\/schema\/person\/4a28fe9bd65924f7c90623773daf1b0b","name":"Redacci\u00f3n","image":{"@type":"ImageObject","inLanguage":"es-MX","@id":"https:\/\/nitu.mx\/#\/schema\/person\/image\/","url":"https:\/\/secure.gravatar.com\/avatar\/5dd011c8ccfc5cd7e4c81e42252aab38?s=96&d=mm&r=g","contentUrl":"https:\/\/secure.gravatar.com\/avatar\/5dd011c8ccfc5cd7e4c81e42252aab38?s=96&d=mm&r=g","caption":"Redacci\u00f3n"},"url":"https:\/\/nitu.mx\/index.php\/author\/redaccion\/"}]}},"views":583,"_links":{"self":[{"href":"https:\/\/nitu.mx\/index.php\/wp-json\/wp\/v2\/posts\/77843"}],"collection":[{"href":"https:\/\/nitu.mx\/index.php\/wp-json\/wp\/v2\/posts"}],"about":[{"href":"https:\/\/nitu.mx\/index.php\/wp-json\/wp\/v2\/types\/post"}],"author":[{"embeddable":true,"href":"https:\/\/nitu.mx\/index.php\/wp-json\/wp\/v2\/users\/17"}],"replies":[{"embeddable":true,"href":"https:\/\/nitu.mx\/index.php\/wp-json\/wp\/v2\/comments?post=77843"}],"version-history":[{"count":1,"href":"https:\/\/nitu.mx\/index.php\/wp-json\/wp\/v2\/posts\/77843\/revisions"}],"predecessor-version":[{"id":77847,"href":"https:\/\/nitu.mx\/index.php\/wp-json\/wp\/v2\/posts\/77843\/revisions\/77847"}],"wp:featuredmedia":[{"embeddable":true,"href":"https:\/\/nitu.mx\/index.php\/wp-json\/wp\/v2\/media\/77846"}],"wp:attachment":[{"href":"https:\/\/nitu.mx\/index.php\/wp-json\/wp\/v2\/media?parent=77843"}],"wp:term":[{"taxonomy":"category","embeddable":true,"href":"https:\/\/nitu.mx\/index.php\/wp-json\/wp\/v2\/categories?post=77843"},{"taxonomy":"post_tag","embeddable":true,"href":"https:\/\/nitu.mx\/index.php\/wp-json\/wp\/v2\/tags?post=77843"}],"curies":[{"name":"wp","href":"https:\/\/api.w.org\/{rel}","templated":true}]}}