{"id":77802,"date":"2024-12-22T21:48:43","date_gmt":"2024-12-23T03:48:43","guid":{"rendered":"https:\/\/nitu.mx\/?p=77802"},"modified":"2024-12-22T21:48:43","modified_gmt":"2024-12-23T03:48:43","slug":"21-de-diciembre-record-historico-de-quintana-roo-con-762-vuelos-en-un-dia","status":"publish","type":"post","link":"https:\/\/nitu.mx\/index.php\/2024\/12\/22\/21-de-diciembre-record-historico-de-quintana-roo-con-762-vuelos-en-un-dia\/","title":{"rendered":"21 de Diciembre: R\u00e9cord hist\u00f3rico de Quintana Roo con 762 vuelos en un d\u00eda"},"content":{"rendered":"<p>Este 21 de diciembre, los aeropuertos de Quintana Roo han alcanzado un r\u00e9cord hist\u00f3rico con 762 operaciones a\u00e9reas en un solo d\u00eda, seg\u00fan inform\u00f3 la gobernadora Mara Lezama Espinosa. Este logro refuerza la posici\u00f3n estrat\u00e9gica del estado como l\u00edder en conectividad y destino preferido del turismo mundial.<\/p>\n<p>Distribuci\u00f3n de vuelos:<br \/>\n&#8211; Aeropuerto Internacional de Canc\u00fan: 662 vuelos.<br \/>\n&#8211; Aeropuerto de Tulum: 56 vuelos.<br \/>\n&#8211; Aeropuerto de Cozumel: 34 vuelos.<br \/>\n&#8211; Aeropuerto Internacional de Chetumal: 10 vuelos.<\/p>\n<p>Turismo en cifras<br \/>\nDe enero a septiembre de 2024, los cuatro aeropuertos del estado han recibido a m\u00e1s de 24.8 millones de pasajeros, consolidando a Quintana Roo como un referente del turismo internacional.<\/p>\n<p>Compromiso con el turismo<br \/>\nCon el aumento de turistas durante la temporada navide\u00f1a, el gobierno estatal ha reforzado acciones para garantizar una experiencia segura y eficiente para visitantes y residentes. Estas medidas incluyen optimizaci\u00f3n de servicios tur\u00edsticos, mejora en la movilidad y fortalecimiento de la seguridad.<\/p>\n<p>Por su parte, el secretario de Turismo estatal, Bernardo Cueto Riestra, resalt\u00f3 la importancia de este logro en el marco de la temporada alta y reiter\u00f3 el compromiso del gobierno de garantizar una operaci\u00f3n eficiente en cada aeropuerto. (<a href=\"https:\/\/nitu.mx\/index.php\/2024\/12\/20\/revisa-mara-lezama-avances-en-atencion-a-turistas-con-autoridades-del-aeropuerto-de-cancun\/\">Revisa Mara Lezama avances en atenci\u00f3n a turistas con autoridades del Aeropuerto de Canc\u00fan<\/a>),<\/p>\n","protected":false},"excerpt":{"rendered":"<p>Este 21 de diciembre, los aeropuertos de Quintana Roo han alcanzado un r\u00e9cord hist\u00f3rico con 762 operaciones a\u00e9reas en un solo d\u00eda, seg\u00fan inform\u00f3 la gobernadora Mara Lezama Espinosa. Este logro refuerza la posici\u00f3n estrat\u00e9gica del estado como l\u00edder en conectividad y destino preferido del turismo mundial. Distribuci\u00f3n de vuelos: &#8211; Aeropuerto Internacional de Canc\u00fan: [&hellip;]<\/p>\n","protected":false},"author":3,"featured_media":77809,"comment_status":"open","ping_status":"open","sticky":false,"template":"","format":"standard","meta":{"footnotes":""},"categories":[19462,18475],"tags":[43,454,110,14028,6399,390,4042],"yoast_head":"<!-- This site is optimized with the Yoast SEO plugin v22.2 - https:\/\/yoast.com\/wordpress\/plugins\/seo\/ -->\n<title>21 de Diciembre: R\u00e9cord hist\u00f3rico de Quintana Roo con 762 vuelos en un d\u00eda - Nitu - Noticias de la Industria Turistica<\/title>\n<meta name=\"robots\" content=\"index, follow, max-snippet:-1, max-image-preview:large, max-video-preview:-1\" \/>\n<link rel=\"canonical\" href=\"https:\/\/nitu.mx\/index.php\/2024\/12\/22\/21-de-diciembre-record-historico-de-quintana-roo-con-762-vuelos-en-un-dia\/\" \/>\n<meta name=\"twitter:card\" content=\"summary_large_image\" \/>\n<meta name=\"twitter:title\" content=\"21 de Diciembre: R\u00e9cord hist\u00f3rico de Quintana Roo con 762 vuelos en un d\u00eda - Nitu - Noticias de la Industria Turistica\" \/>\n<meta name=\"twitter:description\" content=\"Este 21 de diciembre, los aeropuertos de Quintana Roo han alcanzado un r\u00e9cord hist\u00f3rico con 762 operaciones a\u00e9reas en un solo d\u00eda, seg\u00fan inform\u00f3 la gobernadora Mara Lezama Espinosa. Este logro refuerza la posici\u00f3n estrat\u00e9gica del estado como l\u00edder en conectividad y destino preferido del turismo mundial. Distribuci\u00f3n de vuelos: &#8211; Aeropuerto Internacional de Canc\u00fan: [&hellip;]\" \/>\n<meta name=\"twitter:image\" content=\"https:\/\/nitu.mx\/wp-content\/uploads\/2024\/12\/Aeropuerto-de-Cancun-pasajeros-record.jpg\" \/>\n<meta name=\"twitter:creator\" content=\"@NITUmx\" \/>\n<meta name=\"twitter:site\" content=\"@Arturo_Medina_G\" \/>\n<meta name=\"twitter:label1\" content=\"Escrito por\" \/>\n\t<meta name=\"twitter:data1\" content=\"Alejandra Moncisbays\" \/>\n\t<meta name=\"twitter:label2\" content=\"Tiempo de lectura\" \/>\n\t<meta name=\"twitter:data2\" content=\"1 minuto\" \/>\n<script type=\"application\/ld+json\" class=\"yoast-schema-graph\">{\"@context\":\"https:\/\/schema.org\",\"@graph\":[{\"@type\":\"Article\",\"@id\":\"https:\/\/nitu.mx\/index.php\/2024\/12\/22\/21-de-diciembre-record-historico-de-quintana-roo-con-762-vuelos-en-un-dia\/#article\",\"isPartOf\":{\"@id\":\"https:\/\/nitu.mx\/index.php\/2024\/12\/22\/21-de-diciembre-record-historico-de-quintana-roo-con-762-vuelos-en-un-dia\/\"},\"author\":{\"name\":\"Alejandra Moncisbays\",\"@id\":\"https:\/\/nitu.mx\/#\/schema\/person\/2ecd887b19dfd3382d1f14fc5acf24a8\"},\"headline\":\"21 de Diciembre: R\u00e9cord hist\u00f3rico de Quintana Roo con 762 vuelos en un d\u00eda\",\"datePublished\":\"2024-12-23T03:48:43+00:00\",\"dateModified\":\"2024-12-23T03:48:43+00:00\",\"mainEntityOfPage\":{\"@id\":\"https:\/\/nitu.mx\/index.php\/2024\/12\/22\/21-de-diciembre-record-historico-de-quintana-roo-con-762-vuelos-en-un-dia\/\"},\"wordCount\":231,\"commentCount\":0,\"publisher\":{\"@id\":\"https:\/\/nitu.mx\/#\/schema\/person\/ae7a53426417292d3dd07b45a33e01bc\"},\"image\":{\"@id\":\"https:\/\/nitu.mx\/index.php\/2024\/12\/22\/21-de-diciembre-record-historico-de-quintana-roo-con-762-vuelos-en-un-dia\/#primaryimage\"},\"thumbnailUrl\":\"https:\/\/nitu.mx\/wp-content\/uploads\/2024\/12\/Aeropuerto-de-Cancun-pasajeros-record.jpg\",\"keywords\":[\"Canc\u00fan\",\"Chetumal\",\"Cozumel\",\"Mara Lezama\",\"r\u00e9cord\",\"Tulum\",\"Vuelos\"],\"articleSection\":[\"Aeropuertos\",\"Caribe Mexicano\"],\"inLanguage\":\"es-MX\",\"potentialAction\":[{\"@type\":\"CommentAction\",\"name\":\"Comment\",\"target\":[\"https:\/\/nitu.mx\/index.php\/2024\/12\/22\/21-de-diciembre-record-historico-de-quintana-roo-con-762-vuelos-en-un-dia\/#respond\"]}]},{\"@type\":\"WebPage\",\"@id\":\"https:\/\/nitu.mx\/index.php\/2024\/12\/22\/21-de-diciembre-record-historico-de-quintana-roo-con-762-vuelos-en-un-dia\/\",\"url\":\"https:\/\/nitu.mx\/index.php\/2024\/12\/22\/21-de-diciembre-record-historico-de-quintana-roo-con-762-vuelos-en-un-dia\/\",\"name\":\"21 de Diciembre: R\u00e9cord hist\u00f3rico de Quintana Roo con 762 vuelos en un d\u00eda - Nitu - Noticias de la Industria Turistica\",\"isPartOf\":{\"@id\":\"https:\/\/nitu.mx\/#website\"},\"primaryImageOfPage\":{\"@id\":\"https:\/\/nitu.mx\/index.php\/2024\/12\/22\/21-de-diciembre-record-historico-de-quintana-roo-con-762-vuelos-en-un-dia\/#primaryimage\"},\"image\":{\"@id\":\"https:\/\/nitu.mx\/index.php\/2024\/12\/22\/21-de-diciembre-record-historico-de-quintana-roo-con-762-vuelos-en-un-dia\/#primaryimage\"},\"thumbnailUrl\":\"https:\/\/nitu.mx\/wp-content\/uploads\/2024\/12\/Aeropuerto-de-Cancun-pasajeros-record.jpg\",\"datePublished\":\"2024-12-23T03:48:43+00:00\",\"dateModified\":\"2024-12-23T03:48:43+00:00\",\"breadcrumb\":{\"@id\":\"https:\/\/nitu.mx\/index.php\/2024\/12\/22\/21-de-diciembre-record-historico-de-quintana-roo-con-762-vuelos-en-un-dia\/#breadcrumb\"},\"inLanguage\":\"es-MX\",\"potentialAction\":[{\"@type\":\"ReadAction\",\"target\":[\"https:\/\/nitu.mx\/index.php\/2024\/12\/22\/21-de-diciembre-record-historico-de-quintana-roo-con-762-vuelos-en-un-dia\/\"]}]},{\"@type\":\"ImageObject\",\"inLanguage\":\"es-MX\",\"@id\":\"https:\/\/nitu.mx\/index.php\/2024\/12\/22\/21-de-diciembre-record-historico-de-quintana-roo-con-762-vuelos-en-un-dia\/#primaryimage\",\"url\":\"https:\/\/nitu.mx\/wp-content\/uploads\/2024\/12\/Aeropuerto-de-Cancun-pasajeros-record.jpg\",\"contentUrl\":\"https:\/\/nitu.mx\/wp-content\/uploads\/2024\/12\/Aeropuerto-de-Cancun-pasajeros-record.jpg\",\"width\":1200,\"height\":675,\"caption\":\"Aeropuerto de Canc\u00fan pasajeros r\u00e9cord\"},{\"@type\":\"BreadcrumbList\",\"@id\":\"https:\/\/nitu.mx\/index.php\/2024\/12\/22\/21-de-diciembre-record-historico-de-quintana-roo-con-762-vuelos-en-un-dia\/#breadcrumb\",\"itemListElement\":[{\"@type\":\"ListItem\",\"position\":1,\"name\":\"Inicio\",\"item\":\"https:\/\/nitu.mx\/\"},{\"@type\":\"ListItem\",\"position\":2,\"name\":\"21 de Diciembre: R\u00e9cord hist\u00f3rico de Quintana Roo con 762 vuelos en un d\u00eda\"}]},{\"@type\":\"WebSite\",\"@id\":\"https:\/\/nitu.mx\/#website\",\"url\":\"https:\/\/nitu.mx\/\",\"name\":\"Nitu - Noticias de la Industria Turistica\",\"description\":\"Noticias de la Industria Turistica\",\"publisher\":{\"@id\":\"https:\/\/nitu.mx\/#\/schema\/person\/ae7a53426417292d3dd07b45a33e01bc\"},\"alternateName\":\"Noticias de la Industria Turistica\",\"potentialAction\":[{\"@type\":\"SearchAction\",\"target\":{\"@type\":\"EntryPoint\",\"urlTemplate\":\"https:\/\/nitu.mx\/?s={search_term_string}\"},\"query-input\":\"required name=search_term_string\"}],\"inLanguage\":\"es-MX\"},{\"@type\":[\"Person\",\"Organization\"],\"@id\":\"https:\/\/nitu.mx\/#\/schema\/person\/ae7a53426417292d3dd07b45a33e01bc\",\"name\":\"Arturo Medina\",\"image\":{\"@type\":\"ImageObject\",\"inLanguage\":\"es-MX\",\"@id\":\"https:\/\/nitu.mx\/#\/schema\/person\/image\/\",\"url\":\"https:\/\/nitu.mx\/wp-content\/uploads\/2024\/04\/4A315622-1904-4D5C-B022-878CDC840E04-90x90-1.jpeg\",\"contentUrl\":\"https:\/\/nitu.mx\/wp-content\/uploads\/2024\/04\/4A315622-1904-4D5C-B022-878CDC840E04-90x90-1.jpeg\",\"width\":90,\"height\":90,\"caption\":\"Arturo Medina\"},\"logo\":{\"@id\":\"https:\/\/nitu.mx\/#\/schema\/person\/image\/\"},\"description\":\"Director NITU.mx, Egresado de la Escuela de Periodismo Carlos Septi\u00e9n Garc\u00eda. Periodista y analista especializado en turismo desde hace 35 a\u00f1os, radicado en Canc\u00fan Q.Roo. arturo@nitu.mx\",\"sameAs\":[\"https:\/\/nitu.mx\",\"https:\/\/www.facebook.com\/NITUmx\/\",\"medinacancun\",\"https:\/\/twitter.com\/@Arturo_Medina_G\"]},{\"@type\":\"Person\",\"@id\":\"https:\/\/nitu.mx\/#\/schema\/person\/2ecd887b19dfd3382d1f14fc5acf24a8\",\"name\":\"Alejandra Moncisbays\",\"image\":{\"@type\":\"ImageObject\",\"inLanguage\":\"es-MX\",\"@id\":\"https:\/\/nitu.mx\/#\/schema\/person\/image\/\",\"url\":\"https:\/\/secure.gravatar.com\/avatar\/e74f7af0be172b7804dacfd0bfbef787?s=96&d=mm&r=g\",\"contentUrl\":\"https:\/\/secure.gravatar.com\/avatar\/e74f7af0be172b7804dacfd0bfbef787?s=96&d=mm&r=g\",\"caption\":\"Alejandra Moncisbays\"},\"description\":\"Curs\u00e9 la carrera de Periodismo y Comunicaci\u00f3n en la Facultad de Estudios Profesionales Acatl\u00e1n. Vivo en Canc\u00fan desde hace 24 a\u00f1os. Fui reportera de La Tarde de Canc\u00fan, y Novedades de Quintana Roo, colabor\u00e9 en TVCUN, edit\u00e9 Cancun\u00edssimo y colabor\u00e9 en las revistas Latitud21, entre otras, con principal enfoque en los sectores empresarial y tur\u00edstico. Desde hace varios a\u00f1os soy Agente de Seguros con c\u00e9dula de la Comisi\u00f3n Nacional de Seguros y Fianzas. Actualmente, me desarrollo en los \u00e1mbitos del periodismo y el sector asegurador.\",\"sameAs\":[\"https:\/\/nitu.mx\"],\"url\":\"https:\/\/nitu.mx\/index.php\/author\/alejandra\/\"}]}<\/script>\n<!-- \/ Yoast SEO plugin. -->","yoast_head_json":{"title":"21 de Diciembre: R\u00e9cord hist\u00f3rico de Quintana Roo con 762 vuelos en un d\u00eda - Nitu - Noticias de la Industria Turistica","robots":{"index":"index","follow":"follow","max-snippet":"max-snippet:-1","max-image-preview":"max-image-preview:large","max-video-preview":"max-video-preview:-1"},"canonical":"https:\/\/nitu.mx\/index.php\/2024\/12\/22\/21-de-diciembre-record-historico-de-quintana-roo-con-762-vuelos-en-un-dia\/","twitter_card":"summary_large_image","twitter_title":"21 de Diciembre: R\u00e9cord hist\u00f3rico de Quintana Roo con 762 vuelos en un d\u00eda - Nitu - Noticias de la Industria Turistica","twitter_description":"Este 21 de diciembre, los aeropuertos de Quintana Roo han alcanzado un r\u00e9cord hist\u00f3rico con 762 operaciones a\u00e9reas en un solo d\u00eda, seg\u00fan inform\u00f3 la gobernadora Mara Lezama Espinosa. Este logro refuerza la posici\u00f3n estrat\u00e9gica del estado como l\u00edder en conectividad y destino preferido del turismo mundial. Distribuci\u00f3n de vuelos: &#8211; Aeropuerto Internacional de Canc\u00fan: [&hellip;]","twitter_image":"https:\/\/nitu.mx\/wp-content\/uploads\/2024\/12\/Aeropuerto-de-Cancun-pasajeros-record.jpg","twitter_creator":"@NITUmx","twitter_site":"@Arturo_Medina_G","twitter_misc":{"Escrito por":"Alejandra Moncisbays","Tiempo de lectura":"1 minuto"},"schema":{"@context":"https:\/\/schema.org","@graph":[{"@type":"Article","@id":"https:\/\/nitu.mx\/index.php\/2024\/12\/22\/21-de-diciembre-record-historico-de-quintana-roo-con-762-vuelos-en-un-dia\/#article","isPartOf":{"@id":"https:\/\/nitu.mx\/index.php\/2024\/12\/22\/21-de-diciembre-record-historico-de-quintana-roo-con-762-vuelos-en-un-dia\/"},"author":{"name":"Alejandra Moncisbays","@id":"https:\/\/nitu.mx\/#\/schema\/person\/2ecd887b19dfd3382d1f14fc5acf24a8"},"headline":"21 de Diciembre: R\u00e9cord hist\u00f3rico de Quintana Roo con 762 vuelos en un d\u00eda","datePublished":"2024-12-23T03:48:43+00:00","dateModified":"2024-12-23T03:48:43+00:00","mainEntityOfPage":{"@id":"https:\/\/nitu.mx\/index.php\/2024\/12\/22\/21-de-diciembre-record-historico-de-quintana-roo-con-762-vuelos-en-un-dia\/"},"wordCount":231,"commentCount":0,"publisher":{"@id":"https:\/\/nitu.mx\/#\/schema\/person\/ae7a53426417292d3dd07b45a33e01bc"},"image":{"@id":"https:\/\/nitu.mx\/index.php\/2024\/12\/22\/21-de-diciembre-record-historico-de-quintana-roo-con-762-vuelos-en-un-dia\/#primaryimage"},"thumbnailUrl":"https:\/\/nitu.mx\/wp-content\/uploads\/2024\/12\/Aeropuerto-de-Cancun-pasajeros-record.jpg","keywords":["Canc\u00fan","Chetumal","Cozumel","Mara Lezama","r\u00e9cord","Tulum","Vuelos"],"articleSection":["Aeropuertos","Caribe Mexicano"],"inLanguage":"es-MX","potentialAction":[{"@type":"CommentAction","name":"Comment","target":["https:\/\/nitu.mx\/index.php\/2024\/12\/22\/21-de-diciembre-record-historico-de-quintana-roo-con-762-vuelos-en-un-dia\/#respond"]}]},{"@type":"WebPage","@id":"https:\/\/nitu.mx\/index.php\/2024\/12\/22\/21-de-diciembre-record-historico-de-quintana-roo-con-762-vuelos-en-un-dia\/","url":"https:\/\/nitu.mx\/index.php\/2024\/12\/22\/21-de-diciembre-record-historico-de-quintana-roo-con-762-vuelos-en-un-dia\/","name":"21 de Diciembre: R\u00e9cord hist\u00f3rico de Quintana Roo con 762 vuelos en un d\u00eda - Nitu - Noticias de la Industria Turistica","isPartOf":{"@id":"https:\/\/nitu.mx\/#website"},"primaryImageOfPage":{"@id":"https:\/\/nitu.mx\/index.php\/2024\/12\/22\/21-de-diciembre-record-historico-de-quintana-roo-con-762-vuelos-en-un-dia\/#primaryimage"},"image":{"@id":"https:\/\/nitu.mx\/index.php\/2024\/12\/22\/21-de-diciembre-record-historico-de-quintana-roo-con-762-vuelos-en-un-dia\/#primaryimage"},"thumbnailUrl":"https:\/\/nitu.mx\/wp-content\/uploads\/2024\/12\/Aeropuerto-de-Cancun-pasajeros-record.jpg","datePublished":"2024-12-23T03:48:43+00:00","dateModified":"2024-12-23T03:48:43+00:00","breadcrumb":{"@id":"https:\/\/nitu.mx\/index.php\/2024\/12\/22\/21-de-diciembre-record-historico-de-quintana-roo-con-762-vuelos-en-un-dia\/#breadcrumb"},"inLanguage":"es-MX","potentialAction":[{"@type":"ReadAction","target":["https:\/\/nitu.mx\/index.php\/2024\/12\/22\/21-de-diciembre-record-historico-de-quintana-roo-con-762-vuelos-en-un-dia\/"]}]},{"@type":"ImageObject","inLanguage":"es-MX","@id":"https:\/\/nitu.mx\/index.php\/2024\/12\/22\/21-de-diciembre-record-historico-de-quintana-roo-con-762-vuelos-en-un-dia\/#primaryimage","url":"https:\/\/nitu.mx\/wp-content\/uploads\/2024\/12\/Aeropuerto-de-Cancun-pasajeros-record.jpg","contentUrl":"https:\/\/nitu.mx\/wp-content\/uploads\/2024\/12\/Aeropuerto-de-Cancun-pasajeros-record.jpg","width":1200,"height":675,"caption":"Aeropuerto de Canc\u00fan pasajeros r\u00e9cord"},{"@type":"BreadcrumbList","@id":"https:\/\/nitu.mx\/index.php\/2024\/12\/22\/21-de-diciembre-record-historico-de-quintana-roo-con-762-vuelos-en-un-dia\/#breadcrumb","itemListElement":[{"@type":"ListItem","position":1,"name":"Inicio","item":"https:\/\/nitu.mx\/"},{"@type":"ListItem","position":2,"name":"21 de Diciembre: R\u00e9cord hist\u00f3rico de Quintana Roo con 762 vuelos en un d\u00eda"}]},{"@type":"WebSite","@id":"https:\/\/nitu.mx\/#website","url":"https:\/\/nitu.mx\/","name":"Nitu - Noticias de la Industria Turistica","description":"Noticias de la Industria Turistica","publisher":{"@id":"https:\/\/nitu.mx\/#\/schema\/person\/ae7a53426417292d3dd07b45a33e01bc"},"alternateName":"Noticias de la Industria Turistica","potentialAction":[{"@type":"SearchAction","target":{"@type":"EntryPoint","urlTemplate":"https:\/\/nitu.mx\/?s={search_term_string}"},"query-input":"required name=search_term_string"}],"inLanguage":"es-MX"},{"@type":["Person","Organization"],"@id":"https:\/\/nitu.mx\/#\/schema\/person\/ae7a53426417292d3dd07b45a33e01bc","name":"Arturo Medina","image":{"@type":"ImageObject","inLanguage":"es-MX","@id":"https:\/\/nitu.mx\/#\/schema\/person\/image\/","url":"https:\/\/nitu.mx\/wp-content\/uploads\/2024\/04\/4A315622-1904-4D5C-B022-878CDC840E04-90x90-1.jpeg","contentUrl":"https:\/\/nitu.mx\/wp-content\/uploads\/2024\/04\/4A315622-1904-4D5C-B022-878CDC840E04-90x90-1.jpeg","width":90,"height":90,"caption":"Arturo Medina"},"logo":{"@id":"https:\/\/nitu.mx\/#\/schema\/person\/image\/"},"description":"Director NITU.mx, Egresado de la Escuela de Periodismo Carlos Septi\u00e9n Garc\u00eda. Periodista y analista especializado en turismo desde hace 35 a\u00f1os, radicado en Canc\u00fan Q.Roo. arturo@nitu.mx","sameAs":["https:\/\/nitu.mx","https:\/\/www.facebook.com\/NITUmx\/","medinacancun","https:\/\/twitter.com\/@Arturo_Medina_G"]},{"@type":"Person","@id":"https:\/\/nitu.mx\/#\/schema\/person\/2ecd887b19dfd3382d1f14fc5acf24a8","name":"Alejandra Moncisbays","image":{"@type":"ImageObject","inLanguage":"es-MX","@id":"https:\/\/nitu.mx\/#\/schema\/person\/image\/","url":"https:\/\/secure.gravatar.com\/avatar\/e74f7af0be172b7804dacfd0bfbef787?s=96&d=mm&r=g","contentUrl":"https:\/\/secure.gravatar.com\/avatar\/e74f7af0be172b7804dacfd0bfbef787?s=96&d=mm&r=g","caption":"Alejandra Moncisbays"},"description":"Curs\u00e9 la carrera de Periodismo y Comunicaci\u00f3n en la Facultad de Estudios Profesionales Acatl\u00e1n. Vivo en Canc\u00fan desde hace 24 a\u00f1os. Fui reportera de La Tarde de Canc\u00fan, y Novedades de Quintana Roo, colabor\u00e9 en TVCUN, edit\u00e9 Cancun\u00edssimo y colabor\u00e9 en las revistas Latitud21, entre otras, con principal enfoque en los sectores empresarial y tur\u00edstico. Desde hace varios a\u00f1os soy Agente de Seguros con c\u00e9dula de la Comisi\u00f3n Nacional de Seguros y Fianzas. Actualmente, me desarrollo en los \u00e1mbitos del periodismo y el sector asegurador.","sameAs":["https:\/\/nitu.mx"],"url":"https:\/\/nitu.mx\/index.php\/author\/alejandra\/"}]}},"views":595,"_links":{"self":[{"href":"https:\/\/nitu.mx\/index.php\/wp-json\/wp\/v2\/posts\/77802"}],"collection":[{"href":"https:\/\/nitu.mx\/index.php\/wp-json\/wp\/v2\/posts"}],"about":[{"href":"https:\/\/nitu.mx\/index.php\/wp-json\/wp\/v2\/types\/post"}],"author":[{"embeddable":true,"href":"https:\/\/nitu.mx\/index.php\/wp-json\/wp\/v2\/users\/3"}],"replies":[{"embeddable":true,"href":"https:\/\/nitu.mx\/index.php\/wp-json\/wp\/v2\/comments?post=77802"}],"version-history":[{"count":3,"href":"https:\/\/nitu.mx\/index.php\/wp-json\/wp\/v2\/posts\/77802\/revisions"}],"predecessor-version":[{"id":77825,"href":"https:\/\/nitu.mx\/index.php\/wp-json\/wp\/v2\/posts\/77802\/revisions\/77825"}],"wp:featuredmedia":[{"embeddable":true,"href":"https:\/\/nitu.mx\/index.php\/wp-json\/wp\/v2\/media\/77809"}],"wp:attachment":[{"href":"https:\/\/nitu.mx\/index.php\/wp-json\/wp\/v2\/media?parent=77802"}],"wp:term":[{"taxonomy":"category","embeddable":true,"href":"https:\/\/nitu.mx\/index.php\/wp-json\/wp\/v2\/categories?post=77802"},{"taxonomy":"post_tag","embeddable":true,"href":"https:\/\/nitu.mx\/index.php\/wp-json\/wp\/v2\/tags?post=77802"}],"curies":[{"name":"wp","href":"https:\/\/api.w.org\/{rel}","templated":true}]}}