{"id":77632,"date":"2024-12-15T23:27:07","date_gmt":"2024-12-16T05:27:07","guid":{"rendered":"https:\/\/nitu.mx\/?p=77632"},"modified":"2024-12-15T23:27:07","modified_gmt":"2024-12-16T05:27:07","slug":"abre-sus-puertas-la-tienda-oficial-del-tren-maya-en-cancun","status":"publish","type":"post","link":"https:\/\/nitu.mx\/index.php\/2024\/12\/15\/abre-sus-puertas-la-tienda-oficial-del-tren-maya-en-cancun\/","title":{"rendered":"Abre sus puertas la tienda oficial del Tren Maya en Canc\u00fan"},"content":{"rendered":"<p>La tienda oficial del Tren Maya ha comenzado a operar en la terminal de Canc\u00fan, ofreciendo souvenirs que reflejan la identidad del proyecto ferroviario y la riqueza cultural de la regi\u00f3n.<\/p>\n<p>El establecimiento se encuentra en la entrada principal de la estaci\u00f3n del Tren Maya Canc\u00fan. Entre los productos disponibles destacan:<br \/>\n&#8211; Jaguares de peluche &#8220;Temayin&#8221; en diferentes tama\u00f1os.<br \/>\n&#8211; Gorras, ropa deportiva, casacas tipo b\u00e9isbol, playeras y sombreros.<br \/>\n&#8211; Art\u00edculos promocionales como vasos t\u00e9rmicos, imanes, tazas, llaveros, libretas y agendas.<br \/>\n&#8211; Mochilas, bolsas ecol\u00f3gicas, abanicos y pulseras.<\/p>\n<p>Estos art\u00edculos est\u00e1n dise\u00f1ados para ser recuerdos \u00fanicos del viaje en el Tren Maya.<\/p>\n<p><strong>Celebraci\u00f3n del primer aniversario<\/strong><br \/>\nLa apertura de la tienda coincide con el primer aniversario del inicio de operaciones del Tren Maya, un proyecto emblem\u00e1tico que ha promovido la movilidad, el turismo y el desarrollo en el sureste mexicano.<\/p>\n<p>Para conmemorar esta fecha, el 15 de diciembre la presidenta Claudia Sheinbaum encabezar\u00e1 la inauguraci\u00f3n oficial de la ruta Palenque-Chetumal, completando los 1,554 kil\u00f3metros del circuito ferroviario.<\/p>\n<p>La tienda no solo ofrece productos, sino que tambi\u00e9n busca conectar emocionalmente a los viajeros con este proyecto, ya considerado un s\u00edmbolo del progreso y la identidad cultural de M\u00e9xico. (<a href=\"https:\/\/nitu.mx\/index.php\/2024\/10\/23\/avanza-la-conexion-entre-el-tren-maya-y-el-aeropuerto-de-cancun\/\">Avanza la conexi\u00f3n entre el Tren Maya y el Aeropuerto de Canc\u00fan<\/a>).<\/p>\n","protected":false},"excerpt":{"rendered":"<p>La tienda oficial del Tren Maya ha comenzado a operar en la terminal de Canc\u00fan, ofreciendo souvenirs que reflejan la identidad del proyecto ferroviario y la riqueza cultural de la regi\u00f3n. El establecimiento se encuentra en la entrada principal de la estaci\u00f3n del Tren Maya Canc\u00fan. Entre los productos disponibles destacan: &#8211; Jaguares de peluche [&hellip;]<\/p>\n","protected":false},"author":3,"featured_media":67218,"comment_status":"open","ping_status":"open","sticky":false,"template":"","format":"standard","meta":{"footnotes":""},"categories":[22813],"tags":[43,13802,260,11427],"yoast_head":"<!-- This site is optimized with the Yoast SEO plugin v22.2 - https:\/\/yoast.com\/wordpress\/plugins\/seo\/ -->\n<title>Abre sus puertas la tienda oficial del Tren Maya en Canc\u00fan - Nitu - Noticias de la Industria Turistica<\/title>\n<meta name=\"robots\" content=\"index, follow, max-snippet:-1, max-image-preview:large, max-video-preview:-1\" \/>\n<link rel=\"canonical\" href=\"https:\/\/nitu.mx\/index.php\/2024\/12\/15\/abre-sus-puertas-la-tienda-oficial-del-tren-maya-en-cancun\/\" \/>\n<meta name=\"twitter:card\" content=\"summary_large_image\" \/>\n<meta name=\"twitter:title\" content=\"Abre sus puertas la tienda oficial del Tren Maya en Canc\u00fan - Nitu - Noticias de la Industria Turistica\" \/>\n<meta name=\"twitter:description\" content=\"La tienda oficial del Tren Maya ha comenzado a operar en la terminal de Canc\u00fan, ofreciendo souvenirs que reflejan la identidad del proyecto ferroviario y la riqueza cultural de la regi\u00f3n. El establecimiento se encuentra en la entrada principal de la estaci\u00f3n del Tren Maya Canc\u00fan. Entre los productos disponibles destacan: &#8211; Jaguares de peluche [&hellip;]\" \/>\n<meta name=\"twitter:image\" content=\"https:\/\/nitu.mx\/wp-content\/uploads\/2023\/12\/Tren-Maya-inauguraci\u00f3n.jpg\" \/>\n<meta name=\"twitter:creator\" content=\"@NITUmx\" \/>\n<meta name=\"twitter:site\" content=\"@Arturo_Medina_G\" \/>\n<meta name=\"twitter:label1\" content=\"Escrito por\" \/>\n\t<meta name=\"twitter:data1\" content=\"Alejandra Moncisbays\" \/>\n\t<meta name=\"twitter:label2\" content=\"Tiempo de lectura\" \/>\n\t<meta name=\"twitter:data2\" content=\"1 minuto\" \/>\n<script type=\"application\/ld+json\" class=\"yoast-schema-graph\">{\"@context\":\"https:\/\/schema.org\",\"@graph\":[{\"@type\":\"Article\",\"@id\":\"https:\/\/nitu.mx\/index.php\/2024\/12\/15\/abre-sus-puertas-la-tienda-oficial-del-tren-maya-en-cancun\/#article\",\"isPartOf\":{\"@id\":\"https:\/\/nitu.mx\/index.php\/2024\/12\/15\/abre-sus-puertas-la-tienda-oficial-del-tren-maya-en-cancun\/\"},\"author\":{\"name\":\"Alejandra Moncisbays\",\"@id\":\"https:\/\/nitu.mx\/#\/schema\/person\/2ecd887b19dfd3382d1f14fc5acf24a8\"},\"headline\":\"Abre sus puertas la tienda oficial del Tren Maya en Canc\u00fan\",\"datePublished\":\"2024-12-16T05:27:07+00:00\",\"dateModified\":\"2024-12-16T05:27:07+00:00\",\"mainEntityOfPage\":{\"@id\":\"https:\/\/nitu.mx\/index.php\/2024\/12\/15\/abre-sus-puertas-la-tienda-oficial-del-tren-maya-en-cancun\/\"},\"wordCount\":240,\"commentCount\":0,\"publisher\":{\"@id\":\"https:\/\/nitu.mx\/#\/schema\/person\/ae7a53426417292d3dd07b45a33e01bc\"},\"image\":{\"@id\":\"https:\/\/nitu.mx\/index.php\/2024\/12\/15\/abre-sus-puertas-la-tienda-oficial-del-tren-maya-en-cancun\/#primaryimage\"},\"thumbnailUrl\":\"https:\/\/nitu.mx\/wp-content\/uploads\/2023\/12\/Tren-Maya-inauguraci\u00f3n.jpg\",\"keywords\":[\"Canc\u00fan\",\"Claudia Sheinbaum\",\"Quintana Roo\",\"Tren Maya\"],\"articleSection\":[\"Tren Maya\"],\"inLanguage\":\"es-MX\",\"potentialAction\":[{\"@type\":\"CommentAction\",\"name\":\"Comment\",\"target\":[\"https:\/\/nitu.mx\/index.php\/2024\/12\/15\/abre-sus-puertas-la-tienda-oficial-del-tren-maya-en-cancun\/#respond\"]}]},{\"@type\":\"WebPage\",\"@id\":\"https:\/\/nitu.mx\/index.php\/2024\/12\/15\/abre-sus-puertas-la-tienda-oficial-del-tren-maya-en-cancun\/\",\"url\":\"https:\/\/nitu.mx\/index.php\/2024\/12\/15\/abre-sus-puertas-la-tienda-oficial-del-tren-maya-en-cancun\/\",\"name\":\"Abre sus puertas la tienda oficial del Tren Maya en Canc\u00fan - Nitu - Noticias de la Industria Turistica\",\"isPartOf\":{\"@id\":\"https:\/\/nitu.mx\/#website\"},\"primaryImageOfPage\":{\"@id\":\"https:\/\/nitu.mx\/index.php\/2024\/12\/15\/abre-sus-puertas-la-tienda-oficial-del-tren-maya-en-cancun\/#primaryimage\"},\"image\":{\"@id\":\"https:\/\/nitu.mx\/index.php\/2024\/12\/15\/abre-sus-puertas-la-tienda-oficial-del-tren-maya-en-cancun\/#primaryimage\"},\"thumbnailUrl\":\"https:\/\/nitu.mx\/wp-content\/uploads\/2023\/12\/Tren-Maya-inauguraci\u00f3n.jpg\",\"datePublished\":\"2024-12-16T05:27:07+00:00\",\"dateModified\":\"2024-12-16T05:27:07+00:00\",\"breadcrumb\":{\"@id\":\"https:\/\/nitu.mx\/index.php\/2024\/12\/15\/abre-sus-puertas-la-tienda-oficial-del-tren-maya-en-cancun\/#breadcrumb\"},\"inLanguage\":\"es-MX\",\"potentialAction\":[{\"@type\":\"ReadAction\",\"target\":[\"https:\/\/nitu.mx\/index.php\/2024\/12\/15\/abre-sus-puertas-la-tienda-oficial-del-tren-maya-en-cancun\/\"]}]},{\"@type\":\"ImageObject\",\"inLanguage\":\"es-MX\",\"@id\":\"https:\/\/nitu.mx\/index.php\/2024\/12\/15\/abre-sus-puertas-la-tienda-oficial-del-tren-maya-en-cancun\/#primaryimage\",\"url\":\"https:\/\/nitu.mx\/wp-content\/uploads\/2023\/12\/Tren-Maya-inauguraci\u00f3n.jpg\",\"contentUrl\":\"https:\/\/nitu.mx\/wp-content\/uploads\/2023\/12\/Tren-Maya-inauguraci\u00f3n.jpg\",\"width\":1200,\"height\":675,\"caption\":\"Tren Maya\"},{\"@type\":\"BreadcrumbList\",\"@id\":\"https:\/\/nitu.mx\/index.php\/2024\/12\/15\/abre-sus-puertas-la-tienda-oficial-del-tren-maya-en-cancun\/#breadcrumb\",\"itemListElement\":[{\"@type\":\"ListItem\",\"position\":1,\"name\":\"Inicio\",\"item\":\"https:\/\/nitu.mx\/\"},{\"@type\":\"ListItem\",\"position\":2,\"name\":\"Abre sus puertas la tienda oficial del Tren Maya en Canc\u00fan\"}]},{\"@type\":\"WebSite\",\"@id\":\"https:\/\/nitu.mx\/#website\",\"url\":\"https:\/\/nitu.mx\/\",\"name\":\"Nitu - Noticias de la Industria Turistica\",\"description\":\"Noticias de la Industria Turistica\",\"publisher\":{\"@id\":\"https:\/\/nitu.mx\/#\/schema\/person\/ae7a53426417292d3dd07b45a33e01bc\"},\"alternateName\":\"Noticias de la Industria Turistica\",\"potentialAction\":[{\"@type\":\"SearchAction\",\"target\":{\"@type\":\"EntryPoint\",\"urlTemplate\":\"https:\/\/nitu.mx\/?s={search_term_string}\"},\"query-input\":\"required name=search_term_string\"}],\"inLanguage\":\"es-MX\"},{\"@type\":[\"Person\",\"Organization\"],\"@id\":\"https:\/\/nitu.mx\/#\/schema\/person\/ae7a53426417292d3dd07b45a33e01bc\",\"name\":\"Arturo Medina\",\"image\":{\"@type\":\"ImageObject\",\"inLanguage\":\"es-MX\",\"@id\":\"https:\/\/nitu.mx\/#\/schema\/person\/image\/\",\"url\":\"https:\/\/nitu.mx\/wp-content\/uploads\/2024\/04\/4A315622-1904-4D5C-B022-878CDC840E04-90x90-1.jpeg\",\"contentUrl\":\"https:\/\/nitu.mx\/wp-content\/uploads\/2024\/04\/4A315622-1904-4D5C-B022-878CDC840E04-90x90-1.jpeg\",\"width\":90,\"height\":90,\"caption\":\"Arturo Medina\"},\"logo\":{\"@id\":\"https:\/\/nitu.mx\/#\/schema\/person\/image\/\"},\"description\":\"Director NITU.mx, Egresado de la Escuela de Periodismo Carlos Septi\u00e9n Garc\u00eda. Periodista y analista especializado en turismo desde hace 35 a\u00f1os, radicado en Canc\u00fan Q.Roo. arturo@nitu.mx\",\"sameAs\":[\"https:\/\/nitu.mx\",\"https:\/\/www.facebook.com\/NITUmx\/\",\"medinacancun\",\"https:\/\/twitter.com\/@Arturo_Medina_G\"]},{\"@type\":\"Person\",\"@id\":\"https:\/\/nitu.mx\/#\/schema\/person\/2ecd887b19dfd3382d1f14fc5acf24a8\",\"name\":\"Alejandra Moncisbays\",\"image\":{\"@type\":\"ImageObject\",\"inLanguage\":\"es-MX\",\"@id\":\"https:\/\/nitu.mx\/#\/schema\/person\/image\/\",\"url\":\"https:\/\/secure.gravatar.com\/avatar\/e74f7af0be172b7804dacfd0bfbef787?s=96&d=mm&r=g\",\"contentUrl\":\"https:\/\/secure.gravatar.com\/avatar\/e74f7af0be172b7804dacfd0bfbef787?s=96&d=mm&r=g\",\"caption\":\"Alejandra Moncisbays\"},\"description\":\"Curs\u00e9 la carrera de Periodismo y Comunicaci\u00f3n en la Facultad de Estudios Profesionales Acatl\u00e1n. Vivo en Canc\u00fan desde hace 24 a\u00f1os. Fui reportera de La Tarde de Canc\u00fan, y Novedades de Quintana Roo, colabor\u00e9 en TVCUN, edit\u00e9 Cancun\u00edssimo y colabor\u00e9 en las revistas Latitud21, entre otras, con principal enfoque en los sectores empresarial y tur\u00edstico. Desde hace varios a\u00f1os soy Agente de Seguros con c\u00e9dula de la Comisi\u00f3n Nacional de Seguros y Fianzas. Actualmente, me desarrollo en los \u00e1mbitos del periodismo y el sector asegurador.\",\"sameAs\":[\"https:\/\/nitu.mx\"],\"url\":\"https:\/\/nitu.mx\/index.php\/author\/alejandra\/\"}]}<\/script>\n<!-- \/ Yoast SEO plugin. -->","yoast_head_json":{"title":"Abre sus puertas la tienda oficial del Tren Maya en Canc\u00fan - Nitu - Noticias de la Industria Turistica","robots":{"index":"index","follow":"follow","max-snippet":"max-snippet:-1","max-image-preview":"max-image-preview:large","max-video-preview":"max-video-preview:-1"},"canonical":"https:\/\/nitu.mx\/index.php\/2024\/12\/15\/abre-sus-puertas-la-tienda-oficial-del-tren-maya-en-cancun\/","twitter_card":"summary_large_image","twitter_title":"Abre sus puertas la tienda oficial del Tren Maya en Canc\u00fan - Nitu - Noticias de la Industria Turistica","twitter_description":"La tienda oficial del Tren Maya ha comenzado a operar en la terminal de Canc\u00fan, ofreciendo souvenirs que reflejan la identidad del proyecto ferroviario y la riqueza cultural de la regi\u00f3n. El establecimiento se encuentra en la entrada principal de la estaci\u00f3n del Tren Maya Canc\u00fan. Entre los productos disponibles destacan: &#8211; Jaguares de peluche [&hellip;]","twitter_image":"https:\/\/nitu.mx\/wp-content\/uploads\/2023\/12\/Tren-Maya-inauguraci\u00f3n.jpg","twitter_creator":"@NITUmx","twitter_site":"@Arturo_Medina_G","twitter_misc":{"Escrito por":"Alejandra Moncisbays","Tiempo de lectura":"1 minuto"},"schema":{"@context":"https:\/\/schema.org","@graph":[{"@type":"Article","@id":"https:\/\/nitu.mx\/index.php\/2024\/12\/15\/abre-sus-puertas-la-tienda-oficial-del-tren-maya-en-cancun\/#article","isPartOf":{"@id":"https:\/\/nitu.mx\/index.php\/2024\/12\/15\/abre-sus-puertas-la-tienda-oficial-del-tren-maya-en-cancun\/"},"author":{"name":"Alejandra Moncisbays","@id":"https:\/\/nitu.mx\/#\/schema\/person\/2ecd887b19dfd3382d1f14fc5acf24a8"},"headline":"Abre sus puertas la tienda oficial del Tren Maya en Canc\u00fan","datePublished":"2024-12-16T05:27:07+00:00","dateModified":"2024-12-16T05:27:07+00:00","mainEntityOfPage":{"@id":"https:\/\/nitu.mx\/index.php\/2024\/12\/15\/abre-sus-puertas-la-tienda-oficial-del-tren-maya-en-cancun\/"},"wordCount":240,"commentCount":0,"publisher":{"@id":"https:\/\/nitu.mx\/#\/schema\/person\/ae7a53426417292d3dd07b45a33e01bc"},"image":{"@id":"https:\/\/nitu.mx\/index.php\/2024\/12\/15\/abre-sus-puertas-la-tienda-oficial-del-tren-maya-en-cancun\/#primaryimage"},"thumbnailUrl":"https:\/\/nitu.mx\/wp-content\/uploads\/2023\/12\/Tren-Maya-inauguraci\u00f3n.jpg","keywords":["Canc\u00fan","Claudia Sheinbaum","Quintana Roo","Tren Maya"],"articleSection":["Tren Maya"],"inLanguage":"es-MX","potentialAction":[{"@type":"CommentAction","name":"Comment","target":["https:\/\/nitu.mx\/index.php\/2024\/12\/15\/abre-sus-puertas-la-tienda-oficial-del-tren-maya-en-cancun\/#respond"]}]},{"@type":"WebPage","@id":"https:\/\/nitu.mx\/index.php\/2024\/12\/15\/abre-sus-puertas-la-tienda-oficial-del-tren-maya-en-cancun\/","url":"https:\/\/nitu.mx\/index.php\/2024\/12\/15\/abre-sus-puertas-la-tienda-oficial-del-tren-maya-en-cancun\/","name":"Abre sus puertas la tienda oficial del Tren Maya en Canc\u00fan - Nitu - Noticias de la Industria Turistica","isPartOf":{"@id":"https:\/\/nitu.mx\/#website"},"primaryImageOfPage":{"@id":"https:\/\/nitu.mx\/index.php\/2024\/12\/15\/abre-sus-puertas-la-tienda-oficial-del-tren-maya-en-cancun\/#primaryimage"},"image":{"@id":"https:\/\/nitu.mx\/index.php\/2024\/12\/15\/abre-sus-puertas-la-tienda-oficial-del-tren-maya-en-cancun\/#primaryimage"},"thumbnailUrl":"https:\/\/nitu.mx\/wp-content\/uploads\/2023\/12\/Tren-Maya-inauguraci\u00f3n.jpg","datePublished":"2024-12-16T05:27:07+00:00","dateModified":"2024-12-16T05:27:07+00:00","breadcrumb":{"@id":"https:\/\/nitu.mx\/index.php\/2024\/12\/15\/abre-sus-puertas-la-tienda-oficial-del-tren-maya-en-cancun\/#breadcrumb"},"inLanguage":"es-MX","potentialAction":[{"@type":"ReadAction","target":["https:\/\/nitu.mx\/index.php\/2024\/12\/15\/abre-sus-puertas-la-tienda-oficial-del-tren-maya-en-cancun\/"]}]},{"@type":"ImageObject","inLanguage":"es-MX","@id":"https:\/\/nitu.mx\/index.php\/2024\/12\/15\/abre-sus-puertas-la-tienda-oficial-del-tren-maya-en-cancun\/#primaryimage","url":"https:\/\/nitu.mx\/wp-content\/uploads\/2023\/12\/Tren-Maya-inauguraci\u00f3n.jpg","contentUrl":"https:\/\/nitu.mx\/wp-content\/uploads\/2023\/12\/Tren-Maya-inauguraci\u00f3n.jpg","width":1200,"height":675,"caption":"Tren Maya"},{"@type":"BreadcrumbList","@id":"https:\/\/nitu.mx\/index.php\/2024\/12\/15\/abre-sus-puertas-la-tienda-oficial-del-tren-maya-en-cancun\/#breadcrumb","itemListElement":[{"@type":"ListItem","position":1,"name":"Inicio","item":"https:\/\/nitu.mx\/"},{"@type":"ListItem","position":2,"name":"Abre sus puertas la tienda oficial del Tren Maya en Canc\u00fan"}]},{"@type":"WebSite","@id":"https:\/\/nitu.mx\/#website","url":"https:\/\/nitu.mx\/","name":"Nitu - Noticias de la Industria Turistica","description":"Noticias de la Industria Turistica","publisher":{"@id":"https:\/\/nitu.mx\/#\/schema\/person\/ae7a53426417292d3dd07b45a33e01bc"},"alternateName":"Noticias de la Industria Turistica","potentialAction":[{"@type":"SearchAction","target":{"@type":"EntryPoint","urlTemplate":"https:\/\/nitu.mx\/?s={search_term_string}"},"query-input":"required name=search_term_string"}],"inLanguage":"es-MX"},{"@type":["Person","Organization"],"@id":"https:\/\/nitu.mx\/#\/schema\/person\/ae7a53426417292d3dd07b45a33e01bc","name":"Arturo Medina","image":{"@type":"ImageObject","inLanguage":"es-MX","@id":"https:\/\/nitu.mx\/#\/schema\/person\/image\/","url":"https:\/\/nitu.mx\/wp-content\/uploads\/2024\/04\/4A315622-1904-4D5C-B022-878CDC840E04-90x90-1.jpeg","contentUrl":"https:\/\/nitu.mx\/wp-content\/uploads\/2024\/04\/4A315622-1904-4D5C-B022-878CDC840E04-90x90-1.jpeg","width":90,"height":90,"caption":"Arturo Medina"},"logo":{"@id":"https:\/\/nitu.mx\/#\/schema\/person\/image\/"},"description":"Director NITU.mx, Egresado de la Escuela de Periodismo Carlos Septi\u00e9n Garc\u00eda. Periodista y analista especializado en turismo desde hace 35 a\u00f1os, radicado en Canc\u00fan Q.Roo. arturo@nitu.mx","sameAs":["https:\/\/nitu.mx","https:\/\/www.facebook.com\/NITUmx\/","medinacancun","https:\/\/twitter.com\/@Arturo_Medina_G"]},{"@type":"Person","@id":"https:\/\/nitu.mx\/#\/schema\/person\/2ecd887b19dfd3382d1f14fc5acf24a8","name":"Alejandra Moncisbays","image":{"@type":"ImageObject","inLanguage":"es-MX","@id":"https:\/\/nitu.mx\/#\/schema\/person\/image\/","url":"https:\/\/secure.gravatar.com\/avatar\/e74f7af0be172b7804dacfd0bfbef787?s=96&d=mm&r=g","contentUrl":"https:\/\/secure.gravatar.com\/avatar\/e74f7af0be172b7804dacfd0bfbef787?s=96&d=mm&r=g","caption":"Alejandra Moncisbays"},"description":"Curs\u00e9 la carrera de Periodismo y Comunicaci\u00f3n en la Facultad de Estudios Profesionales Acatl\u00e1n. Vivo en Canc\u00fan desde hace 24 a\u00f1os. Fui reportera de La Tarde de Canc\u00fan, y Novedades de Quintana Roo, colabor\u00e9 en TVCUN, edit\u00e9 Cancun\u00edssimo y colabor\u00e9 en las revistas Latitud21, entre otras, con principal enfoque en los sectores empresarial y tur\u00edstico. Desde hace varios a\u00f1os soy Agente de Seguros con c\u00e9dula de la Comisi\u00f3n Nacional de Seguros y Fianzas. Actualmente, me desarrollo en los \u00e1mbitos del periodismo y el sector asegurador.","sameAs":["https:\/\/nitu.mx"],"url":"https:\/\/nitu.mx\/index.php\/author\/alejandra\/"}]}},"views":565,"_links":{"self":[{"href":"https:\/\/nitu.mx\/index.php\/wp-json\/wp\/v2\/posts\/77632"}],"collection":[{"href":"https:\/\/nitu.mx\/index.php\/wp-json\/wp\/v2\/posts"}],"about":[{"href":"https:\/\/nitu.mx\/index.php\/wp-json\/wp\/v2\/types\/post"}],"author":[{"embeddable":true,"href":"https:\/\/nitu.mx\/index.php\/wp-json\/wp\/v2\/users\/3"}],"replies":[{"embeddable":true,"href":"https:\/\/nitu.mx\/index.php\/wp-json\/wp\/v2\/comments?post=77632"}],"version-history":[{"count":2,"href":"https:\/\/nitu.mx\/index.php\/wp-json\/wp\/v2\/posts\/77632\/revisions"}],"predecessor-version":[{"id":77650,"href":"https:\/\/nitu.mx\/index.php\/wp-json\/wp\/v2\/posts\/77632\/revisions\/77650"}],"wp:featuredmedia":[{"embeddable":true,"href":"https:\/\/nitu.mx\/index.php\/wp-json\/wp\/v2\/media\/67218"}],"wp:attachment":[{"href":"https:\/\/nitu.mx\/index.php\/wp-json\/wp\/v2\/media?parent=77632"}],"wp:term":[{"taxonomy":"category","embeddable":true,"href":"https:\/\/nitu.mx\/index.php\/wp-json\/wp\/v2\/categories?post=77632"},{"taxonomy":"post_tag","embeddable":true,"href":"https:\/\/nitu.mx\/index.php\/wp-json\/wp\/v2\/tags?post=77632"}],"curies":[{"name":"wp","href":"https:\/\/api.w.org\/{rel}","templated":true}]}}