{"id":77420,"date":"2024-12-05T22:31:35","date_gmt":"2024-12-06T04:31:35","guid":{"rendered":"https:\/\/nitu.mx\/?p=77420"},"modified":"2024-12-05T22:31:36","modified_gmt":"2024-12-06T04:31:36","slug":"tren-maya-desafios-financieros-y-legales-ponen-en-duda-su-sostenibilidad","status":"publish","type":"post","link":"https:\/\/nitu.mx\/index.php\/2024\/12\/05\/tren-maya-desafios-financieros-y-legales-ponen-en-duda-su-sostenibilidad\/","title":{"rendered":"Tren Maya: desaf\u00edos financieros y legales ponen en duda su sostenibilidad"},"content":{"rendered":"<p>A casi dos a\u00f1os de su inauguraci\u00f3n, en diciembre de 2022, el Tren Maya, proyecto insignia de la administraci\u00f3n federal, enfrenta un panorama complejo debido a desequilibrios financieros, retos operativos y conflictos legales.<\/p>\n<p>Dependencia de subsidios y d\u00e9ficit operativo<br \/>\nHasta el tercer trimestre de 2023, el Tren Maya ha recibido subsidios por 11,862 millones de pesos, mientras que sus ingresos por venta de boletos y souvenirs sumaron apenas 134.9 millones, equivalentes al 1.1% del total. Los costos operativos, estimados en 548 millones de pesos anuales, superan ampliamente los ingresos proyectados de 186 millones para el mismo periodo, generando un d\u00e9ficit acumulado de 578 millones de pesos.<\/p>\n<p>Este desequilibrio refleja una fuerte dependencia del presupuesto p\u00fablico para sostener sus operaciones, mientras que el proyecto carece de capacidad para cubrir m\u00e1s del 5% de sus obligaciones a corto plazo.<\/p>\n<p>Crecimiento en pasajeros, pero insuficientes ingresos<br \/>\nEl Tren Maya ha transportado a 869,000 pasajeros hasta agosto de 2023, con un promedio diario de 108,000 usuarios. Aunque este flujo representa un aumento constante, los ingresos generados no alcanzan a cubrir los costos de operaci\u00f3n ni a reducir el d\u00e9ficit acumulado.<\/p>\n<p>El proyecto enfrenta la necesidad de ajustar su modelo de negocio para incrementar los ingresos y equilibrar su estructura de costos, lo que ser\u00e1 clave para garantizar su viabilidad a largo plazo.<\/p>\n<p>Conflictos legales y riesgos presupuestarios<br \/>\nUn obst\u00e1culo adicional es la demanda de Grupo M\u00e9xico, que reclama 17,000 millones de pesos por la cancelaci\u00f3n del contrato para construir el tramo 5 (Canc\u00fan-Tulum), declarado de seguridad nacional. Este juicio, considerado uno de los m\u00e1s importantes por su magnitud econ\u00f3mica, podr\u00eda comprometer el presupuesto federal destinado al proyecto.<\/p>\n<p>Impacto en el presupuesto tur\u00edstico<br \/>\nEl financiamiento del Tren Maya ha superado ampliamente los recursos destinados a otros rubros prioritarios, como el presupuesto de la Secretar\u00eda de Turismo (Sectur), que recibe menos de una sexta parte de lo asignado al proyecto.<\/p>\n<p>Retos para la sostenibilidad<br \/>\nLa viabilidad a largo plazo del Tren Maya depender\u00e1 de la resoluci\u00f3n de los conflictos legales, la optimizaci\u00f3n de costos operativos y el desarrollo de nuevas fuentes de ingresos. En un contexto de limitada dependencia a subsidios, el proyecto deber\u00e1 encontrar formas innovadoras para garantizar su rentabilidad y evitar presiones adicionales al presupuesto p\u00fablico. (<a href=\"https:\/\/nitu.mx\/index.php\/2024\/11\/18\/exigen-indemnizacion-por-expropiaciones-del-tren-maya-en-campeche\/\">Exigen indemnizaci\u00f3n por expropiaciones del Tren Maya en Campeche<\/a>),<\/p>\n","protected":false},"excerpt":{"rendered":"<p>A casi dos a\u00f1os de su inauguraci\u00f3n, en diciembre de 2022, el Tren Maya, proyecto insignia de la administraci\u00f3n federal, enfrenta un panorama complejo debido a desequilibrios financieros, retos operativos y conflictos legales. Dependencia de subsidios y d\u00e9ficit operativo Hasta el tercer trimestre de 2023, el Tren Maya ha recibido subsidios por 11,862 millones de [&hellip;]<\/p>\n","protected":false},"author":3,"featured_media":67218,"comment_status":"open","ping_status":"open","sticky":false,"template":"","format":"standard","meta":{"footnotes":""},"categories":[22813],"tags":[8577,23674,7139,3771,93,14328,11427],"yoast_head":"<!-- This site is optimized with the Yoast SEO plugin v22.2 - https:\/\/yoast.com\/wordpress\/plugins\/seo\/ -->\n<title>Tren Maya: desaf\u00edos financieros y legales ponen en duda su sostenibilidad - Nitu - Noticias de la Industria Turistica<\/title>\n<meta name=\"robots\" content=\"index, follow, max-snippet:-1, max-image-preview:large, max-video-preview:-1\" \/>\n<link rel=\"canonical\" href=\"https:\/\/nitu.mx\/index.php\/2024\/12\/05\/tren-maya-desafios-financieros-y-legales-ponen-en-duda-su-sostenibilidad\/\" \/>\n<meta name=\"twitter:card\" content=\"summary_large_image\" \/>\n<meta name=\"twitter:title\" content=\"Tren Maya: desaf\u00edos financieros y legales ponen en duda su sostenibilidad - Nitu - Noticias de la Industria Turistica\" \/>\n<meta name=\"twitter:description\" content=\"A casi dos a\u00f1os de su inauguraci\u00f3n, en diciembre de 2022, el Tren Maya, proyecto insignia de la administraci\u00f3n federal, enfrenta un panorama complejo debido a desequilibrios financieros, retos operativos y conflictos legales. Dependencia de subsidios y d\u00e9ficit operativo Hasta el tercer trimestre de 2023, el Tren Maya ha recibido subsidios por 11,862 millones de [&hellip;]\" \/>\n<meta name=\"twitter:image\" content=\"https:\/\/nitu.mx\/wp-content\/uploads\/2023\/12\/Tren-Maya-inauguraci\u00f3n.jpg\" \/>\n<meta name=\"twitter:creator\" content=\"@NITUmx\" \/>\n<meta name=\"twitter:site\" content=\"@Arturo_Medina_G\" \/>\n<meta name=\"twitter:label1\" content=\"Escrito por\" \/>\n\t<meta name=\"twitter:data1\" content=\"Alejandra Moncisbays\" \/>\n\t<meta name=\"twitter:label2\" content=\"Tiempo de lectura\" \/>\n\t<meta name=\"twitter:data2\" content=\"2 minutos\" \/>\n<script type=\"application\/ld+json\" class=\"yoast-schema-graph\">{\"@context\":\"https:\/\/schema.org\",\"@graph\":[{\"@type\":\"Article\",\"@id\":\"https:\/\/nitu.mx\/index.php\/2024\/12\/05\/tren-maya-desafios-financieros-y-legales-ponen-en-duda-su-sostenibilidad\/#article\",\"isPartOf\":{\"@id\":\"https:\/\/nitu.mx\/index.php\/2024\/12\/05\/tren-maya-desafios-financieros-y-legales-ponen-en-duda-su-sostenibilidad\/\"},\"author\":{\"name\":\"Alejandra Moncisbays\",\"@id\":\"https:\/\/nitu.mx\/#\/schema\/person\/2ecd887b19dfd3382d1f14fc5acf24a8\"},\"headline\":\"Tren Maya: desaf\u00edos financieros y legales ponen en duda su sostenibilidad\",\"datePublished\":\"2024-12-06T04:31:35+00:00\",\"dateModified\":\"2024-12-06T04:31:36+00:00\",\"mainEntityOfPage\":{\"@id\":\"https:\/\/nitu.mx\/index.php\/2024\/12\/05\/tren-maya-desafios-financieros-y-legales-ponen-en-duda-su-sostenibilidad\/\"},\"wordCount\":401,\"commentCount\":0,\"publisher\":{\"@id\":\"https:\/\/nitu.mx\/#\/schema\/person\/ae7a53426417292d3dd07b45a33e01bc\"},\"image\":{\"@id\":\"https:\/\/nitu.mx\/index.php\/2024\/12\/05\/tren-maya-desafios-financieros-y-legales-ponen-en-duda-su-sostenibilidad\/#primaryimage\"},\"thumbnailUrl\":\"https:\/\/nitu.mx\/wp-content\/uploads\/2023\/12\/Tren-Maya-inauguraci\u00f3n.jpg\",\"keywords\":[\"financiamiento\",\"Grupo M\u00e9xico\",\"ingresos\",\"pasajeros\",\"Sectur\",\"sostenibilidad\",\"Tren Maya\"],\"articleSection\":[\"Tren Maya\"],\"inLanguage\":\"es-MX\",\"potentialAction\":[{\"@type\":\"CommentAction\",\"name\":\"Comment\",\"target\":[\"https:\/\/nitu.mx\/index.php\/2024\/12\/05\/tren-maya-desafios-financieros-y-legales-ponen-en-duda-su-sostenibilidad\/#respond\"]}]},{\"@type\":\"WebPage\",\"@id\":\"https:\/\/nitu.mx\/index.php\/2024\/12\/05\/tren-maya-desafios-financieros-y-legales-ponen-en-duda-su-sostenibilidad\/\",\"url\":\"https:\/\/nitu.mx\/index.php\/2024\/12\/05\/tren-maya-desafios-financieros-y-legales-ponen-en-duda-su-sostenibilidad\/\",\"name\":\"Tren Maya: desaf\u00edos financieros y legales ponen en duda su sostenibilidad - Nitu - Noticias de la Industria Turistica\",\"isPartOf\":{\"@id\":\"https:\/\/nitu.mx\/#website\"},\"primaryImageOfPage\":{\"@id\":\"https:\/\/nitu.mx\/index.php\/2024\/12\/05\/tren-maya-desafios-financieros-y-legales-ponen-en-duda-su-sostenibilidad\/#primaryimage\"},\"image\":{\"@id\":\"https:\/\/nitu.mx\/index.php\/2024\/12\/05\/tren-maya-desafios-financieros-y-legales-ponen-en-duda-su-sostenibilidad\/#primaryimage\"},\"thumbnailUrl\":\"https:\/\/nitu.mx\/wp-content\/uploads\/2023\/12\/Tren-Maya-inauguraci\u00f3n.jpg\",\"datePublished\":\"2024-12-06T04:31:35+00:00\",\"dateModified\":\"2024-12-06T04:31:36+00:00\",\"breadcrumb\":{\"@id\":\"https:\/\/nitu.mx\/index.php\/2024\/12\/05\/tren-maya-desafios-financieros-y-legales-ponen-en-duda-su-sostenibilidad\/#breadcrumb\"},\"inLanguage\":\"es-MX\",\"potentialAction\":[{\"@type\":\"ReadAction\",\"target\":[\"https:\/\/nitu.mx\/index.php\/2024\/12\/05\/tren-maya-desafios-financieros-y-legales-ponen-en-duda-su-sostenibilidad\/\"]}]},{\"@type\":\"ImageObject\",\"inLanguage\":\"es-MX\",\"@id\":\"https:\/\/nitu.mx\/index.php\/2024\/12\/05\/tren-maya-desafios-financieros-y-legales-ponen-en-duda-su-sostenibilidad\/#primaryimage\",\"url\":\"https:\/\/nitu.mx\/wp-content\/uploads\/2023\/12\/Tren-Maya-inauguraci\u00f3n.jpg\",\"contentUrl\":\"https:\/\/nitu.mx\/wp-content\/uploads\/2023\/12\/Tren-Maya-inauguraci\u00f3n.jpg\",\"width\":1200,\"height\":675,\"caption\":\"Tren Maya\"},{\"@type\":\"BreadcrumbList\",\"@id\":\"https:\/\/nitu.mx\/index.php\/2024\/12\/05\/tren-maya-desafios-financieros-y-legales-ponen-en-duda-su-sostenibilidad\/#breadcrumb\",\"itemListElement\":[{\"@type\":\"ListItem\",\"position\":1,\"name\":\"Inicio\",\"item\":\"https:\/\/nitu.mx\/\"},{\"@type\":\"ListItem\",\"position\":2,\"name\":\"Tren Maya: desaf\u00edos financieros y legales ponen en duda su sostenibilidad\"}]},{\"@type\":\"WebSite\",\"@id\":\"https:\/\/nitu.mx\/#website\",\"url\":\"https:\/\/nitu.mx\/\",\"name\":\"Nitu - Noticias de la Industria Turistica\",\"description\":\"Noticias de la Industria Turistica\",\"publisher\":{\"@id\":\"https:\/\/nitu.mx\/#\/schema\/person\/ae7a53426417292d3dd07b45a33e01bc\"},\"alternateName\":\"Noticias de la Industria Turistica\",\"potentialAction\":[{\"@type\":\"SearchAction\",\"target\":{\"@type\":\"EntryPoint\",\"urlTemplate\":\"https:\/\/nitu.mx\/?s={search_term_string}\"},\"query-input\":\"required name=search_term_string\"}],\"inLanguage\":\"es-MX\"},{\"@type\":[\"Person\",\"Organization\"],\"@id\":\"https:\/\/nitu.mx\/#\/schema\/person\/ae7a53426417292d3dd07b45a33e01bc\",\"name\":\"Arturo Medina\",\"image\":{\"@type\":\"ImageObject\",\"inLanguage\":\"es-MX\",\"@id\":\"https:\/\/nitu.mx\/#\/schema\/person\/image\/\",\"url\":\"https:\/\/nitu.mx\/wp-content\/uploads\/2024\/04\/4A315622-1904-4D5C-B022-878CDC840E04-90x90-1.jpeg\",\"contentUrl\":\"https:\/\/nitu.mx\/wp-content\/uploads\/2024\/04\/4A315622-1904-4D5C-B022-878CDC840E04-90x90-1.jpeg\",\"width\":90,\"height\":90,\"caption\":\"Arturo Medina\"},\"logo\":{\"@id\":\"https:\/\/nitu.mx\/#\/schema\/person\/image\/\"},\"description\":\"Director NITU.mx, Egresado de la Escuela de Periodismo Carlos Septi\u00e9n Garc\u00eda. Periodista y analista especializado en turismo desde hace 35 a\u00f1os, radicado en Canc\u00fan Q.Roo. arturo@nitu.mx\",\"sameAs\":[\"https:\/\/nitu.mx\",\"https:\/\/www.facebook.com\/NITUmx\/\",\"medinacancun\",\"https:\/\/twitter.com\/@Arturo_Medina_G\"]},{\"@type\":\"Person\",\"@id\":\"https:\/\/nitu.mx\/#\/schema\/person\/2ecd887b19dfd3382d1f14fc5acf24a8\",\"name\":\"Alejandra Moncisbays\",\"image\":{\"@type\":\"ImageObject\",\"inLanguage\":\"es-MX\",\"@id\":\"https:\/\/nitu.mx\/#\/schema\/person\/image\/\",\"url\":\"https:\/\/secure.gravatar.com\/avatar\/e74f7af0be172b7804dacfd0bfbef787?s=96&d=mm&r=g\",\"contentUrl\":\"https:\/\/secure.gravatar.com\/avatar\/e74f7af0be172b7804dacfd0bfbef787?s=96&d=mm&r=g\",\"caption\":\"Alejandra Moncisbays\"},\"description\":\"Curs\u00e9 la carrera de Periodismo y Comunicaci\u00f3n en la Facultad de Estudios Profesionales Acatl\u00e1n. Vivo en Canc\u00fan desde hace 24 a\u00f1os. Fui reportera de La Tarde de Canc\u00fan, y Novedades de Quintana Roo, colabor\u00e9 en TVCUN, edit\u00e9 Cancun\u00edssimo y colabor\u00e9 en las revistas Latitud21, entre otras, con principal enfoque en los sectores empresarial y tur\u00edstico. Desde hace varios a\u00f1os soy Agente de Seguros con c\u00e9dula de la Comisi\u00f3n Nacional de Seguros y Fianzas. Actualmente, me desarrollo en los \u00e1mbitos del periodismo y el sector asegurador.\",\"sameAs\":[\"https:\/\/nitu.mx\"],\"url\":\"https:\/\/nitu.mx\/index.php\/author\/alejandra\/\"}]}<\/script>\n<!-- \/ Yoast SEO plugin. -->","yoast_head_json":{"title":"Tren Maya: desaf\u00edos financieros y legales ponen en duda su sostenibilidad - Nitu - Noticias de la Industria Turistica","robots":{"index":"index","follow":"follow","max-snippet":"max-snippet:-1","max-image-preview":"max-image-preview:large","max-video-preview":"max-video-preview:-1"},"canonical":"https:\/\/nitu.mx\/index.php\/2024\/12\/05\/tren-maya-desafios-financieros-y-legales-ponen-en-duda-su-sostenibilidad\/","twitter_card":"summary_large_image","twitter_title":"Tren Maya: desaf\u00edos financieros y legales ponen en duda su sostenibilidad - Nitu - Noticias de la Industria Turistica","twitter_description":"A casi dos a\u00f1os de su inauguraci\u00f3n, en diciembre de 2022, el Tren Maya, proyecto insignia de la administraci\u00f3n federal, enfrenta un panorama complejo debido a desequilibrios financieros, retos operativos y conflictos legales. Dependencia de subsidios y d\u00e9ficit operativo Hasta el tercer trimestre de 2023, el Tren Maya ha recibido subsidios por 11,862 millones de [&hellip;]","twitter_image":"https:\/\/nitu.mx\/wp-content\/uploads\/2023\/12\/Tren-Maya-inauguraci\u00f3n.jpg","twitter_creator":"@NITUmx","twitter_site":"@Arturo_Medina_G","twitter_misc":{"Escrito por":"Alejandra Moncisbays","Tiempo de lectura":"2 minutos"},"schema":{"@context":"https:\/\/schema.org","@graph":[{"@type":"Article","@id":"https:\/\/nitu.mx\/index.php\/2024\/12\/05\/tren-maya-desafios-financieros-y-legales-ponen-en-duda-su-sostenibilidad\/#article","isPartOf":{"@id":"https:\/\/nitu.mx\/index.php\/2024\/12\/05\/tren-maya-desafios-financieros-y-legales-ponen-en-duda-su-sostenibilidad\/"},"author":{"name":"Alejandra Moncisbays","@id":"https:\/\/nitu.mx\/#\/schema\/person\/2ecd887b19dfd3382d1f14fc5acf24a8"},"headline":"Tren Maya: desaf\u00edos financieros y legales ponen en duda su sostenibilidad","datePublished":"2024-12-06T04:31:35+00:00","dateModified":"2024-12-06T04:31:36+00:00","mainEntityOfPage":{"@id":"https:\/\/nitu.mx\/index.php\/2024\/12\/05\/tren-maya-desafios-financieros-y-legales-ponen-en-duda-su-sostenibilidad\/"},"wordCount":401,"commentCount":0,"publisher":{"@id":"https:\/\/nitu.mx\/#\/schema\/person\/ae7a53426417292d3dd07b45a33e01bc"},"image":{"@id":"https:\/\/nitu.mx\/index.php\/2024\/12\/05\/tren-maya-desafios-financieros-y-legales-ponen-en-duda-su-sostenibilidad\/#primaryimage"},"thumbnailUrl":"https:\/\/nitu.mx\/wp-content\/uploads\/2023\/12\/Tren-Maya-inauguraci\u00f3n.jpg","keywords":["financiamiento","Grupo M\u00e9xico","ingresos","pasajeros","Sectur","sostenibilidad","Tren Maya"],"articleSection":["Tren Maya"],"inLanguage":"es-MX","potentialAction":[{"@type":"CommentAction","name":"Comment","target":["https:\/\/nitu.mx\/index.php\/2024\/12\/05\/tren-maya-desafios-financieros-y-legales-ponen-en-duda-su-sostenibilidad\/#respond"]}]},{"@type":"WebPage","@id":"https:\/\/nitu.mx\/index.php\/2024\/12\/05\/tren-maya-desafios-financieros-y-legales-ponen-en-duda-su-sostenibilidad\/","url":"https:\/\/nitu.mx\/index.php\/2024\/12\/05\/tren-maya-desafios-financieros-y-legales-ponen-en-duda-su-sostenibilidad\/","name":"Tren Maya: desaf\u00edos financieros y legales ponen en duda su sostenibilidad - Nitu - Noticias de la Industria Turistica","isPartOf":{"@id":"https:\/\/nitu.mx\/#website"},"primaryImageOfPage":{"@id":"https:\/\/nitu.mx\/index.php\/2024\/12\/05\/tren-maya-desafios-financieros-y-legales-ponen-en-duda-su-sostenibilidad\/#primaryimage"},"image":{"@id":"https:\/\/nitu.mx\/index.php\/2024\/12\/05\/tren-maya-desafios-financieros-y-legales-ponen-en-duda-su-sostenibilidad\/#primaryimage"},"thumbnailUrl":"https:\/\/nitu.mx\/wp-content\/uploads\/2023\/12\/Tren-Maya-inauguraci\u00f3n.jpg","datePublished":"2024-12-06T04:31:35+00:00","dateModified":"2024-12-06T04:31:36+00:00","breadcrumb":{"@id":"https:\/\/nitu.mx\/index.php\/2024\/12\/05\/tren-maya-desafios-financieros-y-legales-ponen-en-duda-su-sostenibilidad\/#breadcrumb"},"inLanguage":"es-MX","potentialAction":[{"@type":"ReadAction","target":["https:\/\/nitu.mx\/index.php\/2024\/12\/05\/tren-maya-desafios-financieros-y-legales-ponen-en-duda-su-sostenibilidad\/"]}]},{"@type":"ImageObject","inLanguage":"es-MX","@id":"https:\/\/nitu.mx\/index.php\/2024\/12\/05\/tren-maya-desafios-financieros-y-legales-ponen-en-duda-su-sostenibilidad\/#primaryimage","url":"https:\/\/nitu.mx\/wp-content\/uploads\/2023\/12\/Tren-Maya-inauguraci\u00f3n.jpg","contentUrl":"https:\/\/nitu.mx\/wp-content\/uploads\/2023\/12\/Tren-Maya-inauguraci\u00f3n.jpg","width":1200,"height":675,"caption":"Tren Maya"},{"@type":"BreadcrumbList","@id":"https:\/\/nitu.mx\/index.php\/2024\/12\/05\/tren-maya-desafios-financieros-y-legales-ponen-en-duda-su-sostenibilidad\/#breadcrumb","itemListElement":[{"@type":"ListItem","position":1,"name":"Inicio","item":"https:\/\/nitu.mx\/"},{"@type":"ListItem","position":2,"name":"Tren Maya: desaf\u00edos financieros y legales ponen en duda su sostenibilidad"}]},{"@type":"WebSite","@id":"https:\/\/nitu.mx\/#website","url":"https:\/\/nitu.mx\/","name":"Nitu - Noticias de la Industria Turistica","description":"Noticias de la Industria Turistica","publisher":{"@id":"https:\/\/nitu.mx\/#\/schema\/person\/ae7a53426417292d3dd07b45a33e01bc"},"alternateName":"Noticias de la Industria Turistica","potentialAction":[{"@type":"SearchAction","target":{"@type":"EntryPoint","urlTemplate":"https:\/\/nitu.mx\/?s={search_term_string}"},"query-input":"required name=search_term_string"}],"inLanguage":"es-MX"},{"@type":["Person","Organization"],"@id":"https:\/\/nitu.mx\/#\/schema\/person\/ae7a53426417292d3dd07b45a33e01bc","name":"Arturo Medina","image":{"@type":"ImageObject","inLanguage":"es-MX","@id":"https:\/\/nitu.mx\/#\/schema\/person\/image\/","url":"https:\/\/nitu.mx\/wp-content\/uploads\/2024\/04\/4A315622-1904-4D5C-B022-878CDC840E04-90x90-1.jpeg","contentUrl":"https:\/\/nitu.mx\/wp-content\/uploads\/2024\/04\/4A315622-1904-4D5C-B022-878CDC840E04-90x90-1.jpeg","width":90,"height":90,"caption":"Arturo Medina"},"logo":{"@id":"https:\/\/nitu.mx\/#\/schema\/person\/image\/"},"description":"Director NITU.mx, Egresado de la Escuela de Periodismo Carlos Septi\u00e9n Garc\u00eda. Periodista y analista especializado en turismo desde hace 35 a\u00f1os, radicado en Canc\u00fan Q.Roo. arturo@nitu.mx","sameAs":["https:\/\/nitu.mx","https:\/\/www.facebook.com\/NITUmx\/","medinacancun","https:\/\/twitter.com\/@Arturo_Medina_G"]},{"@type":"Person","@id":"https:\/\/nitu.mx\/#\/schema\/person\/2ecd887b19dfd3382d1f14fc5acf24a8","name":"Alejandra Moncisbays","image":{"@type":"ImageObject","inLanguage":"es-MX","@id":"https:\/\/nitu.mx\/#\/schema\/person\/image\/","url":"https:\/\/secure.gravatar.com\/avatar\/e74f7af0be172b7804dacfd0bfbef787?s=96&d=mm&r=g","contentUrl":"https:\/\/secure.gravatar.com\/avatar\/e74f7af0be172b7804dacfd0bfbef787?s=96&d=mm&r=g","caption":"Alejandra Moncisbays"},"description":"Curs\u00e9 la carrera de Periodismo y Comunicaci\u00f3n en la Facultad de Estudios Profesionales Acatl\u00e1n. Vivo en Canc\u00fan desde hace 24 a\u00f1os. Fui reportera de La Tarde de Canc\u00fan, y Novedades de Quintana Roo, colabor\u00e9 en TVCUN, edit\u00e9 Cancun\u00edssimo y colabor\u00e9 en las revistas Latitud21, entre otras, con principal enfoque en los sectores empresarial y tur\u00edstico. Desde hace varios a\u00f1os soy Agente de Seguros con c\u00e9dula de la Comisi\u00f3n Nacional de Seguros y Fianzas. Actualmente, me desarrollo en los \u00e1mbitos del periodismo y el sector asegurador.","sameAs":["https:\/\/nitu.mx"],"url":"https:\/\/nitu.mx\/index.php\/author\/alejandra\/"}]}},"views":818,"_links":{"self":[{"href":"https:\/\/nitu.mx\/index.php\/wp-json\/wp\/v2\/posts\/77420"}],"collection":[{"href":"https:\/\/nitu.mx\/index.php\/wp-json\/wp\/v2\/posts"}],"about":[{"href":"https:\/\/nitu.mx\/index.php\/wp-json\/wp\/v2\/types\/post"}],"author":[{"embeddable":true,"href":"https:\/\/nitu.mx\/index.php\/wp-json\/wp\/v2\/users\/3"}],"replies":[{"embeddable":true,"href":"https:\/\/nitu.mx\/index.php\/wp-json\/wp\/v2\/comments?post=77420"}],"version-history":[{"count":2,"href":"https:\/\/nitu.mx\/index.php\/wp-json\/wp\/v2\/posts\/77420\/revisions"}],"predecessor-version":[{"id":77436,"href":"https:\/\/nitu.mx\/index.php\/wp-json\/wp\/v2\/posts\/77420\/revisions\/77436"}],"wp:featuredmedia":[{"embeddable":true,"href":"https:\/\/nitu.mx\/index.php\/wp-json\/wp\/v2\/media\/67218"}],"wp:attachment":[{"href":"https:\/\/nitu.mx\/index.php\/wp-json\/wp\/v2\/media?parent=77420"}],"wp:term":[{"taxonomy":"category","embeddable":true,"href":"https:\/\/nitu.mx\/index.php\/wp-json\/wp\/v2\/categories?post=77420"},{"taxonomy":"post_tag","embeddable":true,"href":"https:\/\/nitu.mx\/index.php\/wp-json\/wp\/v2\/tags?post=77420"}],"curies":[{"name":"wp","href":"https:\/\/api.w.org\/{rel}","templated":true}]}}