{"id":77323,"date":"2024-12-02T22:56:19","date_gmt":"2024-12-03T04:56:19","guid":{"rendered":"https:\/\/nitu.mx\/?p=77323"},"modified":"2024-12-02T22:56:20","modified_gmt":"2024-12-03T04:56:20","slug":"lanzan-marca-ciudad-playa-del-carmen-y-aplicacion-lets-playa-para-atraer-turismo-e-inversiones","status":"publish","type":"post","link":"https:\/\/nitu.mx\/index.php\/2024\/12\/02\/lanzan-marca-ciudad-playa-del-carmen-y-aplicacion-lets-playa-para-atraer-turismo-e-inversiones\/","title":{"rendered":"Lanzan Marca \u201cCiudad Playa del Carmen\u201d y aplicaci\u00f3n Let\u2019s Playa para atraer turismo e inversiones"},"content":{"rendered":"\n<p>La gobernadora de Quintana Roo, Mara Lezama Espinosa, presidi\u00f3 el lanzamiento de la Marca Ciudad Playa del Carmen, que es una estrategia innovadora para transformar la imagen urbana y fortalecer el sentido de pertenencia de la ciudadan\u00eda.<\/p>\n\n\n\n<p>En el Teatro de la Ciudad \u201cXaman-ha\u201d se explic\u00f3 que esta estrategia, a trav\u00e9s de guardianes de la ciudad, busca crear una identidad \u00fanica y diferente que refleje los valores, atributos y caracter\u00edsticas de la ciudad y que atraiga turistas, inversiones y talento. Contempla una App Let\u00b4s Playa para generar mayor data tur\u00edstica y atenci\u00f3n inmediata al visitante.<\/p>\n\n\n\n<p>Luego de escuchar el proyecto integral, Lezama afirm\u00f3 que de esto se trata, de reinventarse, de dar un paso hist\u00f3rico, un paso que transforma Playa del Carmen, de consolidar una visi\u00f3n que apuesta por la inclusi\u00f3n, la innovaci\u00f3n y el bienestar compartido haciendo del turismo una herramienta de la justicia social, generando prosperidad compartida para todas y todos.<\/p>\n\n\n\n<p>\u201cY justamente de eso se trata la rehabilitaci\u00f3n de la zona tur\u00edstica, la nueva imagen urbana con se\u00f1al\u00e9tica, mobiliario urbano y t\u00f3tems digitales. De eso se trata, de ofrecer Wi Fi gratuito en la 5ta Avenida, el lanzamiento de la APP Let\u00b4s Playa, las 5 rutas tur\u00edsticas para generar econom\u00eda local, enfocando esfuerzos en destinos como Uxuxubi y comunidades rurales como Santa Cecilia. De eso se trata la construcci\u00f3n de la Gruta de los Aluxes en Puerto Aventuras, los miradores del mar y la selva, el \u201cArco Alxo\u00b4ob\u201d, y por supuesto, la capacitaci\u00f3n de prestadores de servicio tur\u00edstico\u201d afirm\u00f3 Mara Lezama.<\/p>\n\n\n\n<p>La presidenta municipal de Solidaridad, Estefan\u00eda Mercado, afirm\u00f3 que con el lanzamiento de esta marca ciudad se marcar\u00e1 un antes y un despu\u00e9s de Playa del Carmen, con una visi\u00f3n renovada, en el que participan 70 guardianes de la ciudad construyendo un legado que representa a todas y todos los solidarenses.<\/p>\n\n\n\n<p>Anunci\u00f3 el lanzamiento de 5 rutas con que se ampl\u00eda la oferta y diversidad: Ruta de la pesca, Ruta de la miel y la selva, Ruta de la conciencia, Ruta del arte y Ruta del ciclismo, que enriquecer\u00e1n la experiencia del visitante y fortalecen la econom\u00eda local. Aunado a esto, se contempla la capacitaci\u00f3n de m\u00e1s de 3 mil servidores, entre ellos los taxistas.<\/p>\n\n\n\n<p>Por su parte, el secretario estatal de Turismo, Bernardo Cueto Riestra, destac\u00f3 que este proyecto marcar\u00e1 el comienzo de una Nueva Era para Playa del Carmen, un destino que tan solo de enero a agosto ha recibido a m\u00e1s de 2 millones de visitantes. (<a href=\"https:\/\/nitu.mx\/index.php\/2024\/11\/04\/reactivan-proyecto-barrio-magico-para-revitalizar-el-casco-antiguo-de-playa-del-carmen\/\">Reactivan proyecto \u2018Barrio M\u00e1gico\u2019 para revitalizar el Casco Antiguo de Playa del Carmen<\/a>).<\/p>\n","protected":false},"excerpt":{"rendered":"<p>La gobernadora de Quintana Roo, Mara Lezama Espinosa, presidi\u00f3 el lanzamiento de la Marca Ciudad Playa del Carmen, que es una estrategia innovadora para transformar la imagen urbana y fortalecer el sentido de pertenencia de la ciudadan\u00eda. En el Teatro de la Ciudad \u201cXaman-ha\u201d se explic\u00f3 que esta estrategia, a trav\u00e9s de guardianes de la [&hellip;]<\/p>\n","protected":false},"author":17,"featured_media":77325,"comment_status":"open","ping_status":"open","sticky":false,"template":"","format":"standard","meta":{"footnotes":""},"categories":[18475],"tags":[26571,14028,7676,405,460],"yoast_head":"<!-- This site is optimized with the Yoast SEO plugin v22.2 - https:\/\/yoast.com\/wordpress\/plugins\/seo\/ -->\n<title>Lanzan Marca \u201cCiudad Playa del Carmen\u201d y aplicaci\u00f3n Let\u2019s Playa para atraer turismo e inversiones - Nitu - Noticias de la Industria Turistica<\/title>\n<meta name=\"robots\" content=\"index, follow, max-snippet:-1, max-image-preview:large, max-video-preview:-1\" \/>\n<link rel=\"canonical\" href=\"https:\/\/nitu.mx\/index.php\/2024\/12\/02\/lanzan-marca-ciudad-playa-del-carmen-y-aplicacion-lets-playa-para-atraer-turismo-e-inversiones\/\" \/>\n<meta name=\"twitter:card\" content=\"summary_large_image\" \/>\n<meta name=\"twitter:title\" content=\"Lanzan Marca \u201cCiudad Playa del Carmen\u201d y aplicaci\u00f3n Let\u2019s Playa para atraer turismo e inversiones - Nitu - Noticias de la Industria Turistica\" \/>\n<meta name=\"twitter:description\" content=\"La gobernadora de Quintana Roo, Mara Lezama Espinosa, presidi\u00f3 el lanzamiento de la Marca Ciudad Playa del Carmen, que es una estrategia innovadora para transformar la imagen urbana y fortalecer el sentido de pertenencia de la ciudadan\u00eda. En el Teatro de la Ciudad \u201cXaman-ha\u201d se explic\u00f3 que esta estrategia, a trav\u00e9s de guardianes de la [&hellip;]\" \/>\n<meta name=\"twitter:image\" content=\"https:\/\/nitu.mx\/wp-content\/uploads\/2024\/12\/Marca-Ciudad-Playa-del-Carmen.jpg\" \/>\n<meta name=\"twitter:creator\" content=\"@NITUmx\" \/>\n<meta name=\"twitter:site\" content=\"@Arturo_Medina_G\" \/>\n<meta name=\"twitter:label1\" content=\"Escrito por\" \/>\n\t<meta name=\"twitter:data1\" content=\"Redacci\u00f3n\" \/>\n\t<meta name=\"twitter:label2\" content=\"Tiempo de lectura\" \/>\n\t<meta name=\"twitter:data2\" content=\"2 minutos\" \/>\n<script type=\"application\/ld+json\" class=\"yoast-schema-graph\">{\"@context\":\"https:\/\/schema.org\",\"@graph\":[{\"@type\":\"Article\",\"@id\":\"https:\/\/nitu.mx\/index.php\/2024\/12\/02\/lanzan-marca-ciudad-playa-del-carmen-y-aplicacion-lets-playa-para-atraer-turismo-e-inversiones\/#article\",\"isPartOf\":{\"@id\":\"https:\/\/nitu.mx\/index.php\/2024\/12\/02\/lanzan-marca-ciudad-playa-del-carmen-y-aplicacion-lets-playa-para-atraer-turismo-e-inversiones\/\"},\"author\":{\"name\":\"Redacci\u00f3n\",\"@id\":\"https:\/\/nitu.mx\/#\/schema\/person\/4a28fe9bd65924f7c90623773daf1b0b\"},\"headline\":\"Lanzan Marca \u201cCiudad Playa del Carmen\u201d y aplicaci\u00f3n Let\u2019s Playa para atraer turismo e inversiones\",\"datePublished\":\"2024-12-03T04:56:19+00:00\",\"dateModified\":\"2024-12-03T04:56:20+00:00\",\"mainEntityOfPage\":{\"@id\":\"https:\/\/nitu.mx\/index.php\/2024\/12\/02\/lanzan-marca-ciudad-playa-del-carmen-y-aplicacion-lets-playa-para-atraer-turismo-e-inversiones\/\"},\"wordCount\":470,\"commentCount\":0,\"publisher\":{\"@id\":\"https:\/\/nitu.mx\/#\/schema\/person\/ae7a53426417292d3dd07b45a33e01bc\"},\"image\":{\"@id\":\"https:\/\/nitu.mx\/index.php\/2024\/12\/02\/lanzan-marca-ciudad-playa-del-carmen-y-aplicacion-lets-playa-para-atraer-turismo-e-inversiones\/#primaryimage\"},\"thumbnailUrl\":\"https:\/\/nitu.mx\/wp-content\/uploads\/2024\/12\/Marca-Ciudad-Playa-del-Carmen.jpg\",\"keywords\":[\"Let's playa\",\"Mara Lezama\",\"marca tur\u00edstica\",\"Playa del Carmen\",\"Solidaridad\"],\"articleSection\":[\"Caribe Mexicano\"],\"inLanguage\":\"es-MX\",\"potentialAction\":[{\"@type\":\"CommentAction\",\"name\":\"Comment\",\"target\":[\"https:\/\/nitu.mx\/index.php\/2024\/12\/02\/lanzan-marca-ciudad-playa-del-carmen-y-aplicacion-lets-playa-para-atraer-turismo-e-inversiones\/#respond\"]}]},{\"@type\":\"WebPage\",\"@id\":\"https:\/\/nitu.mx\/index.php\/2024\/12\/02\/lanzan-marca-ciudad-playa-del-carmen-y-aplicacion-lets-playa-para-atraer-turismo-e-inversiones\/\",\"url\":\"https:\/\/nitu.mx\/index.php\/2024\/12\/02\/lanzan-marca-ciudad-playa-del-carmen-y-aplicacion-lets-playa-para-atraer-turismo-e-inversiones\/\",\"name\":\"Lanzan Marca \u201cCiudad Playa del Carmen\u201d y aplicaci\u00f3n Let\u2019s Playa para atraer turismo e inversiones - Nitu - Noticias de la Industria Turistica\",\"isPartOf\":{\"@id\":\"https:\/\/nitu.mx\/#website\"},\"primaryImageOfPage\":{\"@id\":\"https:\/\/nitu.mx\/index.php\/2024\/12\/02\/lanzan-marca-ciudad-playa-del-carmen-y-aplicacion-lets-playa-para-atraer-turismo-e-inversiones\/#primaryimage\"},\"image\":{\"@id\":\"https:\/\/nitu.mx\/index.php\/2024\/12\/02\/lanzan-marca-ciudad-playa-del-carmen-y-aplicacion-lets-playa-para-atraer-turismo-e-inversiones\/#primaryimage\"},\"thumbnailUrl\":\"https:\/\/nitu.mx\/wp-content\/uploads\/2024\/12\/Marca-Ciudad-Playa-del-Carmen.jpg\",\"datePublished\":\"2024-12-03T04:56:19+00:00\",\"dateModified\":\"2024-12-03T04:56:20+00:00\",\"breadcrumb\":{\"@id\":\"https:\/\/nitu.mx\/index.php\/2024\/12\/02\/lanzan-marca-ciudad-playa-del-carmen-y-aplicacion-lets-playa-para-atraer-turismo-e-inversiones\/#breadcrumb\"},\"inLanguage\":\"es-MX\",\"potentialAction\":[{\"@type\":\"ReadAction\",\"target\":[\"https:\/\/nitu.mx\/index.php\/2024\/12\/02\/lanzan-marca-ciudad-playa-del-carmen-y-aplicacion-lets-playa-para-atraer-turismo-e-inversiones\/\"]}]},{\"@type\":\"ImageObject\",\"inLanguage\":\"es-MX\",\"@id\":\"https:\/\/nitu.mx\/index.php\/2024\/12\/02\/lanzan-marca-ciudad-playa-del-carmen-y-aplicacion-lets-playa-para-atraer-turismo-e-inversiones\/#primaryimage\",\"url\":\"https:\/\/nitu.mx\/wp-content\/uploads\/2024\/12\/Marca-Ciudad-Playa-del-Carmen.jpg\",\"contentUrl\":\"https:\/\/nitu.mx\/wp-content\/uploads\/2024\/12\/Marca-Ciudad-Playa-del-Carmen.jpg\",\"width\":1200,\"height\":675,\"caption\":\"Marca Ciudad Playa del Carmen\"},{\"@type\":\"BreadcrumbList\",\"@id\":\"https:\/\/nitu.mx\/index.php\/2024\/12\/02\/lanzan-marca-ciudad-playa-del-carmen-y-aplicacion-lets-playa-para-atraer-turismo-e-inversiones\/#breadcrumb\",\"itemListElement\":[{\"@type\":\"ListItem\",\"position\":1,\"name\":\"Inicio\",\"item\":\"https:\/\/nitu.mx\/\"},{\"@type\":\"ListItem\",\"position\":2,\"name\":\"Lanzan Marca \u201cCiudad Playa del Carmen\u201d y aplicaci\u00f3n Let\u2019s Playa para atraer turismo e inversiones\"}]},{\"@type\":\"WebSite\",\"@id\":\"https:\/\/nitu.mx\/#website\",\"url\":\"https:\/\/nitu.mx\/\",\"name\":\"Nitu - Noticias de la Industria Turistica\",\"description\":\"Noticias de la Industria Turistica\",\"publisher\":{\"@id\":\"https:\/\/nitu.mx\/#\/schema\/person\/ae7a53426417292d3dd07b45a33e01bc\"},\"alternateName\":\"Noticias de la Industria Turistica\",\"potentialAction\":[{\"@type\":\"SearchAction\",\"target\":{\"@type\":\"EntryPoint\",\"urlTemplate\":\"https:\/\/nitu.mx\/?s={search_term_string}\"},\"query-input\":\"required name=search_term_string\"}],\"inLanguage\":\"es-MX\"},{\"@type\":[\"Person\",\"Organization\"],\"@id\":\"https:\/\/nitu.mx\/#\/schema\/person\/ae7a53426417292d3dd07b45a33e01bc\",\"name\":\"Arturo Medina\",\"image\":{\"@type\":\"ImageObject\",\"inLanguage\":\"es-MX\",\"@id\":\"https:\/\/nitu.mx\/#\/schema\/person\/image\/\",\"url\":\"https:\/\/nitu.mx\/wp-content\/uploads\/2024\/04\/4A315622-1904-4D5C-B022-878CDC840E04-90x90-1.jpeg\",\"contentUrl\":\"https:\/\/nitu.mx\/wp-content\/uploads\/2024\/04\/4A315622-1904-4D5C-B022-878CDC840E04-90x90-1.jpeg\",\"width\":90,\"height\":90,\"caption\":\"Arturo Medina\"},\"logo\":{\"@id\":\"https:\/\/nitu.mx\/#\/schema\/person\/image\/\"},\"description\":\"Director NITU.mx, Egresado de la Escuela de Periodismo Carlos Septi\u00e9n Garc\u00eda. Periodista y analista especializado en turismo desde hace 35 a\u00f1os, radicado en Canc\u00fan Q.Roo. arturo@nitu.mx\",\"sameAs\":[\"https:\/\/nitu.mx\",\"https:\/\/www.facebook.com\/NITUmx\/\",\"medinacancun\",\"https:\/\/twitter.com\/@Arturo_Medina_G\"]},{\"@type\":\"Person\",\"@id\":\"https:\/\/nitu.mx\/#\/schema\/person\/4a28fe9bd65924f7c90623773daf1b0b\",\"name\":\"Redacci\u00f3n\",\"image\":{\"@type\":\"ImageObject\",\"inLanguage\":\"es-MX\",\"@id\":\"https:\/\/nitu.mx\/#\/schema\/person\/image\/\",\"url\":\"https:\/\/secure.gravatar.com\/avatar\/5dd011c8ccfc5cd7e4c81e42252aab38?s=96&d=mm&r=g\",\"contentUrl\":\"https:\/\/secure.gravatar.com\/avatar\/5dd011c8ccfc5cd7e4c81e42252aab38?s=96&d=mm&r=g\",\"caption\":\"Redacci\u00f3n\"},\"url\":\"https:\/\/nitu.mx\/index.php\/author\/redaccion\/\"}]}<\/script>\n<!-- \/ Yoast SEO plugin. -->","yoast_head_json":{"title":"Lanzan Marca \u201cCiudad Playa del Carmen\u201d y aplicaci\u00f3n Let\u2019s Playa para atraer turismo e inversiones - Nitu - Noticias de la Industria Turistica","robots":{"index":"index","follow":"follow","max-snippet":"max-snippet:-1","max-image-preview":"max-image-preview:large","max-video-preview":"max-video-preview:-1"},"canonical":"https:\/\/nitu.mx\/index.php\/2024\/12\/02\/lanzan-marca-ciudad-playa-del-carmen-y-aplicacion-lets-playa-para-atraer-turismo-e-inversiones\/","twitter_card":"summary_large_image","twitter_title":"Lanzan Marca \u201cCiudad Playa del Carmen\u201d y aplicaci\u00f3n Let\u2019s Playa para atraer turismo e inversiones - Nitu - Noticias de la Industria Turistica","twitter_description":"La gobernadora de Quintana Roo, Mara Lezama Espinosa, presidi\u00f3 el lanzamiento de la Marca Ciudad Playa del Carmen, que es una estrategia innovadora para transformar la imagen urbana y fortalecer el sentido de pertenencia de la ciudadan\u00eda. En el Teatro de la Ciudad \u201cXaman-ha\u201d se explic\u00f3 que esta estrategia, a trav\u00e9s de guardianes de la [&hellip;]","twitter_image":"https:\/\/nitu.mx\/wp-content\/uploads\/2024\/12\/Marca-Ciudad-Playa-del-Carmen.jpg","twitter_creator":"@NITUmx","twitter_site":"@Arturo_Medina_G","twitter_misc":{"Escrito por":"Redacci\u00f3n","Tiempo de lectura":"2 minutos"},"schema":{"@context":"https:\/\/schema.org","@graph":[{"@type":"Article","@id":"https:\/\/nitu.mx\/index.php\/2024\/12\/02\/lanzan-marca-ciudad-playa-del-carmen-y-aplicacion-lets-playa-para-atraer-turismo-e-inversiones\/#article","isPartOf":{"@id":"https:\/\/nitu.mx\/index.php\/2024\/12\/02\/lanzan-marca-ciudad-playa-del-carmen-y-aplicacion-lets-playa-para-atraer-turismo-e-inversiones\/"},"author":{"name":"Redacci\u00f3n","@id":"https:\/\/nitu.mx\/#\/schema\/person\/4a28fe9bd65924f7c90623773daf1b0b"},"headline":"Lanzan Marca \u201cCiudad Playa del Carmen\u201d y aplicaci\u00f3n Let\u2019s Playa para atraer turismo e inversiones","datePublished":"2024-12-03T04:56:19+00:00","dateModified":"2024-12-03T04:56:20+00:00","mainEntityOfPage":{"@id":"https:\/\/nitu.mx\/index.php\/2024\/12\/02\/lanzan-marca-ciudad-playa-del-carmen-y-aplicacion-lets-playa-para-atraer-turismo-e-inversiones\/"},"wordCount":470,"commentCount":0,"publisher":{"@id":"https:\/\/nitu.mx\/#\/schema\/person\/ae7a53426417292d3dd07b45a33e01bc"},"image":{"@id":"https:\/\/nitu.mx\/index.php\/2024\/12\/02\/lanzan-marca-ciudad-playa-del-carmen-y-aplicacion-lets-playa-para-atraer-turismo-e-inversiones\/#primaryimage"},"thumbnailUrl":"https:\/\/nitu.mx\/wp-content\/uploads\/2024\/12\/Marca-Ciudad-Playa-del-Carmen.jpg","keywords":["Let's playa","Mara Lezama","marca tur\u00edstica","Playa del Carmen","Solidaridad"],"articleSection":["Caribe Mexicano"],"inLanguage":"es-MX","potentialAction":[{"@type":"CommentAction","name":"Comment","target":["https:\/\/nitu.mx\/index.php\/2024\/12\/02\/lanzan-marca-ciudad-playa-del-carmen-y-aplicacion-lets-playa-para-atraer-turismo-e-inversiones\/#respond"]}]},{"@type":"WebPage","@id":"https:\/\/nitu.mx\/index.php\/2024\/12\/02\/lanzan-marca-ciudad-playa-del-carmen-y-aplicacion-lets-playa-para-atraer-turismo-e-inversiones\/","url":"https:\/\/nitu.mx\/index.php\/2024\/12\/02\/lanzan-marca-ciudad-playa-del-carmen-y-aplicacion-lets-playa-para-atraer-turismo-e-inversiones\/","name":"Lanzan Marca \u201cCiudad Playa del Carmen\u201d y aplicaci\u00f3n Let\u2019s Playa para atraer turismo e inversiones - Nitu - Noticias de la Industria Turistica","isPartOf":{"@id":"https:\/\/nitu.mx\/#website"},"primaryImageOfPage":{"@id":"https:\/\/nitu.mx\/index.php\/2024\/12\/02\/lanzan-marca-ciudad-playa-del-carmen-y-aplicacion-lets-playa-para-atraer-turismo-e-inversiones\/#primaryimage"},"image":{"@id":"https:\/\/nitu.mx\/index.php\/2024\/12\/02\/lanzan-marca-ciudad-playa-del-carmen-y-aplicacion-lets-playa-para-atraer-turismo-e-inversiones\/#primaryimage"},"thumbnailUrl":"https:\/\/nitu.mx\/wp-content\/uploads\/2024\/12\/Marca-Ciudad-Playa-del-Carmen.jpg","datePublished":"2024-12-03T04:56:19+00:00","dateModified":"2024-12-03T04:56:20+00:00","breadcrumb":{"@id":"https:\/\/nitu.mx\/index.php\/2024\/12\/02\/lanzan-marca-ciudad-playa-del-carmen-y-aplicacion-lets-playa-para-atraer-turismo-e-inversiones\/#breadcrumb"},"inLanguage":"es-MX","potentialAction":[{"@type":"ReadAction","target":["https:\/\/nitu.mx\/index.php\/2024\/12\/02\/lanzan-marca-ciudad-playa-del-carmen-y-aplicacion-lets-playa-para-atraer-turismo-e-inversiones\/"]}]},{"@type":"ImageObject","inLanguage":"es-MX","@id":"https:\/\/nitu.mx\/index.php\/2024\/12\/02\/lanzan-marca-ciudad-playa-del-carmen-y-aplicacion-lets-playa-para-atraer-turismo-e-inversiones\/#primaryimage","url":"https:\/\/nitu.mx\/wp-content\/uploads\/2024\/12\/Marca-Ciudad-Playa-del-Carmen.jpg","contentUrl":"https:\/\/nitu.mx\/wp-content\/uploads\/2024\/12\/Marca-Ciudad-Playa-del-Carmen.jpg","width":1200,"height":675,"caption":"Marca Ciudad Playa del Carmen"},{"@type":"BreadcrumbList","@id":"https:\/\/nitu.mx\/index.php\/2024\/12\/02\/lanzan-marca-ciudad-playa-del-carmen-y-aplicacion-lets-playa-para-atraer-turismo-e-inversiones\/#breadcrumb","itemListElement":[{"@type":"ListItem","position":1,"name":"Inicio","item":"https:\/\/nitu.mx\/"},{"@type":"ListItem","position":2,"name":"Lanzan Marca \u201cCiudad Playa del Carmen\u201d y aplicaci\u00f3n Let\u2019s Playa para atraer turismo e inversiones"}]},{"@type":"WebSite","@id":"https:\/\/nitu.mx\/#website","url":"https:\/\/nitu.mx\/","name":"Nitu - Noticias de la Industria Turistica","description":"Noticias de la Industria Turistica","publisher":{"@id":"https:\/\/nitu.mx\/#\/schema\/person\/ae7a53426417292d3dd07b45a33e01bc"},"alternateName":"Noticias de la Industria Turistica","potentialAction":[{"@type":"SearchAction","target":{"@type":"EntryPoint","urlTemplate":"https:\/\/nitu.mx\/?s={search_term_string}"},"query-input":"required name=search_term_string"}],"inLanguage":"es-MX"},{"@type":["Person","Organization"],"@id":"https:\/\/nitu.mx\/#\/schema\/person\/ae7a53426417292d3dd07b45a33e01bc","name":"Arturo Medina","image":{"@type":"ImageObject","inLanguage":"es-MX","@id":"https:\/\/nitu.mx\/#\/schema\/person\/image\/","url":"https:\/\/nitu.mx\/wp-content\/uploads\/2024\/04\/4A315622-1904-4D5C-B022-878CDC840E04-90x90-1.jpeg","contentUrl":"https:\/\/nitu.mx\/wp-content\/uploads\/2024\/04\/4A315622-1904-4D5C-B022-878CDC840E04-90x90-1.jpeg","width":90,"height":90,"caption":"Arturo Medina"},"logo":{"@id":"https:\/\/nitu.mx\/#\/schema\/person\/image\/"},"description":"Director NITU.mx, Egresado de la Escuela de Periodismo Carlos Septi\u00e9n Garc\u00eda. Periodista y analista especializado en turismo desde hace 35 a\u00f1os, radicado en Canc\u00fan Q.Roo. arturo@nitu.mx","sameAs":["https:\/\/nitu.mx","https:\/\/www.facebook.com\/NITUmx\/","medinacancun","https:\/\/twitter.com\/@Arturo_Medina_G"]},{"@type":"Person","@id":"https:\/\/nitu.mx\/#\/schema\/person\/4a28fe9bd65924f7c90623773daf1b0b","name":"Redacci\u00f3n","image":{"@type":"ImageObject","inLanguage":"es-MX","@id":"https:\/\/nitu.mx\/#\/schema\/person\/image\/","url":"https:\/\/secure.gravatar.com\/avatar\/5dd011c8ccfc5cd7e4c81e42252aab38?s=96&d=mm&r=g","contentUrl":"https:\/\/secure.gravatar.com\/avatar\/5dd011c8ccfc5cd7e4c81e42252aab38?s=96&d=mm&r=g","caption":"Redacci\u00f3n"},"url":"https:\/\/nitu.mx\/index.php\/author\/redaccion\/"}]}},"views":1064,"_links":{"self":[{"href":"https:\/\/nitu.mx\/index.php\/wp-json\/wp\/v2\/posts\/77323"}],"collection":[{"href":"https:\/\/nitu.mx\/index.php\/wp-json\/wp\/v2\/posts"}],"about":[{"href":"https:\/\/nitu.mx\/index.php\/wp-json\/wp\/v2\/types\/post"}],"author":[{"embeddable":true,"href":"https:\/\/nitu.mx\/index.php\/wp-json\/wp\/v2\/users\/17"}],"replies":[{"embeddable":true,"href":"https:\/\/nitu.mx\/index.php\/wp-json\/wp\/v2\/comments?post=77323"}],"version-history":[{"count":1,"href":"https:\/\/nitu.mx\/index.php\/wp-json\/wp\/v2\/posts\/77323\/revisions"}],"predecessor-version":[{"id":77326,"href":"https:\/\/nitu.mx\/index.php\/wp-json\/wp\/v2\/posts\/77323\/revisions\/77326"}],"wp:featuredmedia":[{"embeddable":true,"href":"https:\/\/nitu.mx\/index.php\/wp-json\/wp\/v2\/media\/77325"}],"wp:attachment":[{"href":"https:\/\/nitu.mx\/index.php\/wp-json\/wp\/v2\/media?parent=77323"}],"wp:term":[{"taxonomy":"category","embeddable":true,"href":"https:\/\/nitu.mx\/index.php\/wp-json\/wp\/v2\/categories?post=77323"},{"taxonomy":"post_tag","embeddable":true,"href":"https:\/\/nitu.mx\/index.php\/wp-json\/wp\/v2\/tags?post=77323"}],"curies":[{"name":"wp","href":"https:\/\/api.w.org\/{rel}","templated":true}]}}