{"id":77177,"date":"2024-11-27T20:03:35","date_gmt":"2024-11-28T02:03:35","guid":{"rendered":"https:\/\/nitu.mx\/?p=77177"},"modified":"2024-11-27T20:03:36","modified_gmt":"2024-11-28T02:03:36","slug":"mexicana-de-aviacion-abre-vuelo-puerto-vallarta-guadalajara","status":"publish","type":"post","link":"https:\/\/nitu.mx\/index.php\/2024\/11\/27\/mexicana-de-aviacion-abre-vuelo-puerto-vallarta-guadalajara\/","title":{"rendered":"Mexicana de Aviaci\u00f3n abre vuelo Puerto Vallarta &#8211; Guadalajara"},"content":{"rendered":"\n<p>Ante la creciente demanda de asientos desde Puerto Vallarta hacia Guadalajara, capital del estado de Jalisco y viceversa, Mexicana de Aviaci\u00f3n anunci\u00f3 su nueva ruta entre ambos destinos (PVR &#8211; GDL &#8211; PVR), que estar\u00e1 volando todos los viernes y domingos por la tarde en aviones Embraer ERJ 145, lo cual representa 800 asientos mensuales m\u00e1s entre ambos destinos. <\/p>\n\n\n\n<p>Con esto, la aerol\u00ednea incrementa su conectividad con la Perla Verde del Pac\u00edfico mexicano, que ya contaba con dos vuelos semanales al destino desde el Aeropuerto Internacional Felipe \u00c1ngeles. Para\u00a0Puerto Vallarta, estos vuelos de Mexicana hacia Guadalajara se suman a las 20 frecuencias semanales que ofrece Viva y 13 m\u00e1s de Volaris.<\/p>\n\n\n\n<p>El destino jalisciense se mantiene entre los favoritos de los mexicanos y turistas internacionales, especialmente estadounidenses, en donde figura entre las 10 primeras opciones de los que viajar\u00e1n al extranjero, de acuerdo con el\u00a0\u00edndice de viajes de invierno\u00a0de Tripadvisor 2024.<\/p>\n\n\n\n<p>El informe revela que m\u00e1s de la mitad de los estadounidenses (57%) se est\u00e1n preparando para viajar en invierno y el 96% de ellos tienen intenci\u00f3n de viajar tanto o incluso m\u00e1s que el invierno pasado, planeando pasar entre 3 y 7 noches fuera de casa para disfrutar plenamente de la alegr\u00eda navide\u00f1a.<\/p>\n\n\n\n<p>Los datos estacionales de la plataforma de orientaci\u00f3n de viajes m\u00e1s grande del mundo muestran que el 91% se embarcar\u00e1 en viajes para celebraciones espec\u00edficas, como festivales y actividades invernales, y tambi\u00e9n destaca los destinos de invierno m\u00e1s visitados para 2024<br><br>Con esto, Puerto Vallarta se anota un gran cierre de a\u00f1o en las preferencias de los usuarios del popular sitio de viajes, ya que a principios de 2024 logr\u00f3 ubicarse entre los Top 10 destinos en M\u00e9xico de los\u00a0Travellers\u2019 Choice Awards\u00a0que premian a lo mejor de lo mejor en la industria tur\u00edstica. (<a href=\"https:\/\/nitu.mx\/index.php\/2024\/11\/21\/puerto-vallarta-registro-32-mil-visitantes-y-83-de-ocupacion-en-el-puente-vacacional\/\">Puerto Vallarta registr\u00f3 32 mil visitantes y 83% de ocupaci\u00f3n en el puente vacacional<\/a>).<\/p>\n","protected":false},"excerpt":{"rendered":"<p>Ante la creciente demanda de asientos desde Puerto Vallarta hacia Guadalajara, capital del estado de Jalisco y viceversa, Mexicana de Aviaci\u00f3n anunci\u00f3 su nueva ruta entre ambos destinos (PVR &#8211; GDL &#8211; PVR), que estar\u00e1 volando todos los viernes y domingos por la tarde en aviones Embraer ERJ 145, lo cual representa 800 asientos mensuales [&hellip;]<\/p>\n","protected":false},"author":17,"featured_media":77186,"comment_status":"open","ping_status":"open","sticky":false,"template":"","format":"standard","meta":{"footnotes":""},"categories":[29,5],"tags":[490,568,471,425],"yoast_head":"<!-- This site is optimized with the Yoast SEO plugin v22.2 - https:\/\/yoast.com\/wordpress\/plugins\/seo\/ -->\n<title>Mexicana de Aviaci\u00f3n abre vuelo Puerto Vallarta - Guadalajara - Nitu - Noticias de la Industria Turistica<\/title>\n<meta name=\"robots\" content=\"index, follow, max-snippet:-1, max-image-preview:large, max-video-preview:-1\" \/>\n<link rel=\"canonical\" href=\"https:\/\/nitu.mx\/index.php\/2024\/11\/27\/mexicana-de-aviacion-abre-vuelo-puerto-vallarta-guadalajara\/\" \/>\n<meta name=\"twitter:card\" content=\"summary_large_image\" \/>\n<meta name=\"twitter:title\" content=\"Mexicana de Aviaci\u00f3n abre vuelo Puerto Vallarta - Guadalajara - Nitu - Noticias de la Industria Turistica\" \/>\n<meta name=\"twitter:description\" content=\"Ante la creciente demanda de asientos desde Puerto Vallarta hacia Guadalajara, capital del estado de Jalisco y viceversa, Mexicana de Aviaci\u00f3n anunci\u00f3 su nueva ruta entre ambos destinos (PVR &#8211; GDL &#8211; PVR), que estar\u00e1 volando todos los viernes y domingos por la tarde en aviones Embraer ERJ 145, lo cual representa 800 asientos mensuales [&hellip;]\" \/>\n<meta name=\"twitter:image\" content=\"https:\/\/nitu.mx\/wp-content\/uploads\/2024\/11\/Aeropuerto-de-Puerto-Vallarta.jpg\" \/>\n<meta name=\"twitter:creator\" content=\"@NITUmx\" \/>\n<meta name=\"twitter:site\" content=\"@Arturo_Medina_G\" \/>\n<meta name=\"twitter:label1\" content=\"Escrito por\" \/>\n\t<meta name=\"twitter:data1\" content=\"Redacci\u00f3n\" \/>\n\t<meta name=\"twitter:label2\" content=\"Tiempo de lectura\" \/>\n\t<meta name=\"twitter:data2\" content=\"2 minutos\" \/>\n<script type=\"application\/ld+json\" class=\"yoast-schema-graph\">{\"@context\":\"https:\/\/schema.org\",\"@graph\":[{\"@type\":\"Article\",\"@id\":\"https:\/\/nitu.mx\/index.php\/2024\/11\/27\/mexicana-de-aviacion-abre-vuelo-puerto-vallarta-guadalajara\/#article\",\"isPartOf\":{\"@id\":\"https:\/\/nitu.mx\/index.php\/2024\/11\/27\/mexicana-de-aviacion-abre-vuelo-puerto-vallarta-guadalajara\/\"},\"author\":{\"name\":\"Redacci\u00f3n\",\"@id\":\"https:\/\/nitu.mx\/#\/schema\/person\/4a28fe9bd65924f7c90623773daf1b0b\"},\"headline\":\"Mexicana de Aviaci\u00f3n abre vuelo Puerto Vallarta &#8211; Guadalajara\",\"datePublished\":\"2024-11-28T02:03:35+00:00\",\"dateModified\":\"2024-11-28T02:03:36+00:00\",\"mainEntityOfPage\":{\"@id\":\"https:\/\/nitu.mx\/index.php\/2024\/11\/27\/mexicana-de-aviacion-abre-vuelo-puerto-vallarta-guadalajara\/\"},\"wordCount\":331,\"commentCount\":0,\"publisher\":{\"@id\":\"https:\/\/nitu.mx\/#\/schema\/person\/ae7a53426417292d3dd07b45a33e01bc\"},\"image\":{\"@id\":\"https:\/\/nitu.mx\/index.php\/2024\/11\/27\/mexicana-de-aviacion-abre-vuelo-puerto-vallarta-guadalajara\/#primaryimage\"},\"thumbnailUrl\":\"https:\/\/nitu.mx\/wp-content\/uploads\/2024\/11\/Aeropuerto-de-Puerto-Vallarta.jpg\",\"keywords\":[\"Guadalajara\",\"Mexicana de Aviaci\u00f3n\",\"Puerto Vallarta\",\"TripAdvisor\"],\"articleSection\":[\"Aerol\u00edneas\",\"Destinos\"],\"inLanguage\":\"es-MX\",\"potentialAction\":[{\"@type\":\"CommentAction\",\"name\":\"Comment\",\"target\":[\"https:\/\/nitu.mx\/index.php\/2024\/11\/27\/mexicana-de-aviacion-abre-vuelo-puerto-vallarta-guadalajara\/#respond\"]}]},{\"@type\":\"WebPage\",\"@id\":\"https:\/\/nitu.mx\/index.php\/2024\/11\/27\/mexicana-de-aviacion-abre-vuelo-puerto-vallarta-guadalajara\/\",\"url\":\"https:\/\/nitu.mx\/index.php\/2024\/11\/27\/mexicana-de-aviacion-abre-vuelo-puerto-vallarta-guadalajara\/\",\"name\":\"Mexicana de Aviaci\u00f3n abre vuelo Puerto Vallarta - Guadalajara - Nitu - Noticias de la Industria Turistica\",\"isPartOf\":{\"@id\":\"https:\/\/nitu.mx\/#website\"},\"primaryImageOfPage\":{\"@id\":\"https:\/\/nitu.mx\/index.php\/2024\/11\/27\/mexicana-de-aviacion-abre-vuelo-puerto-vallarta-guadalajara\/#primaryimage\"},\"image\":{\"@id\":\"https:\/\/nitu.mx\/index.php\/2024\/11\/27\/mexicana-de-aviacion-abre-vuelo-puerto-vallarta-guadalajara\/#primaryimage\"},\"thumbnailUrl\":\"https:\/\/nitu.mx\/wp-content\/uploads\/2024\/11\/Aeropuerto-de-Puerto-Vallarta.jpg\",\"datePublished\":\"2024-11-28T02:03:35+00:00\",\"dateModified\":\"2024-11-28T02:03:36+00:00\",\"breadcrumb\":{\"@id\":\"https:\/\/nitu.mx\/index.php\/2024\/11\/27\/mexicana-de-aviacion-abre-vuelo-puerto-vallarta-guadalajara\/#breadcrumb\"},\"inLanguage\":\"es-MX\",\"potentialAction\":[{\"@type\":\"ReadAction\",\"target\":[\"https:\/\/nitu.mx\/index.php\/2024\/11\/27\/mexicana-de-aviacion-abre-vuelo-puerto-vallarta-guadalajara\/\"]}]},{\"@type\":\"ImageObject\",\"inLanguage\":\"es-MX\",\"@id\":\"https:\/\/nitu.mx\/index.php\/2024\/11\/27\/mexicana-de-aviacion-abre-vuelo-puerto-vallarta-guadalajara\/#primaryimage\",\"url\":\"https:\/\/nitu.mx\/wp-content\/uploads\/2024\/11\/Aeropuerto-de-Puerto-Vallarta.jpg\",\"contentUrl\":\"https:\/\/nitu.mx\/wp-content\/uploads\/2024\/11\/Aeropuerto-de-Puerto-Vallarta.jpg\",\"width\":1200,\"height\":675,\"caption\":\"Aeropuerto de Puerto Vallarta\"},{\"@type\":\"BreadcrumbList\",\"@id\":\"https:\/\/nitu.mx\/index.php\/2024\/11\/27\/mexicana-de-aviacion-abre-vuelo-puerto-vallarta-guadalajara\/#breadcrumb\",\"itemListElement\":[{\"@type\":\"ListItem\",\"position\":1,\"name\":\"Inicio\",\"item\":\"https:\/\/nitu.mx\/\"},{\"@type\":\"ListItem\",\"position\":2,\"name\":\"Mexicana de Aviaci\u00f3n abre vuelo Puerto Vallarta &#8211; Guadalajara\"}]},{\"@type\":\"WebSite\",\"@id\":\"https:\/\/nitu.mx\/#website\",\"url\":\"https:\/\/nitu.mx\/\",\"name\":\"Nitu - Noticias de la Industria Turistica\",\"description\":\"Noticias de la Industria Turistica\",\"publisher\":{\"@id\":\"https:\/\/nitu.mx\/#\/schema\/person\/ae7a53426417292d3dd07b45a33e01bc\"},\"alternateName\":\"Noticias de la Industria Turistica\",\"potentialAction\":[{\"@type\":\"SearchAction\",\"target\":{\"@type\":\"EntryPoint\",\"urlTemplate\":\"https:\/\/nitu.mx\/?s={search_term_string}\"},\"query-input\":\"required name=search_term_string\"}],\"inLanguage\":\"es-MX\"},{\"@type\":[\"Person\",\"Organization\"],\"@id\":\"https:\/\/nitu.mx\/#\/schema\/person\/ae7a53426417292d3dd07b45a33e01bc\",\"name\":\"Arturo Medina\",\"image\":{\"@type\":\"ImageObject\",\"inLanguage\":\"es-MX\",\"@id\":\"https:\/\/nitu.mx\/#\/schema\/person\/image\/\",\"url\":\"https:\/\/nitu.mx\/wp-content\/uploads\/2024\/04\/4A315622-1904-4D5C-B022-878CDC840E04-90x90-1.jpeg\",\"contentUrl\":\"https:\/\/nitu.mx\/wp-content\/uploads\/2024\/04\/4A315622-1904-4D5C-B022-878CDC840E04-90x90-1.jpeg\",\"width\":90,\"height\":90,\"caption\":\"Arturo Medina\"},\"logo\":{\"@id\":\"https:\/\/nitu.mx\/#\/schema\/person\/image\/\"},\"description\":\"Director NITU.mx, Egresado de la Escuela de Periodismo Carlos Septi\u00e9n Garc\u00eda. Periodista y analista especializado en turismo desde hace 35 a\u00f1os, radicado en Canc\u00fan Q.Roo. arturo@nitu.mx\",\"sameAs\":[\"https:\/\/nitu.mx\",\"https:\/\/www.facebook.com\/NITUmx\/\",\"medinacancun\",\"https:\/\/twitter.com\/@Arturo_Medina_G\"]},{\"@type\":\"Person\",\"@id\":\"https:\/\/nitu.mx\/#\/schema\/person\/4a28fe9bd65924f7c90623773daf1b0b\",\"name\":\"Redacci\u00f3n\",\"image\":{\"@type\":\"ImageObject\",\"inLanguage\":\"es-MX\",\"@id\":\"https:\/\/nitu.mx\/#\/schema\/person\/image\/\",\"url\":\"https:\/\/secure.gravatar.com\/avatar\/5dd011c8ccfc5cd7e4c81e42252aab38?s=96&d=mm&r=g\",\"contentUrl\":\"https:\/\/secure.gravatar.com\/avatar\/5dd011c8ccfc5cd7e4c81e42252aab38?s=96&d=mm&r=g\",\"caption\":\"Redacci\u00f3n\"},\"url\":\"https:\/\/nitu.mx\/index.php\/author\/redaccion\/\"}]}<\/script>\n<!-- \/ Yoast SEO plugin. -->","yoast_head_json":{"title":"Mexicana de Aviaci\u00f3n abre vuelo Puerto Vallarta - Guadalajara - Nitu - Noticias de la Industria Turistica","robots":{"index":"index","follow":"follow","max-snippet":"max-snippet:-1","max-image-preview":"max-image-preview:large","max-video-preview":"max-video-preview:-1"},"canonical":"https:\/\/nitu.mx\/index.php\/2024\/11\/27\/mexicana-de-aviacion-abre-vuelo-puerto-vallarta-guadalajara\/","twitter_card":"summary_large_image","twitter_title":"Mexicana de Aviaci\u00f3n abre vuelo Puerto Vallarta - Guadalajara - Nitu - Noticias de la Industria Turistica","twitter_description":"Ante la creciente demanda de asientos desde Puerto Vallarta hacia Guadalajara, capital del estado de Jalisco y viceversa, Mexicana de Aviaci\u00f3n anunci\u00f3 su nueva ruta entre ambos destinos (PVR &#8211; GDL &#8211; PVR), que estar\u00e1 volando todos los viernes y domingos por la tarde en aviones Embraer ERJ 145, lo cual representa 800 asientos mensuales [&hellip;]","twitter_image":"https:\/\/nitu.mx\/wp-content\/uploads\/2024\/11\/Aeropuerto-de-Puerto-Vallarta.jpg","twitter_creator":"@NITUmx","twitter_site":"@Arturo_Medina_G","twitter_misc":{"Escrito por":"Redacci\u00f3n","Tiempo de lectura":"2 minutos"},"schema":{"@context":"https:\/\/schema.org","@graph":[{"@type":"Article","@id":"https:\/\/nitu.mx\/index.php\/2024\/11\/27\/mexicana-de-aviacion-abre-vuelo-puerto-vallarta-guadalajara\/#article","isPartOf":{"@id":"https:\/\/nitu.mx\/index.php\/2024\/11\/27\/mexicana-de-aviacion-abre-vuelo-puerto-vallarta-guadalajara\/"},"author":{"name":"Redacci\u00f3n","@id":"https:\/\/nitu.mx\/#\/schema\/person\/4a28fe9bd65924f7c90623773daf1b0b"},"headline":"Mexicana de Aviaci\u00f3n abre vuelo Puerto Vallarta &#8211; Guadalajara","datePublished":"2024-11-28T02:03:35+00:00","dateModified":"2024-11-28T02:03:36+00:00","mainEntityOfPage":{"@id":"https:\/\/nitu.mx\/index.php\/2024\/11\/27\/mexicana-de-aviacion-abre-vuelo-puerto-vallarta-guadalajara\/"},"wordCount":331,"commentCount":0,"publisher":{"@id":"https:\/\/nitu.mx\/#\/schema\/person\/ae7a53426417292d3dd07b45a33e01bc"},"image":{"@id":"https:\/\/nitu.mx\/index.php\/2024\/11\/27\/mexicana-de-aviacion-abre-vuelo-puerto-vallarta-guadalajara\/#primaryimage"},"thumbnailUrl":"https:\/\/nitu.mx\/wp-content\/uploads\/2024\/11\/Aeropuerto-de-Puerto-Vallarta.jpg","keywords":["Guadalajara","Mexicana de Aviaci\u00f3n","Puerto Vallarta","TripAdvisor"],"articleSection":["Aerol\u00edneas","Destinos"],"inLanguage":"es-MX","potentialAction":[{"@type":"CommentAction","name":"Comment","target":["https:\/\/nitu.mx\/index.php\/2024\/11\/27\/mexicana-de-aviacion-abre-vuelo-puerto-vallarta-guadalajara\/#respond"]}]},{"@type":"WebPage","@id":"https:\/\/nitu.mx\/index.php\/2024\/11\/27\/mexicana-de-aviacion-abre-vuelo-puerto-vallarta-guadalajara\/","url":"https:\/\/nitu.mx\/index.php\/2024\/11\/27\/mexicana-de-aviacion-abre-vuelo-puerto-vallarta-guadalajara\/","name":"Mexicana de Aviaci\u00f3n abre vuelo Puerto Vallarta - Guadalajara - Nitu - Noticias de la Industria Turistica","isPartOf":{"@id":"https:\/\/nitu.mx\/#website"},"primaryImageOfPage":{"@id":"https:\/\/nitu.mx\/index.php\/2024\/11\/27\/mexicana-de-aviacion-abre-vuelo-puerto-vallarta-guadalajara\/#primaryimage"},"image":{"@id":"https:\/\/nitu.mx\/index.php\/2024\/11\/27\/mexicana-de-aviacion-abre-vuelo-puerto-vallarta-guadalajara\/#primaryimage"},"thumbnailUrl":"https:\/\/nitu.mx\/wp-content\/uploads\/2024\/11\/Aeropuerto-de-Puerto-Vallarta.jpg","datePublished":"2024-11-28T02:03:35+00:00","dateModified":"2024-11-28T02:03:36+00:00","breadcrumb":{"@id":"https:\/\/nitu.mx\/index.php\/2024\/11\/27\/mexicana-de-aviacion-abre-vuelo-puerto-vallarta-guadalajara\/#breadcrumb"},"inLanguage":"es-MX","potentialAction":[{"@type":"ReadAction","target":["https:\/\/nitu.mx\/index.php\/2024\/11\/27\/mexicana-de-aviacion-abre-vuelo-puerto-vallarta-guadalajara\/"]}]},{"@type":"ImageObject","inLanguage":"es-MX","@id":"https:\/\/nitu.mx\/index.php\/2024\/11\/27\/mexicana-de-aviacion-abre-vuelo-puerto-vallarta-guadalajara\/#primaryimage","url":"https:\/\/nitu.mx\/wp-content\/uploads\/2024\/11\/Aeropuerto-de-Puerto-Vallarta.jpg","contentUrl":"https:\/\/nitu.mx\/wp-content\/uploads\/2024\/11\/Aeropuerto-de-Puerto-Vallarta.jpg","width":1200,"height":675,"caption":"Aeropuerto de Puerto Vallarta"},{"@type":"BreadcrumbList","@id":"https:\/\/nitu.mx\/index.php\/2024\/11\/27\/mexicana-de-aviacion-abre-vuelo-puerto-vallarta-guadalajara\/#breadcrumb","itemListElement":[{"@type":"ListItem","position":1,"name":"Inicio","item":"https:\/\/nitu.mx\/"},{"@type":"ListItem","position":2,"name":"Mexicana de Aviaci\u00f3n abre vuelo Puerto Vallarta &#8211; Guadalajara"}]},{"@type":"WebSite","@id":"https:\/\/nitu.mx\/#website","url":"https:\/\/nitu.mx\/","name":"Nitu - Noticias de la Industria Turistica","description":"Noticias de la Industria Turistica","publisher":{"@id":"https:\/\/nitu.mx\/#\/schema\/person\/ae7a53426417292d3dd07b45a33e01bc"},"alternateName":"Noticias de la Industria Turistica","potentialAction":[{"@type":"SearchAction","target":{"@type":"EntryPoint","urlTemplate":"https:\/\/nitu.mx\/?s={search_term_string}"},"query-input":"required name=search_term_string"}],"inLanguage":"es-MX"},{"@type":["Person","Organization"],"@id":"https:\/\/nitu.mx\/#\/schema\/person\/ae7a53426417292d3dd07b45a33e01bc","name":"Arturo Medina","image":{"@type":"ImageObject","inLanguage":"es-MX","@id":"https:\/\/nitu.mx\/#\/schema\/person\/image\/","url":"https:\/\/nitu.mx\/wp-content\/uploads\/2024\/04\/4A315622-1904-4D5C-B022-878CDC840E04-90x90-1.jpeg","contentUrl":"https:\/\/nitu.mx\/wp-content\/uploads\/2024\/04\/4A315622-1904-4D5C-B022-878CDC840E04-90x90-1.jpeg","width":90,"height":90,"caption":"Arturo Medina"},"logo":{"@id":"https:\/\/nitu.mx\/#\/schema\/person\/image\/"},"description":"Director NITU.mx, Egresado de la Escuela de Periodismo Carlos Septi\u00e9n Garc\u00eda. Periodista y analista especializado en turismo desde hace 35 a\u00f1os, radicado en Canc\u00fan Q.Roo. arturo@nitu.mx","sameAs":["https:\/\/nitu.mx","https:\/\/www.facebook.com\/NITUmx\/","medinacancun","https:\/\/twitter.com\/@Arturo_Medina_G"]},{"@type":"Person","@id":"https:\/\/nitu.mx\/#\/schema\/person\/4a28fe9bd65924f7c90623773daf1b0b","name":"Redacci\u00f3n","image":{"@type":"ImageObject","inLanguage":"es-MX","@id":"https:\/\/nitu.mx\/#\/schema\/person\/image\/","url":"https:\/\/secure.gravatar.com\/avatar\/5dd011c8ccfc5cd7e4c81e42252aab38?s=96&d=mm&r=g","contentUrl":"https:\/\/secure.gravatar.com\/avatar\/5dd011c8ccfc5cd7e4c81e42252aab38?s=96&d=mm&r=g","caption":"Redacci\u00f3n"},"url":"https:\/\/nitu.mx\/index.php\/author\/redaccion\/"}]}},"views":604,"_links":{"self":[{"href":"https:\/\/nitu.mx\/index.php\/wp-json\/wp\/v2\/posts\/77177"}],"collection":[{"href":"https:\/\/nitu.mx\/index.php\/wp-json\/wp\/v2\/posts"}],"about":[{"href":"https:\/\/nitu.mx\/index.php\/wp-json\/wp\/v2\/types\/post"}],"author":[{"embeddable":true,"href":"https:\/\/nitu.mx\/index.php\/wp-json\/wp\/v2\/users\/17"}],"replies":[{"embeddable":true,"href":"https:\/\/nitu.mx\/index.php\/wp-json\/wp\/v2\/comments?post=77177"}],"version-history":[{"count":1,"href":"https:\/\/nitu.mx\/index.php\/wp-json\/wp\/v2\/posts\/77177\/revisions"}],"predecessor-version":[{"id":77187,"href":"https:\/\/nitu.mx\/index.php\/wp-json\/wp\/v2\/posts\/77177\/revisions\/77187"}],"wp:featuredmedia":[{"embeddable":true,"href":"https:\/\/nitu.mx\/index.php\/wp-json\/wp\/v2\/media\/77186"}],"wp:attachment":[{"href":"https:\/\/nitu.mx\/index.php\/wp-json\/wp\/v2\/media?parent=77177"}],"wp:term":[{"taxonomy":"category","embeddable":true,"href":"https:\/\/nitu.mx\/index.php\/wp-json\/wp\/v2\/categories?post=77177"},{"taxonomy":"post_tag","embeddable":true,"href":"https:\/\/nitu.mx\/index.php\/wp-json\/wp\/v2\/tags?post=77177"}],"curies":[{"name":"wp","href":"https:\/\/api.w.org\/{rel}","templated":true}]}}