{"id":77144,"date":"2024-11-26T20:01:53","date_gmt":"2024-11-27T02:01:53","guid":{"rendered":"https:\/\/nitu.mx\/?p=77144"},"modified":"2024-11-26T20:01:54","modified_gmt":"2024-11-27T02:01:54","slug":"tianguis-turistico-y-serie-del-caribe-colocara-a-baja-california-en-el-plano-internacional","status":"publish","type":"post","link":"https:\/\/nitu.mx\/index.php\/2024\/11\/26\/tianguis-turistico-y-serie-del-caribe-colocara-a-baja-california-en-el-plano-internacional\/","title":{"rendered":"Tianguis Tur\u00edstico y Serie del Caribe colocar\u00e1 a Baja California en el plano internacional"},"content":{"rendered":"\n<p>Baja California se consolida como referente tur\u00edstico nacional e internacional, destac\u00f3 Miguel Agu\u00ed\u00f1iga Rodr\u00edguez, secretario de Turismo del estado, durante el Tercer Informe de Gobierno presentado ante la Comisi\u00f3n de Turismo e Inversi\u00f3n del Congreso Estatal, lo que se potenciar\u00e1 con el Tianguis Tur\u00edstico y la Serie del Caribe, a realizarse el pr\u00f3ximo a\u00f1o.<\/p>\n\n\n\n<p>En tres a\u00f1os, se ha trabajado intensamente en el posicionamiento tur\u00edstico del estado, logrando que Baja California sea sede del Tianguis Tur\u00edstico M\u00e9xico 2025, el evento m\u00e1s importante del sector en Am\u00e9rica Latina, indic\u00f3 Agu\u00ed\u00f1iga. Tambi\u00e9n recibir\u00e1 nuevamente la Serie del Caribe, reafirmando su capacidad para albergar eventos de gran magnitud. <\/p>\n\n\n\n<p>Agu\u00ed\u00f1iga resalt\u00f3 la recuperaci\u00f3n y ampliaci\u00f3n de vuelos internacionales, incluyendo conexiones con Asia y mercados estrat\u00e9gicos como Las Vegas, NV, y Phoenix, AZ.<\/p>\n\n\n\n<p>En Turismo Social, el programa \u2018Corazones Viajeros\u2019 benefici\u00f3 a m\u00e1s de 12 mil personas en tres a\u00f1os y fue finalista en los ISTO Awards 2024 por su compromiso con el turismo inclusivo. <\/p>\n\n\n\n<p>Adem\u00e1s, el programa \u2018Apoyos para la Inclusi\u00f3n Productiva y Sustentable\u2019 impuls\u00f3 33 proyectos con una inversi\u00f3n de 2.9 millones de pesos, beneficiando mayoritariamente a mujeres y comunidades ind\u00edgenas.<\/p>\n\n\n\n<p>Baja California recibi\u00f3 28.2 millones de visitantes, generando una derrama econ\u00f3mica de 119 mil 816 millones de pesos. Entre los datos destacados: una ocupaci\u00f3n hotelera promedio del 51.91%, 70.43 millones de cruces fronterizos, 4.05 millones de pasajeros en el Cross Border Xpress (CBX) y 1 mill\u00f3n en cruceros. <\/p>\n\n\n\n<p>El estado aport\u00f3 69 mil 966 millones de pesos al PIB Tur\u00edstico Nacional, siendo la s\u00e9ptima entidad con mayor contribuci\u00f3n, y registr\u00f3 148.2 millones de d\u00f3lares en Inversi\u00f3n Extranjera Directa Tur\u00edstica, coloc\u00e1ndose como la tercera en el pa\u00eds.<\/p>\n\n\n\n<p>El secretario de Turismo estatal present\u00f3 tambi\u00e9n avances en Planeaci\u00f3n, Capacitaci\u00f3n, Promoci\u00f3n Tur\u00edstica, Turismo de Romance, Salud y Bienestar, e Inversi\u00f3n Privada. <\/p>\n\n\n\n<p>Agradeci\u00f3 a la gobernadora Marina del Pilar \u00c1vila por su apoyo, y reafirm\u00f3 su compromiso de trabajar con diversos sectores para fortalecer el turismo en Baja California y beneficiar a todas las comunidades. (<a href=\"https:\/\/nitu.mx\/index.php\/2024\/11\/14\/gira-de-trabajo-de-josefina-rodriguez-zamora-impulsa-el-turismo-en-baja-california\/\">Gira de trabajo de Josefina Rodr\u00edguez Zamora impulsa el turismo en Baja California<\/a>).<\/p>\n","protected":false},"excerpt":{"rendered":"<p>Baja California se consolida como referente tur\u00edstico nacional e internacional, destac\u00f3 Miguel Agu\u00ed\u00f1iga Rodr\u00edguez, secretario de Turismo del estado, durante el Tercer Informe de Gobierno presentado ante la Comisi\u00f3n de Turismo e Inversi\u00f3n del Congreso Estatal, lo que se potenciar\u00e1 con el Tianguis Tur\u00edstico y la Serie del Caribe, a realizarse el pr\u00f3ximo a\u00f1o. En [&hellip;]<\/p>\n","protected":false},"author":17,"featured_media":77147,"comment_status":"open","ping_status":"open","sticky":false,"template":"","format":"standard","meta":{"footnotes":""},"categories":[5],"tags":[129,25137,93,1064],"yoast_head":"<!-- This site is optimized with the Yoast SEO plugin v22.2 - https:\/\/yoast.com\/wordpress\/plugins\/seo\/ -->\n<title>Tianguis Tur\u00edstico y Serie del Caribe colocar\u00e1 a Baja California en el plano internacional - Nitu - Noticias de la Industria Turistica<\/title>\n<meta name=\"robots\" content=\"index, follow, max-snippet:-1, max-image-preview:large, max-video-preview:-1\" \/>\n<link rel=\"canonical\" href=\"https:\/\/nitu.mx\/index.php\/2024\/11\/26\/tianguis-turistico-y-serie-del-caribe-colocara-a-baja-california-en-el-plano-internacional\/\" \/>\n<meta name=\"twitter:card\" content=\"summary_large_image\" \/>\n<meta name=\"twitter:title\" content=\"Tianguis Tur\u00edstico y Serie del Caribe colocar\u00e1 a Baja California en el plano internacional - Nitu - Noticias de la Industria Turistica\" \/>\n<meta name=\"twitter:description\" content=\"Baja California se consolida como referente tur\u00edstico nacional e internacional, destac\u00f3 Miguel Agu\u00ed\u00f1iga Rodr\u00edguez, secretario de Turismo del estado, durante el Tercer Informe de Gobierno presentado ante la Comisi\u00f3n de Turismo e Inversi\u00f3n del Congreso Estatal, lo que se potenciar\u00e1 con el Tianguis Tur\u00edstico y la Serie del Caribe, a realizarse el pr\u00f3ximo a\u00f1o. En [&hellip;]\" \/>\n<meta name=\"twitter:image\" content=\"https:\/\/nitu.mx\/wp-content\/uploads\/2024\/11\/Baja-California-Informe-Gobierno.jpg\" \/>\n<meta name=\"twitter:creator\" content=\"@NITUmx\" \/>\n<meta name=\"twitter:site\" content=\"@Arturo_Medina_G\" \/>\n<meta name=\"twitter:label1\" content=\"Escrito por\" \/>\n\t<meta name=\"twitter:data1\" content=\"Redacci\u00f3n\" \/>\n\t<meta name=\"twitter:label2\" content=\"Tiempo de lectura\" \/>\n\t<meta name=\"twitter:data2\" content=\"2 minutos\" \/>\n<script type=\"application\/ld+json\" class=\"yoast-schema-graph\">{\"@context\":\"https:\/\/schema.org\",\"@graph\":[{\"@type\":\"Article\",\"@id\":\"https:\/\/nitu.mx\/index.php\/2024\/11\/26\/tianguis-turistico-y-serie-del-caribe-colocara-a-baja-california-en-el-plano-internacional\/#article\",\"isPartOf\":{\"@id\":\"https:\/\/nitu.mx\/index.php\/2024\/11\/26\/tianguis-turistico-y-serie-del-caribe-colocara-a-baja-california-en-el-plano-internacional\/\"},\"author\":{\"name\":\"Redacci\u00f3n\",\"@id\":\"https:\/\/nitu.mx\/#\/schema\/person\/4a28fe9bd65924f7c90623773daf1b0b\"},\"headline\":\"Tianguis Tur\u00edstico y Serie del Caribe colocar\u00e1 a Baja California en el plano internacional\",\"datePublished\":\"2024-11-27T02:01:53+00:00\",\"dateModified\":\"2024-11-27T02:01:54+00:00\",\"mainEntityOfPage\":{\"@id\":\"https:\/\/nitu.mx\/index.php\/2024\/11\/26\/tianguis-turistico-y-serie-del-caribe-colocara-a-baja-california-en-el-plano-internacional\/\"},\"wordCount\":386,\"commentCount\":0,\"publisher\":{\"@id\":\"https:\/\/nitu.mx\/#\/schema\/person\/ae7a53426417292d3dd07b45a33e01bc\"},\"image\":{\"@id\":\"https:\/\/nitu.mx\/index.php\/2024\/11\/26\/tianguis-turistico-y-serie-del-caribe-colocara-a-baja-california-en-el-plano-internacional\/#primaryimage\"},\"thumbnailUrl\":\"https:\/\/nitu.mx\/wp-content\/uploads\/2024\/11\/Baja-California-Informe-Gobierno.jpg\",\"keywords\":[\"Baja California\",\"Miguel Agu\u00ed\u00f1iga\",\"Sectur\",\"Tianguis Tur\u00edstico\"],\"articleSection\":[\"Destinos\"],\"inLanguage\":\"es-MX\",\"potentialAction\":[{\"@type\":\"CommentAction\",\"name\":\"Comment\",\"target\":[\"https:\/\/nitu.mx\/index.php\/2024\/11\/26\/tianguis-turistico-y-serie-del-caribe-colocara-a-baja-california-en-el-plano-internacional\/#respond\"]}]},{\"@type\":\"WebPage\",\"@id\":\"https:\/\/nitu.mx\/index.php\/2024\/11\/26\/tianguis-turistico-y-serie-del-caribe-colocara-a-baja-california-en-el-plano-internacional\/\",\"url\":\"https:\/\/nitu.mx\/index.php\/2024\/11\/26\/tianguis-turistico-y-serie-del-caribe-colocara-a-baja-california-en-el-plano-internacional\/\",\"name\":\"Tianguis Tur\u00edstico y Serie del Caribe colocar\u00e1 a Baja California en el plano internacional - Nitu - Noticias de la Industria Turistica\",\"isPartOf\":{\"@id\":\"https:\/\/nitu.mx\/#website\"},\"primaryImageOfPage\":{\"@id\":\"https:\/\/nitu.mx\/index.php\/2024\/11\/26\/tianguis-turistico-y-serie-del-caribe-colocara-a-baja-california-en-el-plano-internacional\/#primaryimage\"},\"image\":{\"@id\":\"https:\/\/nitu.mx\/index.php\/2024\/11\/26\/tianguis-turistico-y-serie-del-caribe-colocara-a-baja-california-en-el-plano-internacional\/#primaryimage\"},\"thumbnailUrl\":\"https:\/\/nitu.mx\/wp-content\/uploads\/2024\/11\/Baja-California-Informe-Gobierno.jpg\",\"datePublished\":\"2024-11-27T02:01:53+00:00\",\"dateModified\":\"2024-11-27T02:01:54+00:00\",\"breadcrumb\":{\"@id\":\"https:\/\/nitu.mx\/index.php\/2024\/11\/26\/tianguis-turistico-y-serie-del-caribe-colocara-a-baja-california-en-el-plano-internacional\/#breadcrumb\"},\"inLanguage\":\"es-MX\",\"potentialAction\":[{\"@type\":\"ReadAction\",\"target\":[\"https:\/\/nitu.mx\/index.php\/2024\/11\/26\/tianguis-turistico-y-serie-del-caribe-colocara-a-baja-california-en-el-plano-internacional\/\"]}]},{\"@type\":\"ImageObject\",\"inLanguage\":\"es-MX\",\"@id\":\"https:\/\/nitu.mx\/index.php\/2024\/11\/26\/tianguis-turistico-y-serie-del-caribe-colocara-a-baja-california-en-el-plano-internacional\/#primaryimage\",\"url\":\"https:\/\/nitu.mx\/wp-content\/uploads\/2024\/11\/Baja-California-Informe-Gobierno.jpg\",\"contentUrl\":\"https:\/\/nitu.mx\/wp-content\/uploads\/2024\/11\/Baja-California-Informe-Gobierno.jpg\",\"width\":1200,\"height\":675,\"caption\":\"Baja California Informe Gobierno\"},{\"@type\":\"BreadcrumbList\",\"@id\":\"https:\/\/nitu.mx\/index.php\/2024\/11\/26\/tianguis-turistico-y-serie-del-caribe-colocara-a-baja-california-en-el-plano-internacional\/#breadcrumb\",\"itemListElement\":[{\"@type\":\"ListItem\",\"position\":1,\"name\":\"Inicio\",\"item\":\"https:\/\/nitu.mx\/\"},{\"@type\":\"ListItem\",\"position\":2,\"name\":\"Tianguis Tur\u00edstico y Serie del Caribe colocar\u00e1 a Baja California en el plano internacional\"}]},{\"@type\":\"WebSite\",\"@id\":\"https:\/\/nitu.mx\/#website\",\"url\":\"https:\/\/nitu.mx\/\",\"name\":\"Nitu - Noticias de la Industria Turistica\",\"description\":\"Noticias de la Industria Turistica\",\"publisher\":{\"@id\":\"https:\/\/nitu.mx\/#\/schema\/person\/ae7a53426417292d3dd07b45a33e01bc\"},\"alternateName\":\"Noticias de la Industria Turistica\",\"potentialAction\":[{\"@type\":\"SearchAction\",\"target\":{\"@type\":\"EntryPoint\",\"urlTemplate\":\"https:\/\/nitu.mx\/?s={search_term_string}\"},\"query-input\":\"required name=search_term_string\"}],\"inLanguage\":\"es-MX\"},{\"@type\":[\"Person\",\"Organization\"],\"@id\":\"https:\/\/nitu.mx\/#\/schema\/person\/ae7a53426417292d3dd07b45a33e01bc\",\"name\":\"Arturo Medina\",\"image\":{\"@type\":\"ImageObject\",\"inLanguage\":\"es-MX\",\"@id\":\"https:\/\/nitu.mx\/#\/schema\/person\/image\/\",\"url\":\"https:\/\/nitu.mx\/wp-content\/uploads\/2024\/04\/4A315622-1904-4D5C-B022-878CDC840E04-90x90-1.jpeg\",\"contentUrl\":\"https:\/\/nitu.mx\/wp-content\/uploads\/2024\/04\/4A315622-1904-4D5C-B022-878CDC840E04-90x90-1.jpeg\",\"width\":90,\"height\":90,\"caption\":\"Arturo Medina\"},\"logo\":{\"@id\":\"https:\/\/nitu.mx\/#\/schema\/person\/image\/\"},\"description\":\"Director NITU.mx, Egresado de la Escuela de Periodismo Carlos Septi\u00e9n Garc\u00eda. Periodista y analista especializado en turismo desde hace 35 a\u00f1os, radicado en Canc\u00fan Q.Roo. arturo@nitu.mx\",\"sameAs\":[\"https:\/\/nitu.mx\",\"https:\/\/www.facebook.com\/NITUmx\/\",\"medinacancun\",\"https:\/\/twitter.com\/@Arturo_Medina_G\"]},{\"@type\":\"Person\",\"@id\":\"https:\/\/nitu.mx\/#\/schema\/person\/4a28fe9bd65924f7c90623773daf1b0b\",\"name\":\"Redacci\u00f3n\",\"image\":{\"@type\":\"ImageObject\",\"inLanguage\":\"es-MX\",\"@id\":\"https:\/\/nitu.mx\/#\/schema\/person\/image\/\",\"url\":\"https:\/\/secure.gravatar.com\/avatar\/5dd011c8ccfc5cd7e4c81e42252aab38?s=96&d=mm&r=g\",\"contentUrl\":\"https:\/\/secure.gravatar.com\/avatar\/5dd011c8ccfc5cd7e4c81e42252aab38?s=96&d=mm&r=g\",\"caption\":\"Redacci\u00f3n\"},\"url\":\"https:\/\/nitu.mx\/index.php\/author\/redaccion\/\"}]}<\/script>\n<!-- \/ Yoast SEO plugin. -->","yoast_head_json":{"title":"Tianguis Tur\u00edstico y Serie del Caribe colocar\u00e1 a Baja California en el plano internacional - Nitu - Noticias de la Industria Turistica","robots":{"index":"index","follow":"follow","max-snippet":"max-snippet:-1","max-image-preview":"max-image-preview:large","max-video-preview":"max-video-preview:-1"},"canonical":"https:\/\/nitu.mx\/index.php\/2024\/11\/26\/tianguis-turistico-y-serie-del-caribe-colocara-a-baja-california-en-el-plano-internacional\/","twitter_card":"summary_large_image","twitter_title":"Tianguis Tur\u00edstico y Serie del Caribe colocar\u00e1 a Baja California en el plano internacional - Nitu - Noticias de la Industria Turistica","twitter_description":"Baja California se consolida como referente tur\u00edstico nacional e internacional, destac\u00f3 Miguel Agu\u00ed\u00f1iga Rodr\u00edguez, secretario de Turismo del estado, durante el Tercer Informe de Gobierno presentado ante la Comisi\u00f3n de Turismo e Inversi\u00f3n del Congreso Estatal, lo que se potenciar\u00e1 con el Tianguis Tur\u00edstico y la Serie del Caribe, a realizarse el pr\u00f3ximo a\u00f1o. En [&hellip;]","twitter_image":"https:\/\/nitu.mx\/wp-content\/uploads\/2024\/11\/Baja-California-Informe-Gobierno.jpg","twitter_creator":"@NITUmx","twitter_site":"@Arturo_Medina_G","twitter_misc":{"Escrito por":"Redacci\u00f3n","Tiempo de lectura":"2 minutos"},"schema":{"@context":"https:\/\/schema.org","@graph":[{"@type":"Article","@id":"https:\/\/nitu.mx\/index.php\/2024\/11\/26\/tianguis-turistico-y-serie-del-caribe-colocara-a-baja-california-en-el-plano-internacional\/#article","isPartOf":{"@id":"https:\/\/nitu.mx\/index.php\/2024\/11\/26\/tianguis-turistico-y-serie-del-caribe-colocara-a-baja-california-en-el-plano-internacional\/"},"author":{"name":"Redacci\u00f3n","@id":"https:\/\/nitu.mx\/#\/schema\/person\/4a28fe9bd65924f7c90623773daf1b0b"},"headline":"Tianguis Tur\u00edstico y Serie del Caribe colocar\u00e1 a Baja California en el plano internacional","datePublished":"2024-11-27T02:01:53+00:00","dateModified":"2024-11-27T02:01:54+00:00","mainEntityOfPage":{"@id":"https:\/\/nitu.mx\/index.php\/2024\/11\/26\/tianguis-turistico-y-serie-del-caribe-colocara-a-baja-california-en-el-plano-internacional\/"},"wordCount":386,"commentCount":0,"publisher":{"@id":"https:\/\/nitu.mx\/#\/schema\/person\/ae7a53426417292d3dd07b45a33e01bc"},"image":{"@id":"https:\/\/nitu.mx\/index.php\/2024\/11\/26\/tianguis-turistico-y-serie-del-caribe-colocara-a-baja-california-en-el-plano-internacional\/#primaryimage"},"thumbnailUrl":"https:\/\/nitu.mx\/wp-content\/uploads\/2024\/11\/Baja-California-Informe-Gobierno.jpg","keywords":["Baja California","Miguel Agu\u00ed\u00f1iga","Sectur","Tianguis Tur\u00edstico"],"articleSection":["Destinos"],"inLanguage":"es-MX","potentialAction":[{"@type":"CommentAction","name":"Comment","target":["https:\/\/nitu.mx\/index.php\/2024\/11\/26\/tianguis-turistico-y-serie-del-caribe-colocara-a-baja-california-en-el-plano-internacional\/#respond"]}]},{"@type":"WebPage","@id":"https:\/\/nitu.mx\/index.php\/2024\/11\/26\/tianguis-turistico-y-serie-del-caribe-colocara-a-baja-california-en-el-plano-internacional\/","url":"https:\/\/nitu.mx\/index.php\/2024\/11\/26\/tianguis-turistico-y-serie-del-caribe-colocara-a-baja-california-en-el-plano-internacional\/","name":"Tianguis Tur\u00edstico y Serie del Caribe colocar\u00e1 a Baja California en el plano internacional - Nitu - Noticias de la Industria Turistica","isPartOf":{"@id":"https:\/\/nitu.mx\/#website"},"primaryImageOfPage":{"@id":"https:\/\/nitu.mx\/index.php\/2024\/11\/26\/tianguis-turistico-y-serie-del-caribe-colocara-a-baja-california-en-el-plano-internacional\/#primaryimage"},"image":{"@id":"https:\/\/nitu.mx\/index.php\/2024\/11\/26\/tianguis-turistico-y-serie-del-caribe-colocara-a-baja-california-en-el-plano-internacional\/#primaryimage"},"thumbnailUrl":"https:\/\/nitu.mx\/wp-content\/uploads\/2024\/11\/Baja-California-Informe-Gobierno.jpg","datePublished":"2024-11-27T02:01:53+00:00","dateModified":"2024-11-27T02:01:54+00:00","breadcrumb":{"@id":"https:\/\/nitu.mx\/index.php\/2024\/11\/26\/tianguis-turistico-y-serie-del-caribe-colocara-a-baja-california-en-el-plano-internacional\/#breadcrumb"},"inLanguage":"es-MX","potentialAction":[{"@type":"ReadAction","target":["https:\/\/nitu.mx\/index.php\/2024\/11\/26\/tianguis-turistico-y-serie-del-caribe-colocara-a-baja-california-en-el-plano-internacional\/"]}]},{"@type":"ImageObject","inLanguage":"es-MX","@id":"https:\/\/nitu.mx\/index.php\/2024\/11\/26\/tianguis-turistico-y-serie-del-caribe-colocara-a-baja-california-en-el-plano-internacional\/#primaryimage","url":"https:\/\/nitu.mx\/wp-content\/uploads\/2024\/11\/Baja-California-Informe-Gobierno.jpg","contentUrl":"https:\/\/nitu.mx\/wp-content\/uploads\/2024\/11\/Baja-California-Informe-Gobierno.jpg","width":1200,"height":675,"caption":"Baja California Informe Gobierno"},{"@type":"BreadcrumbList","@id":"https:\/\/nitu.mx\/index.php\/2024\/11\/26\/tianguis-turistico-y-serie-del-caribe-colocara-a-baja-california-en-el-plano-internacional\/#breadcrumb","itemListElement":[{"@type":"ListItem","position":1,"name":"Inicio","item":"https:\/\/nitu.mx\/"},{"@type":"ListItem","position":2,"name":"Tianguis Tur\u00edstico y Serie del Caribe colocar\u00e1 a Baja California en el plano internacional"}]},{"@type":"WebSite","@id":"https:\/\/nitu.mx\/#website","url":"https:\/\/nitu.mx\/","name":"Nitu - Noticias de la Industria Turistica","description":"Noticias de la Industria Turistica","publisher":{"@id":"https:\/\/nitu.mx\/#\/schema\/person\/ae7a53426417292d3dd07b45a33e01bc"},"alternateName":"Noticias de la Industria Turistica","potentialAction":[{"@type":"SearchAction","target":{"@type":"EntryPoint","urlTemplate":"https:\/\/nitu.mx\/?s={search_term_string}"},"query-input":"required name=search_term_string"}],"inLanguage":"es-MX"},{"@type":["Person","Organization"],"@id":"https:\/\/nitu.mx\/#\/schema\/person\/ae7a53426417292d3dd07b45a33e01bc","name":"Arturo Medina","image":{"@type":"ImageObject","inLanguage":"es-MX","@id":"https:\/\/nitu.mx\/#\/schema\/person\/image\/","url":"https:\/\/nitu.mx\/wp-content\/uploads\/2024\/04\/4A315622-1904-4D5C-B022-878CDC840E04-90x90-1.jpeg","contentUrl":"https:\/\/nitu.mx\/wp-content\/uploads\/2024\/04\/4A315622-1904-4D5C-B022-878CDC840E04-90x90-1.jpeg","width":90,"height":90,"caption":"Arturo Medina"},"logo":{"@id":"https:\/\/nitu.mx\/#\/schema\/person\/image\/"},"description":"Director NITU.mx, Egresado de la Escuela de Periodismo Carlos Septi\u00e9n Garc\u00eda. Periodista y analista especializado en turismo desde hace 35 a\u00f1os, radicado en Canc\u00fan Q.Roo. arturo@nitu.mx","sameAs":["https:\/\/nitu.mx","https:\/\/www.facebook.com\/NITUmx\/","medinacancun","https:\/\/twitter.com\/@Arturo_Medina_G"]},{"@type":"Person","@id":"https:\/\/nitu.mx\/#\/schema\/person\/4a28fe9bd65924f7c90623773daf1b0b","name":"Redacci\u00f3n","image":{"@type":"ImageObject","inLanguage":"es-MX","@id":"https:\/\/nitu.mx\/#\/schema\/person\/image\/","url":"https:\/\/secure.gravatar.com\/avatar\/5dd011c8ccfc5cd7e4c81e42252aab38?s=96&d=mm&r=g","contentUrl":"https:\/\/secure.gravatar.com\/avatar\/5dd011c8ccfc5cd7e4c81e42252aab38?s=96&d=mm&r=g","caption":"Redacci\u00f3n"},"url":"https:\/\/nitu.mx\/index.php\/author\/redaccion\/"}]}},"views":479,"_links":{"self":[{"href":"https:\/\/nitu.mx\/index.php\/wp-json\/wp\/v2\/posts\/77144"}],"collection":[{"href":"https:\/\/nitu.mx\/index.php\/wp-json\/wp\/v2\/posts"}],"about":[{"href":"https:\/\/nitu.mx\/index.php\/wp-json\/wp\/v2\/types\/post"}],"author":[{"embeddable":true,"href":"https:\/\/nitu.mx\/index.php\/wp-json\/wp\/v2\/users\/17"}],"replies":[{"embeddable":true,"href":"https:\/\/nitu.mx\/index.php\/wp-json\/wp\/v2\/comments?post=77144"}],"version-history":[{"count":1,"href":"https:\/\/nitu.mx\/index.php\/wp-json\/wp\/v2\/posts\/77144\/revisions"}],"predecessor-version":[{"id":77148,"href":"https:\/\/nitu.mx\/index.php\/wp-json\/wp\/v2\/posts\/77144\/revisions\/77148"}],"wp:featuredmedia":[{"embeddable":true,"href":"https:\/\/nitu.mx\/index.php\/wp-json\/wp\/v2\/media\/77147"}],"wp:attachment":[{"href":"https:\/\/nitu.mx\/index.php\/wp-json\/wp\/v2\/media?parent=77144"}],"wp:term":[{"taxonomy":"category","embeddable":true,"href":"https:\/\/nitu.mx\/index.php\/wp-json\/wp\/v2\/categories?post=77144"},{"taxonomy":"post_tag","embeddable":true,"href":"https:\/\/nitu.mx\/index.php\/wp-json\/wp\/v2\/tags?post=77144"}],"curies":[{"name":"wp","href":"https:\/\/api.w.org\/{rel}","templated":true}]}}