{"id":7699,"date":"2017-03-10T09:20:34","date_gmt":"2017-03-10T14:20:34","guid":{"rendered":"http:\/\/www.dev.nitu.mx\/?p=7699"},"modified":"2017-03-10T15:29:41","modified_gmt":"2017-03-10T20:29:41","slug":"promocion-integral-quintana-roo-berlin","status":"publish","type":"post","link":"https:\/\/nitu.mx\/index.php\/2017\/03\/10\/promocion-integral-quintana-roo-berlin\/","title":{"rendered":"Promoci\u00f3n integral de Quintana Roo en Berl\u00edn"},"content":{"rendered":"<p style=\"margin: 0cm; margin-bottom: .0001pt;\"><span style=\"font-family: 'Georgia','serif'; color: #333333;\">Al integrar por primera vez a los circuitos del Sur de Quintana Roo, el gobierno del estado puso en marcha la estrategia de promoci\u00f3n en la Feria de Turismo de Berl\u00edn (ITB), el cual re\u00fane a m\u00e1s de 10 mil expositores y 175 mil visitantes.<\/span><\/p>\n<p style=\"margin: 0cm; margin-bottom: .0001pt;\"><span style=\"font-family: 'Georgia','serif'; color: #333333;\">\u00a0<\/span><\/p>\n<p style=\"margin: 0cm; margin-bottom: .0001pt; font-variant-ligatures: normal; font-variant-caps: normal; orphans: 2; text-align: start; widows: 2; -webkit-text-stroke-width: 0px; word-spacing: 0px;\"><span style=\"font-family: 'Georgia','serif'; color: #333333;\">En la feria tur\u00edstica que inici\u00f3 el pasado 8 de marzo y concluye el d\u00eda 12 , el Gobierno del Estado a trav\u00e9s de la Secretar\u00eda de Turismo (Sedetur), participa en la promoci\u00f3n de los destinos del Caribe Mexicano.<\/span><\/p>\n<p style=\"margin: 0cm; margin-bottom: .0001pt;\"><span style=\"font-family: 'Georgia','serif'; color: #333333;\"><br \/>\nEn el certamen el sector tur\u00edstico y de viajes, presenta las novedades y tendencias de la industria sin chimeneas a nivel global.<\/span><\/p>\n<p style=\"margin: 0cm; margin-bottom: .0001pt;\"><span style=\"font-family: 'Georgia','serif'; color: #333333;\"><br \/>\nAcompa\u00f1ada de los directores de los Fideicomisos de Promoci\u00f3n Tur\u00edstica de Canc\u00fan, Riviera Maya y Grand Costa Maya, la secretaria de Turismo, Marisol Vanegas P\u00e9rez, destac\u00f3 que los circuitos Arqueol\u00f3gico, Guerra de Castas, Costa Maya y Cultural de Mundo Maya que se presentan en Berl\u00edn, est\u00e1n listos para la venta inmediata y directa de los productos del Sur de Quintana Roo, regi\u00f3n que busca ser impulsada como se ha informado en <em><strong>NITU.mx<\/strong><\/em>.\u00a0<\/span>(<a title=\"Gobierno de Quintana Roo presenta nuevo plan Tur\u00edstico para potenciar el Sur\" href=\"http:\/\/www.dev.nitu.mx\/index.php\/2016\/10\/10\/gobierno-quintana-roo-presenta-nuevo-plan-turistico-potenciar-sur\/\" rel=\"bookmark\">Gobierno de Quintana Roo presenta nuevo plan Tur\u00edstico para potenciar el Sur<\/a>).<\/p>\n<p style=\"margin: 0cm; margin-bottom: .0001pt;\"><span style=\"font-family: 'Georgia','serif'; color: #333333;\"><br \/>\n\u201cSer\u00e1 una gran experiencia para todos. Estaremos llevando a cabo actividades con nuestros hom\u00f3logos de M\u00e9xico y otros pa\u00edses, conociendo las ofertas de nuestros aliados y de nuestros competidores y celebrando una de las mejores ferias de turismo. En ITB asistiremos a talleres programados con buenos resultados para el Estado y mantendremos reuniones para mejorar las relaciones con l\u00edneas a\u00e9reas y mayoristas\u201d, destac\u00f3 la secretaria de Turismo, Marisol Vanegas P\u00e9rez.<\/span><\/p>\n<p style=\"margin: 0cm; margin-bottom: .0001pt;\"><span style=\"font-family: 'Georgia','serif'; color: #333333;\"><br \/>\nM\u00e9xico representa para Alemania el tercer destino m\u00e1s importante en Latinoam\u00e9rica, despu\u00e9s de Brasil y Rep\u00fablica Dominicana, al recibir el 12.9 por ciento de las llegadas de turistas alemanes a la regi\u00f3n. Durante el invierno, los turistas procedentes de Alemania visitan principalmente destinos como Canc\u00fan, Riviera Maya y Ciudad de M\u00e9xico; mercado que tiene una estancia promedio de 17 noches y un gasto de alrededor de tres mil d\u00f3lares.<\/span><\/p>\n<p style=\"margin: 0cm; margin-bottom: .0001pt;\"><span style=\"font-family: 'Georgia','serif'; color: #333333;\"><br \/>\nDe los 240 mil alemanes que ingresaron a M\u00e9xico en 2016, 140 mil visitaron Canc\u00fan y Riviera Maya. El mercado alem\u00e1n es el sexto en el ranking de los mercados internacionales que recibe Quintana Roo.\u00a0<\/span><\/p>\n","protected":false},"excerpt":{"rendered":"<p>Al integrar por primera vez a los circuitos del Sur de Quintana Roo, el gobierno del estado puso en marcha la estrategia de promoci\u00f3n en la Feria de Turismo de Berl\u00edn (ITB), el cual re\u00fane a m\u00e1s de 10 mil expositores y 175 mil visitantes. \u00a0 En la feria tur\u00edstica que inici\u00f3 el pasado 8 [&hellip;]<\/p>\n","protected":false},"author":17,"featured_media":7708,"comment_status":"open","ping_status":"open","sticky":false,"template":"","format":"standard","meta":{"footnotes":""},"categories":[5,6],"tags":[3290,686,260],"yoast_head":"<!-- This site is optimized with the Yoast SEO plugin v22.2 - https:\/\/yoast.com\/wordpress\/plugins\/seo\/ -->\n<title>Promoci\u00f3n integral de Quintana Roo en Berl\u00edn - Nitu - Noticias de la Industria Turistica<\/title>\n<meta name=\"description\" content=\"Al integrar por primera vez a los circuitos del Sur de Quintana Roo, el gobierno del estado puso en marcha la estrategia de promoci\u00f3n en la ITB de Berl\u00edn.\" \/>\n<meta name=\"robots\" content=\"index, follow, max-snippet:-1, max-image-preview:large, max-video-preview:-1\" \/>\n<link rel=\"canonical\" href=\"https:\/\/nitu.mx\/index.php\/2017\/03\/10\/promocion-integral-quintana-roo-berlin\/\" \/>\n<meta name=\"twitter:card\" content=\"summary_large_image\" \/>\n<meta name=\"twitter:title\" content=\"Promoci\u00f3n integral de Quintana Roo en Berl\u00edn - Nitu - Noticias de la Industria Turistica\" \/>\n<meta name=\"twitter:description\" content=\"Al integrar por primera vez a los circuitos del Sur de Quintana Roo, el gobierno del estado puso en marcha la estrategia de promoci\u00f3n en la ITB de Berl\u00edn.\" \/>\n<meta name=\"twitter:image\" content=\"https:\/\/nitu.mx\/wp-content\/uploads\/2017\/03\/Quintana-Roo-ITB2017-2.jpg\" \/>\n<meta name=\"twitter:creator\" content=\"@NITUmx\" \/>\n<meta name=\"twitter:site\" content=\"@Arturo_Medina_G\" \/>\n<meta name=\"twitter:label1\" content=\"Escrito por\" \/>\n\t<meta name=\"twitter:data1\" content=\"Redacci\u00f3n\" \/>\n\t<meta name=\"twitter:label2\" content=\"Tiempo de lectura\" \/>\n\t<meta name=\"twitter:data2\" content=\"2 minutos\" \/>\n<script type=\"application\/ld+json\" class=\"yoast-schema-graph\">{\"@context\":\"https:\/\/schema.org\",\"@graph\":[{\"@type\":\"Article\",\"@id\":\"https:\/\/nitu.mx\/index.php\/2017\/03\/10\/promocion-integral-quintana-roo-berlin\/#article\",\"isPartOf\":{\"@id\":\"https:\/\/nitu.mx\/index.php\/2017\/03\/10\/promocion-integral-quintana-roo-berlin\/\"},\"author\":{\"name\":\"Redacci\u00f3n\",\"@id\":\"https:\/\/nitu.mx\/#\/schema\/person\/4a28fe9bd65924f7c90623773daf1b0b\"},\"headline\":\"Promoci\u00f3n integral de Quintana Roo en Berl\u00edn\",\"datePublished\":\"2017-03-10T14:20:34+00:00\",\"dateModified\":\"2017-03-10T20:29:41+00:00\",\"mainEntityOfPage\":{\"@id\":\"https:\/\/nitu.mx\/index.php\/2017\/03\/10\/promocion-integral-quintana-roo-berlin\/\"},\"wordCount\":402,\"commentCount\":0,\"publisher\":{\"@id\":\"https:\/\/nitu.mx\/#\/schema\/person\/ae7a53426417292d3dd07b45a33e01bc\"},\"image\":{\"@id\":\"https:\/\/nitu.mx\/index.php\/2017\/03\/10\/promocion-integral-quintana-roo-berlin\/#primaryimage\"},\"thumbnailUrl\":\"https:\/\/nitu.mx\/wp-content\/uploads\/2017\/03\/Quintana-Roo-ITB2017-2.jpg\",\"keywords\":[\"ITB de Berl\u00edn\",\"Marisol Vanegas P\u00e9rez\",\"Quintana Roo\"],\"articleSection\":[\"Destinos\",\"M\u00e9xico\"],\"inLanguage\":\"es-MX\",\"potentialAction\":[{\"@type\":\"CommentAction\",\"name\":\"Comment\",\"target\":[\"https:\/\/nitu.mx\/index.php\/2017\/03\/10\/promocion-integral-quintana-roo-berlin\/#respond\"]}]},{\"@type\":\"WebPage\",\"@id\":\"https:\/\/nitu.mx\/index.php\/2017\/03\/10\/promocion-integral-quintana-roo-berlin\/\",\"url\":\"https:\/\/nitu.mx\/index.php\/2017\/03\/10\/promocion-integral-quintana-roo-berlin\/\",\"name\":\"Promoci\u00f3n integral de Quintana Roo en Berl\u00edn - Nitu - Noticias de la Industria Turistica\",\"isPartOf\":{\"@id\":\"https:\/\/nitu.mx\/#website\"},\"primaryImageOfPage\":{\"@id\":\"https:\/\/nitu.mx\/index.php\/2017\/03\/10\/promocion-integral-quintana-roo-berlin\/#primaryimage\"},\"image\":{\"@id\":\"https:\/\/nitu.mx\/index.php\/2017\/03\/10\/promocion-integral-quintana-roo-berlin\/#primaryimage\"},\"thumbnailUrl\":\"https:\/\/nitu.mx\/wp-content\/uploads\/2017\/03\/Quintana-Roo-ITB2017-2.jpg\",\"datePublished\":\"2017-03-10T14:20:34+00:00\",\"dateModified\":\"2017-03-10T20:29:41+00:00\",\"description\":\"Al integrar por primera vez a los circuitos del Sur de Quintana Roo, el gobierno del estado puso en marcha la estrategia de promoci\u00f3n en la ITB de Berl\u00edn.\",\"breadcrumb\":{\"@id\":\"https:\/\/nitu.mx\/index.php\/2017\/03\/10\/promocion-integral-quintana-roo-berlin\/#breadcrumb\"},\"inLanguage\":\"es-MX\",\"potentialAction\":[{\"@type\":\"ReadAction\",\"target\":[\"https:\/\/nitu.mx\/index.php\/2017\/03\/10\/promocion-integral-quintana-roo-berlin\/\"]}]},{\"@type\":\"ImageObject\",\"inLanguage\":\"es-MX\",\"@id\":\"https:\/\/nitu.mx\/index.php\/2017\/03\/10\/promocion-integral-quintana-roo-berlin\/#primaryimage\",\"url\":\"https:\/\/nitu.mx\/wp-content\/uploads\/2017\/03\/Quintana-Roo-ITB2017-2.jpg\",\"contentUrl\":\"https:\/\/nitu.mx\/wp-content\/uploads\/2017\/03\/Quintana-Roo-ITB2017-2.jpg\",\"width\":850,\"height\":480,\"caption\":\"Quintana Roo\"},{\"@type\":\"BreadcrumbList\",\"@id\":\"https:\/\/nitu.mx\/index.php\/2017\/03\/10\/promocion-integral-quintana-roo-berlin\/#breadcrumb\",\"itemListElement\":[{\"@type\":\"ListItem\",\"position\":1,\"name\":\"Inicio\",\"item\":\"https:\/\/nitu.mx\/\"},{\"@type\":\"ListItem\",\"position\":2,\"name\":\"Promoci\u00f3n integral de Quintana Roo en Berl\u00edn\"}]},{\"@type\":\"WebSite\",\"@id\":\"https:\/\/nitu.mx\/#website\",\"url\":\"https:\/\/nitu.mx\/\",\"name\":\"Nitu - Noticias de la Industria Turistica\",\"description\":\"Noticias de la Industria Turistica\",\"publisher\":{\"@id\":\"https:\/\/nitu.mx\/#\/schema\/person\/ae7a53426417292d3dd07b45a33e01bc\"},\"alternateName\":\"Noticias de la Industria Turistica\",\"potentialAction\":[{\"@type\":\"SearchAction\",\"target\":{\"@type\":\"EntryPoint\",\"urlTemplate\":\"https:\/\/nitu.mx\/?s={search_term_string}\"},\"query-input\":\"required name=search_term_string\"}],\"inLanguage\":\"es-MX\"},{\"@type\":[\"Person\",\"Organization\"],\"@id\":\"https:\/\/nitu.mx\/#\/schema\/person\/ae7a53426417292d3dd07b45a33e01bc\",\"name\":\"Arturo Medina\",\"image\":{\"@type\":\"ImageObject\",\"inLanguage\":\"es-MX\",\"@id\":\"https:\/\/nitu.mx\/#\/schema\/person\/image\/\",\"url\":\"https:\/\/nitu.mx\/wp-content\/uploads\/2024\/04\/4A315622-1904-4D5C-B022-878CDC840E04-90x90-1.jpeg\",\"contentUrl\":\"https:\/\/nitu.mx\/wp-content\/uploads\/2024\/04\/4A315622-1904-4D5C-B022-878CDC840E04-90x90-1.jpeg\",\"width\":90,\"height\":90,\"caption\":\"Arturo Medina\"},\"logo\":{\"@id\":\"https:\/\/nitu.mx\/#\/schema\/person\/image\/\"},\"description\":\"Director NITU.mx, Egresado de la Escuela de Periodismo Carlos Septi\u00e9n Garc\u00eda. Periodista y analista especializado en turismo desde hace 35 a\u00f1os, radicado en Canc\u00fan Q.Roo. arturo@nitu.mx\",\"sameAs\":[\"https:\/\/nitu.mx\",\"https:\/\/www.facebook.com\/NITUmx\/\",\"medinacancun\",\"https:\/\/twitter.com\/@Arturo_Medina_G\"]},{\"@type\":\"Person\",\"@id\":\"https:\/\/nitu.mx\/#\/schema\/person\/4a28fe9bd65924f7c90623773daf1b0b\",\"name\":\"Redacci\u00f3n\",\"image\":{\"@type\":\"ImageObject\",\"inLanguage\":\"es-MX\",\"@id\":\"https:\/\/nitu.mx\/#\/schema\/person\/image\/\",\"url\":\"https:\/\/secure.gravatar.com\/avatar\/5dd011c8ccfc5cd7e4c81e42252aab38?s=96&d=mm&r=g\",\"contentUrl\":\"https:\/\/secure.gravatar.com\/avatar\/5dd011c8ccfc5cd7e4c81e42252aab38?s=96&d=mm&r=g\",\"caption\":\"Redacci\u00f3n\"},\"url\":\"https:\/\/nitu.mx\/index.php\/author\/redaccion\/\"}]}<\/script>\n<!-- \/ Yoast SEO plugin. -->","yoast_head_json":{"title":"Promoci\u00f3n integral de Quintana Roo en Berl\u00edn - Nitu - Noticias de la Industria Turistica","description":"Al integrar por primera vez a los circuitos del Sur de Quintana Roo, el gobierno del estado puso en marcha la estrategia de promoci\u00f3n en la ITB de Berl\u00edn.","robots":{"index":"index","follow":"follow","max-snippet":"max-snippet:-1","max-image-preview":"max-image-preview:large","max-video-preview":"max-video-preview:-1"},"canonical":"https:\/\/nitu.mx\/index.php\/2017\/03\/10\/promocion-integral-quintana-roo-berlin\/","twitter_card":"summary_large_image","twitter_title":"Promoci\u00f3n integral de Quintana Roo en Berl\u00edn - Nitu - Noticias de la Industria Turistica","twitter_description":"Al integrar por primera vez a los circuitos del Sur de Quintana Roo, el gobierno del estado puso en marcha la estrategia de promoci\u00f3n en la ITB de Berl\u00edn.","twitter_image":"https:\/\/nitu.mx\/wp-content\/uploads\/2017\/03\/Quintana-Roo-ITB2017-2.jpg","twitter_creator":"@NITUmx","twitter_site":"@Arturo_Medina_G","twitter_misc":{"Escrito por":"Redacci\u00f3n","Tiempo de lectura":"2 minutos"},"schema":{"@context":"https:\/\/schema.org","@graph":[{"@type":"Article","@id":"https:\/\/nitu.mx\/index.php\/2017\/03\/10\/promocion-integral-quintana-roo-berlin\/#article","isPartOf":{"@id":"https:\/\/nitu.mx\/index.php\/2017\/03\/10\/promocion-integral-quintana-roo-berlin\/"},"author":{"name":"Redacci\u00f3n","@id":"https:\/\/nitu.mx\/#\/schema\/person\/4a28fe9bd65924f7c90623773daf1b0b"},"headline":"Promoci\u00f3n integral de Quintana Roo en Berl\u00edn","datePublished":"2017-03-10T14:20:34+00:00","dateModified":"2017-03-10T20:29:41+00:00","mainEntityOfPage":{"@id":"https:\/\/nitu.mx\/index.php\/2017\/03\/10\/promocion-integral-quintana-roo-berlin\/"},"wordCount":402,"commentCount":0,"publisher":{"@id":"https:\/\/nitu.mx\/#\/schema\/person\/ae7a53426417292d3dd07b45a33e01bc"},"image":{"@id":"https:\/\/nitu.mx\/index.php\/2017\/03\/10\/promocion-integral-quintana-roo-berlin\/#primaryimage"},"thumbnailUrl":"https:\/\/nitu.mx\/wp-content\/uploads\/2017\/03\/Quintana-Roo-ITB2017-2.jpg","keywords":["ITB de Berl\u00edn","Marisol Vanegas P\u00e9rez","Quintana Roo"],"articleSection":["Destinos","M\u00e9xico"],"inLanguage":"es-MX","potentialAction":[{"@type":"CommentAction","name":"Comment","target":["https:\/\/nitu.mx\/index.php\/2017\/03\/10\/promocion-integral-quintana-roo-berlin\/#respond"]}]},{"@type":"WebPage","@id":"https:\/\/nitu.mx\/index.php\/2017\/03\/10\/promocion-integral-quintana-roo-berlin\/","url":"https:\/\/nitu.mx\/index.php\/2017\/03\/10\/promocion-integral-quintana-roo-berlin\/","name":"Promoci\u00f3n integral de Quintana Roo en Berl\u00edn - Nitu - Noticias de la Industria Turistica","isPartOf":{"@id":"https:\/\/nitu.mx\/#website"},"primaryImageOfPage":{"@id":"https:\/\/nitu.mx\/index.php\/2017\/03\/10\/promocion-integral-quintana-roo-berlin\/#primaryimage"},"image":{"@id":"https:\/\/nitu.mx\/index.php\/2017\/03\/10\/promocion-integral-quintana-roo-berlin\/#primaryimage"},"thumbnailUrl":"https:\/\/nitu.mx\/wp-content\/uploads\/2017\/03\/Quintana-Roo-ITB2017-2.jpg","datePublished":"2017-03-10T14:20:34+00:00","dateModified":"2017-03-10T20:29:41+00:00","description":"Al integrar por primera vez a los circuitos del Sur de Quintana Roo, el gobierno del estado puso en marcha la estrategia de promoci\u00f3n en la ITB de Berl\u00edn.","breadcrumb":{"@id":"https:\/\/nitu.mx\/index.php\/2017\/03\/10\/promocion-integral-quintana-roo-berlin\/#breadcrumb"},"inLanguage":"es-MX","potentialAction":[{"@type":"ReadAction","target":["https:\/\/nitu.mx\/index.php\/2017\/03\/10\/promocion-integral-quintana-roo-berlin\/"]}]},{"@type":"ImageObject","inLanguage":"es-MX","@id":"https:\/\/nitu.mx\/index.php\/2017\/03\/10\/promocion-integral-quintana-roo-berlin\/#primaryimage","url":"https:\/\/nitu.mx\/wp-content\/uploads\/2017\/03\/Quintana-Roo-ITB2017-2.jpg","contentUrl":"https:\/\/nitu.mx\/wp-content\/uploads\/2017\/03\/Quintana-Roo-ITB2017-2.jpg","width":850,"height":480,"caption":"Quintana Roo"},{"@type":"BreadcrumbList","@id":"https:\/\/nitu.mx\/index.php\/2017\/03\/10\/promocion-integral-quintana-roo-berlin\/#breadcrumb","itemListElement":[{"@type":"ListItem","position":1,"name":"Inicio","item":"https:\/\/nitu.mx\/"},{"@type":"ListItem","position":2,"name":"Promoci\u00f3n integral de Quintana Roo en Berl\u00edn"}]},{"@type":"WebSite","@id":"https:\/\/nitu.mx\/#website","url":"https:\/\/nitu.mx\/","name":"Nitu - Noticias de la Industria Turistica","description":"Noticias de la Industria Turistica","publisher":{"@id":"https:\/\/nitu.mx\/#\/schema\/person\/ae7a53426417292d3dd07b45a33e01bc"},"alternateName":"Noticias de la Industria Turistica","potentialAction":[{"@type":"SearchAction","target":{"@type":"EntryPoint","urlTemplate":"https:\/\/nitu.mx\/?s={search_term_string}"},"query-input":"required name=search_term_string"}],"inLanguage":"es-MX"},{"@type":["Person","Organization"],"@id":"https:\/\/nitu.mx\/#\/schema\/person\/ae7a53426417292d3dd07b45a33e01bc","name":"Arturo Medina","image":{"@type":"ImageObject","inLanguage":"es-MX","@id":"https:\/\/nitu.mx\/#\/schema\/person\/image\/","url":"https:\/\/nitu.mx\/wp-content\/uploads\/2024\/04\/4A315622-1904-4D5C-B022-878CDC840E04-90x90-1.jpeg","contentUrl":"https:\/\/nitu.mx\/wp-content\/uploads\/2024\/04\/4A315622-1904-4D5C-B022-878CDC840E04-90x90-1.jpeg","width":90,"height":90,"caption":"Arturo Medina"},"logo":{"@id":"https:\/\/nitu.mx\/#\/schema\/person\/image\/"},"description":"Director NITU.mx, Egresado de la Escuela de Periodismo Carlos Septi\u00e9n Garc\u00eda. Periodista y analista especializado en turismo desde hace 35 a\u00f1os, radicado en Canc\u00fan Q.Roo. arturo@nitu.mx","sameAs":["https:\/\/nitu.mx","https:\/\/www.facebook.com\/NITUmx\/","medinacancun","https:\/\/twitter.com\/@Arturo_Medina_G"]},{"@type":"Person","@id":"https:\/\/nitu.mx\/#\/schema\/person\/4a28fe9bd65924f7c90623773daf1b0b","name":"Redacci\u00f3n","image":{"@type":"ImageObject","inLanguage":"es-MX","@id":"https:\/\/nitu.mx\/#\/schema\/person\/image\/","url":"https:\/\/secure.gravatar.com\/avatar\/5dd011c8ccfc5cd7e4c81e42252aab38?s=96&d=mm&r=g","contentUrl":"https:\/\/secure.gravatar.com\/avatar\/5dd011c8ccfc5cd7e4c81e42252aab38?s=96&d=mm&r=g","caption":"Redacci\u00f3n"},"url":"https:\/\/nitu.mx\/index.php\/author\/redaccion\/"}]}},"views":263,"_links":{"self":[{"href":"https:\/\/nitu.mx\/index.php\/wp-json\/wp\/v2\/posts\/7699"}],"collection":[{"href":"https:\/\/nitu.mx\/index.php\/wp-json\/wp\/v2\/posts"}],"about":[{"href":"https:\/\/nitu.mx\/index.php\/wp-json\/wp\/v2\/types\/post"}],"author":[{"embeddable":true,"href":"https:\/\/nitu.mx\/index.php\/wp-json\/wp\/v2\/users\/17"}],"replies":[{"embeddable":true,"href":"https:\/\/nitu.mx\/index.php\/wp-json\/wp\/v2\/comments?post=7699"}],"version-history":[{"count":6,"href":"https:\/\/nitu.mx\/index.php\/wp-json\/wp\/v2\/posts\/7699\/revisions"}],"predecessor-version":[{"id":7707,"href":"https:\/\/nitu.mx\/index.php\/wp-json\/wp\/v2\/posts\/7699\/revisions\/7707"}],"wp:featuredmedia":[{"embeddable":true,"href":"https:\/\/nitu.mx\/index.php\/wp-json\/wp\/v2\/media\/7708"}],"wp:attachment":[{"href":"https:\/\/nitu.mx\/index.php\/wp-json\/wp\/v2\/media?parent=7699"}],"wp:term":[{"taxonomy":"category","embeddable":true,"href":"https:\/\/nitu.mx\/index.php\/wp-json\/wp\/v2\/categories?post=7699"},{"taxonomy":"post_tag","embeddable":true,"href":"https:\/\/nitu.mx\/index.php\/wp-json\/wp\/v2\/tags?post=7699"}],"curies":[{"name":"wp","href":"https:\/\/api.w.org\/{rel}","templated":true}]}}