{"id":76854,"date":"2024-11-18T22:23:02","date_gmt":"2024-11-19T04:23:02","guid":{"rendered":"https:\/\/nitu.mx\/?p=76854"},"modified":"2024-11-18T22:23:02","modified_gmt":"2024-11-19T04:23:02","slug":"exigen-indemnizacion-por-expropiaciones-del-tren-maya-en-campeche","status":"publish","type":"post","link":"https:\/\/nitu.mx\/index.php\/2024\/11\/18\/exigen-indemnizacion-por-expropiaciones-del-tren-maya-en-campeche\/","title":{"rendered":"Exigen indemnizaci\u00f3n por expropiaciones del Tren Maya en Campeche"},"content":{"rendered":"<p>Propietarios de terrenos afectados por la construcci\u00f3n del Tren Maya en el Tramo 2 han cumplido tres d\u00edas de manifestaci\u00f3n frente a las oficinas de FONATUR Tren Maya S.A., exigiendo el pago de indemnizaciones prometidas tras el decreto de expropiaci\u00f3n publicado en noviembre de 2023.<\/p>\n<p>&#8220;No nos moveremos&#8221;<br \/>\nEnrique Jos\u00e9 Perales Escalante, uno de los manifestantes, se\u00f1al\u00f3 que el decreto especific\u00f3 claramente las propiedades afectadas y los montos de indemnizaci\u00f3n, los cuales ya estaban etiquetados desde el a\u00f1o pasado. Sin embargo, hasta la fecha no han recibido los pagos.<\/p>\n<p>\u201c\u00bfD\u00f3nde est\u00e1 ese dinero? \u00bfSe lo robaron, lo utilizaron para otra cosa o lo est\u00e1n jineteando? Esas cantidades generan muchos intereses\u201d, cuestion\u00f3 Perales Escalante.<\/p>\n<p>Preocupaci\u00f3n por el futuro de FONATUR<br \/>\nLos manifestantes expresaron su preocupaci\u00f3n ante la posible desaparici\u00f3n de FONATUR Tren Maya en enero de 2025, cuando la obra ser\u00eda transferida a la Secretar\u00eda de la Defensa Nacional (SEDENA). Este cambio podr\u00eda obligarlos a reiniciar los tr\u00e1mites para obtener las indemnizaciones que consideran un derecho adquirido.<\/p>\n<p>El impacto del plant\u00f3n<br \/>\nEl movimiento busca presionar a las autoridades para resolver el conflicto antes de que la transici\u00f3n administrativa complique a\u00fan m\u00e1s la situaci\u00f3n. Los propietarios aseguran que no abandonar\u00e1n el plant\u00f3n hasta obtener una respuesta concreta.<\/p>\n<p>La falta de pagos ha encendido el descontento entre los afectados, quienes demandan una soluci\u00f3n inmediata para proteger su patrimonio familiar, refiere el diario Cambio 22. (<a href=\"https:\/\/nitu.mx\/index.php\/2024\/11\/18\/retrasos-impiden-la-llegada-del-tren-maya-a-chetumal\/\">Retrasos impiden la llegada del Tren Maya a Chetumal<\/a>).<\/p>\n","protected":false},"excerpt":{"rendered":"<p>Propietarios de terrenos afectados por la construcci\u00f3n del Tren Maya en el Tramo 2 han cumplido tres d\u00edas de manifestaci\u00f3n frente a las oficinas de FONATUR Tren Maya S.A., exigiendo el pago de indemnizaciones prometidas tras el decreto de expropiaci\u00f3n publicado en noviembre de 2023. &#8220;No nos moveremos&#8221; Enrique Jos\u00e9 Perales Escalante, uno de los [&hellip;]<\/p>\n","protected":false},"author":3,"featured_media":60497,"comment_status":"open","ping_status":"open","sticky":false,"template":"","format":"standard","meta":{"footnotes":""},"categories":[24505,22813],"tags":[400,17238,26493,11427],"yoast_head":"<!-- This site is optimized with the Yoast SEO plugin v22.2 - https:\/\/yoast.com\/wordpress\/plugins\/seo\/ -->\n<title>Exigen indemnizaci\u00f3n por expropiaciones del Tren Maya en Campeche - Nitu - Noticias de la Industria Turistica<\/title>\n<meta name=\"robots\" content=\"index, follow, max-snippet:-1, max-image-preview:large, max-video-preview:-1\" \/>\n<link rel=\"canonical\" href=\"https:\/\/nitu.mx\/index.php\/2024\/11\/18\/exigen-indemnizacion-por-expropiaciones-del-tren-maya-en-campeche\/\" \/>\n<meta name=\"twitter:card\" content=\"summary_large_image\" \/>\n<meta name=\"twitter:title\" content=\"Exigen indemnizaci\u00f3n por expropiaciones del Tren Maya en Campeche - Nitu - Noticias de la Industria Turistica\" \/>\n<meta name=\"twitter:description\" content=\"Propietarios de terrenos afectados por la construcci\u00f3n del Tren Maya en el Tramo 2 han cumplido tres d\u00edas de manifestaci\u00f3n frente a las oficinas de FONATUR Tren Maya S.A., exigiendo el pago de indemnizaciones prometidas tras el decreto de expropiaci\u00f3n publicado en noviembre de 2023. &#8220;No nos moveremos&#8221; Enrique Jos\u00e9 Perales Escalante, uno de los [&hellip;]\" \/>\n<meta name=\"twitter:image\" content=\"https:\/\/nitu.mx\/wp-content\/uploads\/2022\/07\/Tren-Maya-pol\u00e9mica.jpg\" \/>\n<meta name=\"twitter:creator\" content=\"@NITUmx\" \/>\n<meta name=\"twitter:site\" content=\"@Arturo_Medina_G\" \/>\n<meta name=\"twitter:label1\" content=\"Escrito por\" \/>\n\t<meta name=\"twitter:data1\" content=\"Alejandra Moncisbays\" \/>\n\t<meta name=\"twitter:label2\" content=\"Tiempo de lectura\" \/>\n\t<meta name=\"twitter:data2\" content=\"1 minuto\" \/>\n<script type=\"application\/ld+json\" class=\"yoast-schema-graph\">{\"@context\":\"https:\/\/schema.org\",\"@graph\":[{\"@type\":\"Article\",\"@id\":\"https:\/\/nitu.mx\/index.php\/2024\/11\/18\/exigen-indemnizacion-por-expropiaciones-del-tren-maya-en-campeche\/#article\",\"isPartOf\":{\"@id\":\"https:\/\/nitu.mx\/index.php\/2024\/11\/18\/exigen-indemnizacion-por-expropiaciones-del-tren-maya-en-campeche\/\"},\"author\":{\"name\":\"Alejandra Moncisbays\",\"@id\":\"https:\/\/nitu.mx\/#\/schema\/person\/2ecd887b19dfd3382d1f14fc5acf24a8\"},\"headline\":\"Exigen indemnizaci\u00f3n por expropiaciones del Tren Maya en Campeche\",\"datePublished\":\"2024-11-19T04:23:02+00:00\",\"dateModified\":\"2024-11-19T04:23:02+00:00\",\"mainEntityOfPage\":{\"@id\":\"https:\/\/nitu.mx\/index.php\/2024\/11\/18\/exigen-indemnizacion-por-expropiaciones-del-tren-maya-en-campeche\/\"},\"wordCount\":271,\"commentCount\":0,\"publisher\":{\"@id\":\"https:\/\/nitu.mx\/#\/schema\/person\/ae7a53426417292d3dd07b45a33e01bc\"},\"image\":{\"@id\":\"https:\/\/nitu.mx\/index.php\/2024\/11\/18\/exigen-indemnizacion-por-expropiaciones-del-tren-maya-en-campeche\/#primaryimage\"},\"thumbnailUrl\":\"https:\/\/nitu.mx\/wp-content\/uploads\/2022\/07\/Tren-Maya-pol\u00e9mica.jpg\",\"keywords\":[\"Campeche\",\"expropiaciones\",\"indemnizaciones\",\"Tren Maya\"],\"articleSection\":[\"Destacados\",\"Tren Maya\"],\"inLanguage\":\"es-MX\",\"potentialAction\":[{\"@type\":\"CommentAction\",\"name\":\"Comment\",\"target\":[\"https:\/\/nitu.mx\/index.php\/2024\/11\/18\/exigen-indemnizacion-por-expropiaciones-del-tren-maya-en-campeche\/#respond\"]}]},{\"@type\":\"WebPage\",\"@id\":\"https:\/\/nitu.mx\/index.php\/2024\/11\/18\/exigen-indemnizacion-por-expropiaciones-del-tren-maya-en-campeche\/\",\"url\":\"https:\/\/nitu.mx\/index.php\/2024\/11\/18\/exigen-indemnizacion-por-expropiaciones-del-tren-maya-en-campeche\/\",\"name\":\"Exigen indemnizaci\u00f3n por expropiaciones del Tren Maya en Campeche - Nitu - Noticias de la Industria Turistica\",\"isPartOf\":{\"@id\":\"https:\/\/nitu.mx\/#website\"},\"primaryImageOfPage\":{\"@id\":\"https:\/\/nitu.mx\/index.php\/2024\/11\/18\/exigen-indemnizacion-por-expropiaciones-del-tren-maya-en-campeche\/#primaryimage\"},\"image\":{\"@id\":\"https:\/\/nitu.mx\/index.php\/2024\/11\/18\/exigen-indemnizacion-por-expropiaciones-del-tren-maya-en-campeche\/#primaryimage\"},\"thumbnailUrl\":\"https:\/\/nitu.mx\/wp-content\/uploads\/2022\/07\/Tren-Maya-pol\u00e9mica.jpg\",\"datePublished\":\"2024-11-19T04:23:02+00:00\",\"dateModified\":\"2024-11-19T04:23:02+00:00\",\"breadcrumb\":{\"@id\":\"https:\/\/nitu.mx\/index.php\/2024\/11\/18\/exigen-indemnizacion-por-expropiaciones-del-tren-maya-en-campeche\/#breadcrumb\"},\"inLanguage\":\"es-MX\",\"potentialAction\":[{\"@type\":\"ReadAction\",\"target\":[\"https:\/\/nitu.mx\/index.php\/2024\/11\/18\/exigen-indemnizacion-por-expropiaciones-del-tren-maya-en-campeche\/\"]}]},{\"@type\":\"ImageObject\",\"inLanguage\":\"es-MX\",\"@id\":\"https:\/\/nitu.mx\/index.php\/2024\/11\/18\/exigen-indemnizacion-por-expropiaciones-del-tren-maya-en-campeche\/#primaryimage\",\"url\":\"https:\/\/nitu.mx\/wp-content\/uploads\/2022\/07\/Tren-Maya-pol\u00e9mica.jpg\",\"contentUrl\":\"https:\/\/nitu.mx\/wp-content\/uploads\/2022\/07\/Tren-Maya-pol\u00e9mica.jpg\",\"width\":1200,\"height\":675,\"caption\":\"Tren Maya\"},{\"@type\":\"BreadcrumbList\",\"@id\":\"https:\/\/nitu.mx\/index.php\/2024\/11\/18\/exigen-indemnizacion-por-expropiaciones-del-tren-maya-en-campeche\/#breadcrumb\",\"itemListElement\":[{\"@type\":\"ListItem\",\"position\":1,\"name\":\"Inicio\",\"item\":\"https:\/\/nitu.mx\/\"},{\"@type\":\"ListItem\",\"position\":2,\"name\":\"Exigen indemnizaci\u00f3n por expropiaciones del Tren Maya en Campeche\"}]},{\"@type\":\"WebSite\",\"@id\":\"https:\/\/nitu.mx\/#website\",\"url\":\"https:\/\/nitu.mx\/\",\"name\":\"Nitu - Noticias de la Industria Turistica\",\"description\":\"Noticias de la Industria Turistica\",\"publisher\":{\"@id\":\"https:\/\/nitu.mx\/#\/schema\/person\/ae7a53426417292d3dd07b45a33e01bc\"},\"alternateName\":\"Noticias de la Industria Turistica\",\"potentialAction\":[{\"@type\":\"SearchAction\",\"target\":{\"@type\":\"EntryPoint\",\"urlTemplate\":\"https:\/\/nitu.mx\/?s={search_term_string}\"},\"query-input\":\"required name=search_term_string\"}],\"inLanguage\":\"es-MX\"},{\"@type\":[\"Person\",\"Organization\"],\"@id\":\"https:\/\/nitu.mx\/#\/schema\/person\/ae7a53426417292d3dd07b45a33e01bc\",\"name\":\"Arturo Medina\",\"image\":{\"@type\":\"ImageObject\",\"inLanguage\":\"es-MX\",\"@id\":\"https:\/\/nitu.mx\/#\/schema\/person\/image\/\",\"url\":\"https:\/\/nitu.mx\/wp-content\/uploads\/2024\/04\/4A315622-1904-4D5C-B022-878CDC840E04-90x90-1.jpeg\",\"contentUrl\":\"https:\/\/nitu.mx\/wp-content\/uploads\/2024\/04\/4A315622-1904-4D5C-B022-878CDC840E04-90x90-1.jpeg\",\"width\":90,\"height\":90,\"caption\":\"Arturo Medina\"},\"logo\":{\"@id\":\"https:\/\/nitu.mx\/#\/schema\/person\/image\/\"},\"description\":\"Director NITU.mx, Egresado de la Escuela de Periodismo Carlos Septi\u00e9n Garc\u00eda. Periodista y analista especializado en turismo desde hace 35 a\u00f1os, radicado en Canc\u00fan Q.Roo. arturo@nitu.mx\",\"sameAs\":[\"https:\/\/nitu.mx\",\"https:\/\/www.facebook.com\/NITUmx\/\",\"medinacancun\",\"https:\/\/twitter.com\/@Arturo_Medina_G\"]},{\"@type\":\"Person\",\"@id\":\"https:\/\/nitu.mx\/#\/schema\/person\/2ecd887b19dfd3382d1f14fc5acf24a8\",\"name\":\"Alejandra Moncisbays\",\"image\":{\"@type\":\"ImageObject\",\"inLanguage\":\"es-MX\",\"@id\":\"https:\/\/nitu.mx\/#\/schema\/person\/image\/\",\"url\":\"https:\/\/secure.gravatar.com\/avatar\/e74f7af0be172b7804dacfd0bfbef787?s=96&d=mm&r=g\",\"contentUrl\":\"https:\/\/secure.gravatar.com\/avatar\/e74f7af0be172b7804dacfd0bfbef787?s=96&d=mm&r=g\",\"caption\":\"Alejandra Moncisbays\"},\"description\":\"Curs\u00e9 la carrera de Periodismo y Comunicaci\u00f3n en la Facultad de Estudios Profesionales Acatl\u00e1n. Vivo en Canc\u00fan desde hace 24 a\u00f1os. Fui reportera de La Tarde de Canc\u00fan, y Novedades de Quintana Roo, colabor\u00e9 en TVCUN, edit\u00e9 Cancun\u00edssimo y colabor\u00e9 en las revistas Latitud21, entre otras, con principal enfoque en los sectores empresarial y tur\u00edstico. Desde hace varios a\u00f1os soy Agente de Seguros con c\u00e9dula de la Comisi\u00f3n Nacional de Seguros y Fianzas. Actualmente, me desarrollo en los \u00e1mbitos del periodismo y el sector asegurador.\",\"sameAs\":[\"https:\/\/nitu.mx\"],\"url\":\"https:\/\/nitu.mx\/index.php\/author\/alejandra\/\"}]}<\/script>\n<!-- \/ Yoast SEO plugin. -->","yoast_head_json":{"title":"Exigen indemnizaci\u00f3n por expropiaciones del Tren Maya en Campeche - Nitu - Noticias de la Industria Turistica","robots":{"index":"index","follow":"follow","max-snippet":"max-snippet:-1","max-image-preview":"max-image-preview:large","max-video-preview":"max-video-preview:-1"},"canonical":"https:\/\/nitu.mx\/index.php\/2024\/11\/18\/exigen-indemnizacion-por-expropiaciones-del-tren-maya-en-campeche\/","twitter_card":"summary_large_image","twitter_title":"Exigen indemnizaci\u00f3n por expropiaciones del Tren Maya en Campeche - Nitu - Noticias de la Industria Turistica","twitter_description":"Propietarios de terrenos afectados por la construcci\u00f3n del Tren Maya en el Tramo 2 han cumplido tres d\u00edas de manifestaci\u00f3n frente a las oficinas de FONATUR Tren Maya S.A., exigiendo el pago de indemnizaciones prometidas tras el decreto de expropiaci\u00f3n publicado en noviembre de 2023. &#8220;No nos moveremos&#8221; Enrique Jos\u00e9 Perales Escalante, uno de los [&hellip;]","twitter_image":"https:\/\/nitu.mx\/wp-content\/uploads\/2022\/07\/Tren-Maya-pol\u00e9mica.jpg","twitter_creator":"@NITUmx","twitter_site":"@Arturo_Medina_G","twitter_misc":{"Escrito por":"Alejandra Moncisbays","Tiempo de lectura":"1 minuto"},"schema":{"@context":"https:\/\/schema.org","@graph":[{"@type":"Article","@id":"https:\/\/nitu.mx\/index.php\/2024\/11\/18\/exigen-indemnizacion-por-expropiaciones-del-tren-maya-en-campeche\/#article","isPartOf":{"@id":"https:\/\/nitu.mx\/index.php\/2024\/11\/18\/exigen-indemnizacion-por-expropiaciones-del-tren-maya-en-campeche\/"},"author":{"name":"Alejandra Moncisbays","@id":"https:\/\/nitu.mx\/#\/schema\/person\/2ecd887b19dfd3382d1f14fc5acf24a8"},"headline":"Exigen indemnizaci\u00f3n por expropiaciones del Tren Maya en Campeche","datePublished":"2024-11-19T04:23:02+00:00","dateModified":"2024-11-19T04:23:02+00:00","mainEntityOfPage":{"@id":"https:\/\/nitu.mx\/index.php\/2024\/11\/18\/exigen-indemnizacion-por-expropiaciones-del-tren-maya-en-campeche\/"},"wordCount":271,"commentCount":0,"publisher":{"@id":"https:\/\/nitu.mx\/#\/schema\/person\/ae7a53426417292d3dd07b45a33e01bc"},"image":{"@id":"https:\/\/nitu.mx\/index.php\/2024\/11\/18\/exigen-indemnizacion-por-expropiaciones-del-tren-maya-en-campeche\/#primaryimage"},"thumbnailUrl":"https:\/\/nitu.mx\/wp-content\/uploads\/2022\/07\/Tren-Maya-pol\u00e9mica.jpg","keywords":["Campeche","expropiaciones","indemnizaciones","Tren Maya"],"articleSection":["Destacados","Tren Maya"],"inLanguage":"es-MX","potentialAction":[{"@type":"CommentAction","name":"Comment","target":["https:\/\/nitu.mx\/index.php\/2024\/11\/18\/exigen-indemnizacion-por-expropiaciones-del-tren-maya-en-campeche\/#respond"]}]},{"@type":"WebPage","@id":"https:\/\/nitu.mx\/index.php\/2024\/11\/18\/exigen-indemnizacion-por-expropiaciones-del-tren-maya-en-campeche\/","url":"https:\/\/nitu.mx\/index.php\/2024\/11\/18\/exigen-indemnizacion-por-expropiaciones-del-tren-maya-en-campeche\/","name":"Exigen indemnizaci\u00f3n por expropiaciones del Tren Maya en Campeche - Nitu - Noticias de la Industria Turistica","isPartOf":{"@id":"https:\/\/nitu.mx\/#website"},"primaryImageOfPage":{"@id":"https:\/\/nitu.mx\/index.php\/2024\/11\/18\/exigen-indemnizacion-por-expropiaciones-del-tren-maya-en-campeche\/#primaryimage"},"image":{"@id":"https:\/\/nitu.mx\/index.php\/2024\/11\/18\/exigen-indemnizacion-por-expropiaciones-del-tren-maya-en-campeche\/#primaryimage"},"thumbnailUrl":"https:\/\/nitu.mx\/wp-content\/uploads\/2022\/07\/Tren-Maya-pol\u00e9mica.jpg","datePublished":"2024-11-19T04:23:02+00:00","dateModified":"2024-11-19T04:23:02+00:00","breadcrumb":{"@id":"https:\/\/nitu.mx\/index.php\/2024\/11\/18\/exigen-indemnizacion-por-expropiaciones-del-tren-maya-en-campeche\/#breadcrumb"},"inLanguage":"es-MX","potentialAction":[{"@type":"ReadAction","target":["https:\/\/nitu.mx\/index.php\/2024\/11\/18\/exigen-indemnizacion-por-expropiaciones-del-tren-maya-en-campeche\/"]}]},{"@type":"ImageObject","inLanguage":"es-MX","@id":"https:\/\/nitu.mx\/index.php\/2024\/11\/18\/exigen-indemnizacion-por-expropiaciones-del-tren-maya-en-campeche\/#primaryimage","url":"https:\/\/nitu.mx\/wp-content\/uploads\/2022\/07\/Tren-Maya-pol\u00e9mica.jpg","contentUrl":"https:\/\/nitu.mx\/wp-content\/uploads\/2022\/07\/Tren-Maya-pol\u00e9mica.jpg","width":1200,"height":675,"caption":"Tren Maya"},{"@type":"BreadcrumbList","@id":"https:\/\/nitu.mx\/index.php\/2024\/11\/18\/exigen-indemnizacion-por-expropiaciones-del-tren-maya-en-campeche\/#breadcrumb","itemListElement":[{"@type":"ListItem","position":1,"name":"Inicio","item":"https:\/\/nitu.mx\/"},{"@type":"ListItem","position":2,"name":"Exigen indemnizaci\u00f3n por expropiaciones del Tren Maya en Campeche"}]},{"@type":"WebSite","@id":"https:\/\/nitu.mx\/#website","url":"https:\/\/nitu.mx\/","name":"Nitu - Noticias de la Industria Turistica","description":"Noticias de la Industria Turistica","publisher":{"@id":"https:\/\/nitu.mx\/#\/schema\/person\/ae7a53426417292d3dd07b45a33e01bc"},"alternateName":"Noticias de la Industria Turistica","potentialAction":[{"@type":"SearchAction","target":{"@type":"EntryPoint","urlTemplate":"https:\/\/nitu.mx\/?s={search_term_string}"},"query-input":"required name=search_term_string"}],"inLanguage":"es-MX"},{"@type":["Person","Organization"],"@id":"https:\/\/nitu.mx\/#\/schema\/person\/ae7a53426417292d3dd07b45a33e01bc","name":"Arturo Medina","image":{"@type":"ImageObject","inLanguage":"es-MX","@id":"https:\/\/nitu.mx\/#\/schema\/person\/image\/","url":"https:\/\/nitu.mx\/wp-content\/uploads\/2024\/04\/4A315622-1904-4D5C-B022-878CDC840E04-90x90-1.jpeg","contentUrl":"https:\/\/nitu.mx\/wp-content\/uploads\/2024\/04\/4A315622-1904-4D5C-B022-878CDC840E04-90x90-1.jpeg","width":90,"height":90,"caption":"Arturo Medina"},"logo":{"@id":"https:\/\/nitu.mx\/#\/schema\/person\/image\/"},"description":"Director NITU.mx, Egresado de la Escuela de Periodismo Carlos Septi\u00e9n Garc\u00eda. Periodista y analista especializado en turismo desde hace 35 a\u00f1os, radicado en Canc\u00fan Q.Roo. arturo@nitu.mx","sameAs":["https:\/\/nitu.mx","https:\/\/www.facebook.com\/NITUmx\/","medinacancun","https:\/\/twitter.com\/@Arturo_Medina_G"]},{"@type":"Person","@id":"https:\/\/nitu.mx\/#\/schema\/person\/2ecd887b19dfd3382d1f14fc5acf24a8","name":"Alejandra Moncisbays","image":{"@type":"ImageObject","inLanguage":"es-MX","@id":"https:\/\/nitu.mx\/#\/schema\/person\/image\/","url":"https:\/\/secure.gravatar.com\/avatar\/e74f7af0be172b7804dacfd0bfbef787?s=96&d=mm&r=g","contentUrl":"https:\/\/secure.gravatar.com\/avatar\/e74f7af0be172b7804dacfd0bfbef787?s=96&d=mm&r=g","caption":"Alejandra Moncisbays"},"description":"Curs\u00e9 la carrera de Periodismo y Comunicaci\u00f3n en la Facultad de Estudios Profesionales Acatl\u00e1n. Vivo en Canc\u00fan desde hace 24 a\u00f1os. Fui reportera de La Tarde de Canc\u00fan, y Novedades de Quintana Roo, colabor\u00e9 en TVCUN, edit\u00e9 Cancun\u00edssimo y colabor\u00e9 en las revistas Latitud21, entre otras, con principal enfoque en los sectores empresarial y tur\u00edstico. Desde hace varios a\u00f1os soy Agente de Seguros con c\u00e9dula de la Comisi\u00f3n Nacional de Seguros y Fianzas. Actualmente, me desarrollo en los \u00e1mbitos del periodismo y el sector asegurador.","sameAs":["https:\/\/nitu.mx"],"url":"https:\/\/nitu.mx\/index.php\/author\/alejandra\/"}]}},"views":860,"_links":{"self":[{"href":"https:\/\/nitu.mx\/index.php\/wp-json\/wp\/v2\/posts\/76854"}],"collection":[{"href":"https:\/\/nitu.mx\/index.php\/wp-json\/wp\/v2\/posts"}],"about":[{"href":"https:\/\/nitu.mx\/index.php\/wp-json\/wp\/v2\/types\/post"}],"author":[{"embeddable":true,"href":"https:\/\/nitu.mx\/index.php\/wp-json\/wp\/v2\/users\/3"}],"replies":[{"embeddable":true,"href":"https:\/\/nitu.mx\/index.php\/wp-json\/wp\/v2\/comments?post=76854"}],"version-history":[{"count":3,"href":"https:\/\/nitu.mx\/index.php\/wp-json\/wp\/v2\/posts\/76854\/revisions"}],"predecessor-version":[{"id":76885,"href":"https:\/\/nitu.mx\/index.php\/wp-json\/wp\/v2\/posts\/76854\/revisions\/76885"}],"wp:featuredmedia":[{"embeddable":true,"href":"https:\/\/nitu.mx\/index.php\/wp-json\/wp\/v2\/media\/60497"}],"wp:attachment":[{"href":"https:\/\/nitu.mx\/index.php\/wp-json\/wp\/v2\/media?parent=76854"}],"wp:term":[{"taxonomy":"category","embeddable":true,"href":"https:\/\/nitu.mx\/index.php\/wp-json\/wp\/v2\/categories?post=76854"},{"taxonomy":"post_tag","embeddable":true,"href":"https:\/\/nitu.mx\/index.php\/wp-json\/wp\/v2\/tags?post=76854"}],"curies":[{"name":"wp","href":"https:\/\/api.w.org\/{rel}","templated":true}]}}