{"id":76776,"date":"2024-11-13T20:48:26","date_gmt":"2024-11-14T02:48:26","guid":{"rendered":"https:\/\/nitu.mx\/?p=76776"},"modified":"2024-11-13T20:48:27","modified_gmt":"2024-11-14T02:48:27","slug":"cae-6-6-trafico-de-pasajeros-nacionales-de-aeromexico-y-crece-15-en-internacionales","status":"publish","type":"post","link":"https:\/\/nitu.mx\/index.php\/2024\/11\/13\/cae-6-6-trafico-de-pasajeros-nacionales-de-aeromexico-y-crece-15-en-internacionales\/","title":{"rendered":"Cae 6.6% tr\u00e1fico de pasajeros nacionales de Aerom\u00e9xico y crece 15% en internacionales"},"content":{"rendered":"\n<p>En octubre de 2024, Grupo Aerom\u00e9xico transport\u00f3 2 millones 40 mil pasajeros, lo que representa una disminuci\u00f3n interanual del 0.9%. Los pasajeros internacionales aumentaron un 15.0%, mientras que los pasajeros nacionales disminuyeron un 6.6%.<\/p>\n\n\n\n<p>Al presentar su informe de resultados operativos, la compa\u00f1\u00eda a\u00e9rea inform\u00f3 que su capacidad total, medida en asientos por kil\u00f3metro disponibles (ASK), aument\u00f3 8.9% a\u00f1o tras a\u00f1o. Los ASK internacionales aumentaron 16.1%, mientras que la capacidad nacional disminuy\u00f3 3.3% a\u00f1o tras a\u00f1o.<\/p>\n\n\n\n<p>La demanda, medida en pasajeros-kil\u00f3metro (RPK), aument\u00f3 un 9.1% interanual. La demanda internacional aument\u00f3 un 16.6%, mientras que la demanda interna disminuy\u00f3 un 4.0%, ambas cifras en comparaci\u00f3n con\u00a0octubre de 2023\u00a0.<\/p>\n\n\n\n<p>El factor de ocupaci\u00f3n de Aerom\u00e9xico\u00a0en octubre de 2024\u00a0fue de 85.4%, un aumento de 0.1 puntos porcentuales (pp) en comparaci\u00f3n con\u00a0octubre de 2023.\u00a0El factor de ocupaci\u00f3n internacional aument\u00f3 0.4 pp y el factor de ocupaci\u00f3n nacional disminuy\u00f3 0.7 pp.<\/p>\n\n\n\n<p>Respecto al acumulado anual, la aerol\u00ednea ha transportado 21 millones 131 mil pasajeros, lo que representa un incremento de 3.0% comparado con lo registrado de enero a octubre de 2023. De esta cifra, 14 millones 379 mil fueron en vuelos nacionales, lo que significa un descenso de 2.7%, y 6 millones 748 mil pasajeros correspondieron a vuelos internacionales, esto es un incremento de 17.5%. (<a href=\"https:\/\/nitu.mx\/index.php\/2024\/11\/03\/aspa-logra-acuerdo-salarial-y-contractual-con-aeromexico\/\">ASPA logra acuerdo salarial y contractual con Aerom\u00e9xico<\/a>).<\/p>\n\n\n\n<p><\/p>\n","protected":false},"excerpt":{"rendered":"<p>En octubre de 2024, Grupo Aerom\u00e9xico transport\u00f3 2 millones 40 mil pasajeros, lo que representa una disminuci\u00f3n interanual del 0.9%. Los pasajeros internacionales aumentaron un 15.0%, mientras que los pasajeros nacionales disminuyeron un 6.6%. Al presentar su informe de resultados operativos, la compa\u00f1\u00eda a\u00e9rea inform\u00f3 que su capacidad total, medida en asientos por kil\u00f3metro disponibles [&hellip;]<\/p>\n","protected":false},"author":17,"featured_media":46863,"comment_status":"open","ping_status":"open","sticky":false,"template":"","format":"standard","meta":{"footnotes":""},"categories":[29],"tags":[30,6280,5024],"yoast_head":"<!-- This site is optimized with the Yoast SEO plugin v22.2 - https:\/\/yoast.com\/wordpress\/plugins\/seo\/ -->\n<title>Cae 6.6% tr\u00e1fico de pasajeros nacionales de Aerom\u00e9xico y crece 15% en internacionales - Nitu - Noticias de la Industria Turistica<\/title>\n<meta name=\"robots\" content=\"index, follow, max-snippet:-1, max-image-preview:large, max-video-preview:-1\" \/>\n<link rel=\"canonical\" href=\"https:\/\/nitu.mx\/index.php\/2024\/11\/13\/cae-6-6-trafico-de-pasajeros-nacionales-de-aeromexico-y-crece-15-en-internacionales\/\" \/>\n<meta name=\"twitter:card\" content=\"summary_large_image\" \/>\n<meta name=\"twitter:title\" content=\"Cae 6.6% tr\u00e1fico de pasajeros nacionales de Aerom\u00e9xico y crece 15% en internacionales - Nitu - Noticias de la Industria Turistica\" \/>\n<meta name=\"twitter:description\" content=\"En octubre de 2024, Grupo Aerom\u00e9xico transport\u00f3 2 millones 40 mil pasajeros, lo que representa una disminuci\u00f3n interanual del 0.9%. Los pasajeros internacionales aumentaron un 15.0%, mientras que los pasajeros nacionales disminuyeron un 6.6%. Al presentar su informe de resultados operativos, la compa\u00f1\u00eda a\u00e9rea inform\u00f3 que su capacidad total, medida en asientos por kil\u00f3metro disponibles [&hellip;]\" \/>\n<meta name=\"twitter:image\" content=\"https:\/\/nitu.mx\/wp-content\/uploads\/2020\/10\/Aeromexico-Cancun-Tijuana.jpg\" \/>\n<meta name=\"twitter:creator\" content=\"@NITUmx\" \/>\n<meta name=\"twitter:site\" content=\"@Arturo_Medina_G\" \/>\n<meta name=\"twitter:label1\" content=\"Escrito por\" \/>\n\t<meta name=\"twitter:data1\" content=\"Redacci\u00f3n\" \/>\n\t<meta name=\"twitter:label2\" content=\"Tiempo de lectura\" \/>\n\t<meta name=\"twitter:data2\" content=\"1 minuto\" \/>\n<script type=\"application\/ld+json\" class=\"yoast-schema-graph\">{\"@context\":\"https:\/\/schema.org\",\"@graph\":[{\"@type\":\"Article\",\"@id\":\"https:\/\/nitu.mx\/index.php\/2024\/11\/13\/cae-6-6-trafico-de-pasajeros-nacionales-de-aeromexico-y-crece-15-en-internacionales\/#article\",\"isPartOf\":{\"@id\":\"https:\/\/nitu.mx\/index.php\/2024\/11\/13\/cae-6-6-trafico-de-pasajeros-nacionales-de-aeromexico-y-crece-15-en-internacionales\/\"},\"author\":{\"name\":\"Redacci\u00f3n\",\"@id\":\"https:\/\/nitu.mx\/#\/schema\/person\/4a28fe9bd65924f7c90623773daf1b0b\"},\"headline\":\"Cae 6.6% tr\u00e1fico de pasajeros nacionales de Aerom\u00e9xico y crece 15% en internacionales\",\"datePublished\":\"2024-11-14T02:48:26+00:00\",\"dateModified\":\"2024-11-14T02:48:27+00:00\",\"mainEntityOfPage\":{\"@id\":\"https:\/\/nitu.mx\/index.php\/2024\/11\/13\/cae-6-6-trafico-de-pasajeros-nacionales-de-aeromexico-y-crece-15-en-internacionales\/\"},\"wordCount\":225,\"commentCount\":0,\"publisher\":{\"@id\":\"https:\/\/nitu.mx\/#\/schema\/person\/ae7a53426417292d3dd07b45a33e01bc\"},\"image\":{\"@id\":\"https:\/\/nitu.mx\/index.php\/2024\/11\/13\/cae-6-6-trafico-de-pasajeros-nacionales-de-aeromexico-y-crece-15-en-internacionales\/#primaryimage\"},\"thumbnailUrl\":\"https:\/\/nitu.mx\/wp-content\/uploads\/2020\/10\/Aeromexico-Cancun-Tijuana.jpg\",\"keywords\":[\"Aerom\u00e9xico\",\"ocupaci\u00f3n\",\"tr\u00e1fico de pasajeros\"],\"articleSection\":[\"Aerol\u00edneas\"],\"inLanguage\":\"es-MX\",\"potentialAction\":[{\"@type\":\"CommentAction\",\"name\":\"Comment\",\"target\":[\"https:\/\/nitu.mx\/index.php\/2024\/11\/13\/cae-6-6-trafico-de-pasajeros-nacionales-de-aeromexico-y-crece-15-en-internacionales\/#respond\"]}]},{\"@type\":\"WebPage\",\"@id\":\"https:\/\/nitu.mx\/index.php\/2024\/11\/13\/cae-6-6-trafico-de-pasajeros-nacionales-de-aeromexico-y-crece-15-en-internacionales\/\",\"url\":\"https:\/\/nitu.mx\/index.php\/2024\/11\/13\/cae-6-6-trafico-de-pasajeros-nacionales-de-aeromexico-y-crece-15-en-internacionales\/\",\"name\":\"Cae 6.6% tr\u00e1fico de pasajeros nacionales de Aerom\u00e9xico y crece 15% en internacionales - Nitu - Noticias de la Industria Turistica\",\"isPartOf\":{\"@id\":\"https:\/\/nitu.mx\/#website\"},\"primaryImageOfPage\":{\"@id\":\"https:\/\/nitu.mx\/index.php\/2024\/11\/13\/cae-6-6-trafico-de-pasajeros-nacionales-de-aeromexico-y-crece-15-en-internacionales\/#primaryimage\"},\"image\":{\"@id\":\"https:\/\/nitu.mx\/index.php\/2024\/11\/13\/cae-6-6-trafico-de-pasajeros-nacionales-de-aeromexico-y-crece-15-en-internacionales\/#primaryimage\"},\"thumbnailUrl\":\"https:\/\/nitu.mx\/wp-content\/uploads\/2020\/10\/Aeromexico-Cancun-Tijuana.jpg\",\"datePublished\":\"2024-11-14T02:48:26+00:00\",\"dateModified\":\"2024-11-14T02:48:27+00:00\",\"breadcrumb\":{\"@id\":\"https:\/\/nitu.mx\/index.php\/2024\/11\/13\/cae-6-6-trafico-de-pasajeros-nacionales-de-aeromexico-y-crece-15-en-internacionales\/#breadcrumb\"},\"inLanguage\":\"es-MX\",\"potentialAction\":[{\"@type\":\"ReadAction\",\"target\":[\"https:\/\/nitu.mx\/index.php\/2024\/11\/13\/cae-6-6-trafico-de-pasajeros-nacionales-de-aeromexico-y-crece-15-en-internacionales\/\"]}]},{\"@type\":\"ImageObject\",\"inLanguage\":\"es-MX\",\"@id\":\"https:\/\/nitu.mx\/index.php\/2024\/11\/13\/cae-6-6-trafico-de-pasajeros-nacionales-de-aeromexico-y-crece-15-en-internacionales\/#primaryimage\",\"url\":\"https:\/\/nitu.mx\/wp-content\/uploads\/2020\/10\/Aeromexico-Cancun-Tijuana.jpg\",\"contentUrl\":\"https:\/\/nitu.mx\/wp-content\/uploads\/2020\/10\/Aeromexico-Cancun-Tijuana.jpg\",\"width\":1200,\"height\":675,\"caption\":\"Aerom\u00e9xico\"},{\"@type\":\"BreadcrumbList\",\"@id\":\"https:\/\/nitu.mx\/index.php\/2024\/11\/13\/cae-6-6-trafico-de-pasajeros-nacionales-de-aeromexico-y-crece-15-en-internacionales\/#breadcrumb\",\"itemListElement\":[{\"@type\":\"ListItem\",\"position\":1,\"name\":\"Inicio\",\"item\":\"https:\/\/nitu.mx\/\"},{\"@type\":\"ListItem\",\"position\":2,\"name\":\"Cae 6.6% tr\u00e1fico de pasajeros nacionales de Aerom\u00e9xico y crece 15% en internacionales\"}]},{\"@type\":\"WebSite\",\"@id\":\"https:\/\/nitu.mx\/#website\",\"url\":\"https:\/\/nitu.mx\/\",\"name\":\"Nitu - Noticias de la Industria Turistica\",\"description\":\"Noticias de la Industria Turistica\",\"publisher\":{\"@id\":\"https:\/\/nitu.mx\/#\/schema\/person\/ae7a53426417292d3dd07b45a33e01bc\"},\"alternateName\":\"Noticias de la Industria Turistica\",\"potentialAction\":[{\"@type\":\"SearchAction\",\"target\":{\"@type\":\"EntryPoint\",\"urlTemplate\":\"https:\/\/nitu.mx\/?s={search_term_string}\"},\"query-input\":\"required name=search_term_string\"}],\"inLanguage\":\"es-MX\"},{\"@type\":[\"Person\",\"Organization\"],\"@id\":\"https:\/\/nitu.mx\/#\/schema\/person\/ae7a53426417292d3dd07b45a33e01bc\",\"name\":\"Arturo Medina\",\"image\":{\"@type\":\"ImageObject\",\"inLanguage\":\"es-MX\",\"@id\":\"https:\/\/nitu.mx\/#\/schema\/person\/image\/\",\"url\":\"https:\/\/nitu.mx\/wp-content\/uploads\/2024\/04\/4A315622-1904-4D5C-B022-878CDC840E04-90x90-1.jpeg\",\"contentUrl\":\"https:\/\/nitu.mx\/wp-content\/uploads\/2024\/04\/4A315622-1904-4D5C-B022-878CDC840E04-90x90-1.jpeg\",\"width\":90,\"height\":90,\"caption\":\"Arturo Medina\"},\"logo\":{\"@id\":\"https:\/\/nitu.mx\/#\/schema\/person\/image\/\"},\"description\":\"Director NITU.mx, Egresado de la Escuela de Periodismo Carlos Septi\u00e9n Garc\u00eda. Periodista y analista especializado en turismo desde hace 35 a\u00f1os, radicado en Canc\u00fan Q.Roo. arturo@nitu.mx\",\"sameAs\":[\"https:\/\/nitu.mx\",\"https:\/\/www.facebook.com\/NITUmx\/\",\"medinacancun\",\"https:\/\/twitter.com\/@Arturo_Medina_G\"]},{\"@type\":\"Person\",\"@id\":\"https:\/\/nitu.mx\/#\/schema\/person\/4a28fe9bd65924f7c90623773daf1b0b\",\"name\":\"Redacci\u00f3n\",\"image\":{\"@type\":\"ImageObject\",\"inLanguage\":\"es-MX\",\"@id\":\"https:\/\/nitu.mx\/#\/schema\/person\/image\/\",\"url\":\"https:\/\/secure.gravatar.com\/avatar\/5dd011c8ccfc5cd7e4c81e42252aab38?s=96&d=mm&r=g\",\"contentUrl\":\"https:\/\/secure.gravatar.com\/avatar\/5dd011c8ccfc5cd7e4c81e42252aab38?s=96&d=mm&r=g\",\"caption\":\"Redacci\u00f3n\"},\"url\":\"https:\/\/nitu.mx\/index.php\/author\/redaccion\/\"}]}<\/script>\n<!-- \/ Yoast SEO plugin. -->","yoast_head_json":{"title":"Cae 6.6% tr\u00e1fico de pasajeros nacionales de Aerom\u00e9xico y crece 15% en internacionales - Nitu - Noticias de la Industria Turistica","robots":{"index":"index","follow":"follow","max-snippet":"max-snippet:-1","max-image-preview":"max-image-preview:large","max-video-preview":"max-video-preview:-1"},"canonical":"https:\/\/nitu.mx\/index.php\/2024\/11\/13\/cae-6-6-trafico-de-pasajeros-nacionales-de-aeromexico-y-crece-15-en-internacionales\/","twitter_card":"summary_large_image","twitter_title":"Cae 6.6% tr\u00e1fico de pasajeros nacionales de Aerom\u00e9xico y crece 15% en internacionales - Nitu - Noticias de la Industria Turistica","twitter_description":"En octubre de 2024, Grupo Aerom\u00e9xico transport\u00f3 2 millones 40 mil pasajeros, lo que representa una disminuci\u00f3n interanual del 0.9%. Los pasajeros internacionales aumentaron un 15.0%, mientras que los pasajeros nacionales disminuyeron un 6.6%. Al presentar su informe de resultados operativos, la compa\u00f1\u00eda a\u00e9rea inform\u00f3 que su capacidad total, medida en asientos por kil\u00f3metro disponibles [&hellip;]","twitter_image":"https:\/\/nitu.mx\/wp-content\/uploads\/2020\/10\/Aeromexico-Cancun-Tijuana.jpg","twitter_creator":"@NITUmx","twitter_site":"@Arturo_Medina_G","twitter_misc":{"Escrito por":"Redacci\u00f3n","Tiempo de lectura":"1 minuto"},"schema":{"@context":"https:\/\/schema.org","@graph":[{"@type":"Article","@id":"https:\/\/nitu.mx\/index.php\/2024\/11\/13\/cae-6-6-trafico-de-pasajeros-nacionales-de-aeromexico-y-crece-15-en-internacionales\/#article","isPartOf":{"@id":"https:\/\/nitu.mx\/index.php\/2024\/11\/13\/cae-6-6-trafico-de-pasajeros-nacionales-de-aeromexico-y-crece-15-en-internacionales\/"},"author":{"name":"Redacci\u00f3n","@id":"https:\/\/nitu.mx\/#\/schema\/person\/4a28fe9bd65924f7c90623773daf1b0b"},"headline":"Cae 6.6% tr\u00e1fico de pasajeros nacionales de Aerom\u00e9xico y crece 15% en internacionales","datePublished":"2024-11-14T02:48:26+00:00","dateModified":"2024-11-14T02:48:27+00:00","mainEntityOfPage":{"@id":"https:\/\/nitu.mx\/index.php\/2024\/11\/13\/cae-6-6-trafico-de-pasajeros-nacionales-de-aeromexico-y-crece-15-en-internacionales\/"},"wordCount":225,"commentCount":0,"publisher":{"@id":"https:\/\/nitu.mx\/#\/schema\/person\/ae7a53426417292d3dd07b45a33e01bc"},"image":{"@id":"https:\/\/nitu.mx\/index.php\/2024\/11\/13\/cae-6-6-trafico-de-pasajeros-nacionales-de-aeromexico-y-crece-15-en-internacionales\/#primaryimage"},"thumbnailUrl":"https:\/\/nitu.mx\/wp-content\/uploads\/2020\/10\/Aeromexico-Cancun-Tijuana.jpg","keywords":["Aerom\u00e9xico","ocupaci\u00f3n","tr\u00e1fico de pasajeros"],"articleSection":["Aerol\u00edneas"],"inLanguage":"es-MX","potentialAction":[{"@type":"CommentAction","name":"Comment","target":["https:\/\/nitu.mx\/index.php\/2024\/11\/13\/cae-6-6-trafico-de-pasajeros-nacionales-de-aeromexico-y-crece-15-en-internacionales\/#respond"]}]},{"@type":"WebPage","@id":"https:\/\/nitu.mx\/index.php\/2024\/11\/13\/cae-6-6-trafico-de-pasajeros-nacionales-de-aeromexico-y-crece-15-en-internacionales\/","url":"https:\/\/nitu.mx\/index.php\/2024\/11\/13\/cae-6-6-trafico-de-pasajeros-nacionales-de-aeromexico-y-crece-15-en-internacionales\/","name":"Cae 6.6% tr\u00e1fico de pasajeros nacionales de Aerom\u00e9xico y crece 15% en internacionales - Nitu - Noticias de la Industria Turistica","isPartOf":{"@id":"https:\/\/nitu.mx\/#website"},"primaryImageOfPage":{"@id":"https:\/\/nitu.mx\/index.php\/2024\/11\/13\/cae-6-6-trafico-de-pasajeros-nacionales-de-aeromexico-y-crece-15-en-internacionales\/#primaryimage"},"image":{"@id":"https:\/\/nitu.mx\/index.php\/2024\/11\/13\/cae-6-6-trafico-de-pasajeros-nacionales-de-aeromexico-y-crece-15-en-internacionales\/#primaryimage"},"thumbnailUrl":"https:\/\/nitu.mx\/wp-content\/uploads\/2020\/10\/Aeromexico-Cancun-Tijuana.jpg","datePublished":"2024-11-14T02:48:26+00:00","dateModified":"2024-11-14T02:48:27+00:00","breadcrumb":{"@id":"https:\/\/nitu.mx\/index.php\/2024\/11\/13\/cae-6-6-trafico-de-pasajeros-nacionales-de-aeromexico-y-crece-15-en-internacionales\/#breadcrumb"},"inLanguage":"es-MX","potentialAction":[{"@type":"ReadAction","target":["https:\/\/nitu.mx\/index.php\/2024\/11\/13\/cae-6-6-trafico-de-pasajeros-nacionales-de-aeromexico-y-crece-15-en-internacionales\/"]}]},{"@type":"ImageObject","inLanguage":"es-MX","@id":"https:\/\/nitu.mx\/index.php\/2024\/11\/13\/cae-6-6-trafico-de-pasajeros-nacionales-de-aeromexico-y-crece-15-en-internacionales\/#primaryimage","url":"https:\/\/nitu.mx\/wp-content\/uploads\/2020\/10\/Aeromexico-Cancun-Tijuana.jpg","contentUrl":"https:\/\/nitu.mx\/wp-content\/uploads\/2020\/10\/Aeromexico-Cancun-Tijuana.jpg","width":1200,"height":675,"caption":"Aerom\u00e9xico"},{"@type":"BreadcrumbList","@id":"https:\/\/nitu.mx\/index.php\/2024\/11\/13\/cae-6-6-trafico-de-pasajeros-nacionales-de-aeromexico-y-crece-15-en-internacionales\/#breadcrumb","itemListElement":[{"@type":"ListItem","position":1,"name":"Inicio","item":"https:\/\/nitu.mx\/"},{"@type":"ListItem","position":2,"name":"Cae 6.6% tr\u00e1fico de pasajeros nacionales de Aerom\u00e9xico y crece 15% en internacionales"}]},{"@type":"WebSite","@id":"https:\/\/nitu.mx\/#website","url":"https:\/\/nitu.mx\/","name":"Nitu - Noticias de la Industria Turistica","description":"Noticias de la Industria Turistica","publisher":{"@id":"https:\/\/nitu.mx\/#\/schema\/person\/ae7a53426417292d3dd07b45a33e01bc"},"alternateName":"Noticias de la Industria Turistica","potentialAction":[{"@type":"SearchAction","target":{"@type":"EntryPoint","urlTemplate":"https:\/\/nitu.mx\/?s={search_term_string}"},"query-input":"required name=search_term_string"}],"inLanguage":"es-MX"},{"@type":["Person","Organization"],"@id":"https:\/\/nitu.mx\/#\/schema\/person\/ae7a53426417292d3dd07b45a33e01bc","name":"Arturo Medina","image":{"@type":"ImageObject","inLanguage":"es-MX","@id":"https:\/\/nitu.mx\/#\/schema\/person\/image\/","url":"https:\/\/nitu.mx\/wp-content\/uploads\/2024\/04\/4A315622-1904-4D5C-B022-878CDC840E04-90x90-1.jpeg","contentUrl":"https:\/\/nitu.mx\/wp-content\/uploads\/2024\/04\/4A315622-1904-4D5C-B022-878CDC840E04-90x90-1.jpeg","width":90,"height":90,"caption":"Arturo Medina"},"logo":{"@id":"https:\/\/nitu.mx\/#\/schema\/person\/image\/"},"description":"Director NITU.mx, Egresado de la Escuela de Periodismo Carlos Septi\u00e9n Garc\u00eda. Periodista y analista especializado en turismo desde hace 35 a\u00f1os, radicado en Canc\u00fan Q.Roo. arturo@nitu.mx","sameAs":["https:\/\/nitu.mx","https:\/\/www.facebook.com\/NITUmx\/","medinacancun","https:\/\/twitter.com\/@Arturo_Medina_G"]},{"@type":"Person","@id":"https:\/\/nitu.mx\/#\/schema\/person\/4a28fe9bd65924f7c90623773daf1b0b","name":"Redacci\u00f3n","image":{"@type":"ImageObject","inLanguage":"es-MX","@id":"https:\/\/nitu.mx\/#\/schema\/person\/image\/","url":"https:\/\/secure.gravatar.com\/avatar\/5dd011c8ccfc5cd7e4c81e42252aab38?s=96&d=mm&r=g","contentUrl":"https:\/\/secure.gravatar.com\/avatar\/5dd011c8ccfc5cd7e4c81e42252aab38?s=96&d=mm&r=g","caption":"Redacci\u00f3n"},"url":"https:\/\/nitu.mx\/index.php\/author\/redaccion\/"}]}},"views":664,"_links":{"self":[{"href":"https:\/\/nitu.mx\/index.php\/wp-json\/wp\/v2\/posts\/76776"}],"collection":[{"href":"https:\/\/nitu.mx\/index.php\/wp-json\/wp\/v2\/posts"}],"about":[{"href":"https:\/\/nitu.mx\/index.php\/wp-json\/wp\/v2\/types\/post"}],"author":[{"embeddable":true,"href":"https:\/\/nitu.mx\/index.php\/wp-json\/wp\/v2\/users\/17"}],"replies":[{"embeddable":true,"href":"https:\/\/nitu.mx\/index.php\/wp-json\/wp\/v2\/comments?post=76776"}],"version-history":[{"count":2,"href":"https:\/\/nitu.mx\/index.php\/wp-json\/wp\/v2\/posts\/76776\/revisions"}],"predecessor-version":[{"id":76781,"href":"https:\/\/nitu.mx\/index.php\/wp-json\/wp\/v2\/posts\/76776\/revisions\/76781"}],"wp:featuredmedia":[{"embeddable":true,"href":"https:\/\/nitu.mx\/index.php\/wp-json\/wp\/v2\/media\/46863"}],"wp:attachment":[{"href":"https:\/\/nitu.mx\/index.php\/wp-json\/wp\/v2\/media?parent=76776"}],"wp:term":[{"taxonomy":"category","embeddable":true,"href":"https:\/\/nitu.mx\/index.php\/wp-json\/wp\/v2\/categories?post=76776"},{"taxonomy":"post_tag","embeddable":true,"href":"https:\/\/nitu.mx\/index.php\/wp-json\/wp\/v2\/tags?post=76776"}],"curies":[{"name":"wp","href":"https:\/\/api.w.org\/{rel}","templated":true}]}}