{"id":76634,"date":"2024-11-10T16:02:17","date_gmt":"2024-11-10T22:02:17","guid":{"rendered":"https:\/\/nitu.mx\/?p=76634"},"modified":"2024-11-10T16:02:18","modified_gmt":"2024-11-10T22:02:18","slug":"puerto-vallarta-supera-los-5-5-millones-de-pasajeros-se-perfila-a-romper-record","status":"publish","type":"post","link":"https:\/\/nitu.mx\/index.php\/2024\/11\/10\/puerto-vallarta-supera-los-5-5-millones-de-pasajeros-se-perfila-a-romper-record\/","title":{"rendered":"Puerto Vallarta supera los 5.5 millones de pasajeros, se perfila a romper r\u00e9cord"},"content":{"rendered":"\n<p>En lo que va del a\u00f1o, el\u00a0Aeropuerto Internacional de Puerto Vallarta\u00a0super\u00f3 los 5 millones y medio de pasajeros cuando a\u00fan faltan 2 meses en los que se suele tener un cuantioso tr\u00e1nsito de viajeros. Con este desempe\u00f1o, se augura que logre superar la cifra de total de pasajeros alcanzada el a\u00f1o anterior.<br><br>En 2023, la terminal cerr\u00f3 con 6.7 millones de usuarios, de los cuales 2.8 millones fueron nacionales y 3.9 millones internacionales. De enero a octubre de 2024, registr\u00f3 5.52 millones de pasajeros, de los cuales 2.35 millones son nacionales y 3.17 millones internacionales, es decir, 42% son dom\u00e9sticos y 58% del extranjero.<\/p>\n\n\n\n<p>Con un ratio de crecimiento anual de 13% en los \u00faltimos a\u00f1os, se estima que el\u00a0aeropuerto de Puerto Vallarta\u00a0alcance un m\u00ednimo de 6.9 millones de pasajeros al cierre de 2024.<\/p>\n\n\n\n<p>El a\u00f1o anterior, adem\u00e1s de haber roto su r\u00e9cord de pasajeros, tambi\u00e9n lo hizo en n\u00famero de vuelos con 67.9 mil operaciones, cifra que tambi\u00e9n se espera sea superada este a\u00f1o.<br><br>A estas proyecciones, hay que agregar que en octubre de 2024 el factor de ocupaci\u00f3n de asientos en relaci\u00f3n al n\u00famero de asientos ofertados fue de 86.5%, mientras que en el mismo periodo de 2023 fue de 82%, lo cual hace a\u00fan m\u00e1s alentadores los pron\u00f3sticos.<br><br>A lo anterior se suman 4 mil 440 asientos de salida ofertados para 2024 en las nuevas rutas desde Praga con la aerol\u00ednea World2fly y Victoria con Sunwing. <a href=\"https:\/\/nitu.mx\/index.php\/2024\/10\/31\/puerto-vallarta-recibe-charter-desde-praga-de-world2fly\/\">(Puerto Vallarta recibe ch\u00e1rter desde Praga de World2fly<\/a>).<\/p>\n\n\n\n<p>Este aumento ser\u00e1 mayor en 2025 con el inicio de operaciones de las rutas de temporada desde Sacramento con Southwest y desde Kansas City, Sacramento, St. Louis y Nueva York con Alaska Airlines, esta \u00faltima con 4 frecuencias semanales. <\/p>\n\n\n\n<p>En conjunto, esta temporada invernal estar\u00e1n operando 14 rutas dom\u00e9sticas, 27 desde Estados Unidos, 15 provenientes de Canad\u00e1 y una de Europa, para un total de 57 rutas contra 54 que hubo en el mismo periodo el a\u00f1o anterior.<\/p>\n\n\n\n<p>En correspondencia a este crecimiento, Grupo Aeroportuario del Pac\u00edfico (GAP) -concesionario de la terminal- este a\u00f1o ha invertido mil 944 millones de pesos contra mil 938 millones de inversi\u00f3n total en 2023.<\/p>\n\n\n\n<p>Dichos montos se han aplicado en rehabilitaciones de pista, abordadores mec\u00e1nicos, veh\u00edculos y equipo de rescate, equipos electromec\u00e1nicos, se\u00f1al\u00e9tica, bandas de reclamo de equipaje, m\u00f3dulos electr\u00f3nicos en puntos de inspecci\u00f3n, ampliaci\u00f3n de la plataforma comercial, filtros migratorios aut\u00f3nomos y una\u00a0nueva terminal\u00a0con m\u00e1s del doble de espacio en edificios y 8 posiciones de contacto para aeronaves que estar\u00e1 terminada en 2026. <\/p>\n\n\n\n<p>Cabe destacar que esta segunda terminal contar\u00e1 con la Certificaci\u00f3n Leed Gold del U.S. Green Building Council por su dise\u00f1o y construcci\u00f3n sustentable.<\/p>\n","protected":false},"excerpt":{"rendered":"<p>En lo que va del a\u00f1o, el\u00a0Aeropuerto Internacional de Puerto Vallarta\u00a0super\u00f3 los 5 millones y medio de pasajeros cuando a\u00fan faltan 2 meses en los que se suele tener un cuantioso tr\u00e1nsito de viajeros. Con este desempe\u00f1o, se augura que logre superar la cifra de total de pasajeros alcanzada el a\u00f1o anterior. En 2023, la [&hellip;]<\/p>\n","protected":false},"author":17,"featured_media":51464,"comment_status":"open","ping_status":"open","sticky":false,"template":"","format":"standard","meta":{"footnotes":""},"categories":[19462,5],"tags":[3695,12286,471,239,21679],"yoast_head":"<!-- This site is optimized with the Yoast SEO plugin v22.2 - https:\/\/yoast.com\/wordpress\/plugins\/seo\/ -->\n<title>Puerto Vallarta supera los 5.5 millones de pasajeros, se perfila a romper r\u00e9cord - Nitu - Noticias de la Industria Turistica<\/title>\n<meta name=\"robots\" content=\"index, follow, max-snippet:-1, max-image-preview:large, max-video-preview:-1\" \/>\n<link rel=\"canonical\" href=\"https:\/\/nitu.mx\/index.php\/2024\/11\/10\/puerto-vallarta-supera-los-5-5-millones-de-pasajeros-se-perfila-a-romper-record\/\" \/>\n<meta name=\"twitter:card\" content=\"summary_large_image\" \/>\n<meta name=\"twitter:title\" content=\"Puerto Vallarta supera los 5.5 millones de pasajeros, se perfila a romper r\u00e9cord - Nitu - Noticias de la Industria Turistica\" \/>\n<meta name=\"twitter:description\" content=\"En lo que va del a\u00f1o, el\u00a0Aeropuerto Internacional de Puerto Vallarta\u00a0super\u00f3 los 5 millones y medio de pasajeros cuando a\u00fan faltan 2 meses en los que se suele tener un cuantioso tr\u00e1nsito de viajeros. Con este desempe\u00f1o, se augura que logre superar la cifra de total de pasajeros alcanzada el a\u00f1o anterior. En 2023, la [&hellip;]\" \/>\n<meta name=\"twitter:image\" content=\"https:\/\/nitu.mx\/wp-content\/uploads\/2021\/04\/Aeropuerto-Puerto-Vallarta.jpg\" \/>\n<meta name=\"twitter:creator\" content=\"@NITUmx\" \/>\n<meta name=\"twitter:site\" content=\"@Arturo_Medina_G\" \/>\n<meta name=\"twitter:label1\" content=\"Escrito por\" \/>\n\t<meta name=\"twitter:data1\" content=\"Redacci\u00f3n\" \/>\n\t<meta name=\"twitter:label2\" content=\"Tiempo de lectura\" \/>\n\t<meta name=\"twitter:data2\" content=\"2 minutos\" \/>\n<script type=\"application\/ld+json\" class=\"yoast-schema-graph\">{\"@context\":\"https:\/\/schema.org\",\"@graph\":[{\"@type\":\"Article\",\"@id\":\"https:\/\/nitu.mx\/index.php\/2024\/11\/10\/puerto-vallarta-supera-los-5-5-millones-de-pasajeros-se-perfila-a-romper-record\/#article\",\"isPartOf\":{\"@id\":\"https:\/\/nitu.mx\/index.php\/2024\/11\/10\/puerto-vallarta-supera-los-5-5-millones-de-pasajeros-se-perfila-a-romper-record\/\"},\"author\":{\"name\":\"Redacci\u00f3n\",\"@id\":\"https:\/\/nitu.mx\/#\/schema\/person\/4a28fe9bd65924f7c90623773daf1b0b\"},\"headline\":\"Puerto Vallarta supera los 5.5 millones de pasajeros, se perfila a romper r\u00e9cord\",\"datePublished\":\"2024-11-10T22:02:17+00:00\",\"dateModified\":\"2024-11-10T22:02:18+00:00\",\"mainEntityOfPage\":{\"@id\":\"https:\/\/nitu.mx\/index.php\/2024\/11\/10\/puerto-vallarta-supera-los-5-5-millones-de-pasajeros-se-perfila-a-romper-record\/\"},\"wordCount\":470,\"commentCount\":0,\"publisher\":{\"@id\":\"https:\/\/nitu.mx\/#\/schema\/person\/ae7a53426417292d3dd07b45a33e01bc\"},\"image\":{\"@id\":\"https:\/\/nitu.mx\/index.php\/2024\/11\/10\/puerto-vallarta-supera-los-5-5-millones-de-pasajeros-se-perfila-a-romper-record\/#primaryimage\"},\"thumbnailUrl\":\"https:\/\/nitu.mx\/wp-content\/uploads\/2021\/04\/Aeropuerto-Puerto-Vallarta.jpg\",\"keywords\":[\"conectividad a\u00e9rea\",\"pasajeros internacionales\",\"Puerto Vallarta\",\"Sunwing\",\"World2Fly\"],\"articleSection\":[\"Aeropuertos\",\"Destinos\"],\"inLanguage\":\"es-MX\",\"potentialAction\":[{\"@type\":\"CommentAction\",\"name\":\"Comment\",\"target\":[\"https:\/\/nitu.mx\/index.php\/2024\/11\/10\/puerto-vallarta-supera-los-5-5-millones-de-pasajeros-se-perfila-a-romper-record\/#respond\"]}]},{\"@type\":\"WebPage\",\"@id\":\"https:\/\/nitu.mx\/index.php\/2024\/11\/10\/puerto-vallarta-supera-los-5-5-millones-de-pasajeros-se-perfila-a-romper-record\/\",\"url\":\"https:\/\/nitu.mx\/index.php\/2024\/11\/10\/puerto-vallarta-supera-los-5-5-millones-de-pasajeros-se-perfila-a-romper-record\/\",\"name\":\"Puerto Vallarta supera los 5.5 millones de pasajeros, se perfila a romper r\u00e9cord - Nitu - Noticias de la Industria Turistica\",\"isPartOf\":{\"@id\":\"https:\/\/nitu.mx\/#website\"},\"primaryImageOfPage\":{\"@id\":\"https:\/\/nitu.mx\/index.php\/2024\/11\/10\/puerto-vallarta-supera-los-5-5-millones-de-pasajeros-se-perfila-a-romper-record\/#primaryimage\"},\"image\":{\"@id\":\"https:\/\/nitu.mx\/index.php\/2024\/11\/10\/puerto-vallarta-supera-los-5-5-millones-de-pasajeros-se-perfila-a-romper-record\/#primaryimage\"},\"thumbnailUrl\":\"https:\/\/nitu.mx\/wp-content\/uploads\/2021\/04\/Aeropuerto-Puerto-Vallarta.jpg\",\"datePublished\":\"2024-11-10T22:02:17+00:00\",\"dateModified\":\"2024-11-10T22:02:18+00:00\",\"breadcrumb\":{\"@id\":\"https:\/\/nitu.mx\/index.php\/2024\/11\/10\/puerto-vallarta-supera-los-5-5-millones-de-pasajeros-se-perfila-a-romper-record\/#breadcrumb\"},\"inLanguage\":\"es-MX\",\"potentialAction\":[{\"@type\":\"ReadAction\",\"target\":[\"https:\/\/nitu.mx\/index.php\/2024\/11\/10\/puerto-vallarta-supera-los-5-5-millones-de-pasajeros-se-perfila-a-romper-record\/\"]}]},{\"@type\":\"ImageObject\",\"inLanguage\":\"es-MX\",\"@id\":\"https:\/\/nitu.mx\/index.php\/2024\/11\/10\/puerto-vallarta-supera-los-5-5-millones-de-pasajeros-se-perfila-a-romper-record\/#primaryimage\",\"url\":\"https:\/\/nitu.mx\/wp-content\/uploads\/2021\/04\/Aeropuerto-Puerto-Vallarta.jpg\",\"contentUrl\":\"https:\/\/nitu.mx\/wp-content\/uploads\/2021\/04\/Aeropuerto-Puerto-Vallarta.jpg\",\"width\":1200,\"height\":675,\"caption\":\"Spirit Airlines Puerto Vallarta IATA\"},{\"@type\":\"BreadcrumbList\",\"@id\":\"https:\/\/nitu.mx\/index.php\/2024\/11\/10\/puerto-vallarta-supera-los-5-5-millones-de-pasajeros-se-perfila-a-romper-record\/#breadcrumb\",\"itemListElement\":[{\"@type\":\"ListItem\",\"position\":1,\"name\":\"Inicio\",\"item\":\"https:\/\/nitu.mx\/\"},{\"@type\":\"ListItem\",\"position\":2,\"name\":\"Puerto Vallarta supera los 5.5 millones de pasajeros, se perfila a romper r\u00e9cord\"}]},{\"@type\":\"WebSite\",\"@id\":\"https:\/\/nitu.mx\/#website\",\"url\":\"https:\/\/nitu.mx\/\",\"name\":\"Nitu - Noticias de la Industria Turistica\",\"description\":\"Noticias de la Industria Turistica\",\"publisher\":{\"@id\":\"https:\/\/nitu.mx\/#\/schema\/person\/ae7a53426417292d3dd07b45a33e01bc\"},\"alternateName\":\"Noticias de la Industria Turistica\",\"potentialAction\":[{\"@type\":\"SearchAction\",\"target\":{\"@type\":\"EntryPoint\",\"urlTemplate\":\"https:\/\/nitu.mx\/?s={search_term_string}\"},\"query-input\":\"required name=search_term_string\"}],\"inLanguage\":\"es-MX\"},{\"@type\":[\"Person\",\"Organization\"],\"@id\":\"https:\/\/nitu.mx\/#\/schema\/person\/ae7a53426417292d3dd07b45a33e01bc\",\"name\":\"Arturo Medina\",\"image\":{\"@type\":\"ImageObject\",\"inLanguage\":\"es-MX\",\"@id\":\"https:\/\/nitu.mx\/#\/schema\/person\/image\/\",\"url\":\"https:\/\/nitu.mx\/wp-content\/uploads\/2024\/04\/4A315622-1904-4D5C-B022-878CDC840E04-90x90-1.jpeg\",\"contentUrl\":\"https:\/\/nitu.mx\/wp-content\/uploads\/2024\/04\/4A315622-1904-4D5C-B022-878CDC840E04-90x90-1.jpeg\",\"width\":90,\"height\":90,\"caption\":\"Arturo Medina\"},\"logo\":{\"@id\":\"https:\/\/nitu.mx\/#\/schema\/person\/image\/\"},\"description\":\"Director NITU.mx, Egresado de la Escuela de Periodismo Carlos Septi\u00e9n Garc\u00eda. Periodista y analista especializado en turismo desde hace 35 a\u00f1os, radicado en Canc\u00fan Q.Roo. arturo@nitu.mx\",\"sameAs\":[\"https:\/\/nitu.mx\",\"https:\/\/www.facebook.com\/NITUmx\/\",\"medinacancun\",\"https:\/\/twitter.com\/@Arturo_Medina_G\"]},{\"@type\":\"Person\",\"@id\":\"https:\/\/nitu.mx\/#\/schema\/person\/4a28fe9bd65924f7c90623773daf1b0b\",\"name\":\"Redacci\u00f3n\",\"image\":{\"@type\":\"ImageObject\",\"inLanguage\":\"es-MX\",\"@id\":\"https:\/\/nitu.mx\/#\/schema\/person\/image\/\",\"url\":\"https:\/\/secure.gravatar.com\/avatar\/5dd011c8ccfc5cd7e4c81e42252aab38?s=96&d=mm&r=g\",\"contentUrl\":\"https:\/\/secure.gravatar.com\/avatar\/5dd011c8ccfc5cd7e4c81e42252aab38?s=96&d=mm&r=g\",\"caption\":\"Redacci\u00f3n\"},\"url\":\"https:\/\/nitu.mx\/index.php\/author\/redaccion\/\"}]}<\/script>\n<!-- \/ Yoast SEO plugin. -->","yoast_head_json":{"title":"Puerto Vallarta supera los 5.5 millones de pasajeros, se perfila a romper r\u00e9cord - Nitu - Noticias de la Industria Turistica","robots":{"index":"index","follow":"follow","max-snippet":"max-snippet:-1","max-image-preview":"max-image-preview:large","max-video-preview":"max-video-preview:-1"},"canonical":"https:\/\/nitu.mx\/index.php\/2024\/11\/10\/puerto-vallarta-supera-los-5-5-millones-de-pasajeros-se-perfila-a-romper-record\/","twitter_card":"summary_large_image","twitter_title":"Puerto Vallarta supera los 5.5 millones de pasajeros, se perfila a romper r\u00e9cord - Nitu - Noticias de la Industria Turistica","twitter_description":"En lo que va del a\u00f1o, el\u00a0Aeropuerto Internacional de Puerto Vallarta\u00a0super\u00f3 los 5 millones y medio de pasajeros cuando a\u00fan faltan 2 meses en los que se suele tener un cuantioso tr\u00e1nsito de viajeros. Con este desempe\u00f1o, se augura que logre superar la cifra de total de pasajeros alcanzada el a\u00f1o anterior. En 2023, la [&hellip;]","twitter_image":"https:\/\/nitu.mx\/wp-content\/uploads\/2021\/04\/Aeropuerto-Puerto-Vallarta.jpg","twitter_creator":"@NITUmx","twitter_site":"@Arturo_Medina_G","twitter_misc":{"Escrito por":"Redacci\u00f3n","Tiempo de lectura":"2 minutos"},"schema":{"@context":"https:\/\/schema.org","@graph":[{"@type":"Article","@id":"https:\/\/nitu.mx\/index.php\/2024\/11\/10\/puerto-vallarta-supera-los-5-5-millones-de-pasajeros-se-perfila-a-romper-record\/#article","isPartOf":{"@id":"https:\/\/nitu.mx\/index.php\/2024\/11\/10\/puerto-vallarta-supera-los-5-5-millones-de-pasajeros-se-perfila-a-romper-record\/"},"author":{"name":"Redacci\u00f3n","@id":"https:\/\/nitu.mx\/#\/schema\/person\/4a28fe9bd65924f7c90623773daf1b0b"},"headline":"Puerto Vallarta supera los 5.5 millones de pasajeros, se perfila a romper r\u00e9cord","datePublished":"2024-11-10T22:02:17+00:00","dateModified":"2024-11-10T22:02:18+00:00","mainEntityOfPage":{"@id":"https:\/\/nitu.mx\/index.php\/2024\/11\/10\/puerto-vallarta-supera-los-5-5-millones-de-pasajeros-se-perfila-a-romper-record\/"},"wordCount":470,"commentCount":0,"publisher":{"@id":"https:\/\/nitu.mx\/#\/schema\/person\/ae7a53426417292d3dd07b45a33e01bc"},"image":{"@id":"https:\/\/nitu.mx\/index.php\/2024\/11\/10\/puerto-vallarta-supera-los-5-5-millones-de-pasajeros-se-perfila-a-romper-record\/#primaryimage"},"thumbnailUrl":"https:\/\/nitu.mx\/wp-content\/uploads\/2021\/04\/Aeropuerto-Puerto-Vallarta.jpg","keywords":["conectividad a\u00e9rea","pasajeros internacionales","Puerto Vallarta","Sunwing","World2Fly"],"articleSection":["Aeropuertos","Destinos"],"inLanguage":"es-MX","potentialAction":[{"@type":"CommentAction","name":"Comment","target":["https:\/\/nitu.mx\/index.php\/2024\/11\/10\/puerto-vallarta-supera-los-5-5-millones-de-pasajeros-se-perfila-a-romper-record\/#respond"]}]},{"@type":"WebPage","@id":"https:\/\/nitu.mx\/index.php\/2024\/11\/10\/puerto-vallarta-supera-los-5-5-millones-de-pasajeros-se-perfila-a-romper-record\/","url":"https:\/\/nitu.mx\/index.php\/2024\/11\/10\/puerto-vallarta-supera-los-5-5-millones-de-pasajeros-se-perfila-a-romper-record\/","name":"Puerto Vallarta supera los 5.5 millones de pasajeros, se perfila a romper r\u00e9cord - Nitu - Noticias de la Industria Turistica","isPartOf":{"@id":"https:\/\/nitu.mx\/#website"},"primaryImageOfPage":{"@id":"https:\/\/nitu.mx\/index.php\/2024\/11\/10\/puerto-vallarta-supera-los-5-5-millones-de-pasajeros-se-perfila-a-romper-record\/#primaryimage"},"image":{"@id":"https:\/\/nitu.mx\/index.php\/2024\/11\/10\/puerto-vallarta-supera-los-5-5-millones-de-pasajeros-se-perfila-a-romper-record\/#primaryimage"},"thumbnailUrl":"https:\/\/nitu.mx\/wp-content\/uploads\/2021\/04\/Aeropuerto-Puerto-Vallarta.jpg","datePublished":"2024-11-10T22:02:17+00:00","dateModified":"2024-11-10T22:02:18+00:00","breadcrumb":{"@id":"https:\/\/nitu.mx\/index.php\/2024\/11\/10\/puerto-vallarta-supera-los-5-5-millones-de-pasajeros-se-perfila-a-romper-record\/#breadcrumb"},"inLanguage":"es-MX","potentialAction":[{"@type":"ReadAction","target":["https:\/\/nitu.mx\/index.php\/2024\/11\/10\/puerto-vallarta-supera-los-5-5-millones-de-pasajeros-se-perfila-a-romper-record\/"]}]},{"@type":"ImageObject","inLanguage":"es-MX","@id":"https:\/\/nitu.mx\/index.php\/2024\/11\/10\/puerto-vallarta-supera-los-5-5-millones-de-pasajeros-se-perfila-a-romper-record\/#primaryimage","url":"https:\/\/nitu.mx\/wp-content\/uploads\/2021\/04\/Aeropuerto-Puerto-Vallarta.jpg","contentUrl":"https:\/\/nitu.mx\/wp-content\/uploads\/2021\/04\/Aeropuerto-Puerto-Vallarta.jpg","width":1200,"height":675,"caption":"Spirit Airlines Puerto Vallarta IATA"},{"@type":"BreadcrumbList","@id":"https:\/\/nitu.mx\/index.php\/2024\/11\/10\/puerto-vallarta-supera-los-5-5-millones-de-pasajeros-se-perfila-a-romper-record\/#breadcrumb","itemListElement":[{"@type":"ListItem","position":1,"name":"Inicio","item":"https:\/\/nitu.mx\/"},{"@type":"ListItem","position":2,"name":"Puerto Vallarta supera los 5.5 millones de pasajeros, se perfila a romper r\u00e9cord"}]},{"@type":"WebSite","@id":"https:\/\/nitu.mx\/#website","url":"https:\/\/nitu.mx\/","name":"Nitu - Noticias de la Industria Turistica","description":"Noticias de la Industria Turistica","publisher":{"@id":"https:\/\/nitu.mx\/#\/schema\/person\/ae7a53426417292d3dd07b45a33e01bc"},"alternateName":"Noticias de la Industria Turistica","potentialAction":[{"@type":"SearchAction","target":{"@type":"EntryPoint","urlTemplate":"https:\/\/nitu.mx\/?s={search_term_string}"},"query-input":"required name=search_term_string"}],"inLanguage":"es-MX"},{"@type":["Person","Organization"],"@id":"https:\/\/nitu.mx\/#\/schema\/person\/ae7a53426417292d3dd07b45a33e01bc","name":"Arturo Medina","image":{"@type":"ImageObject","inLanguage":"es-MX","@id":"https:\/\/nitu.mx\/#\/schema\/person\/image\/","url":"https:\/\/nitu.mx\/wp-content\/uploads\/2024\/04\/4A315622-1904-4D5C-B022-878CDC840E04-90x90-1.jpeg","contentUrl":"https:\/\/nitu.mx\/wp-content\/uploads\/2024\/04\/4A315622-1904-4D5C-B022-878CDC840E04-90x90-1.jpeg","width":90,"height":90,"caption":"Arturo Medina"},"logo":{"@id":"https:\/\/nitu.mx\/#\/schema\/person\/image\/"},"description":"Director NITU.mx, Egresado de la Escuela de Periodismo Carlos Septi\u00e9n Garc\u00eda. Periodista y analista especializado en turismo desde hace 35 a\u00f1os, radicado en Canc\u00fan Q.Roo. arturo@nitu.mx","sameAs":["https:\/\/nitu.mx","https:\/\/www.facebook.com\/NITUmx\/","medinacancun","https:\/\/twitter.com\/@Arturo_Medina_G"]},{"@type":"Person","@id":"https:\/\/nitu.mx\/#\/schema\/person\/4a28fe9bd65924f7c90623773daf1b0b","name":"Redacci\u00f3n","image":{"@type":"ImageObject","inLanguage":"es-MX","@id":"https:\/\/nitu.mx\/#\/schema\/person\/image\/","url":"https:\/\/secure.gravatar.com\/avatar\/5dd011c8ccfc5cd7e4c81e42252aab38?s=96&d=mm&r=g","contentUrl":"https:\/\/secure.gravatar.com\/avatar\/5dd011c8ccfc5cd7e4c81e42252aab38?s=96&d=mm&r=g","caption":"Redacci\u00f3n"},"url":"https:\/\/nitu.mx\/index.php\/author\/redaccion\/"}]}},"views":712,"_links":{"self":[{"href":"https:\/\/nitu.mx\/index.php\/wp-json\/wp\/v2\/posts\/76634"}],"collection":[{"href":"https:\/\/nitu.mx\/index.php\/wp-json\/wp\/v2\/posts"}],"about":[{"href":"https:\/\/nitu.mx\/index.php\/wp-json\/wp\/v2\/types\/post"}],"author":[{"embeddable":true,"href":"https:\/\/nitu.mx\/index.php\/wp-json\/wp\/v2\/users\/17"}],"replies":[{"embeddable":true,"href":"https:\/\/nitu.mx\/index.php\/wp-json\/wp\/v2\/comments?post=76634"}],"version-history":[{"count":2,"href":"https:\/\/nitu.mx\/index.php\/wp-json\/wp\/v2\/posts\/76634\/revisions"}],"predecessor-version":[{"id":76638,"href":"https:\/\/nitu.mx\/index.php\/wp-json\/wp\/v2\/posts\/76634\/revisions\/76638"}],"wp:featuredmedia":[{"embeddable":true,"href":"https:\/\/nitu.mx\/index.php\/wp-json\/wp\/v2\/media\/51464"}],"wp:attachment":[{"href":"https:\/\/nitu.mx\/index.php\/wp-json\/wp\/v2\/media?parent=76634"}],"wp:term":[{"taxonomy":"category","embeddable":true,"href":"https:\/\/nitu.mx\/index.php\/wp-json\/wp\/v2\/categories?post=76634"},{"taxonomy":"post_tag","embeddable":true,"href":"https:\/\/nitu.mx\/index.php\/wp-json\/wp\/v2\/tags?post=76634"}],"curies":[{"name":"wp","href":"https:\/\/api.w.org\/{rel}","templated":true}]}}