{"id":76606,"date":"2024-11-07T21:14:22","date_gmt":"2024-11-08T03:14:22","guid":{"rendered":"https:\/\/nitu.mx\/?p=76606"},"modified":"2024-11-07T21:14:23","modified_gmt":"2024-11-08T03:14:23","slug":"volaris-lleva-la-magia-de-wicked-a-los-cielos","status":"publish","type":"post","link":"https:\/\/nitu.mx\/index.php\/2024\/11\/07\/volaris-lleva-la-magia-de-wicked-a-los-cielos\/","title":{"rendered":"Volaris lleva la magia de Wicked a los cielos"},"content":{"rendered":"<p>Volaris, la aerol\u00ednea mexicana que opera en M\u00e9xico, Estados Unidos, Centro y Sudam\u00e9rica, presenta el nuevo livery que adorna el fuselaje de uno de sus aviones con este dise\u00f1o especial, resultado de una alianza con Universal City Studios LLC., inspirado en la adaptaci\u00f3n cinematogr\u00e1fica del musical de Broadway, Wicked.<\/p>\n<p>Volaris se enorgullece de ser la primera aerol\u00ednea en Latinoam\u00e9rica en llevar a los cielos esta experiencia visual \u00fanica. El dise\u00f1o especial celebra la esencia de Wicked y refleja las personalidades contrastantes de Elphaba y Glinda, as\u00ed como el misticismo y los colores vibrantes de Oz.<\/p>\n<p>&#8220;Con esta alianza esperamos llevar un toque de magia y emoci\u00f3n a todos nuestros pasajeros. Nos entusiasma conectar a nuestros clientes con historias tan emblem\u00e1ticas y poderosas como Wicked, y creemos que esta colaboraci\u00f3n resonar\u00e1 tanto entre los fan\u00e1ticos de la pel\u00edcula, como entre aquellos que descubran esta incre\u00edble historia por primera vez&#8221;, coment\u00f3 Daniel Gelemovich Torenberg, director de Mercadotecnia y Digital de Volaris.<\/p>\n<p>La alianza con Universal City Studios LLC., adem\u00e1s de fortalecer a Volaris como marca innovadora, tambi\u00e9n destaca el compromiso de la aerol\u00ednea mexicana por brindar experiencias memorables a sus clientes, m\u00e1s all\u00e1 del vuelo.<\/p>\n<p>La premier mundial de Wicked se perfila como una de las adaptaciones cinematogr\u00e1ficas m\u00e1s impactantes del a\u00f1o. Dirigida por Jon M. Chu, esta versi\u00f3n del aclamado musical de Broadway cuenta con las destacadas actuaciones de Ariana Grande y Cynthia Erivo en los papeles principales.<\/p>\n<p>La narrativa se adentra en el famoso universo de El Mago de Oz, pero m\u00e1s all\u00e1 de la historia de Dorothy, Toto y el Hombre de Hojalata, se centra en los or\u00edgenes de Elphaba, la malvada bruja del oeste, y su amiga Glinda, la bruja buena. Este musical, que ha emocionado a p\u00fablicos en Nueva York, presenta las canciones de Stephen Schwartz y un libreto de Winnie Holzman.<\/p>\n<p>Nuestro avi\u00f3n especial de Wicked ya puede verse en los cielos, llevando un toque de magia y emoci\u00f3n y reafirmando el compromiso de Volaris de ofrecer experiencias \u00fanicas a todos sus pasajeros. (<a href=\"https:\/\/nitu.mx\/index.php\/2024\/11\/07\/nuevo-leon-fortalece-conectividad-con-19-rutas-de-volaris\/\">Nuevo Le\u00f3n fortalece conectividad con 19 rutas de Volaris<\/a>).<\/p>\n","protected":false},"excerpt":{"rendered":"<p>Volaris, la aerol\u00ednea mexicana que opera en M\u00e9xico, Estados Unidos, Centro y Sudam\u00e9rica, presenta el nuevo livery que adorna el fuselaje de uno de sus aviones con este dise\u00f1o especial, resultado de una alianza con Universal City Studios LLC., inspirado en la adaptaci\u00f3n cinematogr\u00e1fica del musical de Broadway, Wicked. Volaris se enorgullece de ser la [&hellip;]<\/p>\n","protected":false},"author":3,"featured_media":76618,"comment_status":"open","ping_status":"open","sticky":false,"template":"","format":"standard","meta":{"footnotes":""},"categories":[29,12],"tags":[881,26442,131,26443],"yoast_head":"<!-- This site is optimized with the Yoast SEO plugin v22.2 - https:\/\/yoast.com\/wordpress\/plugins\/seo\/ -->\n<title>Volaris lleva la magia de Wicked a los cielos - Nitu - Noticias de la Industria Turistica<\/title>\n<meta name=\"robots\" content=\"index, follow, max-snippet:-1, max-image-preview:large, max-video-preview:-1\" \/>\n<link rel=\"canonical\" href=\"https:\/\/nitu.mx\/index.php\/2024\/11\/07\/volaris-lleva-la-magia-de-wicked-a-los-cielos\/\" \/>\n<meta name=\"twitter:card\" content=\"summary_large_image\" \/>\n<meta name=\"twitter:title\" content=\"Volaris lleva la magia de Wicked a los cielos - Nitu - Noticias de la Industria Turistica\" \/>\n<meta name=\"twitter:description\" content=\"Volaris, la aerol\u00ednea mexicana que opera en M\u00e9xico, Estados Unidos, Centro y Sudam\u00e9rica, presenta el nuevo livery que adorna el fuselaje de uno de sus aviones con este dise\u00f1o especial, resultado de una alianza con Universal City Studios LLC., inspirado en la adaptaci\u00f3n cinematogr\u00e1fica del musical de Broadway, Wicked. Volaris se enorgullece de ser la [&hellip;]\" \/>\n<meta name=\"twitter:image\" content=\"https:\/\/nitu.mx\/wp-content\/uploads\/2024\/11\/Volaris-Wicked.jpg\" \/>\n<meta name=\"twitter:creator\" content=\"@NITUmx\" \/>\n<meta name=\"twitter:site\" content=\"@Arturo_Medina_G\" \/>\n<meta name=\"twitter:label1\" content=\"Escrito por\" \/>\n\t<meta name=\"twitter:data1\" content=\"Alejandra Moncisbays\" \/>\n\t<meta name=\"twitter:label2\" content=\"Tiempo de lectura\" \/>\n\t<meta name=\"twitter:data2\" content=\"2 minutos\" \/>\n<script type=\"application\/ld+json\" class=\"yoast-schema-graph\">{\"@context\":\"https:\/\/schema.org\",\"@graph\":[{\"@type\":\"Article\",\"@id\":\"https:\/\/nitu.mx\/index.php\/2024\/11\/07\/volaris-lleva-la-magia-de-wicked-a-los-cielos\/#article\",\"isPartOf\":{\"@id\":\"https:\/\/nitu.mx\/index.php\/2024\/11\/07\/volaris-lleva-la-magia-de-wicked-a-los-cielos\/\"},\"author\":{\"name\":\"Alejandra Moncisbays\",\"@id\":\"https:\/\/nitu.mx\/#\/schema\/person\/2ecd887b19dfd3382d1f14fc5acf24a8\"},\"headline\":\"Volaris lleva la magia de Wicked a los cielos\",\"datePublished\":\"2024-11-08T03:14:22+00:00\",\"dateModified\":\"2024-11-08T03:14:23+00:00\",\"mainEntityOfPage\":{\"@id\":\"https:\/\/nitu.mx\/index.php\/2024\/11\/07\/volaris-lleva-la-magia-de-wicked-a-los-cielos\/\"},\"wordCount\":383,\"commentCount\":0,\"publisher\":{\"@id\":\"https:\/\/nitu.mx\/#\/schema\/person\/ae7a53426417292d3dd07b45a33e01bc\"},\"image\":{\"@id\":\"https:\/\/nitu.mx\/index.php\/2024\/11\/07\/volaris-lleva-la-magia-de-wicked-a-los-cielos\/#primaryimage\"},\"thumbnailUrl\":\"https:\/\/nitu.mx\/wp-content\/uploads\/2024\/11\/Volaris-Wicked.jpg\",\"keywords\":[\"aerol\u00ednea mexicana\",\"Universal City Studios LLC\",\"Volaris\",\"Wicked\"],\"articleSection\":[\"Aerol\u00edneas\",\"Marketing\"],\"inLanguage\":\"es-MX\",\"potentialAction\":[{\"@type\":\"CommentAction\",\"name\":\"Comment\",\"target\":[\"https:\/\/nitu.mx\/index.php\/2024\/11\/07\/volaris-lleva-la-magia-de-wicked-a-los-cielos\/#respond\"]}]},{\"@type\":\"WebPage\",\"@id\":\"https:\/\/nitu.mx\/index.php\/2024\/11\/07\/volaris-lleva-la-magia-de-wicked-a-los-cielos\/\",\"url\":\"https:\/\/nitu.mx\/index.php\/2024\/11\/07\/volaris-lleva-la-magia-de-wicked-a-los-cielos\/\",\"name\":\"Volaris lleva la magia de Wicked a los cielos - Nitu - Noticias de la Industria Turistica\",\"isPartOf\":{\"@id\":\"https:\/\/nitu.mx\/#website\"},\"primaryImageOfPage\":{\"@id\":\"https:\/\/nitu.mx\/index.php\/2024\/11\/07\/volaris-lleva-la-magia-de-wicked-a-los-cielos\/#primaryimage\"},\"image\":{\"@id\":\"https:\/\/nitu.mx\/index.php\/2024\/11\/07\/volaris-lleva-la-magia-de-wicked-a-los-cielos\/#primaryimage\"},\"thumbnailUrl\":\"https:\/\/nitu.mx\/wp-content\/uploads\/2024\/11\/Volaris-Wicked.jpg\",\"datePublished\":\"2024-11-08T03:14:22+00:00\",\"dateModified\":\"2024-11-08T03:14:23+00:00\",\"breadcrumb\":{\"@id\":\"https:\/\/nitu.mx\/index.php\/2024\/11\/07\/volaris-lleva-la-magia-de-wicked-a-los-cielos\/#breadcrumb\"},\"inLanguage\":\"es-MX\",\"potentialAction\":[{\"@type\":\"ReadAction\",\"target\":[\"https:\/\/nitu.mx\/index.php\/2024\/11\/07\/volaris-lleva-la-magia-de-wicked-a-los-cielos\/\"]}]},{\"@type\":\"ImageObject\",\"inLanguage\":\"es-MX\",\"@id\":\"https:\/\/nitu.mx\/index.php\/2024\/11\/07\/volaris-lleva-la-magia-de-wicked-a-los-cielos\/#primaryimage\",\"url\":\"https:\/\/nitu.mx\/wp-content\/uploads\/2024\/11\/Volaris-Wicked.jpg\",\"contentUrl\":\"https:\/\/nitu.mx\/wp-content\/uploads\/2024\/11\/Volaris-Wicked.jpg\",\"width\":1200,\"height\":675,\"caption\":\"Volaris Wicked\"},{\"@type\":\"BreadcrumbList\",\"@id\":\"https:\/\/nitu.mx\/index.php\/2024\/11\/07\/volaris-lleva-la-magia-de-wicked-a-los-cielos\/#breadcrumb\",\"itemListElement\":[{\"@type\":\"ListItem\",\"position\":1,\"name\":\"Inicio\",\"item\":\"https:\/\/nitu.mx\/\"},{\"@type\":\"ListItem\",\"position\":2,\"name\":\"Volaris lleva la magia de Wicked a los cielos\"}]},{\"@type\":\"WebSite\",\"@id\":\"https:\/\/nitu.mx\/#website\",\"url\":\"https:\/\/nitu.mx\/\",\"name\":\"Nitu - Noticias de la Industria Turistica\",\"description\":\"Noticias de la Industria Turistica\",\"publisher\":{\"@id\":\"https:\/\/nitu.mx\/#\/schema\/person\/ae7a53426417292d3dd07b45a33e01bc\"},\"alternateName\":\"Noticias de la Industria Turistica\",\"potentialAction\":[{\"@type\":\"SearchAction\",\"target\":{\"@type\":\"EntryPoint\",\"urlTemplate\":\"https:\/\/nitu.mx\/?s={search_term_string}\"},\"query-input\":\"required name=search_term_string\"}],\"inLanguage\":\"es-MX\"},{\"@type\":[\"Person\",\"Organization\"],\"@id\":\"https:\/\/nitu.mx\/#\/schema\/person\/ae7a53426417292d3dd07b45a33e01bc\",\"name\":\"Arturo Medina\",\"image\":{\"@type\":\"ImageObject\",\"inLanguage\":\"es-MX\",\"@id\":\"https:\/\/nitu.mx\/#\/schema\/person\/image\/\",\"url\":\"https:\/\/nitu.mx\/wp-content\/uploads\/2024\/04\/4A315622-1904-4D5C-B022-878CDC840E04-90x90-1.jpeg\",\"contentUrl\":\"https:\/\/nitu.mx\/wp-content\/uploads\/2024\/04\/4A315622-1904-4D5C-B022-878CDC840E04-90x90-1.jpeg\",\"width\":90,\"height\":90,\"caption\":\"Arturo Medina\"},\"logo\":{\"@id\":\"https:\/\/nitu.mx\/#\/schema\/person\/image\/\"},\"description\":\"Director NITU.mx, Egresado de la Escuela de Periodismo Carlos Septi\u00e9n Garc\u00eda. Periodista y analista especializado en turismo desde hace 35 a\u00f1os, radicado en Canc\u00fan Q.Roo. arturo@nitu.mx\",\"sameAs\":[\"https:\/\/nitu.mx\",\"https:\/\/www.facebook.com\/NITUmx\/\",\"medinacancun\",\"https:\/\/twitter.com\/@Arturo_Medina_G\"]},{\"@type\":\"Person\",\"@id\":\"https:\/\/nitu.mx\/#\/schema\/person\/2ecd887b19dfd3382d1f14fc5acf24a8\",\"name\":\"Alejandra Moncisbays\",\"image\":{\"@type\":\"ImageObject\",\"inLanguage\":\"es-MX\",\"@id\":\"https:\/\/nitu.mx\/#\/schema\/person\/image\/\",\"url\":\"https:\/\/secure.gravatar.com\/avatar\/e74f7af0be172b7804dacfd0bfbef787?s=96&d=mm&r=g\",\"contentUrl\":\"https:\/\/secure.gravatar.com\/avatar\/e74f7af0be172b7804dacfd0bfbef787?s=96&d=mm&r=g\",\"caption\":\"Alejandra Moncisbays\"},\"description\":\"Curs\u00e9 la carrera de Periodismo y Comunicaci\u00f3n en la Facultad de Estudios Profesionales Acatl\u00e1n. Vivo en Canc\u00fan desde hace 24 a\u00f1os. Fui reportera de La Tarde de Canc\u00fan, y Novedades de Quintana Roo, colabor\u00e9 en TVCUN, edit\u00e9 Cancun\u00edssimo y colabor\u00e9 en las revistas Latitud21, entre otras, con principal enfoque en los sectores empresarial y tur\u00edstico. Desde hace varios a\u00f1os soy Agente de Seguros con c\u00e9dula de la Comisi\u00f3n Nacional de Seguros y Fianzas. Actualmente, me desarrollo en los \u00e1mbitos del periodismo y el sector asegurador.\",\"sameAs\":[\"https:\/\/nitu.mx\"],\"url\":\"https:\/\/nitu.mx\/index.php\/author\/alejandra\/\"}]}<\/script>\n<!-- \/ Yoast SEO plugin. -->","yoast_head_json":{"title":"Volaris lleva la magia de Wicked a los cielos - Nitu - Noticias de la Industria Turistica","robots":{"index":"index","follow":"follow","max-snippet":"max-snippet:-1","max-image-preview":"max-image-preview:large","max-video-preview":"max-video-preview:-1"},"canonical":"https:\/\/nitu.mx\/index.php\/2024\/11\/07\/volaris-lleva-la-magia-de-wicked-a-los-cielos\/","twitter_card":"summary_large_image","twitter_title":"Volaris lleva la magia de Wicked a los cielos - Nitu - Noticias de la Industria Turistica","twitter_description":"Volaris, la aerol\u00ednea mexicana que opera en M\u00e9xico, Estados Unidos, Centro y Sudam\u00e9rica, presenta el nuevo livery que adorna el fuselaje de uno de sus aviones con este dise\u00f1o especial, resultado de una alianza con Universal City Studios LLC., inspirado en la adaptaci\u00f3n cinematogr\u00e1fica del musical de Broadway, Wicked. Volaris se enorgullece de ser la [&hellip;]","twitter_image":"https:\/\/nitu.mx\/wp-content\/uploads\/2024\/11\/Volaris-Wicked.jpg","twitter_creator":"@NITUmx","twitter_site":"@Arturo_Medina_G","twitter_misc":{"Escrito por":"Alejandra Moncisbays","Tiempo de lectura":"2 minutos"},"schema":{"@context":"https:\/\/schema.org","@graph":[{"@type":"Article","@id":"https:\/\/nitu.mx\/index.php\/2024\/11\/07\/volaris-lleva-la-magia-de-wicked-a-los-cielos\/#article","isPartOf":{"@id":"https:\/\/nitu.mx\/index.php\/2024\/11\/07\/volaris-lleva-la-magia-de-wicked-a-los-cielos\/"},"author":{"name":"Alejandra Moncisbays","@id":"https:\/\/nitu.mx\/#\/schema\/person\/2ecd887b19dfd3382d1f14fc5acf24a8"},"headline":"Volaris lleva la magia de Wicked a los cielos","datePublished":"2024-11-08T03:14:22+00:00","dateModified":"2024-11-08T03:14:23+00:00","mainEntityOfPage":{"@id":"https:\/\/nitu.mx\/index.php\/2024\/11\/07\/volaris-lleva-la-magia-de-wicked-a-los-cielos\/"},"wordCount":383,"commentCount":0,"publisher":{"@id":"https:\/\/nitu.mx\/#\/schema\/person\/ae7a53426417292d3dd07b45a33e01bc"},"image":{"@id":"https:\/\/nitu.mx\/index.php\/2024\/11\/07\/volaris-lleva-la-magia-de-wicked-a-los-cielos\/#primaryimage"},"thumbnailUrl":"https:\/\/nitu.mx\/wp-content\/uploads\/2024\/11\/Volaris-Wicked.jpg","keywords":["aerol\u00ednea mexicana","Universal City Studios LLC","Volaris","Wicked"],"articleSection":["Aerol\u00edneas","Marketing"],"inLanguage":"es-MX","potentialAction":[{"@type":"CommentAction","name":"Comment","target":["https:\/\/nitu.mx\/index.php\/2024\/11\/07\/volaris-lleva-la-magia-de-wicked-a-los-cielos\/#respond"]}]},{"@type":"WebPage","@id":"https:\/\/nitu.mx\/index.php\/2024\/11\/07\/volaris-lleva-la-magia-de-wicked-a-los-cielos\/","url":"https:\/\/nitu.mx\/index.php\/2024\/11\/07\/volaris-lleva-la-magia-de-wicked-a-los-cielos\/","name":"Volaris lleva la magia de Wicked a los cielos - Nitu - Noticias de la Industria Turistica","isPartOf":{"@id":"https:\/\/nitu.mx\/#website"},"primaryImageOfPage":{"@id":"https:\/\/nitu.mx\/index.php\/2024\/11\/07\/volaris-lleva-la-magia-de-wicked-a-los-cielos\/#primaryimage"},"image":{"@id":"https:\/\/nitu.mx\/index.php\/2024\/11\/07\/volaris-lleva-la-magia-de-wicked-a-los-cielos\/#primaryimage"},"thumbnailUrl":"https:\/\/nitu.mx\/wp-content\/uploads\/2024\/11\/Volaris-Wicked.jpg","datePublished":"2024-11-08T03:14:22+00:00","dateModified":"2024-11-08T03:14:23+00:00","breadcrumb":{"@id":"https:\/\/nitu.mx\/index.php\/2024\/11\/07\/volaris-lleva-la-magia-de-wicked-a-los-cielos\/#breadcrumb"},"inLanguage":"es-MX","potentialAction":[{"@type":"ReadAction","target":["https:\/\/nitu.mx\/index.php\/2024\/11\/07\/volaris-lleva-la-magia-de-wicked-a-los-cielos\/"]}]},{"@type":"ImageObject","inLanguage":"es-MX","@id":"https:\/\/nitu.mx\/index.php\/2024\/11\/07\/volaris-lleva-la-magia-de-wicked-a-los-cielos\/#primaryimage","url":"https:\/\/nitu.mx\/wp-content\/uploads\/2024\/11\/Volaris-Wicked.jpg","contentUrl":"https:\/\/nitu.mx\/wp-content\/uploads\/2024\/11\/Volaris-Wicked.jpg","width":1200,"height":675,"caption":"Volaris Wicked"},{"@type":"BreadcrumbList","@id":"https:\/\/nitu.mx\/index.php\/2024\/11\/07\/volaris-lleva-la-magia-de-wicked-a-los-cielos\/#breadcrumb","itemListElement":[{"@type":"ListItem","position":1,"name":"Inicio","item":"https:\/\/nitu.mx\/"},{"@type":"ListItem","position":2,"name":"Volaris lleva la magia de Wicked a los cielos"}]},{"@type":"WebSite","@id":"https:\/\/nitu.mx\/#website","url":"https:\/\/nitu.mx\/","name":"Nitu - Noticias de la Industria Turistica","description":"Noticias de la Industria Turistica","publisher":{"@id":"https:\/\/nitu.mx\/#\/schema\/person\/ae7a53426417292d3dd07b45a33e01bc"},"alternateName":"Noticias de la Industria Turistica","potentialAction":[{"@type":"SearchAction","target":{"@type":"EntryPoint","urlTemplate":"https:\/\/nitu.mx\/?s={search_term_string}"},"query-input":"required name=search_term_string"}],"inLanguage":"es-MX"},{"@type":["Person","Organization"],"@id":"https:\/\/nitu.mx\/#\/schema\/person\/ae7a53426417292d3dd07b45a33e01bc","name":"Arturo Medina","image":{"@type":"ImageObject","inLanguage":"es-MX","@id":"https:\/\/nitu.mx\/#\/schema\/person\/image\/","url":"https:\/\/nitu.mx\/wp-content\/uploads\/2024\/04\/4A315622-1904-4D5C-B022-878CDC840E04-90x90-1.jpeg","contentUrl":"https:\/\/nitu.mx\/wp-content\/uploads\/2024\/04\/4A315622-1904-4D5C-B022-878CDC840E04-90x90-1.jpeg","width":90,"height":90,"caption":"Arturo Medina"},"logo":{"@id":"https:\/\/nitu.mx\/#\/schema\/person\/image\/"},"description":"Director NITU.mx, Egresado de la Escuela de Periodismo Carlos Septi\u00e9n Garc\u00eda. Periodista y analista especializado en turismo desde hace 35 a\u00f1os, radicado en Canc\u00fan Q.Roo. arturo@nitu.mx","sameAs":["https:\/\/nitu.mx","https:\/\/www.facebook.com\/NITUmx\/","medinacancun","https:\/\/twitter.com\/@Arturo_Medina_G"]},{"@type":"Person","@id":"https:\/\/nitu.mx\/#\/schema\/person\/2ecd887b19dfd3382d1f14fc5acf24a8","name":"Alejandra Moncisbays","image":{"@type":"ImageObject","inLanguage":"es-MX","@id":"https:\/\/nitu.mx\/#\/schema\/person\/image\/","url":"https:\/\/secure.gravatar.com\/avatar\/e74f7af0be172b7804dacfd0bfbef787?s=96&d=mm&r=g","contentUrl":"https:\/\/secure.gravatar.com\/avatar\/e74f7af0be172b7804dacfd0bfbef787?s=96&d=mm&r=g","caption":"Alejandra Moncisbays"},"description":"Curs\u00e9 la carrera de Periodismo y Comunicaci\u00f3n en la Facultad de Estudios Profesionales Acatl\u00e1n. Vivo en Canc\u00fan desde hace 24 a\u00f1os. Fui reportera de La Tarde de Canc\u00fan, y Novedades de Quintana Roo, colabor\u00e9 en TVCUN, edit\u00e9 Cancun\u00edssimo y colabor\u00e9 en las revistas Latitud21, entre otras, con principal enfoque en los sectores empresarial y tur\u00edstico. Desde hace varios a\u00f1os soy Agente de Seguros con c\u00e9dula de la Comisi\u00f3n Nacional de Seguros y Fianzas. Actualmente, me desarrollo en los \u00e1mbitos del periodismo y el sector asegurador.","sameAs":["https:\/\/nitu.mx"],"url":"https:\/\/nitu.mx\/index.php\/author\/alejandra\/"}]}},"views":655,"_links":{"self":[{"href":"https:\/\/nitu.mx\/index.php\/wp-json\/wp\/v2\/posts\/76606"}],"collection":[{"href":"https:\/\/nitu.mx\/index.php\/wp-json\/wp\/v2\/posts"}],"about":[{"href":"https:\/\/nitu.mx\/index.php\/wp-json\/wp\/v2\/types\/post"}],"author":[{"embeddable":true,"href":"https:\/\/nitu.mx\/index.php\/wp-json\/wp\/v2\/users\/3"}],"replies":[{"embeddable":true,"href":"https:\/\/nitu.mx\/index.php\/wp-json\/wp\/v2\/comments?post=76606"}],"version-history":[{"count":2,"href":"https:\/\/nitu.mx\/index.php\/wp-json\/wp\/v2\/posts\/76606\/revisions"}],"predecessor-version":[{"id":76619,"href":"https:\/\/nitu.mx\/index.php\/wp-json\/wp\/v2\/posts\/76606\/revisions\/76619"}],"wp:featuredmedia":[{"embeddable":true,"href":"https:\/\/nitu.mx\/index.php\/wp-json\/wp\/v2\/media\/76618"}],"wp:attachment":[{"href":"https:\/\/nitu.mx\/index.php\/wp-json\/wp\/v2\/media?parent=76606"}],"wp:term":[{"taxonomy":"category","embeddable":true,"href":"https:\/\/nitu.mx\/index.php\/wp-json\/wp\/v2\/categories?post=76606"},{"taxonomy":"post_tag","embeddable":true,"href":"https:\/\/nitu.mx\/index.php\/wp-json\/wp\/v2\/tags?post=76606"}],"curies":[{"name":"wp","href":"https:\/\/api.w.org\/{rel}","templated":true}]}}