{"id":76502,"date":"2024-11-06T00:51:05","date_gmt":"2024-11-06T06:51:05","guid":{"rendered":"https:\/\/nitu.mx\/?p=76502"},"modified":"2024-11-06T00:51:07","modified_gmt":"2024-11-06T06:51:07","slug":"tormenta-rafael-su-evolucion-a-huracan-y-su-impacto-esperado-en-mexico","status":"publish","type":"post","link":"https:\/\/nitu.mx\/index.php\/2024\/11\/06\/tormenta-rafael-su-evolucion-a-huracan-y-su-impacto-esperado-en-mexico\/","title":{"rendered":"Tormenta Rafael: Su evoluci\u00f3n a hurac\u00e1n y su impacto esperado en M\u00e9xico"},"content":{"rendered":"<p>El mes de noviembre ha iniciado con actividad clim\u00e1tica significativa en el Caribe. La tormenta tropical Rafael, que se ha estado desarrollando en los \u00faltimos d\u00edas, se transformar\u00e1 en hurac\u00e1n de categor\u00eda 1 en las pr\u00f3ximas 24 horas, seg\u00fan el Servicio Meteorol\u00f3gico Nacional (SMN). Sin embargo, hasta ahora, su trayectoria no implica una amenaza directa para M\u00e9xico.<\/p>\n<p>\u00bfCu\u00e1ndo se convertir\u00e1 Rafael en hurac\u00e1n?<br \/>\nEl SMN ha reportado que Rafael, con centro ubicado a 170 km de Kingston, Jamaica, y aproximadamente a 1,030 km al este-sureste de Punta Herrero, Quintana Roo, se convertir\u00e1 en hurac\u00e1n de categor\u00eda 1 durante la madrugada del mi\u00e9rcoles 6 de noviembre. Los efectos actuales de la tormenta incluyen vientos sostenidos de 95 km\/h y rachas de hasta 110 km\/h, desplaz\u00e1ndose al noreste a una velocidad de 20 km\/h.<\/p>\n<p>\u00bfHabr\u00e1 impacto en M\u00e9xico?<br \/>\nDebido a su ubicaci\u00f3n y trayectoria actual, Rafael no representa riesgo para el territorio mexicano en este momento. No obstante, el SMN ha recomendado mantenerse informado, ya que las condiciones clim\u00e1ticas en el Caribe pueden cambiar. (<a href=\"https:\/\/nitu.mx\/index.php\/2024\/09\/25\/caribe-mexicano-vuelos-cancelados-y-suspension-de-clases-por-tormenta-tropical-helene\/\">Caribe Mexicano: vuelos cancelados y suspensi\u00f3n de clases por tormenta tropical Helene<\/a>).<\/p>\n","protected":false},"excerpt":{"rendered":"<p>El mes de noviembre ha iniciado con actividad clim\u00e1tica significativa en el Caribe. La tormenta tropical Rafael, que se ha estado desarrollando en los \u00faltimos d\u00edas, se transformar\u00e1 en hurac\u00e1n de categor\u00eda 1 en las pr\u00f3ximas 24 horas, seg\u00fan el Servicio Meteorol\u00f3gico Nacional (SMN). Sin embargo, hasta ahora, su trayectoria no implica una amenaza directa [&hellip;]<\/p>\n","protected":false},"author":3,"featured_media":12005,"comment_status":"open","ping_status":"open","sticky":false,"template":"","format":"standard","meta":{"footnotes":""},"categories":[23427,6],"tags":[83,128,8270,68,26194,26410],"yoast_head":"<!-- This site is optimized with the Yoast SEO plugin v22.2 - https:\/\/yoast.com\/wordpress\/plugins\/seo\/ -->\n<title>Tormenta Rafael: Su evoluci\u00f3n a hurac\u00e1n y su impacto esperado en M\u00e9xico - Nitu - Noticias de la Industria Turistica<\/title>\n<meta name=\"robots\" content=\"index, follow, max-snippet:-1, max-image-preview:large, max-video-preview:-1\" \/>\n<link rel=\"canonical\" href=\"https:\/\/nitu.mx\/index.php\/2024\/11\/06\/tormenta-rafael-su-evolucion-a-huracan-y-su-impacto-esperado-en-mexico\/\" \/>\n<meta name=\"twitter:card\" content=\"summary_large_image\" \/>\n<meta name=\"twitter:title\" content=\"Tormenta Rafael: Su evoluci\u00f3n a hurac\u00e1n y su impacto esperado en M\u00e9xico - Nitu - Noticias de la Industria Turistica\" \/>\n<meta name=\"twitter:description\" content=\"El mes de noviembre ha iniciado con actividad clim\u00e1tica significativa en el Caribe. La tormenta tropical Rafael, que se ha estado desarrollando en los \u00faltimos d\u00edas, se transformar\u00e1 en hurac\u00e1n de categor\u00eda 1 en las pr\u00f3ximas 24 horas, seg\u00fan el Servicio Meteorol\u00f3gico Nacional (SMN). Sin embargo, hasta ahora, su trayectoria no implica una amenaza directa [&hellip;]\" \/>\n<meta name=\"twitter:image\" content=\"https:\/\/nitu.mx\/wp-content\/uploads\/2017\/08\/Tormenta-tropical-Caribe.jpg\" \/>\n<meta name=\"twitter:creator\" content=\"@NITUmx\" \/>\n<meta name=\"twitter:site\" content=\"@Arturo_Medina_G\" \/>\n<meta name=\"twitter:label1\" content=\"Escrito por\" \/>\n\t<meta name=\"twitter:data1\" content=\"Alejandra Moncisbays\" \/>\n\t<meta name=\"twitter:label2\" content=\"Tiempo de lectura\" \/>\n\t<meta name=\"twitter:data2\" content=\"1 minuto\" \/>\n<script type=\"application\/ld+json\" class=\"yoast-schema-graph\">{\"@context\":\"https:\/\/schema.org\",\"@graph\":[{\"@type\":\"Article\",\"@id\":\"https:\/\/nitu.mx\/index.php\/2024\/11\/06\/tormenta-rafael-su-evolucion-a-huracan-y-su-impacto-esperado-en-mexico\/#article\",\"isPartOf\":{\"@id\":\"https:\/\/nitu.mx\/index.php\/2024\/11\/06\/tormenta-rafael-su-evolucion-a-huracan-y-su-impacto-esperado-en-mexico\/\"},\"author\":{\"name\":\"Alejandra Moncisbays\",\"@id\":\"https:\/\/nitu.mx\/#\/schema\/person\/2ecd887b19dfd3382d1f14fc5acf24a8\"},\"headline\":\"Tormenta Rafael: Su evoluci\u00f3n a hurac\u00e1n y su impacto esperado en M\u00e9xico\",\"datePublished\":\"2024-11-06T06:51:05+00:00\",\"dateModified\":\"2024-11-06T06:51:07+00:00\",\"mainEntityOfPage\":{\"@id\":\"https:\/\/nitu.mx\/index.php\/2024\/11\/06\/tormenta-rafael-su-evolucion-a-huracan-y-su-impacto-esperado-en-mexico\/\"},\"wordCount\":211,\"commentCount\":0,\"publisher\":{\"@id\":\"https:\/\/nitu.mx\/#\/schema\/person\/ae7a53426417292d3dd07b45a33e01bc\"},\"image\":{\"@id\":\"https:\/\/nitu.mx\/index.php\/2024\/11\/06\/tormenta-rafael-su-evolucion-a-huracan-y-su-impacto-esperado-en-mexico\/#primaryimage\"},\"thumbnailUrl\":\"https:\/\/nitu.mx\/wp-content\/uploads\/2017\/08\/Tormenta-tropical-Caribe.jpg\",\"keywords\":[\"Caribe mexicano\",\"hurac\u00e1n\",\"impacto\",\"M\u00e9xico\",\"SMN\",\"Tormenta Rafael\"],\"articleSection\":[\"Medio Ambiente\",\"M\u00e9xico\"],\"inLanguage\":\"es-MX\",\"potentialAction\":[{\"@type\":\"CommentAction\",\"name\":\"Comment\",\"target\":[\"https:\/\/nitu.mx\/index.php\/2024\/11\/06\/tormenta-rafael-su-evolucion-a-huracan-y-su-impacto-esperado-en-mexico\/#respond\"]}]},{\"@type\":\"WebPage\",\"@id\":\"https:\/\/nitu.mx\/index.php\/2024\/11\/06\/tormenta-rafael-su-evolucion-a-huracan-y-su-impacto-esperado-en-mexico\/\",\"url\":\"https:\/\/nitu.mx\/index.php\/2024\/11\/06\/tormenta-rafael-su-evolucion-a-huracan-y-su-impacto-esperado-en-mexico\/\",\"name\":\"Tormenta Rafael: Su evoluci\u00f3n a hurac\u00e1n y su impacto esperado en M\u00e9xico - Nitu - Noticias de la Industria Turistica\",\"isPartOf\":{\"@id\":\"https:\/\/nitu.mx\/#website\"},\"primaryImageOfPage\":{\"@id\":\"https:\/\/nitu.mx\/index.php\/2024\/11\/06\/tormenta-rafael-su-evolucion-a-huracan-y-su-impacto-esperado-en-mexico\/#primaryimage\"},\"image\":{\"@id\":\"https:\/\/nitu.mx\/index.php\/2024\/11\/06\/tormenta-rafael-su-evolucion-a-huracan-y-su-impacto-esperado-en-mexico\/#primaryimage\"},\"thumbnailUrl\":\"https:\/\/nitu.mx\/wp-content\/uploads\/2017\/08\/Tormenta-tropical-Caribe.jpg\",\"datePublished\":\"2024-11-06T06:51:05+00:00\",\"dateModified\":\"2024-11-06T06:51:07+00:00\",\"breadcrumb\":{\"@id\":\"https:\/\/nitu.mx\/index.php\/2024\/11\/06\/tormenta-rafael-su-evolucion-a-huracan-y-su-impacto-esperado-en-mexico\/#breadcrumb\"},\"inLanguage\":\"es-MX\",\"potentialAction\":[{\"@type\":\"ReadAction\",\"target\":[\"https:\/\/nitu.mx\/index.php\/2024\/11\/06\/tormenta-rafael-su-evolucion-a-huracan-y-su-impacto-esperado-en-mexico\/\"]}]},{\"@type\":\"ImageObject\",\"inLanguage\":\"es-MX\",\"@id\":\"https:\/\/nitu.mx\/index.php\/2024\/11\/06\/tormenta-rafael-su-evolucion-a-huracan-y-su-impacto-esperado-en-mexico\/#primaryimage\",\"url\":\"https:\/\/nitu.mx\/wp-content\/uploads\/2017\/08\/Tormenta-tropical-Caribe.jpg\",\"contentUrl\":\"https:\/\/nitu.mx\/wp-content\/uploads\/2017\/08\/Tormenta-tropical-Caribe.jpg\",\"width\":850,\"height\":480,\"caption\":\"Tormenta tropical\"},{\"@type\":\"BreadcrumbList\",\"@id\":\"https:\/\/nitu.mx\/index.php\/2024\/11\/06\/tormenta-rafael-su-evolucion-a-huracan-y-su-impacto-esperado-en-mexico\/#breadcrumb\",\"itemListElement\":[{\"@type\":\"ListItem\",\"position\":1,\"name\":\"Inicio\",\"item\":\"https:\/\/nitu.mx\/\"},{\"@type\":\"ListItem\",\"position\":2,\"name\":\"Tormenta Rafael: Su evoluci\u00f3n a hurac\u00e1n y su impacto esperado en M\u00e9xico\"}]},{\"@type\":\"WebSite\",\"@id\":\"https:\/\/nitu.mx\/#website\",\"url\":\"https:\/\/nitu.mx\/\",\"name\":\"Nitu - Noticias de la Industria Turistica\",\"description\":\"Noticias de la Industria Turistica\",\"publisher\":{\"@id\":\"https:\/\/nitu.mx\/#\/schema\/person\/ae7a53426417292d3dd07b45a33e01bc\"},\"alternateName\":\"Noticias de la Industria Turistica\",\"potentialAction\":[{\"@type\":\"SearchAction\",\"target\":{\"@type\":\"EntryPoint\",\"urlTemplate\":\"https:\/\/nitu.mx\/?s={search_term_string}\"},\"query-input\":\"required name=search_term_string\"}],\"inLanguage\":\"es-MX\"},{\"@type\":[\"Person\",\"Organization\"],\"@id\":\"https:\/\/nitu.mx\/#\/schema\/person\/ae7a53426417292d3dd07b45a33e01bc\",\"name\":\"Arturo Medina\",\"image\":{\"@type\":\"ImageObject\",\"inLanguage\":\"es-MX\",\"@id\":\"https:\/\/nitu.mx\/#\/schema\/person\/image\/\",\"url\":\"https:\/\/nitu.mx\/wp-content\/uploads\/2024\/04\/4A315622-1904-4D5C-B022-878CDC840E04-90x90-1.jpeg\",\"contentUrl\":\"https:\/\/nitu.mx\/wp-content\/uploads\/2024\/04\/4A315622-1904-4D5C-B022-878CDC840E04-90x90-1.jpeg\",\"width\":90,\"height\":90,\"caption\":\"Arturo Medina\"},\"logo\":{\"@id\":\"https:\/\/nitu.mx\/#\/schema\/person\/image\/\"},\"description\":\"Director NITU.mx, Egresado de la Escuela de Periodismo Carlos Septi\u00e9n Garc\u00eda. Periodista y analista especializado en turismo desde hace 35 a\u00f1os, radicado en Canc\u00fan Q.Roo. arturo@nitu.mx\",\"sameAs\":[\"https:\/\/nitu.mx\",\"https:\/\/www.facebook.com\/NITUmx\/\",\"medinacancun\",\"https:\/\/twitter.com\/@Arturo_Medina_G\"]},{\"@type\":\"Person\",\"@id\":\"https:\/\/nitu.mx\/#\/schema\/person\/2ecd887b19dfd3382d1f14fc5acf24a8\",\"name\":\"Alejandra Moncisbays\",\"image\":{\"@type\":\"ImageObject\",\"inLanguage\":\"es-MX\",\"@id\":\"https:\/\/nitu.mx\/#\/schema\/person\/image\/\",\"url\":\"https:\/\/secure.gravatar.com\/avatar\/e74f7af0be172b7804dacfd0bfbef787?s=96&d=mm&r=g\",\"contentUrl\":\"https:\/\/secure.gravatar.com\/avatar\/e74f7af0be172b7804dacfd0bfbef787?s=96&d=mm&r=g\",\"caption\":\"Alejandra Moncisbays\"},\"description\":\"Curs\u00e9 la carrera de Periodismo y Comunicaci\u00f3n en la Facultad de Estudios Profesionales Acatl\u00e1n. Vivo en Canc\u00fan desde hace 24 a\u00f1os. Fui reportera de La Tarde de Canc\u00fan, y Novedades de Quintana Roo, colabor\u00e9 en TVCUN, edit\u00e9 Cancun\u00edssimo y colabor\u00e9 en las revistas Latitud21, entre otras, con principal enfoque en los sectores empresarial y tur\u00edstico. Desde hace varios a\u00f1os soy Agente de Seguros con c\u00e9dula de la Comisi\u00f3n Nacional de Seguros y Fianzas. Actualmente, me desarrollo en los \u00e1mbitos del periodismo y el sector asegurador.\",\"sameAs\":[\"https:\/\/nitu.mx\"],\"url\":\"https:\/\/nitu.mx\/index.php\/author\/alejandra\/\"}]}<\/script>\n<!-- \/ Yoast SEO plugin. -->","yoast_head_json":{"title":"Tormenta Rafael: Su evoluci\u00f3n a hurac\u00e1n y su impacto esperado en M\u00e9xico - Nitu - Noticias de la Industria Turistica","robots":{"index":"index","follow":"follow","max-snippet":"max-snippet:-1","max-image-preview":"max-image-preview:large","max-video-preview":"max-video-preview:-1"},"canonical":"https:\/\/nitu.mx\/index.php\/2024\/11\/06\/tormenta-rafael-su-evolucion-a-huracan-y-su-impacto-esperado-en-mexico\/","twitter_card":"summary_large_image","twitter_title":"Tormenta Rafael: Su evoluci\u00f3n a hurac\u00e1n y su impacto esperado en M\u00e9xico - Nitu - Noticias de la Industria Turistica","twitter_description":"El mes de noviembre ha iniciado con actividad clim\u00e1tica significativa en el Caribe. La tormenta tropical Rafael, que se ha estado desarrollando en los \u00faltimos d\u00edas, se transformar\u00e1 en hurac\u00e1n de categor\u00eda 1 en las pr\u00f3ximas 24 horas, seg\u00fan el Servicio Meteorol\u00f3gico Nacional (SMN). Sin embargo, hasta ahora, su trayectoria no implica una amenaza directa [&hellip;]","twitter_image":"https:\/\/nitu.mx\/wp-content\/uploads\/2017\/08\/Tormenta-tropical-Caribe.jpg","twitter_creator":"@NITUmx","twitter_site":"@Arturo_Medina_G","twitter_misc":{"Escrito por":"Alejandra Moncisbays","Tiempo de lectura":"1 minuto"},"schema":{"@context":"https:\/\/schema.org","@graph":[{"@type":"Article","@id":"https:\/\/nitu.mx\/index.php\/2024\/11\/06\/tormenta-rafael-su-evolucion-a-huracan-y-su-impacto-esperado-en-mexico\/#article","isPartOf":{"@id":"https:\/\/nitu.mx\/index.php\/2024\/11\/06\/tormenta-rafael-su-evolucion-a-huracan-y-su-impacto-esperado-en-mexico\/"},"author":{"name":"Alejandra Moncisbays","@id":"https:\/\/nitu.mx\/#\/schema\/person\/2ecd887b19dfd3382d1f14fc5acf24a8"},"headline":"Tormenta Rafael: Su evoluci\u00f3n a hurac\u00e1n y su impacto esperado en M\u00e9xico","datePublished":"2024-11-06T06:51:05+00:00","dateModified":"2024-11-06T06:51:07+00:00","mainEntityOfPage":{"@id":"https:\/\/nitu.mx\/index.php\/2024\/11\/06\/tormenta-rafael-su-evolucion-a-huracan-y-su-impacto-esperado-en-mexico\/"},"wordCount":211,"commentCount":0,"publisher":{"@id":"https:\/\/nitu.mx\/#\/schema\/person\/ae7a53426417292d3dd07b45a33e01bc"},"image":{"@id":"https:\/\/nitu.mx\/index.php\/2024\/11\/06\/tormenta-rafael-su-evolucion-a-huracan-y-su-impacto-esperado-en-mexico\/#primaryimage"},"thumbnailUrl":"https:\/\/nitu.mx\/wp-content\/uploads\/2017\/08\/Tormenta-tropical-Caribe.jpg","keywords":["Caribe mexicano","hurac\u00e1n","impacto","M\u00e9xico","SMN","Tormenta Rafael"],"articleSection":["Medio Ambiente","M\u00e9xico"],"inLanguage":"es-MX","potentialAction":[{"@type":"CommentAction","name":"Comment","target":["https:\/\/nitu.mx\/index.php\/2024\/11\/06\/tormenta-rafael-su-evolucion-a-huracan-y-su-impacto-esperado-en-mexico\/#respond"]}]},{"@type":"WebPage","@id":"https:\/\/nitu.mx\/index.php\/2024\/11\/06\/tormenta-rafael-su-evolucion-a-huracan-y-su-impacto-esperado-en-mexico\/","url":"https:\/\/nitu.mx\/index.php\/2024\/11\/06\/tormenta-rafael-su-evolucion-a-huracan-y-su-impacto-esperado-en-mexico\/","name":"Tormenta Rafael: Su evoluci\u00f3n a hurac\u00e1n y su impacto esperado en M\u00e9xico - Nitu - Noticias de la Industria Turistica","isPartOf":{"@id":"https:\/\/nitu.mx\/#website"},"primaryImageOfPage":{"@id":"https:\/\/nitu.mx\/index.php\/2024\/11\/06\/tormenta-rafael-su-evolucion-a-huracan-y-su-impacto-esperado-en-mexico\/#primaryimage"},"image":{"@id":"https:\/\/nitu.mx\/index.php\/2024\/11\/06\/tormenta-rafael-su-evolucion-a-huracan-y-su-impacto-esperado-en-mexico\/#primaryimage"},"thumbnailUrl":"https:\/\/nitu.mx\/wp-content\/uploads\/2017\/08\/Tormenta-tropical-Caribe.jpg","datePublished":"2024-11-06T06:51:05+00:00","dateModified":"2024-11-06T06:51:07+00:00","breadcrumb":{"@id":"https:\/\/nitu.mx\/index.php\/2024\/11\/06\/tormenta-rafael-su-evolucion-a-huracan-y-su-impacto-esperado-en-mexico\/#breadcrumb"},"inLanguage":"es-MX","potentialAction":[{"@type":"ReadAction","target":["https:\/\/nitu.mx\/index.php\/2024\/11\/06\/tormenta-rafael-su-evolucion-a-huracan-y-su-impacto-esperado-en-mexico\/"]}]},{"@type":"ImageObject","inLanguage":"es-MX","@id":"https:\/\/nitu.mx\/index.php\/2024\/11\/06\/tormenta-rafael-su-evolucion-a-huracan-y-su-impacto-esperado-en-mexico\/#primaryimage","url":"https:\/\/nitu.mx\/wp-content\/uploads\/2017\/08\/Tormenta-tropical-Caribe.jpg","contentUrl":"https:\/\/nitu.mx\/wp-content\/uploads\/2017\/08\/Tormenta-tropical-Caribe.jpg","width":850,"height":480,"caption":"Tormenta tropical"},{"@type":"BreadcrumbList","@id":"https:\/\/nitu.mx\/index.php\/2024\/11\/06\/tormenta-rafael-su-evolucion-a-huracan-y-su-impacto-esperado-en-mexico\/#breadcrumb","itemListElement":[{"@type":"ListItem","position":1,"name":"Inicio","item":"https:\/\/nitu.mx\/"},{"@type":"ListItem","position":2,"name":"Tormenta Rafael: Su evoluci\u00f3n a hurac\u00e1n y su impacto esperado en M\u00e9xico"}]},{"@type":"WebSite","@id":"https:\/\/nitu.mx\/#website","url":"https:\/\/nitu.mx\/","name":"Nitu - Noticias de la Industria Turistica","description":"Noticias de la Industria Turistica","publisher":{"@id":"https:\/\/nitu.mx\/#\/schema\/person\/ae7a53426417292d3dd07b45a33e01bc"},"alternateName":"Noticias de la Industria Turistica","potentialAction":[{"@type":"SearchAction","target":{"@type":"EntryPoint","urlTemplate":"https:\/\/nitu.mx\/?s={search_term_string}"},"query-input":"required name=search_term_string"}],"inLanguage":"es-MX"},{"@type":["Person","Organization"],"@id":"https:\/\/nitu.mx\/#\/schema\/person\/ae7a53426417292d3dd07b45a33e01bc","name":"Arturo Medina","image":{"@type":"ImageObject","inLanguage":"es-MX","@id":"https:\/\/nitu.mx\/#\/schema\/person\/image\/","url":"https:\/\/nitu.mx\/wp-content\/uploads\/2024\/04\/4A315622-1904-4D5C-B022-878CDC840E04-90x90-1.jpeg","contentUrl":"https:\/\/nitu.mx\/wp-content\/uploads\/2024\/04\/4A315622-1904-4D5C-B022-878CDC840E04-90x90-1.jpeg","width":90,"height":90,"caption":"Arturo Medina"},"logo":{"@id":"https:\/\/nitu.mx\/#\/schema\/person\/image\/"},"description":"Director NITU.mx, Egresado de la Escuela de Periodismo Carlos Septi\u00e9n Garc\u00eda. Periodista y analista especializado en turismo desde hace 35 a\u00f1os, radicado en Canc\u00fan Q.Roo. arturo@nitu.mx","sameAs":["https:\/\/nitu.mx","https:\/\/www.facebook.com\/NITUmx\/","medinacancun","https:\/\/twitter.com\/@Arturo_Medina_G"]},{"@type":"Person","@id":"https:\/\/nitu.mx\/#\/schema\/person\/2ecd887b19dfd3382d1f14fc5acf24a8","name":"Alejandra Moncisbays","image":{"@type":"ImageObject","inLanguage":"es-MX","@id":"https:\/\/nitu.mx\/#\/schema\/person\/image\/","url":"https:\/\/secure.gravatar.com\/avatar\/e74f7af0be172b7804dacfd0bfbef787?s=96&d=mm&r=g","contentUrl":"https:\/\/secure.gravatar.com\/avatar\/e74f7af0be172b7804dacfd0bfbef787?s=96&d=mm&r=g","caption":"Alejandra Moncisbays"},"description":"Curs\u00e9 la carrera de Periodismo y Comunicaci\u00f3n en la Facultad de Estudios Profesionales Acatl\u00e1n. Vivo en Canc\u00fan desde hace 24 a\u00f1os. Fui reportera de La Tarde de Canc\u00fan, y Novedades de Quintana Roo, colabor\u00e9 en TVCUN, edit\u00e9 Cancun\u00edssimo y colabor\u00e9 en las revistas Latitud21, entre otras, con principal enfoque en los sectores empresarial y tur\u00edstico. Desde hace varios a\u00f1os soy Agente de Seguros con c\u00e9dula de la Comisi\u00f3n Nacional de Seguros y Fianzas. Actualmente, me desarrollo en los \u00e1mbitos del periodismo y el sector asegurador.","sameAs":["https:\/\/nitu.mx"],"url":"https:\/\/nitu.mx\/index.php\/author\/alejandra\/"}]}},"views":762,"_links":{"self":[{"href":"https:\/\/nitu.mx\/index.php\/wp-json\/wp\/v2\/posts\/76502"}],"collection":[{"href":"https:\/\/nitu.mx\/index.php\/wp-json\/wp\/v2\/posts"}],"about":[{"href":"https:\/\/nitu.mx\/index.php\/wp-json\/wp\/v2\/types\/post"}],"author":[{"embeddable":true,"href":"https:\/\/nitu.mx\/index.php\/wp-json\/wp\/v2\/users\/3"}],"replies":[{"embeddable":true,"href":"https:\/\/nitu.mx\/index.php\/wp-json\/wp\/v2\/comments?post=76502"}],"version-history":[{"count":2,"href":"https:\/\/nitu.mx\/index.php\/wp-json\/wp\/v2\/posts\/76502\/revisions"}],"predecessor-version":[{"id":76538,"href":"https:\/\/nitu.mx\/index.php\/wp-json\/wp\/v2\/posts\/76502\/revisions\/76538"}],"wp:featuredmedia":[{"embeddable":true,"href":"https:\/\/nitu.mx\/index.php\/wp-json\/wp\/v2\/media\/12005"}],"wp:attachment":[{"href":"https:\/\/nitu.mx\/index.php\/wp-json\/wp\/v2\/media?parent=76502"}],"wp:term":[{"taxonomy":"category","embeddable":true,"href":"https:\/\/nitu.mx\/index.php\/wp-json\/wp\/v2\/categories?post=76502"},{"taxonomy":"post_tag","embeddable":true,"href":"https:\/\/nitu.mx\/index.php\/wp-json\/wp\/v2\/tags?post=76502"}],"curies":[{"name":"wp","href":"https:\/\/api.w.org\/{rel}","templated":true}]}}