{"id":76411,"date":"2024-11-04T00:02:50","date_gmt":"2024-11-04T06:02:50","guid":{"rendered":"https:\/\/nitu.mx\/?p=76411"},"modified":"2024-11-04T00:02:51","modified_gmt":"2024-11-04T06:02:51","slug":"caribe-mexicano-promocion-internacional-para-atraer-a-mas-visitantes-en-invierno","status":"publish","type":"post","link":"https:\/\/nitu.mx\/index.php\/2024\/11\/04\/caribe-mexicano-promocion-internacional-para-atraer-a-mas-visitantes-en-invierno\/","title":{"rendered":"Caribe Mexicano: Promoci\u00f3n internacional para atraer a m\u00e1s visitantes en invierno"},"content":{"rendered":"<p>El Consejo de Promoci\u00f3n Tur\u00edstica de Quintana Roo (CPTQ) confirm\u00f3 que el Caribe Mexicano mantendr\u00e1 su presencia en las ferias tur\u00edsticas internacionales durante el resto del 2024, con el objetivo de asegurar un incremento de visitantes en la pr\u00f3xima temporada de invierno. Este esfuerzo busca fortalecer la visibilidad de los destinos y su oferta tur\u00edstica, abarcando infraestructura, conectividad, cultura y gastronom\u00eda.<\/p>\n<p>Recientemente, el director del CPTQ, Andr\u00e9s Mart\u00ednez, en entrevista con <em><strong>NITU.mx<\/strong><\/em>\u00a0inform\u00f3 sobre la participaci\u00f3n de Quintana Roo en el World Travel Market (WTM) en Londres, que se celebrar\u00e1 del 5 al 7 de noviembre, con la presencia de 27 empresas para negociar tarifas y frecuencias de vuelos.<\/p>\n<p>Tras este evento, el Caribe Mexicano participar\u00e1 en la feria IBTM World en Barcelona, del 19 al 21 de noviembre, y en el evento de la Asociaci\u00f3n de Agentes de Viajes de Estados Unidos (USTA), que tendr\u00e1 lugar en Florida en diciembre.<\/p>\n<p>Adem\u00e1s, el destino estar\u00e1 representado en el DEMA Show en Las Vegas, una feria dedicada al buceo. Empresas de Cozumel y Playa del Carmen, junto a agencias locales, promover\u00e1n esta actividad, particularmente orientada al mercado estadounidense, el cual ha mostrado una disminuci\u00f3n de visitantes debido al periodo electoral.<\/p>\n<p>Para contrarrestar esta tendencia, el CPTQ organizar\u00e1 una caravana de agentes de viajes en ciudades clave de la costa este de Estados Unidos, como Nueva York, Nueva Jersey y Chicago.<\/p>\n<p>La estrategia de promoci\u00f3n en estas ferias y eventos responde a la intenci\u00f3n de fortalecer la llegada de turistas internacionales, especialmente en un periodo cr\u00edtico como el invierno, cuando el Caribe Mexicano suele recibir a una gran cantidad de visitantes buscando destinos c\u00e1lidos. (<a href=\"https:\/\/nitu.mx\/index.php\/2024\/10\/01\/fuerte-interes-internacional-por-el-tren-maya-asegura-el-cptq\/\">Fuerte inter\u00e9s internacional por el Tren Maya, asegura el CPTQ<\/a>).<\/p>\n","protected":false},"excerpt":{"rendered":"<p>El Consejo de Promoci\u00f3n Tur\u00edstica de Quintana Roo (CPTQ) confirm\u00f3 que el Caribe Mexicano mantendr\u00e1 su presencia en las ferias tur\u00edsticas internacionales durante el resto del 2024, con el objetivo de asegurar un incremento de visitantes en la pr\u00f3xima temporada de invierno. Este esfuerzo busca fortalecer la visibilidad de los destinos y su oferta tur\u00edstica, [&hellip;]<\/p>\n","protected":false},"author":3,"featured_media":62198,"comment_status":"open","ping_status":"open","sticky":false,"template":"","format":"standard","meta":{"footnotes":""},"categories":[18475,12],"tags":[5731,83,8145,24297,7124,6764,6499],"yoast_head":"<!-- This site is optimized with the Yoast SEO plugin v22.2 - https:\/\/yoast.com\/wordpress\/plugins\/seo\/ -->\n<title>Caribe Mexicano: Promoci\u00f3n internacional para atraer a m\u00e1s visitantes en invierno - Nitu - Noticias de la Industria Turistica<\/title>\n<meta name=\"robots\" content=\"index, follow, max-snippet:-1, max-image-preview:large, max-video-preview:-1\" \/>\n<link rel=\"canonical\" href=\"https:\/\/nitu.mx\/index.php\/2024\/11\/04\/caribe-mexicano-promocion-internacional-para-atraer-a-mas-visitantes-en-invierno\/\" \/>\n<meta name=\"twitter:card\" content=\"summary_large_image\" \/>\n<meta name=\"twitter:title\" content=\"Caribe Mexicano: Promoci\u00f3n internacional para atraer a m\u00e1s visitantes en invierno - Nitu - Noticias de la Industria Turistica\" \/>\n<meta name=\"twitter:description\" content=\"El Consejo de Promoci\u00f3n Tur\u00edstica de Quintana Roo (CPTQ) confirm\u00f3 que el Caribe Mexicano mantendr\u00e1 su presencia en las ferias tur\u00edsticas internacionales durante el resto del 2024, con el objetivo de asegurar un incremento de visitantes en la pr\u00f3xima temporada de invierno. Este esfuerzo busca fortalecer la visibilidad de los destinos y su oferta tur\u00edstica, [&hellip;]\" \/>\n<meta name=\"twitter:image\" content=\"https:\/\/nitu.mx\/wp-content\/uploads\/2022\/11\/Caribe-Mexicano-WTM-2022.jpg\" \/>\n<meta name=\"twitter:creator\" content=\"@NITUmx\" \/>\n<meta name=\"twitter:site\" content=\"@Arturo_Medina_G\" \/>\n<meta name=\"twitter:label1\" content=\"Escrito por\" \/>\n\t<meta name=\"twitter:data1\" content=\"Alejandra Moncisbays\" \/>\n\t<meta name=\"twitter:label2\" content=\"Tiempo de lectura\" \/>\n\t<meta name=\"twitter:data2\" content=\"1 minuto\" \/>\n<script type=\"application\/ld+json\" class=\"yoast-schema-graph\">{\"@context\":\"https:\/\/schema.org\",\"@graph\":[{\"@type\":\"Article\",\"@id\":\"https:\/\/nitu.mx\/index.php\/2024\/11\/04\/caribe-mexicano-promocion-internacional-para-atraer-a-mas-visitantes-en-invierno\/#article\",\"isPartOf\":{\"@id\":\"https:\/\/nitu.mx\/index.php\/2024\/11\/04\/caribe-mexicano-promocion-internacional-para-atraer-a-mas-visitantes-en-invierno\/\"},\"author\":{\"name\":\"Alejandra Moncisbays\",\"@id\":\"https:\/\/nitu.mx\/#\/schema\/person\/2ecd887b19dfd3382d1f14fc5acf24a8\"},\"headline\":\"Caribe Mexicano: Promoci\u00f3n internacional para atraer a m\u00e1s visitantes en invierno\",\"datePublished\":\"2024-11-04T06:02:50+00:00\",\"dateModified\":\"2024-11-04T06:02:51+00:00\",\"mainEntityOfPage\":{\"@id\":\"https:\/\/nitu.mx\/index.php\/2024\/11\/04\/caribe-mexicano-promocion-internacional-para-atraer-a-mas-visitantes-en-invierno\/\"},\"wordCount\":308,\"commentCount\":0,\"publisher\":{\"@id\":\"https:\/\/nitu.mx\/#\/schema\/person\/ae7a53426417292d3dd07b45a33e01bc\"},\"image\":{\"@id\":\"https:\/\/nitu.mx\/index.php\/2024\/11\/04\/caribe-mexicano-promocion-internacional-para-atraer-a-mas-visitantes-en-invierno\/#primaryimage\"},\"thumbnailUrl\":\"https:\/\/nitu.mx\/wp-content\/uploads\/2022\/11\/Caribe-Mexicano-WTM-2022.jpg\",\"keywords\":[\"Andr\u00e9s Mart\u00ednez\",\"Caribe mexicano\",\"CPTQ\",\"IBTM Barcelona\",\"invierno\",\"promoci\u00f3n\",\"WTM\"],\"articleSection\":[\"Caribe Mexicano\",\"Marketing\"],\"inLanguage\":\"es-MX\",\"potentialAction\":[{\"@type\":\"CommentAction\",\"name\":\"Comment\",\"target\":[\"https:\/\/nitu.mx\/index.php\/2024\/11\/04\/caribe-mexicano-promocion-internacional-para-atraer-a-mas-visitantes-en-invierno\/#respond\"]}]},{\"@type\":\"WebPage\",\"@id\":\"https:\/\/nitu.mx\/index.php\/2024\/11\/04\/caribe-mexicano-promocion-internacional-para-atraer-a-mas-visitantes-en-invierno\/\",\"url\":\"https:\/\/nitu.mx\/index.php\/2024\/11\/04\/caribe-mexicano-promocion-internacional-para-atraer-a-mas-visitantes-en-invierno\/\",\"name\":\"Caribe Mexicano: Promoci\u00f3n internacional para atraer a m\u00e1s visitantes en invierno - Nitu - Noticias de la Industria Turistica\",\"isPartOf\":{\"@id\":\"https:\/\/nitu.mx\/#website\"},\"primaryImageOfPage\":{\"@id\":\"https:\/\/nitu.mx\/index.php\/2024\/11\/04\/caribe-mexicano-promocion-internacional-para-atraer-a-mas-visitantes-en-invierno\/#primaryimage\"},\"image\":{\"@id\":\"https:\/\/nitu.mx\/index.php\/2024\/11\/04\/caribe-mexicano-promocion-internacional-para-atraer-a-mas-visitantes-en-invierno\/#primaryimage\"},\"thumbnailUrl\":\"https:\/\/nitu.mx\/wp-content\/uploads\/2022\/11\/Caribe-Mexicano-WTM-2022.jpg\",\"datePublished\":\"2024-11-04T06:02:50+00:00\",\"dateModified\":\"2024-11-04T06:02:51+00:00\",\"breadcrumb\":{\"@id\":\"https:\/\/nitu.mx\/index.php\/2024\/11\/04\/caribe-mexicano-promocion-internacional-para-atraer-a-mas-visitantes-en-invierno\/#breadcrumb\"},\"inLanguage\":\"es-MX\",\"potentialAction\":[{\"@type\":\"ReadAction\",\"target\":[\"https:\/\/nitu.mx\/index.php\/2024\/11\/04\/caribe-mexicano-promocion-internacional-para-atraer-a-mas-visitantes-en-invierno\/\"]}]},{\"@type\":\"ImageObject\",\"inLanguage\":\"es-MX\",\"@id\":\"https:\/\/nitu.mx\/index.php\/2024\/11\/04\/caribe-mexicano-promocion-internacional-para-atraer-a-mas-visitantes-en-invierno\/#primaryimage\",\"url\":\"https:\/\/nitu.mx\/wp-content\/uploads\/2022\/11\/Caribe-Mexicano-WTM-2022.jpg\",\"contentUrl\":\"https:\/\/nitu.mx\/wp-content\/uploads\/2022\/11\/Caribe-Mexicano-WTM-2022.jpg\",\"width\":1200,\"height\":675,\"caption\":\"Caribe Mexicano WTM 2022\"},{\"@type\":\"BreadcrumbList\",\"@id\":\"https:\/\/nitu.mx\/index.php\/2024\/11\/04\/caribe-mexicano-promocion-internacional-para-atraer-a-mas-visitantes-en-invierno\/#breadcrumb\",\"itemListElement\":[{\"@type\":\"ListItem\",\"position\":1,\"name\":\"Inicio\",\"item\":\"https:\/\/nitu.mx\/\"},{\"@type\":\"ListItem\",\"position\":2,\"name\":\"Caribe Mexicano: Promoci\u00f3n internacional para atraer a m\u00e1s visitantes en invierno\"}]},{\"@type\":\"WebSite\",\"@id\":\"https:\/\/nitu.mx\/#website\",\"url\":\"https:\/\/nitu.mx\/\",\"name\":\"Nitu - Noticias de la Industria Turistica\",\"description\":\"Noticias de la Industria Turistica\",\"publisher\":{\"@id\":\"https:\/\/nitu.mx\/#\/schema\/person\/ae7a53426417292d3dd07b45a33e01bc\"},\"alternateName\":\"Noticias de la Industria Turistica\",\"potentialAction\":[{\"@type\":\"SearchAction\",\"target\":{\"@type\":\"EntryPoint\",\"urlTemplate\":\"https:\/\/nitu.mx\/?s={search_term_string}\"},\"query-input\":\"required name=search_term_string\"}],\"inLanguage\":\"es-MX\"},{\"@type\":[\"Person\",\"Organization\"],\"@id\":\"https:\/\/nitu.mx\/#\/schema\/person\/ae7a53426417292d3dd07b45a33e01bc\",\"name\":\"Arturo Medina\",\"image\":{\"@type\":\"ImageObject\",\"inLanguage\":\"es-MX\",\"@id\":\"https:\/\/nitu.mx\/#\/schema\/person\/image\/\",\"url\":\"https:\/\/nitu.mx\/wp-content\/uploads\/2024\/04\/4A315622-1904-4D5C-B022-878CDC840E04-90x90-1.jpeg\",\"contentUrl\":\"https:\/\/nitu.mx\/wp-content\/uploads\/2024\/04\/4A315622-1904-4D5C-B022-878CDC840E04-90x90-1.jpeg\",\"width\":90,\"height\":90,\"caption\":\"Arturo Medina\"},\"logo\":{\"@id\":\"https:\/\/nitu.mx\/#\/schema\/person\/image\/\"},\"description\":\"Director NITU.mx, Egresado de la Escuela de Periodismo Carlos Septi\u00e9n Garc\u00eda. Periodista y analista especializado en turismo desde hace 35 a\u00f1os, radicado en Canc\u00fan Q.Roo. arturo@nitu.mx\",\"sameAs\":[\"https:\/\/nitu.mx\",\"https:\/\/www.facebook.com\/NITUmx\/\",\"medinacancun\",\"https:\/\/twitter.com\/@Arturo_Medina_G\"]},{\"@type\":\"Person\",\"@id\":\"https:\/\/nitu.mx\/#\/schema\/person\/2ecd887b19dfd3382d1f14fc5acf24a8\",\"name\":\"Alejandra Moncisbays\",\"image\":{\"@type\":\"ImageObject\",\"inLanguage\":\"es-MX\",\"@id\":\"https:\/\/nitu.mx\/#\/schema\/person\/image\/\",\"url\":\"https:\/\/secure.gravatar.com\/avatar\/e74f7af0be172b7804dacfd0bfbef787?s=96&d=mm&r=g\",\"contentUrl\":\"https:\/\/secure.gravatar.com\/avatar\/e74f7af0be172b7804dacfd0bfbef787?s=96&d=mm&r=g\",\"caption\":\"Alejandra Moncisbays\"},\"description\":\"Curs\u00e9 la carrera de Periodismo y Comunicaci\u00f3n en la Facultad de Estudios Profesionales Acatl\u00e1n. Vivo en Canc\u00fan desde hace 24 a\u00f1os. Fui reportera de La Tarde de Canc\u00fan, y Novedades de Quintana Roo, colabor\u00e9 en TVCUN, edit\u00e9 Cancun\u00edssimo y colabor\u00e9 en las revistas Latitud21, entre otras, con principal enfoque en los sectores empresarial y tur\u00edstico. Desde hace varios a\u00f1os soy Agente de Seguros con c\u00e9dula de la Comisi\u00f3n Nacional de Seguros y Fianzas. Actualmente, me desarrollo en los \u00e1mbitos del periodismo y el sector asegurador.\",\"sameAs\":[\"https:\/\/nitu.mx\"],\"url\":\"https:\/\/nitu.mx\/index.php\/author\/alejandra\/\"}]}<\/script>\n<!-- \/ Yoast SEO plugin. -->","yoast_head_json":{"title":"Caribe Mexicano: Promoci\u00f3n internacional para atraer a m\u00e1s visitantes en invierno - Nitu - Noticias de la Industria Turistica","robots":{"index":"index","follow":"follow","max-snippet":"max-snippet:-1","max-image-preview":"max-image-preview:large","max-video-preview":"max-video-preview:-1"},"canonical":"https:\/\/nitu.mx\/index.php\/2024\/11\/04\/caribe-mexicano-promocion-internacional-para-atraer-a-mas-visitantes-en-invierno\/","twitter_card":"summary_large_image","twitter_title":"Caribe Mexicano: Promoci\u00f3n internacional para atraer a m\u00e1s visitantes en invierno - Nitu - Noticias de la Industria Turistica","twitter_description":"El Consejo de Promoci\u00f3n Tur\u00edstica de Quintana Roo (CPTQ) confirm\u00f3 que el Caribe Mexicano mantendr\u00e1 su presencia en las ferias tur\u00edsticas internacionales durante el resto del 2024, con el objetivo de asegurar un incremento de visitantes en la pr\u00f3xima temporada de invierno. Este esfuerzo busca fortalecer la visibilidad de los destinos y su oferta tur\u00edstica, [&hellip;]","twitter_image":"https:\/\/nitu.mx\/wp-content\/uploads\/2022\/11\/Caribe-Mexicano-WTM-2022.jpg","twitter_creator":"@NITUmx","twitter_site":"@Arturo_Medina_G","twitter_misc":{"Escrito por":"Alejandra Moncisbays","Tiempo de lectura":"1 minuto"},"schema":{"@context":"https:\/\/schema.org","@graph":[{"@type":"Article","@id":"https:\/\/nitu.mx\/index.php\/2024\/11\/04\/caribe-mexicano-promocion-internacional-para-atraer-a-mas-visitantes-en-invierno\/#article","isPartOf":{"@id":"https:\/\/nitu.mx\/index.php\/2024\/11\/04\/caribe-mexicano-promocion-internacional-para-atraer-a-mas-visitantes-en-invierno\/"},"author":{"name":"Alejandra Moncisbays","@id":"https:\/\/nitu.mx\/#\/schema\/person\/2ecd887b19dfd3382d1f14fc5acf24a8"},"headline":"Caribe Mexicano: Promoci\u00f3n internacional para atraer a m\u00e1s visitantes en invierno","datePublished":"2024-11-04T06:02:50+00:00","dateModified":"2024-11-04T06:02:51+00:00","mainEntityOfPage":{"@id":"https:\/\/nitu.mx\/index.php\/2024\/11\/04\/caribe-mexicano-promocion-internacional-para-atraer-a-mas-visitantes-en-invierno\/"},"wordCount":308,"commentCount":0,"publisher":{"@id":"https:\/\/nitu.mx\/#\/schema\/person\/ae7a53426417292d3dd07b45a33e01bc"},"image":{"@id":"https:\/\/nitu.mx\/index.php\/2024\/11\/04\/caribe-mexicano-promocion-internacional-para-atraer-a-mas-visitantes-en-invierno\/#primaryimage"},"thumbnailUrl":"https:\/\/nitu.mx\/wp-content\/uploads\/2022\/11\/Caribe-Mexicano-WTM-2022.jpg","keywords":["Andr\u00e9s Mart\u00ednez","Caribe mexicano","CPTQ","IBTM Barcelona","invierno","promoci\u00f3n","WTM"],"articleSection":["Caribe Mexicano","Marketing"],"inLanguage":"es-MX","potentialAction":[{"@type":"CommentAction","name":"Comment","target":["https:\/\/nitu.mx\/index.php\/2024\/11\/04\/caribe-mexicano-promocion-internacional-para-atraer-a-mas-visitantes-en-invierno\/#respond"]}]},{"@type":"WebPage","@id":"https:\/\/nitu.mx\/index.php\/2024\/11\/04\/caribe-mexicano-promocion-internacional-para-atraer-a-mas-visitantes-en-invierno\/","url":"https:\/\/nitu.mx\/index.php\/2024\/11\/04\/caribe-mexicano-promocion-internacional-para-atraer-a-mas-visitantes-en-invierno\/","name":"Caribe Mexicano: Promoci\u00f3n internacional para atraer a m\u00e1s visitantes en invierno - Nitu - Noticias de la Industria Turistica","isPartOf":{"@id":"https:\/\/nitu.mx\/#website"},"primaryImageOfPage":{"@id":"https:\/\/nitu.mx\/index.php\/2024\/11\/04\/caribe-mexicano-promocion-internacional-para-atraer-a-mas-visitantes-en-invierno\/#primaryimage"},"image":{"@id":"https:\/\/nitu.mx\/index.php\/2024\/11\/04\/caribe-mexicano-promocion-internacional-para-atraer-a-mas-visitantes-en-invierno\/#primaryimage"},"thumbnailUrl":"https:\/\/nitu.mx\/wp-content\/uploads\/2022\/11\/Caribe-Mexicano-WTM-2022.jpg","datePublished":"2024-11-04T06:02:50+00:00","dateModified":"2024-11-04T06:02:51+00:00","breadcrumb":{"@id":"https:\/\/nitu.mx\/index.php\/2024\/11\/04\/caribe-mexicano-promocion-internacional-para-atraer-a-mas-visitantes-en-invierno\/#breadcrumb"},"inLanguage":"es-MX","potentialAction":[{"@type":"ReadAction","target":["https:\/\/nitu.mx\/index.php\/2024\/11\/04\/caribe-mexicano-promocion-internacional-para-atraer-a-mas-visitantes-en-invierno\/"]}]},{"@type":"ImageObject","inLanguage":"es-MX","@id":"https:\/\/nitu.mx\/index.php\/2024\/11\/04\/caribe-mexicano-promocion-internacional-para-atraer-a-mas-visitantes-en-invierno\/#primaryimage","url":"https:\/\/nitu.mx\/wp-content\/uploads\/2022\/11\/Caribe-Mexicano-WTM-2022.jpg","contentUrl":"https:\/\/nitu.mx\/wp-content\/uploads\/2022\/11\/Caribe-Mexicano-WTM-2022.jpg","width":1200,"height":675,"caption":"Caribe Mexicano WTM 2022"},{"@type":"BreadcrumbList","@id":"https:\/\/nitu.mx\/index.php\/2024\/11\/04\/caribe-mexicano-promocion-internacional-para-atraer-a-mas-visitantes-en-invierno\/#breadcrumb","itemListElement":[{"@type":"ListItem","position":1,"name":"Inicio","item":"https:\/\/nitu.mx\/"},{"@type":"ListItem","position":2,"name":"Caribe Mexicano: Promoci\u00f3n internacional para atraer a m\u00e1s visitantes en invierno"}]},{"@type":"WebSite","@id":"https:\/\/nitu.mx\/#website","url":"https:\/\/nitu.mx\/","name":"Nitu - Noticias de la Industria Turistica","description":"Noticias de la Industria Turistica","publisher":{"@id":"https:\/\/nitu.mx\/#\/schema\/person\/ae7a53426417292d3dd07b45a33e01bc"},"alternateName":"Noticias de la Industria Turistica","potentialAction":[{"@type":"SearchAction","target":{"@type":"EntryPoint","urlTemplate":"https:\/\/nitu.mx\/?s={search_term_string}"},"query-input":"required name=search_term_string"}],"inLanguage":"es-MX"},{"@type":["Person","Organization"],"@id":"https:\/\/nitu.mx\/#\/schema\/person\/ae7a53426417292d3dd07b45a33e01bc","name":"Arturo Medina","image":{"@type":"ImageObject","inLanguage":"es-MX","@id":"https:\/\/nitu.mx\/#\/schema\/person\/image\/","url":"https:\/\/nitu.mx\/wp-content\/uploads\/2024\/04\/4A315622-1904-4D5C-B022-878CDC840E04-90x90-1.jpeg","contentUrl":"https:\/\/nitu.mx\/wp-content\/uploads\/2024\/04\/4A315622-1904-4D5C-B022-878CDC840E04-90x90-1.jpeg","width":90,"height":90,"caption":"Arturo Medina"},"logo":{"@id":"https:\/\/nitu.mx\/#\/schema\/person\/image\/"},"description":"Director NITU.mx, Egresado de la Escuela de Periodismo Carlos Septi\u00e9n Garc\u00eda. Periodista y analista especializado en turismo desde hace 35 a\u00f1os, radicado en Canc\u00fan Q.Roo. arturo@nitu.mx","sameAs":["https:\/\/nitu.mx","https:\/\/www.facebook.com\/NITUmx\/","medinacancun","https:\/\/twitter.com\/@Arturo_Medina_G"]},{"@type":"Person","@id":"https:\/\/nitu.mx\/#\/schema\/person\/2ecd887b19dfd3382d1f14fc5acf24a8","name":"Alejandra Moncisbays","image":{"@type":"ImageObject","inLanguage":"es-MX","@id":"https:\/\/nitu.mx\/#\/schema\/person\/image\/","url":"https:\/\/secure.gravatar.com\/avatar\/e74f7af0be172b7804dacfd0bfbef787?s=96&d=mm&r=g","contentUrl":"https:\/\/secure.gravatar.com\/avatar\/e74f7af0be172b7804dacfd0bfbef787?s=96&d=mm&r=g","caption":"Alejandra Moncisbays"},"description":"Curs\u00e9 la carrera de Periodismo y Comunicaci\u00f3n en la Facultad de Estudios Profesionales Acatl\u00e1n. Vivo en Canc\u00fan desde hace 24 a\u00f1os. Fui reportera de La Tarde de Canc\u00fan, y Novedades de Quintana Roo, colabor\u00e9 en TVCUN, edit\u00e9 Cancun\u00edssimo y colabor\u00e9 en las revistas Latitud21, entre otras, con principal enfoque en los sectores empresarial y tur\u00edstico. Desde hace varios a\u00f1os soy Agente de Seguros con c\u00e9dula de la Comisi\u00f3n Nacional de Seguros y Fianzas. Actualmente, me desarrollo en los \u00e1mbitos del periodismo y el sector asegurador.","sameAs":["https:\/\/nitu.mx"],"url":"https:\/\/nitu.mx\/index.php\/author\/alejandra\/"}]}},"views":623,"_links":{"self":[{"href":"https:\/\/nitu.mx\/index.php\/wp-json\/wp\/v2\/posts\/76411"}],"collection":[{"href":"https:\/\/nitu.mx\/index.php\/wp-json\/wp\/v2\/posts"}],"about":[{"href":"https:\/\/nitu.mx\/index.php\/wp-json\/wp\/v2\/types\/post"}],"author":[{"embeddable":true,"href":"https:\/\/nitu.mx\/index.php\/wp-json\/wp\/v2\/users\/3"}],"replies":[{"embeddable":true,"href":"https:\/\/nitu.mx\/index.php\/wp-json\/wp\/v2\/comments?post=76411"}],"version-history":[{"count":3,"href":"https:\/\/nitu.mx\/index.php\/wp-json\/wp\/v2\/posts\/76411\/revisions"}],"predecessor-version":[{"id":76429,"href":"https:\/\/nitu.mx\/index.php\/wp-json\/wp\/v2\/posts\/76411\/revisions\/76429"}],"wp:featuredmedia":[{"embeddable":true,"href":"https:\/\/nitu.mx\/index.php\/wp-json\/wp\/v2\/media\/62198"}],"wp:attachment":[{"href":"https:\/\/nitu.mx\/index.php\/wp-json\/wp\/v2\/media?parent=76411"}],"wp:term":[{"taxonomy":"category","embeddable":true,"href":"https:\/\/nitu.mx\/index.php\/wp-json\/wp\/v2\/categories?post=76411"},{"taxonomy":"post_tag","embeddable":true,"href":"https:\/\/nitu.mx\/index.php\/wp-json\/wp\/v2\/tags?post=76411"}],"curies":[{"name":"wp","href":"https:\/\/api.w.org\/{rel}","templated":true}]}}