{"id":76375,"date":"2024-11-03T23:43:13","date_gmt":"2024-11-04T05:43:13","guid":{"rendered":"https:\/\/nitu.mx\/?p=76375"},"modified":"2024-11-03T23:43:14","modified_gmt":"2024-11-04T05:43:14","slug":"el-dia-de-muertos-mexicano-vuelve-a-tomar-el-aeropuerto-de-madrid","status":"publish","type":"post","link":"https:\/\/nitu.mx\/index.php\/2024\/11\/03\/el-dia-de-muertos-mexicano-vuelve-a-tomar-el-aeropuerto-de-madrid\/","title":{"rendered":"El D\u00eda de Muertos mexicano vuelve a tomar el Aeropuerto de Madrid"},"content":{"rendered":"<p>El principal hub entre Europa y Am\u00e9rica Latina, organiza tambi\u00e9n estos d\u00edas la semana de la catrina con diversas actividades musicales y art\u00edsticas vinculadas a M\u00e9xico<\/p>\n<p>El D\u00eda de Muertos se est\u00e1 convirtiendo cada vez m\u00e1s en una fiesta universal. Prueba de la popularidad que ha ganado en los \u00faltimos a\u00f1os en Espa\u00f1a es que esta tradici\u00f3n declarada Patrimonio de la Humanidad en 2003 ha vuelto a tomar este a\u00f1o el Aeropuerto Adolfo Su\u00e1rez Madrid-Barajas.<\/p>\n<p>Si el a\u00f1o pasado mariachis y bailarinas con sus vestimentas t\u00edpicas, sus intrincados maquillajes y su m\u00fasica tradicional recorrieron el aeropuerto madrile\u00f1o, este a\u00f1o ha sido el turno de los \u2018Mexicr\u00e1neos\u2019.<\/p>\n<p>El Aeropuerto de Madrid acoge desde el 25 de octubre hasta el 25 de noviembre esta exposici\u00f3n compuesta por 19 enormes calaveras de fibra de vidrio (1.80 x 2.10 metros). Estas figuras a gran escala adornan varios espacios de las terminales T123 y T4 para que los pasajeros puedan observarlas y fotografiarse con ellas.<\/p>\n<p>Las figuras que componen \u2018Mexicr\u00e1neos\u2019 han sido dise\u00f1adas por reconocidos artistas internacionales, como Bosco, Lourdes Villag\u00f3mez o Iv\u00e1n Salamanca, entre otros. Algunas de estas decoraciones representan elementos de la cultura, como el ser mitol\u00f3gico Quetzalc\u00f3atl, la famosa serpiente emplumada que simboliza que tanto lo vivo como lo muerto son necesarios para crear vida.<\/p>\n<p>Adem\u00e1s, estar\u00e1n presentes otros componentes de las culturas maya y azteca, pero tambi\u00e9n elementos m\u00e1s actuales, como una pieza dedicada a los bailes, la ropa y la gastronom\u00eda del estado de Oaxaca.<\/p>\n<p>La semana de la catrina<\/p>\n<p>La exposici\u00f3n llega a Madrid-Barajas en el marco de la semana de la catrina. Del 28 de octubre al 4 de noviembre, se ofrecer\u00e1n actividades, maquillajes tem\u00e1ticos, as\u00ed como el reparto de obsequios y sorteo de un viaje a M\u00e9xico para aquellos viajeros que hayan hecho compras o uso de la restauraci\u00f3n.<\/p>\n<p>Adem\u00e1s, durante la semana sonar\u00e1 la m\u00fasica de aut\u00e9nticos mariachis mexicanos. Las actuaciones tendr\u00e1n lugar desde el mi\u00e9rcoles hasta el s\u00e1bado, 2 de noviembre, en horario de 9:00 a 17 horas, altern\u00e1ndose entre las Terminales T1 y T4. Adem\u00e1s, habr\u00e1 un stand en la terminal T1 y un photocall en la Terminal T4 con informaci\u00f3n de Tourinews. (<a href=\"https:\/\/nitu.mx\/index.php\/2024\/11\/03\/festividades-de-dia-de-muertos-generan-mas-de-25-mil-mdp-por-turismo\/\">Festividades de D\u00eda de Muertos generan m\u00e1s de 25 mil MDP por turismo<\/a>).<\/p>\n","protected":false},"excerpt":{"rendered":"<p>El principal hub entre Europa y Am\u00e9rica Latina, organiza tambi\u00e9n estos d\u00edas la semana de la catrina con diversas actividades musicales y art\u00edsticas vinculadas a M\u00e9xico El D\u00eda de Muertos se est\u00e1 convirtiendo cada vez m\u00e1s en una fiesta universal. Prueba de la popularidad que ha ganado en los \u00faltimos a\u00f1os en Espa\u00f1a es que [&hellip;]<\/p>\n","protected":false},"author":3,"featured_media":76418,"comment_status":"open","ping_status":"open","sticky":false,"template":"","format":"standard","meta":{"footnotes":""},"categories":[19462,374],"tags":[2001,26392,1374,24180],"yoast_head":"<!-- This site is optimized with the Yoast SEO plugin v22.2 - https:\/\/yoast.com\/wordpress\/plugins\/seo\/ -->\n<title>El D\u00eda de Muertos mexicano vuelve a tomar el Aeropuerto de Madrid - Nitu - Noticias de la Industria Turistica<\/title>\n<meta name=\"robots\" content=\"index, follow, max-snippet:-1, max-image-preview:large, max-video-preview:-1\" \/>\n<link rel=\"canonical\" href=\"https:\/\/nitu.mx\/index.php\/2024\/11\/03\/el-dia-de-muertos-mexicano-vuelve-a-tomar-el-aeropuerto-de-madrid\/\" \/>\n<meta name=\"twitter:card\" content=\"summary_large_image\" \/>\n<meta name=\"twitter:title\" content=\"El D\u00eda de Muertos mexicano vuelve a tomar el Aeropuerto de Madrid - Nitu - Noticias de la Industria Turistica\" \/>\n<meta name=\"twitter:description\" content=\"El principal hub entre Europa y Am\u00e9rica Latina, organiza tambi\u00e9n estos d\u00edas la semana de la catrina con diversas actividades musicales y art\u00edsticas vinculadas a M\u00e9xico El D\u00eda de Muertos se est\u00e1 convirtiendo cada vez m\u00e1s en una fiesta universal. Prueba de la popularidad que ha ganado en los \u00faltimos a\u00f1os en Espa\u00f1a es que [&hellip;]\" \/>\n<meta name=\"twitter:image\" content=\"https:\/\/nitu.mx\/wp-content\/uploads\/2024\/11\/Mexicraneos-aeropuerto-Madrid.jpg\" \/>\n<meta name=\"twitter:creator\" content=\"@NITUmx\" \/>\n<meta name=\"twitter:site\" content=\"@Arturo_Medina_G\" \/>\n<meta name=\"twitter:label1\" content=\"Escrito por\" \/>\n\t<meta name=\"twitter:data1\" content=\"Alejandra Moncisbays\" \/>\n\t<meta name=\"twitter:label2\" content=\"Tiempo de lectura\" \/>\n\t<meta name=\"twitter:data2\" content=\"2 minutos\" \/>\n<script type=\"application\/ld+json\" class=\"yoast-schema-graph\">{\"@context\":\"https:\/\/schema.org\",\"@graph\":[{\"@type\":\"Article\",\"@id\":\"https:\/\/nitu.mx\/index.php\/2024\/11\/03\/el-dia-de-muertos-mexicano-vuelve-a-tomar-el-aeropuerto-de-madrid\/#article\",\"isPartOf\":{\"@id\":\"https:\/\/nitu.mx\/index.php\/2024\/11\/03\/el-dia-de-muertos-mexicano-vuelve-a-tomar-el-aeropuerto-de-madrid\/\"},\"author\":{\"name\":\"Alejandra Moncisbays\",\"@id\":\"https:\/\/nitu.mx\/#\/schema\/person\/2ecd887b19dfd3382d1f14fc5acf24a8\"},\"headline\":\"El D\u00eda de Muertos mexicano vuelve a tomar el Aeropuerto de Madrid\",\"datePublished\":\"2024-11-04T05:43:13+00:00\",\"dateModified\":\"2024-11-04T05:43:14+00:00\",\"mainEntityOfPage\":{\"@id\":\"https:\/\/nitu.mx\/index.php\/2024\/11\/03\/el-dia-de-muertos-mexicano-vuelve-a-tomar-el-aeropuerto-de-madrid\/\"},\"wordCount\":419,\"commentCount\":0,\"publisher\":{\"@id\":\"https:\/\/nitu.mx\/#\/schema\/person\/ae7a53426417292d3dd07b45a33e01bc\"},\"image\":{\"@id\":\"https:\/\/nitu.mx\/index.php\/2024\/11\/03\/el-dia-de-muertos-mexicano-vuelve-a-tomar-el-aeropuerto-de-madrid\/#primaryimage\"},\"thumbnailUrl\":\"https:\/\/nitu.mx\/wp-content\/uploads\/2024\/11\/Mexicraneos-aeropuerto-Madrid.jpg\",\"keywords\":[\"aeropuerto\",\"Aeropuerto Madrid-Barajas\",\"D\u00eda de Muertos\",\"Mexicr\u00e1neos\"],\"articleSection\":[\"Aeropuertos\",\"Internacional\"],\"inLanguage\":\"es-MX\",\"potentialAction\":[{\"@type\":\"CommentAction\",\"name\":\"Comment\",\"target\":[\"https:\/\/nitu.mx\/index.php\/2024\/11\/03\/el-dia-de-muertos-mexicano-vuelve-a-tomar-el-aeropuerto-de-madrid\/#respond\"]}]},{\"@type\":\"WebPage\",\"@id\":\"https:\/\/nitu.mx\/index.php\/2024\/11\/03\/el-dia-de-muertos-mexicano-vuelve-a-tomar-el-aeropuerto-de-madrid\/\",\"url\":\"https:\/\/nitu.mx\/index.php\/2024\/11\/03\/el-dia-de-muertos-mexicano-vuelve-a-tomar-el-aeropuerto-de-madrid\/\",\"name\":\"El D\u00eda de Muertos mexicano vuelve a tomar el Aeropuerto de Madrid - Nitu - Noticias de la Industria Turistica\",\"isPartOf\":{\"@id\":\"https:\/\/nitu.mx\/#website\"},\"primaryImageOfPage\":{\"@id\":\"https:\/\/nitu.mx\/index.php\/2024\/11\/03\/el-dia-de-muertos-mexicano-vuelve-a-tomar-el-aeropuerto-de-madrid\/#primaryimage\"},\"image\":{\"@id\":\"https:\/\/nitu.mx\/index.php\/2024\/11\/03\/el-dia-de-muertos-mexicano-vuelve-a-tomar-el-aeropuerto-de-madrid\/#primaryimage\"},\"thumbnailUrl\":\"https:\/\/nitu.mx\/wp-content\/uploads\/2024\/11\/Mexicraneos-aeropuerto-Madrid.jpg\",\"datePublished\":\"2024-11-04T05:43:13+00:00\",\"dateModified\":\"2024-11-04T05:43:14+00:00\",\"breadcrumb\":{\"@id\":\"https:\/\/nitu.mx\/index.php\/2024\/11\/03\/el-dia-de-muertos-mexicano-vuelve-a-tomar-el-aeropuerto-de-madrid\/#breadcrumb\"},\"inLanguage\":\"es-MX\",\"potentialAction\":[{\"@type\":\"ReadAction\",\"target\":[\"https:\/\/nitu.mx\/index.php\/2024\/11\/03\/el-dia-de-muertos-mexicano-vuelve-a-tomar-el-aeropuerto-de-madrid\/\"]}]},{\"@type\":\"ImageObject\",\"inLanguage\":\"es-MX\",\"@id\":\"https:\/\/nitu.mx\/index.php\/2024\/11\/03\/el-dia-de-muertos-mexicano-vuelve-a-tomar-el-aeropuerto-de-madrid\/#primaryimage\",\"url\":\"https:\/\/nitu.mx\/wp-content\/uploads\/2024\/11\/Mexicraneos-aeropuerto-Madrid.jpg\",\"contentUrl\":\"https:\/\/nitu.mx\/wp-content\/uploads\/2024\/11\/Mexicraneos-aeropuerto-Madrid.jpg\",\"width\":1200,\"height\":675,\"caption\":\"Mexicr\u00e1neos aeropuerto Madrid\"},{\"@type\":\"BreadcrumbList\",\"@id\":\"https:\/\/nitu.mx\/index.php\/2024\/11\/03\/el-dia-de-muertos-mexicano-vuelve-a-tomar-el-aeropuerto-de-madrid\/#breadcrumb\",\"itemListElement\":[{\"@type\":\"ListItem\",\"position\":1,\"name\":\"Inicio\",\"item\":\"https:\/\/nitu.mx\/\"},{\"@type\":\"ListItem\",\"position\":2,\"name\":\"El D\u00eda de Muertos mexicano vuelve a tomar el Aeropuerto de Madrid\"}]},{\"@type\":\"WebSite\",\"@id\":\"https:\/\/nitu.mx\/#website\",\"url\":\"https:\/\/nitu.mx\/\",\"name\":\"Nitu - Noticias de la Industria Turistica\",\"description\":\"Noticias de la Industria Turistica\",\"publisher\":{\"@id\":\"https:\/\/nitu.mx\/#\/schema\/person\/ae7a53426417292d3dd07b45a33e01bc\"},\"alternateName\":\"Noticias de la Industria Turistica\",\"potentialAction\":[{\"@type\":\"SearchAction\",\"target\":{\"@type\":\"EntryPoint\",\"urlTemplate\":\"https:\/\/nitu.mx\/?s={search_term_string}\"},\"query-input\":\"required name=search_term_string\"}],\"inLanguage\":\"es-MX\"},{\"@type\":[\"Person\",\"Organization\"],\"@id\":\"https:\/\/nitu.mx\/#\/schema\/person\/ae7a53426417292d3dd07b45a33e01bc\",\"name\":\"Arturo Medina\",\"image\":{\"@type\":\"ImageObject\",\"inLanguage\":\"es-MX\",\"@id\":\"https:\/\/nitu.mx\/#\/schema\/person\/image\/\",\"url\":\"https:\/\/nitu.mx\/wp-content\/uploads\/2024\/04\/4A315622-1904-4D5C-B022-878CDC840E04-90x90-1.jpeg\",\"contentUrl\":\"https:\/\/nitu.mx\/wp-content\/uploads\/2024\/04\/4A315622-1904-4D5C-B022-878CDC840E04-90x90-1.jpeg\",\"width\":90,\"height\":90,\"caption\":\"Arturo Medina\"},\"logo\":{\"@id\":\"https:\/\/nitu.mx\/#\/schema\/person\/image\/\"},\"description\":\"Director NITU.mx, Egresado de la Escuela de Periodismo Carlos Septi\u00e9n Garc\u00eda. Periodista y analista especializado en turismo desde hace 35 a\u00f1os, radicado en Canc\u00fan Q.Roo. arturo@nitu.mx\",\"sameAs\":[\"https:\/\/nitu.mx\",\"https:\/\/www.facebook.com\/NITUmx\/\",\"medinacancun\",\"https:\/\/twitter.com\/@Arturo_Medina_G\"]},{\"@type\":\"Person\",\"@id\":\"https:\/\/nitu.mx\/#\/schema\/person\/2ecd887b19dfd3382d1f14fc5acf24a8\",\"name\":\"Alejandra Moncisbays\",\"image\":{\"@type\":\"ImageObject\",\"inLanguage\":\"es-MX\",\"@id\":\"https:\/\/nitu.mx\/#\/schema\/person\/image\/\",\"url\":\"https:\/\/secure.gravatar.com\/avatar\/e74f7af0be172b7804dacfd0bfbef787?s=96&d=mm&r=g\",\"contentUrl\":\"https:\/\/secure.gravatar.com\/avatar\/e74f7af0be172b7804dacfd0bfbef787?s=96&d=mm&r=g\",\"caption\":\"Alejandra Moncisbays\"},\"description\":\"Curs\u00e9 la carrera de Periodismo y Comunicaci\u00f3n en la Facultad de Estudios Profesionales Acatl\u00e1n. Vivo en Canc\u00fan desde hace 24 a\u00f1os. Fui reportera de La Tarde de Canc\u00fan, y Novedades de Quintana Roo, colabor\u00e9 en TVCUN, edit\u00e9 Cancun\u00edssimo y colabor\u00e9 en las revistas Latitud21, entre otras, con principal enfoque en los sectores empresarial y tur\u00edstico. Desde hace varios a\u00f1os soy Agente de Seguros con c\u00e9dula de la Comisi\u00f3n Nacional de Seguros y Fianzas. Actualmente, me desarrollo en los \u00e1mbitos del periodismo y el sector asegurador.\",\"sameAs\":[\"https:\/\/nitu.mx\"],\"url\":\"https:\/\/nitu.mx\/index.php\/author\/alejandra\/\"}]}<\/script>\n<!-- \/ Yoast SEO plugin. -->","yoast_head_json":{"title":"El D\u00eda de Muertos mexicano vuelve a tomar el Aeropuerto de Madrid - Nitu - Noticias de la Industria Turistica","robots":{"index":"index","follow":"follow","max-snippet":"max-snippet:-1","max-image-preview":"max-image-preview:large","max-video-preview":"max-video-preview:-1"},"canonical":"https:\/\/nitu.mx\/index.php\/2024\/11\/03\/el-dia-de-muertos-mexicano-vuelve-a-tomar-el-aeropuerto-de-madrid\/","twitter_card":"summary_large_image","twitter_title":"El D\u00eda de Muertos mexicano vuelve a tomar el Aeropuerto de Madrid - Nitu - Noticias de la Industria Turistica","twitter_description":"El principal hub entre Europa y Am\u00e9rica Latina, organiza tambi\u00e9n estos d\u00edas la semana de la catrina con diversas actividades musicales y art\u00edsticas vinculadas a M\u00e9xico El D\u00eda de Muertos se est\u00e1 convirtiendo cada vez m\u00e1s en una fiesta universal. Prueba de la popularidad que ha ganado en los \u00faltimos a\u00f1os en Espa\u00f1a es que [&hellip;]","twitter_image":"https:\/\/nitu.mx\/wp-content\/uploads\/2024\/11\/Mexicraneos-aeropuerto-Madrid.jpg","twitter_creator":"@NITUmx","twitter_site":"@Arturo_Medina_G","twitter_misc":{"Escrito por":"Alejandra Moncisbays","Tiempo de lectura":"2 minutos"},"schema":{"@context":"https:\/\/schema.org","@graph":[{"@type":"Article","@id":"https:\/\/nitu.mx\/index.php\/2024\/11\/03\/el-dia-de-muertos-mexicano-vuelve-a-tomar-el-aeropuerto-de-madrid\/#article","isPartOf":{"@id":"https:\/\/nitu.mx\/index.php\/2024\/11\/03\/el-dia-de-muertos-mexicano-vuelve-a-tomar-el-aeropuerto-de-madrid\/"},"author":{"name":"Alejandra Moncisbays","@id":"https:\/\/nitu.mx\/#\/schema\/person\/2ecd887b19dfd3382d1f14fc5acf24a8"},"headline":"El D\u00eda de Muertos mexicano vuelve a tomar el Aeropuerto de Madrid","datePublished":"2024-11-04T05:43:13+00:00","dateModified":"2024-11-04T05:43:14+00:00","mainEntityOfPage":{"@id":"https:\/\/nitu.mx\/index.php\/2024\/11\/03\/el-dia-de-muertos-mexicano-vuelve-a-tomar-el-aeropuerto-de-madrid\/"},"wordCount":419,"commentCount":0,"publisher":{"@id":"https:\/\/nitu.mx\/#\/schema\/person\/ae7a53426417292d3dd07b45a33e01bc"},"image":{"@id":"https:\/\/nitu.mx\/index.php\/2024\/11\/03\/el-dia-de-muertos-mexicano-vuelve-a-tomar-el-aeropuerto-de-madrid\/#primaryimage"},"thumbnailUrl":"https:\/\/nitu.mx\/wp-content\/uploads\/2024\/11\/Mexicraneos-aeropuerto-Madrid.jpg","keywords":["aeropuerto","Aeropuerto Madrid-Barajas","D\u00eda de Muertos","Mexicr\u00e1neos"],"articleSection":["Aeropuertos","Internacional"],"inLanguage":"es-MX","potentialAction":[{"@type":"CommentAction","name":"Comment","target":["https:\/\/nitu.mx\/index.php\/2024\/11\/03\/el-dia-de-muertos-mexicano-vuelve-a-tomar-el-aeropuerto-de-madrid\/#respond"]}]},{"@type":"WebPage","@id":"https:\/\/nitu.mx\/index.php\/2024\/11\/03\/el-dia-de-muertos-mexicano-vuelve-a-tomar-el-aeropuerto-de-madrid\/","url":"https:\/\/nitu.mx\/index.php\/2024\/11\/03\/el-dia-de-muertos-mexicano-vuelve-a-tomar-el-aeropuerto-de-madrid\/","name":"El D\u00eda de Muertos mexicano vuelve a tomar el Aeropuerto de Madrid - Nitu - Noticias de la Industria Turistica","isPartOf":{"@id":"https:\/\/nitu.mx\/#website"},"primaryImageOfPage":{"@id":"https:\/\/nitu.mx\/index.php\/2024\/11\/03\/el-dia-de-muertos-mexicano-vuelve-a-tomar-el-aeropuerto-de-madrid\/#primaryimage"},"image":{"@id":"https:\/\/nitu.mx\/index.php\/2024\/11\/03\/el-dia-de-muertos-mexicano-vuelve-a-tomar-el-aeropuerto-de-madrid\/#primaryimage"},"thumbnailUrl":"https:\/\/nitu.mx\/wp-content\/uploads\/2024\/11\/Mexicraneos-aeropuerto-Madrid.jpg","datePublished":"2024-11-04T05:43:13+00:00","dateModified":"2024-11-04T05:43:14+00:00","breadcrumb":{"@id":"https:\/\/nitu.mx\/index.php\/2024\/11\/03\/el-dia-de-muertos-mexicano-vuelve-a-tomar-el-aeropuerto-de-madrid\/#breadcrumb"},"inLanguage":"es-MX","potentialAction":[{"@type":"ReadAction","target":["https:\/\/nitu.mx\/index.php\/2024\/11\/03\/el-dia-de-muertos-mexicano-vuelve-a-tomar-el-aeropuerto-de-madrid\/"]}]},{"@type":"ImageObject","inLanguage":"es-MX","@id":"https:\/\/nitu.mx\/index.php\/2024\/11\/03\/el-dia-de-muertos-mexicano-vuelve-a-tomar-el-aeropuerto-de-madrid\/#primaryimage","url":"https:\/\/nitu.mx\/wp-content\/uploads\/2024\/11\/Mexicraneos-aeropuerto-Madrid.jpg","contentUrl":"https:\/\/nitu.mx\/wp-content\/uploads\/2024\/11\/Mexicraneos-aeropuerto-Madrid.jpg","width":1200,"height":675,"caption":"Mexicr\u00e1neos aeropuerto Madrid"},{"@type":"BreadcrumbList","@id":"https:\/\/nitu.mx\/index.php\/2024\/11\/03\/el-dia-de-muertos-mexicano-vuelve-a-tomar-el-aeropuerto-de-madrid\/#breadcrumb","itemListElement":[{"@type":"ListItem","position":1,"name":"Inicio","item":"https:\/\/nitu.mx\/"},{"@type":"ListItem","position":2,"name":"El D\u00eda de Muertos mexicano vuelve a tomar el Aeropuerto de Madrid"}]},{"@type":"WebSite","@id":"https:\/\/nitu.mx\/#website","url":"https:\/\/nitu.mx\/","name":"Nitu - Noticias de la Industria Turistica","description":"Noticias de la Industria Turistica","publisher":{"@id":"https:\/\/nitu.mx\/#\/schema\/person\/ae7a53426417292d3dd07b45a33e01bc"},"alternateName":"Noticias de la Industria Turistica","potentialAction":[{"@type":"SearchAction","target":{"@type":"EntryPoint","urlTemplate":"https:\/\/nitu.mx\/?s={search_term_string}"},"query-input":"required name=search_term_string"}],"inLanguage":"es-MX"},{"@type":["Person","Organization"],"@id":"https:\/\/nitu.mx\/#\/schema\/person\/ae7a53426417292d3dd07b45a33e01bc","name":"Arturo Medina","image":{"@type":"ImageObject","inLanguage":"es-MX","@id":"https:\/\/nitu.mx\/#\/schema\/person\/image\/","url":"https:\/\/nitu.mx\/wp-content\/uploads\/2024\/04\/4A315622-1904-4D5C-B022-878CDC840E04-90x90-1.jpeg","contentUrl":"https:\/\/nitu.mx\/wp-content\/uploads\/2024\/04\/4A315622-1904-4D5C-B022-878CDC840E04-90x90-1.jpeg","width":90,"height":90,"caption":"Arturo Medina"},"logo":{"@id":"https:\/\/nitu.mx\/#\/schema\/person\/image\/"},"description":"Director NITU.mx, Egresado de la Escuela de Periodismo Carlos Septi\u00e9n Garc\u00eda. Periodista y analista especializado en turismo desde hace 35 a\u00f1os, radicado en Canc\u00fan Q.Roo. arturo@nitu.mx","sameAs":["https:\/\/nitu.mx","https:\/\/www.facebook.com\/NITUmx\/","medinacancun","https:\/\/twitter.com\/@Arturo_Medina_G"]},{"@type":"Person","@id":"https:\/\/nitu.mx\/#\/schema\/person\/2ecd887b19dfd3382d1f14fc5acf24a8","name":"Alejandra Moncisbays","image":{"@type":"ImageObject","inLanguage":"es-MX","@id":"https:\/\/nitu.mx\/#\/schema\/person\/image\/","url":"https:\/\/secure.gravatar.com\/avatar\/e74f7af0be172b7804dacfd0bfbef787?s=96&d=mm&r=g","contentUrl":"https:\/\/secure.gravatar.com\/avatar\/e74f7af0be172b7804dacfd0bfbef787?s=96&d=mm&r=g","caption":"Alejandra Moncisbays"},"description":"Curs\u00e9 la carrera de Periodismo y Comunicaci\u00f3n en la Facultad de Estudios Profesionales Acatl\u00e1n. Vivo en Canc\u00fan desde hace 24 a\u00f1os. Fui reportera de La Tarde de Canc\u00fan, y Novedades de Quintana Roo, colabor\u00e9 en TVCUN, edit\u00e9 Cancun\u00edssimo y colabor\u00e9 en las revistas Latitud21, entre otras, con principal enfoque en los sectores empresarial y tur\u00edstico. Desde hace varios a\u00f1os soy Agente de Seguros con c\u00e9dula de la Comisi\u00f3n Nacional de Seguros y Fianzas. Actualmente, me desarrollo en los \u00e1mbitos del periodismo y el sector asegurador.","sameAs":["https:\/\/nitu.mx"],"url":"https:\/\/nitu.mx\/index.php\/author\/alejandra\/"}]}},"views":589,"_links":{"self":[{"href":"https:\/\/nitu.mx\/index.php\/wp-json\/wp\/v2\/posts\/76375"}],"collection":[{"href":"https:\/\/nitu.mx\/index.php\/wp-json\/wp\/v2\/posts"}],"about":[{"href":"https:\/\/nitu.mx\/index.php\/wp-json\/wp\/v2\/types\/post"}],"author":[{"embeddable":true,"href":"https:\/\/nitu.mx\/index.php\/wp-json\/wp\/v2\/users\/3"}],"replies":[{"embeddable":true,"href":"https:\/\/nitu.mx\/index.php\/wp-json\/wp\/v2\/comments?post=76375"}],"version-history":[{"count":2,"href":"https:\/\/nitu.mx\/index.php\/wp-json\/wp\/v2\/posts\/76375\/revisions"}],"predecessor-version":[{"id":76419,"href":"https:\/\/nitu.mx\/index.php\/wp-json\/wp\/v2\/posts\/76375\/revisions\/76419"}],"wp:featuredmedia":[{"embeddable":true,"href":"https:\/\/nitu.mx\/index.php\/wp-json\/wp\/v2\/media\/76418"}],"wp:attachment":[{"href":"https:\/\/nitu.mx\/index.php\/wp-json\/wp\/v2\/media?parent=76375"}],"wp:term":[{"taxonomy":"category","embeddable":true,"href":"https:\/\/nitu.mx\/index.php\/wp-json\/wp\/v2\/categories?post=76375"},{"taxonomy":"post_tag","embeddable":true,"href":"https:\/\/nitu.mx\/index.php\/wp-json\/wp\/v2\/tags?post=76375"}],"curies":[{"name":"wp","href":"https:\/\/api.w.org\/{rel}","templated":true}]}}