{"id":76370,"date":"2024-11-03T17:20:52","date_gmt":"2024-11-03T23:20:52","guid":{"rendered":"https:\/\/nitu.mx\/?p=76370"},"modified":"2024-11-03T17:20:53","modified_gmt":"2024-11-03T23:20:53","slug":"aspa-logra-acuerdo-salarial-y-contractual-con-aeromexico","status":"publish","type":"post","link":"https:\/\/nitu.mx\/index.php\/2024\/11\/03\/aspa-logra-acuerdo-salarial-y-contractual-con-aeromexico\/","title":{"rendered":"ASPA logra acuerdo salarial y contractual con Aerom\u00e9xico"},"content":{"rendered":"\n<p>La planta de pilotos de Aerom\u00e9xico, agrupados en la Asociaci\u00f3n Sindical de Pilotos Aviadores (ASPA), aprob\u00f3 por mayor\u00eda, a trav\u00e9s del voto en urnas, el convenio de revisi\u00f3n contractual y salarial con Aerom\u00e9xico. Los acuerdos contractuales tendr\u00e1n vigencia hasta septiembre de 2026, mientras que el salarial se revisar\u00e1 en 2025.<\/p>\n\n\n\n<p>De acuerdo con el procedimiento que marca la Ley Federal del Trabajo, luego de presentar a los pilotos el convenio, \u00e9ste se puso a disposici\u00f3n de los aviadores para su an\u00e1lisis y posterior se llev\u00f3 a cabo una consulta para que cada piloto depositara su decisi\u00f3n a trav\u00e9s del voto personal, libre, directo y secreto en urnas; bajo la supervisi\u00f3n de las autoridades laborales quienes verificaron la legalidad del proceso.<\/p>\n\n\n\n<p>Luego de una participaci\u00f3n de m\u00e1s del 83% de la planta de pilotos, se ratific\u00f3 el visto bueno al convenio con la aerol\u00ednea, que se aplicar\u00e1 retroactivo al 1 de octubre y considera mejoras laborales para los mil 620 pilotos que conforman la planta de Aerom\u00e9xico, que implican, entre otras, un incremento de m\u00e1s de 20% entre prestaciones y salario.<\/p>\n\n\n\n<p>Con 876 votos a favor y 477 en contra, los pilotos de Aerom\u00e9xico aprobaron el convenio de revisi\u00f3n salarial y contractual con la aerol\u00ednea<\/p>\n\n\n\n<p>&#8220;En ASPA de M\u00e9xico confiamos en la democracia y transparencia de nuestros procesos internos y hacemos un reconocimiento a la participaci\u00f3n y compromiso en la decisi\u00f3n que tom\u00f3 cada uno de nuestros pilotos&#8221;, inform\u00f3 el organismo gremial mediante un comunicado.. <\/p>\n\n\n\n<p>&#8220;Asimismo, valoramos la disposici\u00f3n al di\u00e1logo de Aerom\u00e9xico y reiteramos el compromiso conjunto de ofrecer la mayor seguridad y los mejores vuelos para nuestros pasajeros, a quienes les expresamos nuestra gratitud por su empat\u00eda durante el proceso de revisi\u00f3n. Agradecemos a las autoridades laborales y judiciales que intervinieron en este proceso y a nuestros sindicatos hermanos nacionales e internacionales que nos respaldaron en esta lucha&#8221;, agrega el mensaje.<\/p>\n\n\n\n<p>Por su parte, la aerol\u00ednea bandera de M\u00e9xico felicit\u00f3 a ASPA y a los pilotos por haber concluido satisfactoriamente el proceso de aprobaci\u00f3n de la revisi\u00f3n del Contrato Colectivo de Trabajo que tienen con Aerom\u00e9xico, al haber conseguido el voto favorable de la mayor\u00eda de los pilotos en el proceso de consulta.<\/p>\n\n\n\n<p>&#8220;Nuestros pilotos son el mejor talento de la industria y celebramos su decisi\u00f3n, que implica mejoras en ingresos, prestaciones y calidad de vida, con lo que siguen manteniendo orgullosamente las condiciones laborales m\u00e1s favorables del sector en M\u00e9xico. Estos resultados nos permiten seguir volando hacia nuevos y mejores horizontes. Aerom\u00e9xico agradece a las autoridades que participaron en este importante proceso&#8221;, se lee en su comunicado. (<a href=\"https:\/\/nitu.mx\/index.php\/2024\/10\/08\/aeromexico-y-aspa-dirimen-diferencias-conjuran-huelga\/\">Aerom\u00e9xico y ASPA dirimen diferencias, conjuran huelga<\/a>).<\/p>\n","protected":false},"excerpt":{"rendered":"<p>La planta de pilotos de Aerom\u00e9xico, agrupados en la Asociaci\u00f3n Sindical de Pilotos Aviadores (ASPA), aprob\u00f3 por mayor\u00eda, a trav\u00e9s del voto en urnas, el convenio de revisi\u00f3n contractual y salarial con Aerom\u00e9xico. Los acuerdos contractuales tendr\u00e1n vigencia hasta septiembre de 2026, mientras que el salarial se revisar\u00e1 en 2025. De acuerdo con el procedimiento [&hellip;]<\/p>\n","protected":false},"author":17,"featured_media":54076,"comment_status":"open","ping_status":"open","sticky":false,"template":"","format":"standard","meta":{"footnotes":""},"categories":[29],"tags":[30,415,12245,4095],"yoast_head":"<!-- This site is optimized with the Yoast SEO plugin v22.2 - https:\/\/yoast.com\/wordpress\/plugins\/seo\/ -->\n<title>ASPA logra acuerdo salarial y contractual con Aerom\u00e9xico - Nitu - Noticias de la Industria Turistica<\/title>\n<meta name=\"robots\" content=\"index, follow, max-snippet:-1, max-image-preview:large, max-video-preview:-1\" \/>\n<link rel=\"canonical\" href=\"https:\/\/nitu.mx\/index.php\/2024\/11\/03\/aspa-logra-acuerdo-salarial-y-contractual-con-aeromexico\/\" \/>\n<meta name=\"twitter:card\" content=\"summary_large_image\" \/>\n<meta name=\"twitter:title\" content=\"ASPA logra acuerdo salarial y contractual con Aerom\u00e9xico - Nitu - Noticias de la Industria Turistica\" \/>\n<meta name=\"twitter:description\" content=\"La planta de pilotos de Aerom\u00e9xico, agrupados en la Asociaci\u00f3n Sindical de Pilotos Aviadores (ASPA), aprob\u00f3 por mayor\u00eda, a trav\u00e9s del voto en urnas, el convenio de revisi\u00f3n contractual y salarial con Aerom\u00e9xico. Los acuerdos contractuales tendr\u00e1n vigencia hasta septiembre de 2026, mientras que el salarial se revisar\u00e1 en 2025. De acuerdo con el procedimiento [&hellip;]\" \/>\n<meta name=\"twitter:image\" content=\"https:\/\/nitu.mx\/wp-content\/uploads\/2021\/07\/Aeromexico-737-MAX.jpg\" \/>\n<meta name=\"twitter:creator\" content=\"@NITUmx\" \/>\n<meta name=\"twitter:site\" content=\"@Arturo_Medina_G\" \/>\n<meta name=\"twitter:label1\" content=\"Escrito por\" \/>\n\t<meta name=\"twitter:data1\" content=\"Redacci\u00f3n\" \/>\n\t<meta name=\"twitter:label2\" content=\"Tiempo de lectura\" \/>\n\t<meta name=\"twitter:data2\" content=\"2 minutos\" \/>\n<script type=\"application\/ld+json\" class=\"yoast-schema-graph\">{\"@context\":\"https:\/\/schema.org\",\"@graph\":[{\"@type\":\"Article\",\"@id\":\"https:\/\/nitu.mx\/index.php\/2024\/11\/03\/aspa-logra-acuerdo-salarial-y-contractual-con-aeromexico\/#article\",\"isPartOf\":{\"@id\":\"https:\/\/nitu.mx\/index.php\/2024\/11\/03\/aspa-logra-acuerdo-salarial-y-contractual-con-aeromexico\/\"},\"author\":{\"name\":\"Redacci\u00f3n\",\"@id\":\"https:\/\/nitu.mx\/#\/schema\/person\/4a28fe9bd65924f7c90623773daf1b0b\"},\"headline\":\"ASPA logra acuerdo salarial y contractual con Aerom\u00e9xico\",\"datePublished\":\"2024-11-03T23:20:52+00:00\",\"dateModified\":\"2024-11-03T23:20:53+00:00\",\"mainEntityOfPage\":{\"@id\":\"https:\/\/nitu.mx\/index.php\/2024\/11\/03\/aspa-logra-acuerdo-salarial-y-contractual-con-aeromexico\/\"},\"wordCount\":476,\"commentCount\":0,\"publisher\":{\"@id\":\"https:\/\/nitu.mx\/#\/schema\/person\/ae7a53426417292d3dd07b45a33e01bc\"},\"image\":{\"@id\":\"https:\/\/nitu.mx\/index.php\/2024\/11\/03\/aspa-logra-acuerdo-salarial-y-contractual-con-aeromexico\/#primaryimage\"},\"thumbnailUrl\":\"https:\/\/nitu.mx\/wp-content\/uploads\/2021\/07\/Aeromexico-737-MAX.jpg\",\"keywords\":[\"Aerom\u00e9xico\",\"ASPA\",\"Contrato Colectivo de Trabajo\",\"pilotos\"],\"articleSection\":[\"Aerol\u00edneas\"],\"inLanguage\":\"es-MX\",\"potentialAction\":[{\"@type\":\"CommentAction\",\"name\":\"Comment\",\"target\":[\"https:\/\/nitu.mx\/index.php\/2024\/11\/03\/aspa-logra-acuerdo-salarial-y-contractual-con-aeromexico\/#respond\"]}]},{\"@type\":\"WebPage\",\"@id\":\"https:\/\/nitu.mx\/index.php\/2024\/11\/03\/aspa-logra-acuerdo-salarial-y-contractual-con-aeromexico\/\",\"url\":\"https:\/\/nitu.mx\/index.php\/2024\/11\/03\/aspa-logra-acuerdo-salarial-y-contractual-con-aeromexico\/\",\"name\":\"ASPA logra acuerdo salarial y contractual con Aerom\u00e9xico - Nitu - Noticias de la Industria Turistica\",\"isPartOf\":{\"@id\":\"https:\/\/nitu.mx\/#website\"},\"primaryImageOfPage\":{\"@id\":\"https:\/\/nitu.mx\/index.php\/2024\/11\/03\/aspa-logra-acuerdo-salarial-y-contractual-con-aeromexico\/#primaryimage\"},\"image\":{\"@id\":\"https:\/\/nitu.mx\/index.php\/2024\/11\/03\/aspa-logra-acuerdo-salarial-y-contractual-con-aeromexico\/#primaryimage\"},\"thumbnailUrl\":\"https:\/\/nitu.mx\/wp-content\/uploads\/2021\/07\/Aeromexico-737-MAX.jpg\",\"datePublished\":\"2024-11-03T23:20:52+00:00\",\"dateModified\":\"2024-11-03T23:20:53+00:00\",\"breadcrumb\":{\"@id\":\"https:\/\/nitu.mx\/index.php\/2024\/11\/03\/aspa-logra-acuerdo-salarial-y-contractual-con-aeromexico\/#breadcrumb\"},\"inLanguage\":\"es-MX\",\"potentialAction\":[{\"@type\":\"ReadAction\",\"target\":[\"https:\/\/nitu.mx\/index.php\/2024\/11\/03\/aspa-logra-acuerdo-salarial-y-contractual-con-aeromexico\/\"]}]},{\"@type\":\"ImageObject\",\"inLanguage\":\"es-MX\",\"@id\":\"https:\/\/nitu.mx\/index.php\/2024\/11\/03\/aspa-logra-acuerdo-salarial-y-contractual-con-aeromexico\/#primaryimage\",\"url\":\"https:\/\/nitu.mx\/wp-content\/uploads\/2021\/07\/Aeromexico-737-MAX.jpg\",\"contentUrl\":\"https:\/\/nitu.mx\/wp-content\/uploads\/2021\/07\/Aeromexico-737-MAX.jpg\",\"width\":1200,\"height\":675,\"caption\":\"Aerom\u00e9xico\"},{\"@type\":\"BreadcrumbList\",\"@id\":\"https:\/\/nitu.mx\/index.php\/2024\/11\/03\/aspa-logra-acuerdo-salarial-y-contractual-con-aeromexico\/#breadcrumb\",\"itemListElement\":[{\"@type\":\"ListItem\",\"position\":1,\"name\":\"Inicio\",\"item\":\"https:\/\/nitu.mx\/\"},{\"@type\":\"ListItem\",\"position\":2,\"name\":\"ASPA logra acuerdo salarial y contractual con Aerom\u00e9xico\"}]},{\"@type\":\"WebSite\",\"@id\":\"https:\/\/nitu.mx\/#website\",\"url\":\"https:\/\/nitu.mx\/\",\"name\":\"Nitu - Noticias de la Industria Turistica\",\"description\":\"Noticias de la Industria Turistica\",\"publisher\":{\"@id\":\"https:\/\/nitu.mx\/#\/schema\/person\/ae7a53426417292d3dd07b45a33e01bc\"},\"alternateName\":\"Noticias de la Industria Turistica\",\"potentialAction\":[{\"@type\":\"SearchAction\",\"target\":{\"@type\":\"EntryPoint\",\"urlTemplate\":\"https:\/\/nitu.mx\/?s={search_term_string}\"},\"query-input\":\"required name=search_term_string\"}],\"inLanguage\":\"es-MX\"},{\"@type\":[\"Person\",\"Organization\"],\"@id\":\"https:\/\/nitu.mx\/#\/schema\/person\/ae7a53426417292d3dd07b45a33e01bc\",\"name\":\"Arturo Medina\",\"image\":{\"@type\":\"ImageObject\",\"inLanguage\":\"es-MX\",\"@id\":\"https:\/\/nitu.mx\/#\/schema\/person\/image\/\",\"url\":\"https:\/\/nitu.mx\/wp-content\/uploads\/2024\/04\/4A315622-1904-4D5C-B022-878CDC840E04-90x90-1.jpeg\",\"contentUrl\":\"https:\/\/nitu.mx\/wp-content\/uploads\/2024\/04\/4A315622-1904-4D5C-B022-878CDC840E04-90x90-1.jpeg\",\"width\":90,\"height\":90,\"caption\":\"Arturo Medina\"},\"logo\":{\"@id\":\"https:\/\/nitu.mx\/#\/schema\/person\/image\/\"},\"description\":\"Director NITU.mx, Egresado de la Escuela de Periodismo Carlos Septi\u00e9n Garc\u00eda. Periodista y analista especializado en turismo desde hace 35 a\u00f1os, radicado en Canc\u00fan Q.Roo. arturo@nitu.mx\",\"sameAs\":[\"https:\/\/nitu.mx\",\"https:\/\/www.facebook.com\/NITUmx\/\",\"medinacancun\",\"https:\/\/twitter.com\/@Arturo_Medina_G\"]},{\"@type\":\"Person\",\"@id\":\"https:\/\/nitu.mx\/#\/schema\/person\/4a28fe9bd65924f7c90623773daf1b0b\",\"name\":\"Redacci\u00f3n\",\"image\":{\"@type\":\"ImageObject\",\"inLanguage\":\"es-MX\",\"@id\":\"https:\/\/nitu.mx\/#\/schema\/person\/image\/\",\"url\":\"https:\/\/secure.gravatar.com\/avatar\/5dd011c8ccfc5cd7e4c81e42252aab38?s=96&d=mm&r=g\",\"contentUrl\":\"https:\/\/secure.gravatar.com\/avatar\/5dd011c8ccfc5cd7e4c81e42252aab38?s=96&d=mm&r=g\",\"caption\":\"Redacci\u00f3n\"},\"url\":\"https:\/\/nitu.mx\/index.php\/author\/redaccion\/\"}]}<\/script>\n<!-- \/ Yoast SEO plugin. -->","yoast_head_json":{"title":"ASPA logra acuerdo salarial y contractual con Aerom\u00e9xico - Nitu - Noticias de la Industria Turistica","robots":{"index":"index","follow":"follow","max-snippet":"max-snippet:-1","max-image-preview":"max-image-preview:large","max-video-preview":"max-video-preview:-1"},"canonical":"https:\/\/nitu.mx\/index.php\/2024\/11\/03\/aspa-logra-acuerdo-salarial-y-contractual-con-aeromexico\/","twitter_card":"summary_large_image","twitter_title":"ASPA logra acuerdo salarial y contractual con Aerom\u00e9xico - Nitu - Noticias de la Industria Turistica","twitter_description":"La planta de pilotos de Aerom\u00e9xico, agrupados en la Asociaci\u00f3n Sindical de Pilotos Aviadores (ASPA), aprob\u00f3 por mayor\u00eda, a trav\u00e9s del voto en urnas, el convenio de revisi\u00f3n contractual y salarial con Aerom\u00e9xico. Los acuerdos contractuales tendr\u00e1n vigencia hasta septiembre de 2026, mientras que el salarial se revisar\u00e1 en 2025. De acuerdo con el procedimiento [&hellip;]","twitter_image":"https:\/\/nitu.mx\/wp-content\/uploads\/2021\/07\/Aeromexico-737-MAX.jpg","twitter_creator":"@NITUmx","twitter_site":"@Arturo_Medina_G","twitter_misc":{"Escrito por":"Redacci\u00f3n","Tiempo de lectura":"2 minutos"},"schema":{"@context":"https:\/\/schema.org","@graph":[{"@type":"Article","@id":"https:\/\/nitu.mx\/index.php\/2024\/11\/03\/aspa-logra-acuerdo-salarial-y-contractual-con-aeromexico\/#article","isPartOf":{"@id":"https:\/\/nitu.mx\/index.php\/2024\/11\/03\/aspa-logra-acuerdo-salarial-y-contractual-con-aeromexico\/"},"author":{"name":"Redacci\u00f3n","@id":"https:\/\/nitu.mx\/#\/schema\/person\/4a28fe9bd65924f7c90623773daf1b0b"},"headline":"ASPA logra acuerdo salarial y contractual con Aerom\u00e9xico","datePublished":"2024-11-03T23:20:52+00:00","dateModified":"2024-11-03T23:20:53+00:00","mainEntityOfPage":{"@id":"https:\/\/nitu.mx\/index.php\/2024\/11\/03\/aspa-logra-acuerdo-salarial-y-contractual-con-aeromexico\/"},"wordCount":476,"commentCount":0,"publisher":{"@id":"https:\/\/nitu.mx\/#\/schema\/person\/ae7a53426417292d3dd07b45a33e01bc"},"image":{"@id":"https:\/\/nitu.mx\/index.php\/2024\/11\/03\/aspa-logra-acuerdo-salarial-y-contractual-con-aeromexico\/#primaryimage"},"thumbnailUrl":"https:\/\/nitu.mx\/wp-content\/uploads\/2021\/07\/Aeromexico-737-MAX.jpg","keywords":["Aerom\u00e9xico","ASPA","Contrato Colectivo de Trabajo","pilotos"],"articleSection":["Aerol\u00edneas"],"inLanguage":"es-MX","potentialAction":[{"@type":"CommentAction","name":"Comment","target":["https:\/\/nitu.mx\/index.php\/2024\/11\/03\/aspa-logra-acuerdo-salarial-y-contractual-con-aeromexico\/#respond"]}]},{"@type":"WebPage","@id":"https:\/\/nitu.mx\/index.php\/2024\/11\/03\/aspa-logra-acuerdo-salarial-y-contractual-con-aeromexico\/","url":"https:\/\/nitu.mx\/index.php\/2024\/11\/03\/aspa-logra-acuerdo-salarial-y-contractual-con-aeromexico\/","name":"ASPA logra acuerdo salarial y contractual con Aerom\u00e9xico - Nitu - Noticias de la Industria Turistica","isPartOf":{"@id":"https:\/\/nitu.mx\/#website"},"primaryImageOfPage":{"@id":"https:\/\/nitu.mx\/index.php\/2024\/11\/03\/aspa-logra-acuerdo-salarial-y-contractual-con-aeromexico\/#primaryimage"},"image":{"@id":"https:\/\/nitu.mx\/index.php\/2024\/11\/03\/aspa-logra-acuerdo-salarial-y-contractual-con-aeromexico\/#primaryimage"},"thumbnailUrl":"https:\/\/nitu.mx\/wp-content\/uploads\/2021\/07\/Aeromexico-737-MAX.jpg","datePublished":"2024-11-03T23:20:52+00:00","dateModified":"2024-11-03T23:20:53+00:00","breadcrumb":{"@id":"https:\/\/nitu.mx\/index.php\/2024\/11\/03\/aspa-logra-acuerdo-salarial-y-contractual-con-aeromexico\/#breadcrumb"},"inLanguage":"es-MX","potentialAction":[{"@type":"ReadAction","target":["https:\/\/nitu.mx\/index.php\/2024\/11\/03\/aspa-logra-acuerdo-salarial-y-contractual-con-aeromexico\/"]}]},{"@type":"ImageObject","inLanguage":"es-MX","@id":"https:\/\/nitu.mx\/index.php\/2024\/11\/03\/aspa-logra-acuerdo-salarial-y-contractual-con-aeromexico\/#primaryimage","url":"https:\/\/nitu.mx\/wp-content\/uploads\/2021\/07\/Aeromexico-737-MAX.jpg","contentUrl":"https:\/\/nitu.mx\/wp-content\/uploads\/2021\/07\/Aeromexico-737-MAX.jpg","width":1200,"height":675,"caption":"Aerom\u00e9xico"},{"@type":"BreadcrumbList","@id":"https:\/\/nitu.mx\/index.php\/2024\/11\/03\/aspa-logra-acuerdo-salarial-y-contractual-con-aeromexico\/#breadcrumb","itemListElement":[{"@type":"ListItem","position":1,"name":"Inicio","item":"https:\/\/nitu.mx\/"},{"@type":"ListItem","position":2,"name":"ASPA logra acuerdo salarial y contractual con Aerom\u00e9xico"}]},{"@type":"WebSite","@id":"https:\/\/nitu.mx\/#website","url":"https:\/\/nitu.mx\/","name":"Nitu - Noticias de la Industria Turistica","description":"Noticias de la Industria Turistica","publisher":{"@id":"https:\/\/nitu.mx\/#\/schema\/person\/ae7a53426417292d3dd07b45a33e01bc"},"alternateName":"Noticias de la Industria Turistica","potentialAction":[{"@type":"SearchAction","target":{"@type":"EntryPoint","urlTemplate":"https:\/\/nitu.mx\/?s={search_term_string}"},"query-input":"required name=search_term_string"}],"inLanguage":"es-MX"},{"@type":["Person","Organization"],"@id":"https:\/\/nitu.mx\/#\/schema\/person\/ae7a53426417292d3dd07b45a33e01bc","name":"Arturo Medina","image":{"@type":"ImageObject","inLanguage":"es-MX","@id":"https:\/\/nitu.mx\/#\/schema\/person\/image\/","url":"https:\/\/nitu.mx\/wp-content\/uploads\/2024\/04\/4A315622-1904-4D5C-B022-878CDC840E04-90x90-1.jpeg","contentUrl":"https:\/\/nitu.mx\/wp-content\/uploads\/2024\/04\/4A315622-1904-4D5C-B022-878CDC840E04-90x90-1.jpeg","width":90,"height":90,"caption":"Arturo Medina"},"logo":{"@id":"https:\/\/nitu.mx\/#\/schema\/person\/image\/"},"description":"Director NITU.mx, Egresado de la Escuela de Periodismo Carlos Septi\u00e9n Garc\u00eda. Periodista y analista especializado en turismo desde hace 35 a\u00f1os, radicado en Canc\u00fan Q.Roo. arturo@nitu.mx","sameAs":["https:\/\/nitu.mx","https:\/\/www.facebook.com\/NITUmx\/","medinacancun","https:\/\/twitter.com\/@Arturo_Medina_G"]},{"@type":"Person","@id":"https:\/\/nitu.mx\/#\/schema\/person\/4a28fe9bd65924f7c90623773daf1b0b","name":"Redacci\u00f3n","image":{"@type":"ImageObject","inLanguage":"es-MX","@id":"https:\/\/nitu.mx\/#\/schema\/person\/image\/","url":"https:\/\/secure.gravatar.com\/avatar\/5dd011c8ccfc5cd7e4c81e42252aab38?s=96&d=mm&r=g","contentUrl":"https:\/\/secure.gravatar.com\/avatar\/5dd011c8ccfc5cd7e4c81e42252aab38?s=96&d=mm&r=g","caption":"Redacci\u00f3n"},"url":"https:\/\/nitu.mx\/index.php\/author\/redaccion\/"}]}},"views":663,"_links":{"self":[{"href":"https:\/\/nitu.mx\/index.php\/wp-json\/wp\/v2\/posts\/76370"}],"collection":[{"href":"https:\/\/nitu.mx\/index.php\/wp-json\/wp\/v2\/posts"}],"about":[{"href":"https:\/\/nitu.mx\/index.php\/wp-json\/wp\/v2\/types\/post"}],"author":[{"embeddable":true,"href":"https:\/\/nitu.mx\/index.php\/wp-json\/wp\/v2\/users\/17"}],"replies":[{"embeddable":true,"href":"https:\/\/nitu.mx\/index.php\/wp-json\/wp\/v2\/comments?post=76370"}],"version-history":[{"count":1,"href":"https:\/\/nitu.mx\/index.php\/wp-json\/wp\/v2\/posts\/76370\/revisions"}],"predecessor-version":[{"id":76372,"href":"https:\/\/nitu.mx\/index.php\/wp-json\/wp\/v2\/posts\/76370\/revisions\/76372"}],"wp:featuredmedia":[{"embeddable":true,"href":"https:\/\/nitu.mx\/index.php\/wp-json\/wp\/v2\/media\/54076"}],"wp:attachment":[{"href":"https:\/\/nitu.mx\/index.php\/wp-json\/wp\/v2\/media?parent=76370"}],"wp:term":[{"taxonomy":"category","embeddable":true,"href":"https:\/\/nitu.mx\/index.php\/wp-json\/wp\/v2\/categories?post=76370"},{"taxonomy":"post_tag","embeddable":true,"href":"https:\/\/nitu.mx\/index.php\/wp-json\/wp\/v2\/tags?post=76370"}],"curies":[{"name":"wp","href":"https:\/\/api.w.org\/{rel}","templated":true}]}}