{"id":76321,"date":"2024-10-31T22:42:35","date_gmt":"2024-11-01T04:42:35","guid":{"rendered":"https:\/\/nitu.mx\/?p=76321"},"modified":"2024-10-31T22:42:36","modified_gmt":"2024-11-01T04:42:36","slug":"abren-consulta-publica-para-el-proyecto-puerta-al-mar-en-cancun","status":"publish","type":"post","link":"https:\/\/nitu.mx\/index.php\/2024\/10\/31\/abren-consulta-publica-para-el-proyecto-puerta-al-mar-en-cancun\/","title":{"rendered":"Abren Consulta P\u00fablica para el Proyecto Puerta al Mar en Canc\u00fan"},"content":{"rendered":"<p>La Secretar\u00eda de Medio Ambiente y Recursos Naturales (Semarnat) abri\u00f3 la consulta p\u00fablica en torno a la construcci\u00f3n de un muelle llamado \u201cPuerta al Mar\u201d en Canc\u00fan, proyecto que es promovido por Alberto Campos Ag\u00fcero, integrante de una familia que ha sido se\u00f1alada de varios temas ambientales en Yucat\u00e1n.<\/p>\n<p>A trav\u00e9s de la Gaceta Ecol\u00f3gica, se inform\u00f3 que, el pasado 14 de octubre, esta dependencia se determin\u00f3 dar inicio a ese procedimiento.<\/p>\n<p>Esta dependencia se\u00f1ala adem\u00e1s que determin\u00f3 poner a disposici\u00f3n del p\u00fablico la Manifestaci\u00f3n de Impacto Ambiental (MIA), en modalidad particular, a fin de que cualquier interesado pueda proponer el establecimiento de medidas de prevenci\u00f3n y mitigaci\u00f3n adicionales, as\u00ed como las observaciones que considere.<\/p>\n<p>\u201cSe comunica que la Manifestaci\u00f3n de Impacto Ambiental, modalidad particular, del proyecto citado, para los fines antes precisados, podr\u00e1 ser consultado en la oficina de representaci\u00f3n de esta Secretar\u00eda de Medio Ambiente y Recursos Naturales en el estado de Quintana Roo ubicada en boulevard Kukulc\u00e1n, km 4.8; zona hotelera\u201d, expresa el comunicado.<\/p>\n<p>Los Campos Ag\u00fcero han estado en medio de constantes esc\u00e1ndalos en Yucat\u00e1n, tras ser se\u00f1alados de privatizar playas y obtener permisos ambientales de manera irregular.<\/p>\n<p>El caso m\u00e1s sonado fue el proyecto Para\u00edso Sisal, una serie de terrenos dedicados a la venta de lotes de casa de playa, donde presuntamente instalaron geotubos sin la autorizaci\u00f3n de ley, refiere Noticaribepeninsular.<\/p>\n","protected":false},"excerpt":{"rendered":"<p>La Secretar\u00eda de Medio Ambiente y Recursos Naturales (Semarnat) abri\u00f3 la consulta p\u00fablica en torno a la construcci\u00f3n de un muelle llamado \u201cPuerta al Mar\u201d en Canc\u00fan, proyecto que es promovido por Alberto Campos Ag\u00fcero, integrante de una familia que ha sido se\u00f1alada de varios temas ambientales en Yucat\u00e1n. A trav\u00e9s de la Gaceta Ecol\u00f3gica, [&hellip;]<\/p>\n","protected":false},"author":3,"featured_media":65517,"comment_status":"open","ping_status":"open","sticky":false,"template":"","format":"standard","meta":{"footnotes":""},"categories":[21403,23427],"tags":[43,10060,10596,24159,45],"yoast_head":"<!-- This site is optimized with the Yoast SEO plugin v22.2 - https:\/\/yoast.com\/wordpress\/plugins\/seo\/ -->\n<title>Abren Consulta P\u00fablica para el Proyecto Puerta al Mar en Canc\u00fan - Nitu - Noticias de la Industria Turistica<\/title>\n<meta name=\"robots\" content=\"index, follow, max-snippet:-1, max-image-preview:large, max-video-preview:-1\" \/>\n<link rel=\"canonical\" href=\"https:\/\/nitu.mx\/index.php\/2024\/10\/31\/abren-consulta-publica-para-el-proyecto-puerta-al-mar-en-cancun\/\" \/>\n<meta name=\"twitter:card\" content=\"summary_large_image\" \/>\n<meta name=\"twitter:title\" content=\"Abren Consulta P\u00fablica para el Proyecto Puerta al Mar en Canc\u00fan - Nitu - Noticias de la Industria Turistica\" \/>\n<meta name=\"twitter:description\" content=\"La Secretar\u00eda de Medio Ambiente y Recursos Naturales (Semarnat) abri\u00f3 la consulta p\u00fablica en torno a la construcci\u00f3n de un muelle llamado \u201cPuerta al Mar\u201d en Canc\u00fan, proyecto que es promovido por Alberto Campos Ag\u00fcero, integrante de una familia que ha sido se\u00f1alada de varios temas ambientales en Yucat\u00e1n. A trav\u00e9s de la Gaceta Ecol\u00f3gica, [&hellip;]\" \/>\n<meta name=\"twitter:image\" content=\"https:\/\/nitu.mx\/wp-content\/uploads\/2023\/07\/CANCUN-AIRE.jpg\" \/>\n<meta name=\"twitter:creator\" content=\"@NITUmx\" \/>\n<meta name=\"twitter:site\" content=\"@Arturo_Medina_G\" \/>\n<meta name=\"twitter:label1\" content=\"Escrito por\" \/>\n\t<meta name=\"twitter:data1\" content=\"Alejandra Moncisbays\" \/>\n\t<meta name=\"twitter:label2\" content=\"Tiempo de lectura\" \/>\n\t<meta name=\"twitter:data2\" content=\"1 minuto\" \/>\n<script type=\"application\/ld+json\" class=\"yoast-schema-graph\">{\"@context\":\"https:\/\/schema.org\",\"@graph\":[{\"@type\":\"Article\",\"@id\":\"https:\/\/nitu.mx\/index.php\/2024\/10\/31\/abren-consulta-publica-para-el-proyecto-puerta-al-mar-en-cancun\/#article\",\"isPartOf\":{\"@id\":\"https:\/\/nitu.mx\/index.php\/2024\/10\/31\/abren-consulta-publica-para-el-proyecto-puerta-al-mar-en-cancun\/\"},\"author\":{\"name\":\"Alejandra Moncisbays\",\"@id\":\"https:\/\/nitu.mx\/#\/schema\/person\/2ecd887b19dfd3382d1f14fc5acf24a8\"},\"headline\":\"Abren Consulta P\u00fablica para el Proyecto Puerta al Mar en Canc\u00fan\",\"datePublished\":\"2024-11-01T04:42:35+00:00\",\"dateModified\":\"2024-11-01T04:42:36+00:00\",\"mainEntityOfPage\":{\"@id\":\"https:\/\/nitu.mx\/index.php\/2024\/10\/31\/abren-consulta-publica-para-el-proyecto-puerta-al-mar-en-cancun\/\"},\"wordCount\":264,\"commentCount\":0,\"publisher\":{\"@id\":\"https:\/\/nitu.mx\/#\/schema\/person\/ae7a53426417292d3dd07b45a33e01bc\"},\"image\":{\"@id\":\"https:\/\/nitu.mx\/index.php\/2024\/10\/31\/abren-consulta-publica-para-el-proyecto-puerta-al-mar-en-cancun\/#primaryimage\"},\"thumbnailUrl\":\"https:\/\/nitu.mx\/wp-content\/uploads\/2023\/07\/CANCUN-AIRE.jpg\",\"keywords\":[\"Canc\u00fan\",\"consulta ciudadana\",\"MIA\",\"Puerta al Mar\",\"Semarnat\"],\"articleSection\":[\"Canc\u00fan\",\"Medio Ambiente\"],\"inLanguage\":\"es-MX\",\"potentialAction\":[{\"@type\":\"CommentAction\",\"name\":\"Comment\",\"target\":[\"https:\/\/nitu.mx\/index.php\/2024\/10\/31\/abren-consulta-publica-para-el-proyecto-puerta-al-mar-en-cancun\/#respond\"]}]},{\"@type\":\"WebPage\",\"@id\":\"https:\/\/nitu.mx\/index.php\/2024\/10\/31\/abren-consulta-publica-para-el-proyecto-puerta-al-mar-en-cancun\/\",\"url\":\"https:\/\/nitu.mx\/index.php\/2024\/10\/31\/abren-consulta-publica-para-el-proyecto-puerta-al-mar-en-cancun\/\",\"name\":\"Abren Consulta P\u00fablica para el Proyecto Puerta al Mar en Canc\u00fan - Nitu - Noticias de la Industria Turistica\",\"isPartOf\":{\"@id\":\"https:\/\/nitu.mx\/#website\"},\"primaryImageOfPage\":{\"@id\":\"https:\/\/nitu.mx\/index.php\/2024\/10\/31\/abren-consulta-publica-para-el-proyecto-puerta-al-mar-en-cancun\/#primaryimage\"},\"image\":{\"@id\":\"https:\/\/nitu.mx\/index.php\/2024\/10\/31\/abren-consulta-publica-para-el-proyecto-puerta-al-mar-en-cancun\/#primaryimage\"},\"thumbnailUrl\":\"https:\/\/nitu.mx\/wp-content\/uploads\/2023\/07\/CANCUN-AIRE.jpg\",\"datePublished\":\"2024-11-01T04:42:35+00:00\",\"dateModified\":\"2024-11-01T04:42:36+00:00\",\"breadcrumb\":{\"@id\":\"https:\/\/nitu.mx\/index.php\/2024\/10\/31\/abren-consulta-publica-para-el-proyecto-puerta-al-mar-en-cancun\/#breadcrumb\"},\"inLanguage\":\"es-MX\",\"potentialAction\":[{\"@type\":\"ReadAction\",\"target\":[\"https:\/\/nitu.mx\/index.php\/2024\/10\/31\/abren-consulta-publica-para-el-proyecto-puerta-al-mar-en-cancun\/\"]}]},{\"@type\":\"ImageObject\",\"inLanguage\":\"es-MX\",\"@id\":\"https:\/\/nitu.mx\/index.php\/2024\/10\/31\/abren-consulta-publica-para-el-proyecto-puerta-al-mar-en-cancun\/#primaryimage\",\"url\":\"https:\/\/nitu.mx\/wp-content\/uploads\/2023\/07\/CANCUN-AIRE.jpg\",\"contentUrl\":\"https:\/\/nitu.mx\/wp-content\/uploads\/2023\/07\/CANCUN-AIRE.jpg\",\"width\":1280,\"height\":657,\"caption\":\"Canc\u00fan IEDT PIB Tur\u00edstico\"},{\"@type\":\"BreadcrumbList\",\"@id\":\"https:\/\/nitu.mx\/index.php\/2024\/10\/31\/abren-consulta-publica-para-el-proyecto-puerta-al-mar-en-cancun\/#breadcrumb\",\"itemListElement\":[{\"@type\":\"ListItem\",\"position\":1,\"name\":\"Inicio\",\"item\":\"https:\/\/nitu.mx\/\"},{\"@type\":\"ListItem\",\"position\":2,\"name\":\"Abren Consulta P\u00fablica para el Proyecto Puerta al Mar en Canc\u00fan\"}]},{\"@type\":\"WebSite\",\"@id\":\"https:\/\/nitu.mx\/#website\",\"url\":\"https:\/\/nitu.mx\/\",\"name\":\"Nitu - Noticias de la Industria Turistica\",\"description\":\"Noticias de la Industria Turistica\",\"publisher\":{\"@id\":\"https:\/\/nitu.mx\/#\/schema\/person\/ae7a53426417292d3dd07b45a33e01bc\"},\"alternateName\":\"Noticias de la Industria Turistica\",\"potentialAction\":[{\"@type\":\"SearchAction\",\"target\":{\"@type\":\"EntryPoint\",\"urlTemplate\":\"https:\/\/nitu.mx\/?s={search_term_string}\"},\"query-input\":\"required name=search_term_string\"}],\"inLanguage\":\"es-MX\"},{\"@type\":[\"Person\",\"Organization\"],\"@id\":\"https:\/\/nitu.mx\/#\/schema\/person\/ae7a53426417292d3dd07b45a33e01bc\",\"name\":\"Arturo Medina\",\"image\":{\"@type\":\"ImageObject\",\"inLanguage\":\"es-MX\",\"@id\":\"https:\/\/nitu.mx\/#\/schema\/person\/image\/\",\"url\":\"https:\/\/nitu.mx\/wp-content\/uploads\/2024\/04\/4A315622-1904-4D5C-B022-878CDC840E04-90x90-1.jpeg\",\"contentUrl\":\"https:\/\/nitu.mx\/wp-content\/uploads\/2024\/04\/4A315622-1904-4D5C-B022-878CDC840E04-90x90-1.jpeg\",\"width\":90,\"height\":90,\"caption\":\"Arturo Medina\"},\"logo\":{\"@id\":\"https:\/\/nitu.mx\/#\/schema\/person\/image\/\"},\"description\":\"Director NITU.mx, Egresado de la Escuela de Periodismo Carlos Septi\u00e9n Garc\u00eda. Periodista y analista especializado en turismo desde hace 35 a\u00f1os, radicado en Canc\u00fan Q.Roo. arturo@nitu.mx\",\"sameAs\":[\"https:\/\/nitu.mx\",\"https:\/\/www.facebook.com\/NITUmx\/\",\"medinacancun\",\"https:\/\/twitter.com\/@Arturo_Medina_G\"]},{\"@type\":\"Person\",\"@id\":\"https:\/\/nitu.mx\/#\/schema\/person\/2ecd887b19dfd3382d1f14fc5acf24a8\",\"name\":\"Alejandra Moncisbays\",\"image\":{\"@type\":\"ImageObject\",\"inLanguage\":\"es-MX\",\"@id\":\"https:\/\/nitu.mx\/#\/schema\/person\/image\/\",\"url\":\"https:\/\/secure.gravatar.com\/avatar\/e74f7af0be172b7804dacfd0bfbef787?s=96&d=mm&r=g\",\"contentUrl\":\"https:\/\/secure.gravatar.com\/avatar\/e74f7af0be172b7804dacfd0bfbef787?s=96&d=mm&r=g\",\"caption\":\"Alejandra Moncisbays\"},\"description\":\"Curs\u00e9 la carrera de Periodismo y Comunicaci\u00f3n en la Facultad de Estudios Profesionales Acatl\u00e1n. Vivo en Canc\u00fan desde hace 24 a\u00f1os. Fui reportera de La Tarde de Canc\u00fan, y Novedades de Quintana Roo, colabor\u00e9 en TVCUN, edit\u00e9 Cancun\u00edssimo y colabor\u00e9 en las revistas Latitud21, entre otras, con principal enfoque en los sectores empresarial y tur\u00edstico. Desde hace varios a\u00f1os soy Agente de Seguros con c\u00e9dula de la Comisi\u00f3n Nacional de Seguros y Fianzas. Actualmente, me desarrollo en los \u00e1mbitos del periodismo y el sector asegurador.\",\"sameAs\":[\"https:\/\/nitu.mx\"],\"url\":\"https:\/\/nitu.mx\/index.php\/author\/alejandra\/\"}]}<\/script>\n<!-- \/ Yoast SEO plugin. -->","yoast_head_json":{"title":"Abren Consulta P\u00fablica para el Proyecto Puerta al Mar en Canc\u00fan - Nitu - Noticias de la Industria Turistica","robots":{"index":"index","follow":"follow","max-snippet":"max-snippet:-1","max-image-preview":"max-image-preview:large","max-video-preview":"max-video-preview:-1"},"canonical":"https:\/\/nitu.mx\/index.php\/2024\/10\/31\/abren-consulta-publica-para-el-proyecto-puerta-al-mar-en-cancun\/","twitter_card":"summary_large_image","twitter_title":"Abren Consulta P\u00fablica para el Proyecto Puerta al Mar en Canc\u00fan - Nitu - Noticias de la Industria Turistica","twitter_description":"La Secretar\u00eda de Medio Ambiente y Recursos Naturales (Semarnat) abri\u00f3 la consulta p\u00fablica en torno a la construcci\u00f3n de un muelle llamado \u201cPuerta al Mar\u201d en Canc\u00fan, proyecto que es promovido por Alberto Campos Ag\u00fcero, integrante de una familia que ha sido se\u00f1alada de varios temas ambientales en Yucat\u00e1n. A trav\u00e9s de la Gaceta Ecol\u00f3gica, [&hellip;]","twitter_image":"https:\/\/nitu.mx\/wp-content\/uploads\/2023\/07\/CANCUN-AIRE.jpg","twitter_creator":"@NITUmx","twitter_site":"@Arturo_Medina_G","twitter_misc":{"Escrito por":"Alejandra Moncisbays","Tiempo de lectura":"1 minuto"},"schema":{"@context":"https:\/\/schema.org","@graph":[{"@type":"Article","@id":"https:\/\/nitu.mx\/index.php\/2024\/10\/31\/abren-consulta-publica-para-el-proyecto-puerta-al-mar-en-cancun\/#article","isPartOf":{"@id":"https:\/\/nitu.mx\/index.php\/2024\/10\/31\/abren-consulta-publica-para-el-proyecto-puerta-al-mar-en-cancun\/"},"author":{"name":"Alejandra Moncisbays","@id":"https:\/\/nitu.mx\/#\/schema\/person\/2ecd887b19dfd3382d1f14fc5acf24a8"},"headline":"Abren Consulta P\u00fablica para el Proyecto Puerta al Mar en Canc\u00fan","datePublished":"2024-11-01T04:42:35+00:00","dateModified":"2024-11-01T04:42:36+00:00","mainEntityOfPage":{"@id":"https:\/\/nitu.mx\/index.php\/2024\/10\/31\/abren-consulta-publica-para-el-proyecto-puerta-al-mar-en-cancun\/"},"wordCount":264,"commentCount":0,"publisher":{"@id":"https:\/\/nitu.mx\/#\/schema\/person\/ae7a53426417292d3dd07b45a33e01bc"},"image":{"@id":"https:\/\/nitu.mx\/index.php\/2024\/10\/31\/abren-consulta-publica-para-el-proyecto-puerta-al-mar-en-cancun\/#primaryimage"},"thumbnailUrl":"https:\/\/nitu.mx\/wp-content\/uploads\/2023\/07\/CANCUN-AIRE.jpg","keywords":["Canc\u00fan","consulta ciudadana","MIA","Puerta al Mar","Semarnat"],"articleSection":["Canc\u00fan","Medio Ambiente"],"inLanguage":"es-MX","potentialAction":[{"@type":"CommentAction","name":"Comment","target":["https:\/\/nitu.mx\/index.php\/2024\/10\/31\/abren-consulta-publica-para-el-proyecto-puerta-al-mar-en-cancun\/#respond"]}]},{"@type":"WebPage","@id":"https:\/\/nitu.mx\/index.php\/2024\/10\/31\/abren-consulta-publica-para-el-proyecto-puerta-al-mar-en-cancun\/","url":"https:\/\/nitu.mx\/index.php\/2024\/10\/31\/abren-consulta-publica-para-el-proyecto-puerta-al-mar-en-cancun\/","name":"Abren Consulta P\u00fablica para el Proyecto Puerta al Mar en Canc\u00fan - Nitu - Noticias de la Industria Turistica","isPartOf":{"@id":"https:\/\/nitu.mx\/#website"},"primaryImageOfPage":{"@id":"https:\/\/nitu.mx\/index.php\/2024\/10\/31\/abren-consulta-publica-para-el-proyecto-puerta-al-mar-en-cancun\/#primaryimage"},"image":{"@id":"https:\/\/nitu.mx\/index.php\/2024\/10\/31\/abren-consulta-publica-para-el-proyecto-puerta-al-mar-en-cancun\/#primaryimage"},"thumbnailUrl":"https:\/\/nitu.mx\/wp-content\/uploads\/2023\/07\/CANCUN-AIRE.jpg","datePublished":"2024-11-01T04:42:35+00:00","dateModified":"2024-11-01T04:42:36+00:00","breadcrumb":{"@id":"https:\/\/nitu.mx\/index.php\/2024\/10\/31\/abren-consulta-publica-para-el-proyecto-puerta-al-mar-en-cancun\/#breadcrumb"},"inLanguage":"es-MX","potentialAction":[{"@type":"ReadAction","target":["https:\/\/nitu.mx\/index.php\/2024\/10\/31\/abren-consulta-publica-para-el-proyecto-puerta-al-mar-en-cancun\/"]}]},{"@type":"ImageObject","inLanguage":"es-MX","@id":"https:\/\/nitu.mx\/index.php\/2024\/10\/31\/abren-consulta-publica-para-el-proyecto-puerta-al-mar-en-cancun\/#primaryimage","url":"https:\/\/nitu.mx\/wp-content\/uploads\/2023\/07\/CANCUN-AIRE.jpg","contentUrl":"https:\/\/nitu.mx\/wp-content\/uploads\/2023\/07\/CANCUN-AIRE.jpg","width":1280,"height":657,"caption":"Canc\u00fan IEDT PIB Tur\u00edstico"},{"@type":"BreadcrumbList","@id":"https:\/\/nitu.mx\/index.php\/2024\/10\/31\/abren-consulta-publica-para-el-proyecto-puerta-al-mar-en-cancun\/#breadcrumb","itemListElement":[{"@type":"ListItem","position":1,"name":"Inicio","item":"https:\/\/nitu.mx\/"},{"@type":"ListItem","position":2,"name":"Abren Consulta P\u00fablica para el Proyecto Puerta al Mar en Canc\u00fan"}]},{"@type":"WebSite","@id":"https:\/\/nitu.mx\/#website","url":"https:\/\/nitu.mx\/","name":"Nitu - Noticias de la Industria Turistica","description":"Noticias de la Industria Turistica","publisher":{"@id":"https:\/\/nitu.mx\/#\/schema\/person\/ae7a53426417292d3dd07b45a33e01bc"},"alternateName":"Noticias de la Industria Turistica","potentialAction":[{"@type":"SearchAction","target":{"@type":"EntryPoint","urlTemplate":"https:\/\/nitu.mx\/?s={search_term_string}"},"query-input":"required name=search_term_string"}],"inLanguage":"es-MX"},{"@type":["Person","Organization"],"@id":"https:\/\/nitu.mx\/#\/schema\/person\/ae7a53426417292d3dd07b45a33e01bc","name":"Arturo Medina","image":{"@type":"ImageObject","inLanguage":"es-MX","@id":"https:\/\/nitu.mx\/#\/schema\/person\/image\/","url":"https:\/\/nitu.mx\/wp-content\/uploads\/2024\/04\/4A315622-1904-4D5C-B022-878CDC840E04-90x90-1.jpeg","contentUrl":"https:\/\/nitu.mx\/wp-content\/uploads\/2024\/04\/4A315622-1904-4D5C-B022-878CDC840E04-90x90-1.jpeg","width":90,"height":90,"caption":"Arturo Medina"},"logo":{"@id":"https:\/\/nitu.mx\/#\/schema\/person\/image\/"},"description":"Director NITU.mx, Egresado de la Escuela de Periodismo Carlos Septi\u00e9n Garc\u00eda. Periodista y analista especializado en turismo desde hace 35 a\u00f1os, radicado en Canc\u00fan Q.Roo. arturo@nitu.mx","sameAs":["https:\/\/nitu.mx","https:\/\/www.facebook.com\/NITUmx\/","medinacancun","https:\/\/twitter.com\/@Arturo_Medina_G"]},{"@type":"Person","@id":"https:\/\/nitu.mx\/#\/schema\/person\/2ecd887b19dfd3382d1f14fc5acf24a8","name":"Alejandra Moncisbays","image":{"@type":"ImageObject","inLanguage":"es-MX","@id":"https:\/\/nitu.mx\/#\/schema\/person\/image\/","url":"https:\/\/secure.gravatar.com\/avatar\/e74f7af0be172b7804dacfd0bfbef787?s=96&d=mm&r=g","contentUrl":"https:\/\/secure.gravatar.com\/avatar\/e74f7af0be172b7804dacfd0bfbef787?s=96&d=mm&r=g","caption":"Alejandra Moncisbays"},"description":"Curs\u00e9 la carrera de Periodismo y Comunicaci\u00f3n en la Facultad de Estudios Profesionales Acatl\u00e1n. Vivo en Canc\u00fan desde hace 24 a\u00f1os. Fui reportera de La Tarde de Canc\u00fan, y Novedades de Quintana Roo, colabor\u00e9 en TVCUN, edit\u00e9 Cancun\u00edssimo y colabor\u00e9 en las revistas Latitud21, entre otras, con principal enfoque en los sectores empresarial y tur\u00edstico. Desde hace varios a\u00f1os soy Agente de Seguros con c\u00e9dula de la Comisi\u00f3n Nacional de Seguros y Fianzas. Actualmente, me desarrollo en los \u00e1mbitos del periodismo y el sector asegurador.","sameAs":["https:\/\/nitu.mx"],"url":"https:\/\/nitu.mx\/index.php\/author\/alejandra\/"}]}},"views":497,"_links":{"self":[{"href":"https:\/\/nitu.mx\/index.php\/wp-json\/wp\/v2\/posts\/76321"}],"collection":[{"href":"https:\/\/nitu.mx\/index.php\/wp-json\/wp\/v2\/posts"}],"about":[{"href":"https:\/\/nitu.mx\/index.php\/wp-json\/wp\/v2\/types\/post"}],"author":[{"embeddable":true,"href":"https:\/\/nitu.mx\/index.php\/wp-json\/wp\/v2\/users\/3"}],"replies":[{"embeddable":true,"href":"https:\/\/nitu.mx\/index.php\/wp-json\/wp\/v2\/comments?post=76321"}],"version-history":[{"count":2,"href":"https:\/\/nitu.mx\/index.php\/wp-json\/wp\/v2\/posts\/76321\/revisions"}],"predecessor-version":[{"id":76337,"href":"https:\/\/nitu.mx\/index.php\/wp-json\/wp\/v2\/posts\/76321\/revisions\/76337"}],"wp:featuredmedia":[{"embeddable":true,"href":"https:\/\/nitu.mx\/index.php\/wp-json\/wp\/v2\/media\/65517"}],"wp:attachment":[{"href":"https:\/\/nitu.mx\/index.php\/wp-json\/wp\/v2\/media?parent=76321"}],"wp:term":[{"taxonomy":"category","embeddable":true,"href":"https:\/\/nitu.mx\/index.php\/wp-json\/wp\/v2\/categories?post=76321"},{"taxonomy":"post_tag","embeddable":true,"href":"https:\/\/nitu.mx\/index.php\/wp-json\/wp\/v2\/tags?post=76321"}],"curies":[{"name":"wp","href":"https:\/\/api.w.org\/{rel}","templated":true}]}}