{"id":76303,"date":"2024-10-31T18:22:14","date_gmt":"2024-11-01T00:22:14","guid":{"rendered":"https:\/\/nitu.mx\/?p=76303"},"modified":"2024-10-31T18:22:14","modified_gmt":"2024-11-01T00:22:14","slug":"puerto-vallarta-recibe-charter-desde-praga-de-world2fly","status":"publish","type":"post","link":"https:\/\/nitu.mx\/index.php\/2024\/10\/31\/puerto-vallarta-recibe-charter-desde-praga-de-world2fly\/","title":{"rendered":"Puerto Vallarta recibe ch\u00e1rter desde Praga de World2fly"},"content":{"rendered":"\n<p>Puerto Vallarta contar\u00e1 con un nuevo vuelo directo desde Praga, la capital de la Rep\u00fablica Checa. Cada martes llegar\u00e1 el ch\u00e1rter de la ruta Praga &#8211; Puerto Vallarta, operado por la empresa DER Touristik, con el vuelo de la aerol\u00ednea World2fly que vendr\u00e1 al destino durante la temporada oto\u00f1o-invierno (de octubre de 2024 a abril de 2025) con una frecuencia por semana, <\/p>\n\n\n\n<p>El vuelo inaugural arrib\u00f3 a Puerto Vallarta en punto de las 16:00 horas transportando a 402 pasajeros que fueron recibidos en el Aeropuerto Internacional Gustavo D\u00edaz Ordaz con gran algarab\u00eda entre m\u00fasica de mariachi y cocteler\u00eda de bienvenida.<\/p>\n\n\n\n<p>La compa\u00f1\u00eda alemana DER Touristik inform\u00f3 que el objetivo de este vuelo es atender clientes provenientes de las tres principales ciudades de Rep\u00fablica Checa: Praga, Brno y Ostrava; asimismo, se espera atraer pasajeros de pa\u00edses vecinos como Alemania, Polonia, Eslovaquia y Austria.<\/p>\n\n\n\n<p>En convenio con la tour operadora trabajar\u00e1n 19 hoteles de Puerto Vallarta: Sheraton Buganvilias Resort &amp; Convention Center, Buenaventura y Hacienda Buenaventura, Villa Premiere, Costa Sur, Krystal Puerto Vallarta, Sunscape, Dreams y Secrets Puerto Vallarta, hoteles Friendly y M\u00edo, Vamar, Meli\u00e1, Plaza Pel\u00edcanos Grand y Sunset, Canto del Sol, Hotel Rosita, El Pescador y Delf\u00edn..<\/p>\n\n\n\n<p>\u201cA lo largo de seis meses que estar\u00e1 operando este ch\u00e1rter esperamos a m\u00e1s de 10 mil turistas europeos, no s\u00f3lo de Rep\u00fablica Checa, tambi\u00e9n de Alemania, Austria, Polonia, entre otros pa\u00edses. Sin duda, bajo este nuevo esquema en alianza con el sector hotelero, se abre un nuevo mercado para Puerto Vallarta, adem\u00e1s de potenciales visitantes para Tequila y Guadalajara\u201d, indic\u00f3 Vanessa P\u00e9rez Lamas, secretaria de Turismo de Jalisco.<\/p>\n\n\n\n<p>A su vez, Luis Villase\u00f1or, director del Fideicomiso de Turismo de la ciudad, coment\u00f3: \u201cPuerto Vallarta suma una nueva conectividad desde Europa, ahora con la llegada de visitantes checos que buscan sumergirse en la cultura, la naturaleza y en nuestras bellas playas ba\u00f1adas de mucho sol&#8221;.<\/p>\n\n\n\n<p>Por su parte, Cryshtian Jos\u00e9 Amador Lizardi, director del Aeropuerto de Puerto Vallarta, destac\u00f3 que la terminal a\u00e9rea contin\u00faa modernizando su infraestructura para atender la creciente demanda de pasajeros. \u201cEst\u00e1 preparado para atender el crecimiento derivado de la vinculaci\u00f3n entre influyentes destinos internacionales y nuestra ciudad&#8221;. <\/p>\n\n\n\n<p>&#8220;Durante el 2023, m\u00e1s de 6.7 millones de pasajeros transitaron por nuestro aeropuerto y con la inauguraci\u00f3n de la terminal 2 en el a\u00f1o 2026, esta cifra se multiplicar\u00e1\u201d, agreg\u00f3 el directivo.<\/p>\n\n\n\n<p>Actualmente, Puerto Vallarta cuenta con conexi\u00f3n a\u00e9rea a trav\u00e9s de 20 aerol\u00edneas que cubren 55 rutas directas entre nacionales e internacionales, las cuales ver\u00e1n un gran incremento una vez concluida la terminal 2 del aeropuerto, actualmente en construcci\u00f3n. (<a href=\"https:\/\/nitu.mx\/index.php\/2024\/10\/27\/puerto-vallarta-promueve-su-oferta-mice-ante-asociaciones-de-cdmx\/\">Puerto Vallarta promueve su oferta MICE ante asociaciones de CDMX<\/a>).<\/p>\n","protected":false},"excerpt":{"rendered":"<p>Puerto Vallarta contar\u00e1 con un nuevo vuelo directo desde Praga, la capital de la Rep\u00fablica Checa. Cada martes llegar\u00e1 el ch\u00e1rter de la ruta Praga &#8211; Puerto Vallarta, operado por la empresa DER Touristik, con el vuelo de la aerol\u00ednea World2fly que vendr\u00e1 al destino durante la temporada oto\u00f1o-invierno (de octubre de 2024 a abril [&hellip;]<\/p>\n","protected":false},"author":17,"featured_media":76309,"comment_status":"open","ping_status":"open","sticky":false,"template":"","format":"standard","meta":{"footnotes":""},"categories":[29,5],"tags":[18140,10326,10938,11022,471,1274,23325],"yoast_head":"<!-- This site is optimized with the Yoast SEO plugin v22.2 - https:\/\/yoast.com\/wordpress\/plugins\/seo\/ -->\n<title>Puerto Vallarta recibe ch\u00e1rter desde Praga de World2fly - Nitu - Noticias de la Industria Turistica<\/title>\n<meta name=\"robots\" content=\"index, follow, max-snippet:-1, max-image-preview:large, max-video-preview:-1\" \/>\n<link rel=\"canonical\" href=\"https:\/\/nitu.mx\/index.php\/2024\/10\/31\/puerto-vallarta-recibe-charter-desde-praga-de-world2fly\/\" \/>\n<meta name=\"twitter:card\" content=\"summary_large_image\" \/>\n<meta name=\"twitter:title\" content=\"Puerto Vallarta recibe ch\u00e1rter desde Praga de World2fly - Nitu - Noticias de la Industria Turistica\" \/>\n<meta name=\"twitter:description\" content=\"Puerto Vallarta contar\u00e1 con un nuevo vuelo directo desde Praga, la capital de la Rep\u00fablica Checa. Cada martes llegar\u00e1 el ch\u00e1rter de la ruta Praga &#8211; Puerto Vallarta, operado por la empresa DER Touristik, con el vuelo de la aerol\u00ednea World2fly que vendr\u00e1 al destino durante la temporada oto\u00f1o-invierno (de octubre de 2024 a abril [&hellip;]\" \/>\n<meta name=\"twitter:image\" content=\"https:\/\/nitu.mx\/wp-content\/uploads\/2024\/10\/Puerto-Vallarta-charter-Praga.jpg\" \/>\n<meta name=\"twitter:creator\" content=\"@NITUmx\" \/>\n<meta name=\"twitter:site\" content=\"@Arturo_Medina_G\" \/>\n<meta name=\"twitter:label1\" content=\"Escrito por\" \/>\n\t<meta name=\"twitter:data1\" content=\"Redacci\u00f3n\" \/>\n\t<meta name=\"twitter:label2\" content=\"Tiempo de lectura\" \/>\n\t<meta name=\"twitter:data2\" content=\"2 minutos\" \/>\n<script type=\"application\/ld+json\" class=\"yoast-schema-graph\">{\"@context\":\"https:\/\/schema.org\",\"@graph\":[{\"@type\":\"Article\",\"@id\":\"https:\/\/nitu.mx\/index.php\/2024\/10\/31\/puerto-vallarta-recibe-charter-desde-praga-de-world2fly\/#article\",\"isPartOf\":{\"@id\":\"https:\/\/nitu.mx\/index.php\/2024\/10\/31\/puerto-vallarta-recibe-charter-desde-praga-de-world2fly\/\"},\"author\":{\"name\":\"Redacci\u00f3n\",\"@id\":\"https:\/\/nitu.mx\/#\/schema\/person\/4a28fe9bd65924f7c90623773daf1b0b\"},\"headline\":\"Puerto Vallarta recibe ch\u00e1rter desde Praga de World2fly\",\"datePublished\":\"2024-11-01T00:22:14+00:00\",\"dateModified\":\"2024-11-01T00:22:14+00:00\",\"mainEntityOfPage\":{\"@id\":\"https:\/\/nitu.mx\/index.php\/2024\/10\/31\/puerto-vallarta-recibe-charter-desde-praga-de-world2fly\/\"},\"wordCount\":473,\"commentCount\":0,\"publisher\":{\"@id\":\"https:\/\/nitu.mx\/#\/schema\/person\/ae7a53426417292d3dd07b45a33e01bc\"},\"image\":{\"@id\":\"https:\/\/nitu.mx\/index.php\/2024\/10\/31\/puerto-vallarta-recibe-charter-desde-praga-de-world2fly\/#primaryimage\"},\"thumbnailUrl\":\"https:\/\/nitu.mx\/wp-content\/uploads\/2024\/10\/Puerto-Vallarta-charter-Praga.jpg\",\"keywords\":[\"ch\u00e1rter\",\"Fidetur\",\"Luis Villase\u00f1or\",\"Praga\",\"Puerto Vallarta\",\"rep\u00fablica Checa\",\"Vanessa P\u00e9rez Lamas\"],\"articleSection\":[\"Aerol\u00edneas\",\"Destinos\"],\"inLanguage\":\"es-MX\",\"potentialAction\":[{\"@type\":\"CommentAction\",\"name\":\"Comment\",\"target\":[\"https:\/\/nitu.mx\/index.php\/2024\/10\/31\/puerto-vallarta-recibe-charter-desde-praga-de-world2fly\/#respond\"]}]},{\"@type\":\"WebPage\",\"@id\":\"https:\/\/nitu.mx\/index.php\/2024\/10\/31\/puerto-vallarta-recibe-charter-desde-praga-de-world2fly\/\",\"url\":\"https:\/\/nitu.mx\/index.php\/2024\/10\/31\/puerto-vallarta-recibe-charter-desde-praga-de-world2fly\/\",\"name\":\"Puerto Vallarta recibe ch\u00e1rter desde Praga de World2fly - Nitu - Noticias de la Industria Turistica\",\"isPartOf\":{\"@id\":\"https:\/\/nitu.mx\/#website\"},\"primaryImageOfPage\":{\"@id\":\"https:\/\/nitu.mx\/index.php\/2024\/10\/31\/puerto-vallarta-recibe-charter-desde-praga-de-world2fly\/#primaryimage\"},\"image\":{\"@id\":\"https:\/\/nitu.mx\/index.php\/2024\/10\/31\/puerto-vallarta-recibe-charter-desde-praga-de-world2fly\/#primaryimage\"},\"thumbnailUrl\":\"https:\/\/nitu.mx\/wp-content\/uploads\/2024\/10\/Puerto-Vallarta-charter-Praga.jpg\",\"datePublished\":\"2024-11-01T00:22:14+00:00\",\"dateModified\":\"2024-11-01T00:22:14+00:00\",\"breadcrumb\":{\"@id\":\"https:\/\/nitu.mx\/index.php\/2024\/10\/31\/puerto-vallarta-recibe-charter-desde-praga-de-world2fly\/#breadcrumb\"},\"inLanguage\":\"es-MX\",\"potentialAction\":[{\"@type\":\"ReadAction\",\"target\":[\"https:\/\/nitu.mx\/index.php\/2024\/10\/31\/puerto-vallarta-recibe-charter-desde-praga-de-world2fly\/\"]}]},{\"@type\":\"ImageObject\",\"inLanguage\":\"es-MX\",\"@id\":\"https:\/\/nitu.mx\/index.php\/2024\/10\/31\/puerto-vallarta-recibe-charter-desde-praga-de-world2fly\/#primaryimage\",\"url\":\"https:\/\/nitu.mx\/wp-content\/uploads\/2024\/10\/Puerto-Vallarta-charter-Praga.jpg\",\"contentUrl\":\"https:\/\/nitu.mx\/wp-content\/uploads\/2024\/10\/Puerto-Vallarta-charter-Praga.jpg\",\"width\":1200,\"height\":675,\"caption\":\"Puerto Vallarta ch\u00e1rter Praga\"},{\"@type\":\"BreadcrumbList\",\"@id\":\"https:\/\/nitu.mx\/index.php\/2024\/10\/31\/puerto-vallarta-recibe-charter-desde-praga-de-world2fly\/#breadcrumb\",\"itemListElement\":[{\"@type\":\"ListItem\",\"position\":1,\"name\":\"Inicio\",\"item\":\"https:\/\/nitu.mx\/\"},{\"@type\":\"ListItem\",\"position\":2,\"name\":\"Puerto Vallarta recibe ch\u00e1rter desde Praga de World2fly\"}]},{\"@type\":\"WebSite\",\"@id\":\"https:\/\/nitu.mx\/#website\",\"url\":\"https:\/\/nitu.mx\/\",\"name\":\"Nitu - Noticias de la Industria Turistica\",\"description\":\"Noticias de la Industria Turistica\",\"publisher\":{\"@id\":\"https:\/\/nitu.mx\/#\/schema\/person\/ae7a53426417292d3dd07b45a33e01bc\"},\"alternateName\":\"Noticias de la Industria Turistica\",\"potentialAction\":[{\"@type\":\"SearchAction\",\"target\":{\"@type\":\"EntryPoint\",\"urlTemplate\":\"https:\/\/nitu.mx\/?s={search_term_string}\"},\"query-input\":\"required name=search_term_string\"}],\"inLanguage\":\"es-MX\"},{\"@type\":[\"Person\",\"Organization\"],\"@id\":\"https:\/\/nitu.mx\/#\/schema\/person\/ae7a53426417292d3dd07b45a33e01bc\",\"name\":\"Arturo Medina\",\"image\":{\"@type\":\"ImageObject\",\"inLanguage\":\"es-MX\",\"@id\":\"https:\/\/nitu.mx\/#\/schema\/person\/image\/\",\"url\":\"https:\/\/nitu.mx\/wp-content\/uploads\/2024\/04\/4A315622-1904-4D5C-B022-878CDC840E04-90x90-1.jpeg\",\"contentUrl\":\"https:\/\/nitu.mx\/wp-content\/uploads\/2024\/04\/4A315622-1904-4D5C-B022-878CDC840E04-90x90-1.jpeg\",\"width\":90,\"height\":90,\"caption\":\"Arturo Medina\"},\"logo\":{\"@id\":\"https:\/\/nitu.mx\/#\/schema\/person\/image\/\"},\"description\":\"Director NITU.mx, Egresado de la Escuela de Periodismo Carlos Septi\u00e9n Garc\u00eda. Periodista y analista especializado en turismo desde hace 35 a\u00f1os, radicado en Canc\u00fan Q.Roo. arturo@nitu.mx\",\"sameAs\":[\"https:\/\/nitu.mx\",\"https:\/\/www.facebook.com\/NITUmx\/\",\"medinacancun\",\"https:\/\/twitter.com\/@Arturo_Medina_G\"]},{\"@type\":\"Person\",\"@id\":\"https:\/\/nitu.mx\/#\/schema\/person\/4a28fe9bd65924f7c90623773daf1b0b\",\"name\":\"Redacci\u00f3n\",\"image\":{\"@type\":\"ImageObject\",\"inLanguage\":\"es-MX\",\"@id\":\"https:\/\/nitu.mx\/#\/schema\/person\/image\/\",\"url\":\"https:\/\/secure.gravatar.com\/avatar\/5dd011c8ccfc5cd7e4c81e42252aab38?s=96&d=mm&r=g\",\"contentUrl\":\"https:\/\/secure.gravatar.com\/avatar\/5dd011c8ccfc5cd7e4c81e42252aab38?s=96&d=mm&r=g\",\"caption\":\"Redacci\u00f3n\"},\"url\":\"https:\/\/nitu.mx\/index.php\/author\/redaccion\/\"}]}<\/script>\n<!-- \/ Yoast SEO plugin. -->","yoast_head_json":{"title":"Puerto Vallarta recibe ch\u00e1rter desde Praga de World2fly - Nitu - Noticias de la Industria Turistica","robots":{"index":"index","follow":"follow","max-snippet":"max-snippet:-1","max-image-preview":"max-image-preview:large","max-video-preview":"max-video-preview:-1"},"canonical":"https:\/\/nitu.mx\/index.php\/2024\/10\/31\/puerto-vallarta-recibe-charter-desde-praga-de-world2fly\/","twitter_card":"summary_large_image","twitter_title":"Puerto Vallarta recibe ch\u00e1rter desde Praga de World2fly - Nitu - Noticias de la Industria Turistica","twitter_description":"Puerto Vallarta contar\u00e1 con un nuevo vuelo directo desde Praga, la capital de la Rep\u00fablica Checa. Cada martes llegar\u00e1 el ch\u00e1rter de la ruta Praga &#8211; Puerto Vallarta, operado por la empresa DER Touristik, con el vuelo de la aerol\u00ednea World2fly que vendr\u00e1 al destino durante la temporada oto\u00f1o-invierno (de octubre de 2024 a abril [&hellip;]","twitter_image":"https:\/\/nitu.mx\/wp-content\/uploads\/2024\/10\/Puerto-Vallarta-charter-Praga.jpg","twitter_creator":"@NITUmx","twitter_site":"@Arturo_Medina_G","twitter_misc":{"Escrito por":"Redacci\u00f3n","Tiempo de lectura":"2 minutos"},"schema":{"@context":"https:\/\/schema.org","@graph":[{"@type":"Article","@id":"https:\/\/nitu.mx\/index.php\/2024\/10\/31\/puerto-vallarta-recibe-charter-desde-praga-de-world2fly\/#article","isPartOf":{"@id":"https:\/\/nitu.mx\/index.php\/2024\/10\/31\/puerto-vallarta-recibe-charter-desde-praga-de-world2fly\/"},"author":{"name":"Redacci\u00f3n","@id":"https:\/\/nitu.mx\/#\/schema\/person\/4a28fe9bd65924f7c90623773daf1b0b"},"headline":"Puerto Vallarta recibe ch\u00e1rter desde Praga de World2fly","datePublished":"2024-11-01T00:22:14+00:00","dateModified":"2024-11-01T00:22:14+00:00","mainEntityOfPage":{"@id":"https:\/\/nitu.mx\/index.php\/2024\/10\/31\/puerto-vallarta-recibe-charter-desde-praga-de-world2fly\/"},"wordCount":473,"commentCount":0,"publisher":{"@id":"https:\/\/nitu.mx\/#\/schema\/person\/ae7a53426417292d3dd07b45a33e01bc"},"image":{"@id":"https:\/\/nitu.mx\/index.php\/2024\/10\/31\/puerto-vallarta-recibe-charter-desde-praga-de-world2fly\/#primaryimage"},"thumbnailUrl":"https:\/\/nitu.mx\/wp-content\/uploads\/2024\/10\/Puerto-Vallarta-charter-Praga.jpg","keywords":["ch\u00e1rter","Fidetur","Luis Villase\u00f1or","Praga","Puerto Vallarta","rep\u00fablica Checa","Vanessa P\u00e9rez Lamas"],"articleSection":["Aerol\u00edneas","Destinos"],"inLanguage":"es-MX","potentialAction":[{"@type":"CommentAction","name":"Comment","target":["https:\/\/nitu.mx\/index.php\/2024\/10\/31\/puerto-vallarta-recibe-charter-desde-praga-de-world2fly\/#respond"]}]},{"@type":"WebPage","@id":"https:\/\/nitu.mx\/index.php\/2024\/10\/31\/puerto-vallarta-recibe-charter-desde-praga-de-world2fly\/","url":"https:\/\/nitu.mx\/index.php\/2024\/10\/31\/puerto-vallarta-recibe-charter-desde-praga-de-world2fly\/","name":"Puerto Vallarta recibe ch\u00e1rter desde Praga de World2fly - Nitu - Noticias de la Industria Turistica","isPartOf":{"@id":"https:\/\/nitu.mx\/#website"},"primaryImageOfPage":{"@id":"https:\/\/nitu.mx\/index.php\/2024\/10\/31\/puerto-vallarta-recibe-charter-desde-praga-de-world2fly\/#primaryimage"},"image":{"@id":"https:\/\/nitu.mx\/index.php\/2024\/10\/31\/puerto-vallarta-recibe-charter-desde-praga-de-world2fly\/#primaryimage"},"thumbnailUrl":"https:\/\/nitu.mx\/wp-content\/uploads\/2024\/10\/Puerto-Vallarta-charter-Praga.jpg","datePublished":"2024-11-01T00:22:14+00:00","dateModified":"2024-11-01T00:22:14+00:00","breadcrumb":{"@id":"https:\/\/nitu.mx\/index.php\/2024\/10\/31\/puerto-vallarta-recibe-charter-desde-praga-de-world2fly\/#breadcrumb"},"inLanguage":"es-MX","potentialAction":[{"@type":"ReadAction","target":["https:\/\/nitu.mx\/index.php\/2024\/10\/31\/puerto-vallarta-recibe-charter-desde-praga-de-world2fly\/"]}]},{"@type":"ImageObject","inLanguage":"es-MX","@id":"https:\/\/nitu.mx\/index.php\/2024\/10\/31\/puerto-vallarta-recibe-charter-desde-praga-de-world2fly\/#primaryimage","url":"https:\/\/nitu.mx\/wp-content\/uploads\/2024\/10\/Puerto-Vallarta-charter-Praga.jpg","contentUrl":"https:\/\/nitu.mx\/wp-content\/uploads\/2024\/10\/Puerto-Vallarta-charter-Praga.jpg","width":1200,"height":675,"caption":"Puerto Vallarta ch\u00e1rter Praga"},{"@type":"BreadcrumbList","@id":"https:\/\/nitu.mx\/index.php\/2024\/10\/31\/puerto-vallarta-recibe-charter-desde-praga-de-world2fly\/#breadcrumb","itemListElement":[{"@type":"ListItem","position":1,"name":"Inicio","item":"https:\/\/nitu.mx\/"},{"@type":"ListItem","position":2,"name":"Puerto Vallarta recibe ch\u00e1rter desde Praga de World2fly"}]},{"@type":"WebSite","@id":"https:\/\/nitu.mx\/#website","url":"https:\/\/nitu.mx\/","name":"Nitu - Noticias de la Industria Turistica","description":"Noticias de la Industria Turistica","publisher":{"@id":"https:\/\/nitu.mx\/#\/schema\/person\/ae7a53426417292d3dd07b45a33e01bc"},"alternateName":"Noticias de la Industria Turistica","potentialAction":[{"@type":"SearchAction","target":{"@type":"EntryPoint","urlTemplate":"https:\/\/nitu.mx\/?s={search_term_string}"},"query-input":"required name=search_term_string"}],"inLanguage":"es-MX"},{"@type":["Person","Organization"],"@id":"https:\/\/nitu.mx\/#\/schema\/person\/ae7a53426417292d3dd07b45a33e01bc","name":"Arturo Medina","image":{"@type":"ImageObject","inLanguage":"es-MX","@id":"https:\/\/nitu.mx\/#\/schema\/person\/image\/","url":"https:\/\/nitu.mx\/wp-content\/uploads\/2024\/04\/4A315622-1904-4D5C-B022-878CDC840E04-90x90-1.jpeg","contentUrl":"https:\/\/nitu.mx\/wp-content\/uploads\/2024\/04\/4A315622-1904-4D5C-B022-878CDC840E04-90x90-1.jpeg","width":90,"height":90,"caption":"Arturo Medina"},"logo":{"@id":"https:\/\/nitu.mx\/#\/schema\/person\/image\/"},"description":"Director NITU.mx, Egresado de la Escuela de Periodismo Carlos Septi\u00e9n Garc\u00eda. Periodista y analista especializado en turismo desde hace 35 a\u00f1os, radicado en Canc\u00fan Q.Roo. arturo@nitu.mx","sameAs":["https:\/\/nitu.mx","https:\/\/www.facebook.com\/NITUmx\/","medinacancun","https:\/\/twitter.com\/@Arturo_Medina_G"]},{"@type":"Person","@id":"https:\/\/nitu.mx\/#\/schema\/person\/4a28fe9bd65924f7c90623773daf1b0b","name":"Redacci\u00f3n","image":{"@type":"ImageObject","inLanguage":"es-MX","@id":"https:\/\/nitu.mx\/#\/schema\/person\/image\/","url":"https:\/\/secure.gravatar.com\/avatar\/5dd011c8ccfc5cd7e4c81e42252aab38?s=96&d=mm&r=g","contentUrl":"https:\/\/secure.gravatar.com\/avatar\/5dd011c8ccfc5cd7e4c81e42252aab38?s=96&d=mm&r=g","caption":"Redacci\u00f3n"},"url":"https:\/\/nitu.mx\/index.php\/author\/redaccion\/"}]}},"views":868,"_links":{"self":[{"href":"https:\/\/nitu.mx\/index.php\/wp-json\/wp\/v2\/posts\/76303"}],"collection":[{"href":"https:\/\/nitu.mx\/index.php\/wp-json\/wp\/v2\/posts"}],"about":[{"href":"https:\/\/nitu.mx\/index.php\/wp-json\/wp\/v2\/types\/post"}],"author":[{"embeddable":true,"href":"https:\/\/nitu.mx\/index.php\/wp-json\/wp\/v2\/users\/17"}],"replies":[{"embeddable":true,"href":"https:\/\/nitu.mx\/index.php\/wp-json\/wp\/v2\/comments?post=76303"}],"version-history":[{"count":2,"href":"https:\/\/nitu.mx\/index.php\/wp-json\/wp\/v2\/posts\/76303\/revisions"}],"predecessor-version":[{"id":76310,"href":"https:\/\/nitu.mx\/index.php\/wp-json\/wp\/v2\/posts\/76303\/revisions\/76310"}],"wp:featuredmedia":[{"embeddable":true,"href":"https:\/\/nitu.mx\/index.php\/wp-json\/wp\/v2\/media\/76309"}],"wp:attachment":[{"href":"https:\/\/nitu.mx\/index.php\/wp-json\/wp\/v2\/media?parent=76303"}],"wp:term":[{"taxonomy":"category","embeddable":true,"href":"https:\/\/nitu.mx\/index.php\/wp-json\/wp\/v2\/categories?post=76303"},{"taxonomy":"post_tag","embeddable":true,"href":"https:\/\/nitu.mx\/index.php\/wp-json\/wp\/v2\/tags?post=76303"}],"curies":[{"name":"wp","href":"https:\/\/api.w.org\/{rel}","templated":true}]}}