{"id":76297,"date":"2024-10-31T17:56:17","date_gmt":"2024-10-31T23:56:17","guid":{"rendered":"https:\/\/nitu.mx\/?p=76297"},"modified":"2024-10-31T17:56:18","modified_gmt":"2024-10-31T23:56:18","slug":"llega-a-cancun-el-vuelo-de-amsterdam-que-operara-klm-esta-temporada-invernal","status":"publish","type":"post","link":"https:\/\/nitu.mx\/index.php\/2024\/10\/31\/llega-a-cancun-el-vuelo-de-amsterdam-que-operara-klm-esta-temporada-invernal\/","title":{"rendered":"Llega a Canc\u00fan el vuelo de \u00c1msterdam que operar\u00e1 KLM esta temporada invernal"},"content":{"rendered":"\n<p>Canc\u00fan dio la  bienvenida al vuelo KL689 que unir\u00e1 el Caribe Mexicano con \u00c1msterdam, la capital holandesa, del 29 de octubre de 2024 al 29 de marzo de 2025. <\/p>\n\n\n\n<p>La ruta \u00c1msterdam-Canc\u00fan de KLM con tres clases de servicio a bordo (World Business Class, Premium Comfort y Economy) operar\u00e1 durante la temporada invernal los martes y jueves con equipo 777 y los s\u00e1bados con un Boeing 787 con horarios de llegada y salida:<\/p>\n\n\n\n<p>KL689 AMS 09H50 CUN 15H05<br>KL690 CUN 17H05 AMS 08H30+1<\/p>\n\n\n\n<p>El calendario de invierno de KLM para esta temporada va del 27 de octubre de 2024 al 30 de marzo de 2025. La red de la aerol\u00ednea incluye 155 destinos, 89 en Europa y 66 intercontinentales. La novedad en la red es el destino estadounidense previamente anunciado, Portland. <\/p>\n\n\n\n<p>Adem\u00e1s, KLM ofrece un 15% m\u00e1s de asientos a destinos en India en comparaci\u00f3n con el a\u00f1o pasado. Este invierno, la clase Premium Comfort se puede reservar en todos los aviones Boeing 787 y 777, esta nueva clase ofrece a los pasajeros asientos c\u00f3modos con espacio adicional para las piernas y un concepto de catering \u00fanico. Este a\u00f1o KLM espera poner en servicio un total de cuatro nuevos aviones A321neo que volar\u00e1n a Paris, Praga y Viena.<\/p>\n\n\n\n<p>Este invierno, KLM volar\u00e1 a 19 destinos en Am\u00e9rica del Norte (Canad\u00e1, Estados Unidos, M\u00e9xico). En Estados Unidos, KLM volar\u00e1 a Portland tres veces por semana este invierno, un nuevo destino tomado como relevo de Delta Air Lines. Adem\u00e1s, KLM volar\u00e1 cinco veces por semana a San Francisco, aumentando a un vuelo diario a mediados de la temporada de invierno. Tambi\u00e9n, la l\u00ednea a\u00e9rea volar\u00e1 de cuatro a cinco veces por semana a Edmonton, en Canad\u00e1.<\/p>\n\n\n\n<p>KLM volar\u00e1 diariamente a Paramaribo este invierno, lo que supone un vuelo adicional por semana. Sint Maarten se combinar\u00e1 con Puerto Espa\u00f1a (Trinidad y Tobago), con una frecuencia aumentada a cinco veces por semana. Durante los per\u00edodos de Navidad y primavera, aumentar\u00e1 el n\u00famero de vuelos hacia y desde Curazao.<\/p>\n\n\n\n<p>En Sudam\u00e9rica, KLM volar\u00e1 diariamente a Argentina, Brasil, Chile, Colombia y Panam\u00e1. Buenos Aires se combinar\u00e1 con Santiago de Chile, como ocurri\u00f3 el a\u00f1o pasado. San Jos\u00e9 ser\u00e1 atendido cuatro veces por semana, combinado con Liberia (Costa Rica) despu\u00e9s de que se complete el mantenimiento de la pista. Adem\u00e1s, habr\u00e1 seis vuelos semanales a Lima y la combinaci\u00f3n de Quito y Guayaquil. <a href=\"https:\/\/nitu.mx\/index.php\/2024\/07\/28\/air-france-klm-resultados-bajos-por-la-presion-de-costes\/\"><a href=\"https:\/\/nitu.mx\/index.php\/2023\/10\/27\/vuelve-klm-con-su-amsterdam-cancun-a-partir-de-octubre\/\">(Vuelve KLM con su Amsterdam \u2013 Canc\u00fan a partir de octubre<\/a><\/a>).<\/p>\n","protected":false},"excerpt":{"rendered":"<p>Canc\u00fan dio la bienvenida al vuelo KL689 que unir\u00e1 el Caribe Mexicano con \u00c1msterdam, la capital holandesa, del 29 de octubre de 2024 al 29 de marzo de 2025. La ruta \u00c1msterdam-Canc\u00fan de KLM con tres clases de servicio a bordo (World Business Class, Premium Comfort y Economy) operar\u00e1 durante la temporada invernal los martes [&hellip;]<\/p>\n","protected":false},"author":17,"featured_media":76301,"comment_status":"open","ping_status":"open","sticky":false,"template":"","format":"standard","meta":{"footnotes":""},"categories":[24257,21403],"tags":[20727,43,3695,1520,2778],"yoast_head":"<!-- This site is optimized with the Yoast SEO plugin v22.2 - https:\/\/yoast.com\/wordpress\/plugins\/seo\/ -->\n<title>Llega a Canc\u00fan el vuelo de \u00c1msterdam que operar\u00e1 KLM esta temporada invernal - Nitu - Noticias de la Industria Turistica<\/title>\n<meta name=\"robots\" content=\"index, follow, max-snippet:-1, max-image-preview:large, max-video-preview:-1\" \/>\n<link rel=\"canonical\" href=\"https:\/\/nitu.mx\/index.php\/2024\/10\/31\/llega-a-cancun-el-vuelo-de-amsterdam-que-operara-klm-esta-temporada-invernal\/\" \/>\n<meta name=\"twitter:card\" content=\"summary_large_image\" \/>\n<meta name=\"twitter:title\" content=\"Llega a Canc\u00fan el vuelo de \u00c1msterdam que operar\u00e1 KLM esta temporada invernal - Nitu - Noticias de la Industria Turistica\" \/>\n<meta name=\"twitter:description\" content=\"Canc\u00fan dio la bienvenida al vuelo KL689 que unir\u00e1 el Caribe Mexicano con \u00c1msterdam, la capital holandesa, del 29 de octubre de 2024 al 29 de marzo de 2025. La ruta \u00c1msterdam-Canc\u00fan de KLM con tres clases de servicio a bordo (World Business Class, Premium Comfort y Economy) operar\u00e1 durante la temporada invernal los martes [&hellip;]\" \/>\n<meta name=\"twitter:image\" content=\"https:\/\/nitu.mx\/wp-content\/uploads\/2024\/10\/KLM-Amsterdam-Cancun.jpg\" \/>\n<meta name=\"twitter:creator\" content=\"@NITUmx\" \/>\n<meta name=\"twitter:site\" content=\"@Arturo_Medina_G\" \/>\n<meta name=\"twitter:label1\" content=\"Escrito por\" \/>\n\t<meta name=\"twitter:data1\" content=\"Redacci\u00f3n\" \/>\n\t<meta name=\"twitter:label2\" content=\"Tiempo de lectura\" \/>\n\t<meta name=\"twitter:data2\" content=\"2 minutos\" \/>\n<script type=\"application\/ld+json\" class=\"yoast-schema-graph\">{\"@context\":\"https:\/\/schema.org\",\"@graph\":[{\"@type\":\"Article\",\"@id\":\"https:\/\/nitu.mx\/index.php\/2024\/10\/31\/llega-a-cancun-el-vuelo-de-amsterdam-que-operara-klm-esta-temporada-invernal\/#article\",\"isPartOf\":{\"@id\":\"https:\/\/nitu.mx\/index.php\/2024\/10\/31\/llega-a-cancun-el-vuelo-de-amsterdam-que-operara-klm-esta-temporada-invernal\/\"},\"author\":{\"name\":\"Redacci\u00f3n\",\"@id\":\"https:\/\/nitu.mx\/#\/schema\/person\/4a28fe9bd65924f7c90623773daf1b0b\"},\"headline\":\"Llega a Canc\u00fan el vuelo de \u00c1msterdam que operar\u00e1 KLM esta temporada invernal\",\"datePublished\":\"2024-10-31T23:56:17+00:00\",\"dateModified\":\"2024-10-31T23:56:18+00:00\",\"mainEntityOfPage\":{\"@id\":\"https:\/\/nitu.mx\/index.php\/2024\/10\/31\/llega-a-cancun-el-vuelo-de-amsterdam-que-operara-klm-esta-temporada-invernal\/\"},\"wordCount\":430,\"commentCount\":0,\"publisher\":{\"@id\":\"https:\/\/nitu.mx\/#\/schema\/person\/ae7a53426417292d3dd07b45a33e01bc\"},\"image\":{\"@id\":\"https:\/\/nitu.mx\/index.php\/2024\/10\/31\/llega-a-cancun-el-vuelo-de-amsterdam-que-operara-klm-esta-temporada-invernal\/#primaryimage\"},\"thumbnailUrl\":\"https:\/\/nitu.mx\/wp-content\/uploads\/2024\/10\/KLM-Amsterdam-Cancun.jpg\",\"keywords\":[\"\u00c1msterdam\",\"Canc\u00fan\",\"conectividad a\u00e9rea\",\"Delta Air Lines\",\"KLM\"],\"articleSection\":[\"Acapulco\",\"Canc\u00fan\"],\"inLanguage\":\"es-MX\",\"potentialAction\":[{\"@type\":\"CommentAction\",\"name\":\"Comment\",\"target\":[\"https:\/\/nitu.mx\/index.php\/2024\/10\/31\/llega-a-cancun-el-vuelo-de-amsterdam-que-operara-klm-esta-temporada-invernal\/#respond\"]}]},{\"@type\":\"WebPage\",\"@id\":\"https:\/\/nitu.mx\/index.php\/2024\/10\/31\/llega-a-cancun-el-vuelo-de-amsterdam-que-operara-klm-esta-temporada-invernal\/\",\"url\":\"https:\/\/nitu.mx\/index.php\/2024\/10\/31\/llega-a-cancun-el-vuelo-de-amsterdam-que-operara-klm-esta-temporada-invernal\/\",\"name\":\"Llega a Canc\u00fan el vuelo de \u00c1msterdam que operar\u00e1 KLM esta temporada invernal - Nitu - Noticias de la Industria Turistica\",\"isPartOf\":{\"@id\":\"https:\/\/nitu.mx\/#website\"},\"primaryImageOfPage\":{\"@id\":\"https:\/\/nitu.mx\/index.php\/2024\/10\/31\/llega-a-cancun-el-vuelo-de-amsterdam-que-operara-klm-esta-temporada-invernal\/#primaryimage\"},\"image\":{\"@id\":\"https:\/\/nitu.mx\/index.php\/2024\/10\/31\/llega-a-cancun-el-vuelo-de-amsterdam-que-operara-klm-esta-temporada-invernal\/#primaryimage\"},\"thumbnailUrl\":\"https:\/\/nitu.mx\/wp-content\/uploads\/2024\/10\/KLM-Amsterdam-Cancun.jpg\",\"datePublished\":\"2024-10-31T23:56:17+00:00\",\"dateModified\":\"2024-10-31T23:56:18+00:00\",\"breadcrumb\":{\"@id\":\"https:\/\/nitu.mx\/index.php\/2024\/10\/31\/llega-a-cancun-el-vuelo-de-amsterdam-que-operara-klm-esta-temporada-invernal\/#breadcrumb\"},\"inLanguage\":\"es-MX\",\"potentialAction\":[{\"@type\":\"ReadAction\",\"target\":[\"https:\/\/nitu.mx\/index.php\/2024\/10\/31\/llega-a-cancun-el-vuelo-de-amsterdam-que-operara-klm-esta-temporada-invernal\/\"]}]},{\"@type\":\"ImageObject\",\"inLanguage\":\"es-MX\",\"@id\":\"https:\/\/nitu.mx\/index.php\/2024\/10\/31\/llega-a-cancun-el-vuelo-de-amsterdam-que-operara-klm-esta-temporada-invernal\/#primaryimage\",\"url\":\"https:\/\/nitu.mx\/wp-content\/uploads\/2024\/10\/KLM-Amsterdam-Cancun.jpg\",\"contentUrl\":\"https:\/\/nitu.mx\/wp-content\/uploads\/2024\/10\/KLM-Amsterdam-Cancun.jpg\",\"width\":1200,\"height\":675,\"caption\":\"KLM \u00c1msterdam Canc\u00fan\"},{\"@type\":\"BreadcrumbList\",\"@id\":\"https:\/\/nitu.mx\/index.php\/2024\/10\/31\/llega-a-cancun-el-vuelo-de-amsterdam-que-operara-klm-esta-temporada-invernal\/#breadcrumb\",\"itemListElement\":[{\"@type\":\"ListItem\",\"position\":1,\"name\":\"Inicio\",\"item\":\"https:\/\/nitu.mx\/\"},{\"@type\":\"ListItem\",\"position\":2,\"name\":\"Llega a Canc\u00fan el vuelo de \u00c1msterdam que operar\u00e1 KLM esta temporada invernal\"}]},{\"@type\":\"WebSite\",\"@id\":\"https:\/\/nitu.mx\/#website\",\"url\":\"https:\/\/nitu.mx\/\",\"name\":\"Nitu - Noticias de la Industria Turistica\",\"description\":\"Noticias de la Industria Turistica\",\"publisher\":{\"@id\":\"https:\/\/nitu.mx\/#\/schema\/person\/ae7a53426417292d3dd07b45a33e01bc\"},\"alternateName\":\"Noticias de la Industria Turistica\",\"potentialAction\":[{\"@type\":\"SearchAction\",\"target\":{\"@type\":\"EntryPoint\",\"urlTemplate\":\"https:\/\/nitu.mx\/?s={search_term_string}\"},\"query-input\":\"required name=search_term_string\"}],\"inLanguage\":\"es-MX\"},{\"@type\":[\"Person\",\"Organization\"],\"@id\":\"https:\/\/nitu.mx\/#\/schema\/person\/ae7a53426417292d3dd07b45a33e01bc\",\"name\":\"Arturo Medina\",\"image\":{\"@type\":\"ImageObject\",\"inLanguage\":\"es-MX\",\"@id\":\"https:\/\/nitu.mx\/#\/schema\/person\/image\/\",\"url\":\"https:\/\/nitu.mx\/wp-content\/uploads\/2024\/04\/4A315622-1904-4D5C-B022-878CDC840E04-90x90-1.jpeg\",\"contentUrl\":\"https:\/\/nitu.mx\/wp-content\/uploads\/2024\/04\/4A315622-1904-4D5C-B022-878CDC840E04-90x90-1.jpeg\",\"width\":90,\"height\":90,\"caption\":\"Arturo Medina\"},\"logo\":{\"@id\":\"https:\/\/nitu.mx\/#\/schema\/person\/image\/\"},\"description\":\"Director NITU.mx, Egresado de la Escuela de Periodismo Carlos Septi\u00e9n Garc\u00eda. Periodista y analista especializado en turismo desde hace 35 a\u00f1os, radicado en Canc\u00fan Q.Roo. arturo@nitu.mx\",\"sameAs\":[\"https:\/\/nitu.mx\",\"https:\/\/www.facebook.com\/NITUmx\/\",\"medinacancun\",\"https:\/\/twitter.com\/@Arturo_Medina_G\"]},{\"@type\":\"Person\",\"@id\":\"https:\/\/nitu.mx\/#\/schema\/person\/4a28fe9bd65924f7c90623773daf1b0b\",\"name\":\"Redacci\u00f3n\",\"image\":{\"@type\":\"ImageObject\",\"inLanguage\":\"es-MX\",\"@id\":\"https:\/\/nitu.mx\/#\/schema\/person\/image\/\",\"url\":\"https:\/\/secure.gravatar.com\/avatar\/5dd011c8ccfc5cd7e4c81e42252aab38?s=96&d=mm&r=g\",\"contentUrl\":\"https:\/\/secure.gravatar.com\/avatar\/5dd011c8ccfc5cd7e4c81e42252aab38?s=96&d=mm&r=g\",\"caption\":\"Redacci\u00f3n\"},\"url\":\"https:\/\/nitu.mx\/index.php\/author\/redaccion\/\"}]}<\/script>\n<!-- \/ Yoast SEO plugin. -->","yoast_head_json":{"title":"Llega a Canc\u00fan el vuelo de \u00c1msterdam que operar\u00e1 KLM esta temporada invernal - Nitu - Noticias de la Industria Turistica","robots":{"index":"index","follow":"follow","max-snippet":"max-snippet:-1","max-image-preview":"max-image-preview:large","max-video-preview":"max-video-preview:-1"},"canonical":"https:\/\/nitu.mx\/index.php\/2024\/10\/31\/llega-a-cancun-el-vuelo-de-amsterdam-que-operara-klm-esta-temporada-invernal\/","twitter_card":"summary_large_image","twitter_title":"Llega a Canc\u00fan el vuelo de \u00c1msterdam que operar\u00e1 KLM esta temporada invernal - Nitu - Noticias de la Industria Turistica","twitter_description":"Canc\u00fan dio la bienvenida al vuelo KL689 que unir\u00e1 el Caribe Mexicano con \u00c1msterdam, la capital holandesa, del 29 de octubre de 2024 al 29 de marzo de 2025. La ruta \u00c1msterdam-Canc\u00fan de KLM con tres clases de servicio a bordo (World Business Class, Premium Comfort y Economy) operar\u00e1 durante la temporada invernal los martes [&hellip;]","twitter_image":"https:\/\/nitu.mx\/wp-content\/uploads\/2024\/10\/KLM-Amsterdam-Cancun.jpg","twitter_creator":"@NITUmx","twitter_site":"@Arturo_Medina_G","twitter_misc":{"Escrito por":"Redacci\u00f3n","Tiempo de lectura":"2 minutos"},"schema":{"@context":"https:\/\/schema.org","@graph":[{"@type":"Article","@id":"https:\/\/nitu.mx\/index.php\/2024\/10\/31\/llega-a-cancun-el-vuelo-de-amsterdam-que-operara-klm-esta-temporada-invernal\/#article","isPartOf":{"@id":"https:\/\/nitu.mx\/index.php\/2024\/10\/31\/llega-a-cancun-el-vuelo-de-amsterdam-que-operara-klm-esta-temporada-invernal\/"},"author":{"name":"Redacci\u00f3n","@id":"https:\/\/nitu.mx\/#\/schema\/person\/4a28fe9bd65924f7c90623773daf1b0b"},"headline":"Llega a Canc\u00fan el vuelo de \u00c1msterdam que operar\u00e1 KLM esta temporada invernal","datePublished":"2024-10-31T23:56:17+00:00","dateModified":"2024-10-31T23:56:18+00:00","mainEntityOfPage":{"@id":"https:\/\/nitu.mx\/index.php\/2024\/10\/31\/llega-a-cancun-el-vuelo-de-amsterdam-que-operara-klm-esta-temporada-invernal\/"},"wordCount":430,"commentCount":0,"publisher":{"@id":"https:\/\/nitu.mx\/#\/schema\/person\/ae7a53426417292d3dd07b45a33e01bc"},"image":{"@id":"https:\/\/nitu.mx\/index.php\/2024\/10\/31\/llega-a-cancun-el-vuelo-de-amsterdam-que-operara-klm-esta-temporada-invernal\/#primaryimage"},"thumbnailUrl":"https:\/\/nitu.mx\/wp-content\/uploads\/2024\/10\/KLM-Amsterdam-Cancun.jpg","keywords":["\u00c1msterdam","Canc\u00fan","conectividad a\u00e9rea","Delta Air Lines","KLM"],"articleSection":["Acapulco","Canc\u00fan"],"inLanguage":"es-MX","potentialAction":[{"@type":"CommentAction","name":"Comment","target":["https:\/\/nitu.mx\/index.php\/2024\/10\/31\/llega-a-cancun-el-vuelo-de-amsterdam-que-operara-klm-esta-temporada-invernal\/#respond"]}]},{"@type":"WebPage","@id":"https:\/\/nitu.mx\/index.php\/2024\/10\/31\/llega-a-cancun-el-vuelo-de-amsterdam-que-operara-klm-esta-temporada-invernal\/","url":"https:\/\/nitu.mx\/index.php\/2024\/10\/31\/llega-a-cancun-el-vuelo-de-amsterdam-que-operara-klm-esta-temporada-invernal\/","name":"Llega a Canc\u00fan el vuelo de \u00c1msterdam que operar\u00e1 KLM esta temporada invernal - Nitu - Noticias de la Industria Turistica","isPartOf":{"@id":"https:\/\/nitu.mx\/#website"},"primaryImageOfPage":{"@id":"https:\/\/nitu.mx\/index.php\/2024\/10\/31\/llega-a-cancun-el-vuelo-de-amsterdam-que-operara-klm-esta-temporada-invernal\/#primaryimage"},"image":{"@id":"https:\/\/nitu.mx\/index.php\/2024\/10\/31\/llega-a-cancun-el-vuelo-de-amsterdam-que-operara-klm-esta-temporada-invernal\/#primaryimage"},"thumbnailUrl":"https:\/\/nitu.mx\/wp-content\/uploads\/2024\/10\/KLM-Amsterdam-Cancun.jpg","datePublished":"2024-10-31T23:56:17+00:00","dateModified":"2024-10-31T23:56:18+00:00","breadcrumb":{"@id":"https:\/\/nitu.mx\/index.php\/2024\/10\/31\/llega-a-cancun-el-vuelo-de-amsterdam-que-operara-klm-esta-temporada-invernal\/#breadcrumb"},"inLanguage":"es-MX","potentialAction":[{"@type":"ReadAction","target":["https:\/\/nitu.mx\/index.php\/2024\/10\/31\/llega-a-cancun-el-vuelo-de-amsterdam-que-operara-klm-esta-temporada-invernal\/"]}]},{"@type":"ImageObject","inLanguage":"es-MX","@id":"https:\/\/nitu.mx\/index.php\/2024\/10\/31\/llega-a-cancun-el-vuelo-de-amsterdam-que-operara-klm-esta-temporada-invernal\/#primaryimage","url":"https:\/\/nitu.mx\/wp-content\/uploads\/2024\/10\/KLM-Amsterdam-Cancun.jpg","contentUrl":"https:\/\/nitu.mx\/wp-content\/uploads\/2024\/10\/KLM-Amsterdam-Cancun.jpg","width":1200,"height":675,"caption":"KLM \u00c1msterdam Canc\u00fan"},{"@type":"BreadcrumbList","@id":"https:\/\/nitu.mx\/index.php\/2024\/10\/31\/llega-a-cancun-el-vuelo-de-amsterdam-que-operara-klm-esta-temporada-invernal\/#breadcrumb","itemListElement":[{"@type":"ListItem","position":1,"name":"Inicio","item":"https:\/\/nitu.mx\/"},{"@type":"ListItem","position":2,"name":"Llega a Canc\u00fan el vuelo de \u00c1msterdam que operar\u00e1 KLM esta temporada invernal"}]},{"@type":"WebSite","@id":"https:\/\/nitu.mx\/#website","url":"https:\/\/nitu.mx\/","name":"Nitu - Noticias de la Industria Turistica","description":"Noticias de la Industria Turistica","publisher":{"@id":"https:\/\/nitu.mx\/#\/schema\/person\/ae7a53426417292d3dd07b45a33e01bc"},"alternateName":"Noticias de la Industria Turistica","potentialAction":[{"@type":"SearchAction","target":{"@type":"EntryPoint","urlTemplate":"https:\/\/nitu.mx\/?s={search_term_string}"},"query-input":"required name=search_term_string"}],"inLanguage":"es-MX"},{"@type":["Person","Organization"],"@id":"https:\/\/nitu.mx\/#\/schema\/person\/ae7a53426417292d3dd07b45a33e01bc","name":"Arturo Medina","image":{"@type":"ImageObject","inLanguage":"es-MX","@id":"https:\/\/nitu.mx\/#\/schema\/person\/image\/","url":"https:\/\/nitu.mx\/wp-content\/uploads\/2024\/04\/4A315622-1904-4D5C-B022-878CDC840E04-90x90-1.jpeg","contentUrl":"https:\/\/nitu.mx\/wp-content\/uploads\/2024\/04\/4A315622-1904-4D5C-B022-878CDC840E04-90x90-1.jpeg","width":90,"height":90,"caption":"Arturo Medina"},"logo":{"@id":"https:\/\/nitu.mx\/#\/schema\/person\/image\/"},"description":"Director NITU.mx, Egresado de la Escuela de Periodismo Carlos Septi\u00e9n Garc\u00eda. Periodista y analista especializado en turismo desde hace 35 a\u00f1os, radicado en Canc\u00fan Q.Roo. arturo@nitu.mx","sameAs":["https:\/\/nitu.mx","https:\/\/www.facebook.com\/NITUmx\/","medinacancun","https:\/\/twitter.com\/@Arturo_Medina_G"]},{"@type":"Person","@id":"https:\/\/nitu.mx\/#\/schema\/person\/4a28fe9bd65924f7c90623773daf1b0b","name":"Redacci\u00f3n","image":{"@type":"ImageObject","inLanguage":"es-MX","@id":"https:\/\/nitu.mx\/#\/schema\/person\/image\/","url":"https:\/\/secure.gravatar.com\/avatar\/5dd011c8ccfc5cd7e4c81e42252aab38?s=96&d=mm&r=g","contentUrl":"https:\/\/secure.gravatar.com\/avatar\/5dd011c8ccfc5cd7e4c81e42252aab38?s=96&d=mm&r=g","caption":"Redacci\u00f3n"},"url":"https:\/\/nitu.mx\/index.php\/author\/redaccion\/"}]}},"views":865,"_links":{"self":[{"href":"https:\/\/nitu.mx\/index.php\/wp-json\/wp\/v2\/posts\/76297"}],"collection":[{"href":"https:\/\/nitu.mx\/index.php\/wp-json\/wp\/v2\/posts"}],"about":[{"href":"https:\/\/nitu.mx\/index.php\/wp-json\/wp\/v2\/types\/post"}],"author":[{"embeddable":true,"href":"https:\/\/nitu.mx\/index.php\/wp-json\/wp\/v2\/users\/17"}],"replies":[{"embeddable":true,"href":"https:\/\/nitu.mx\/index.php\/wp-json\/wp\/v2\/comments?post=76297"}],"version-history":[{"count":2,"href":"https:\/\/nitu.mx\/index.php\/wp-json\/wp\/v2\/posts\/76297\/revisions"}],"predecessor-version":[{"id":76302,"href":"https:\/\/nitu.mx\/index.php\/wp-json\/wp\/v2\/posts\/76297\/revisions\/76302"}],"wp:featuredmedia":[{"embeddable":true,"href":"https:\/\/nitu.mx\/index.php\/wp-json\/wp\/v2\/media\/76301"}],"wp:attachment":[{"href":"https:\/\/nitu.mx\/index.php\/wp-json\/wp\/v2\/media?parent=76297"}],"wp:term":[{"taxonomy":"category","embeddable":true,"href":"https:\/\/nitu.mx\/index.php\/wp-json\/wp\/v2\/categories?post=76297"},{"taxonomy":"post_tag","embeddable":true,"href":"https:\/\/nitu.mx\/index.php\/wp-json\/wp\/v2\/tags?post=76297"}],"curies":[{"name":"wp","href":"https:\/\/api.w.org\/{rel}","templated":true}]}}