{"id":7621,"date":"2017-03-08T02:53:25","date_gmt":"2017-03-08T07:53:25","guid":{"rendered":"http:\/\/www.dev.nitu.mx\/?p=7621"},"modified":"2017-03-08T02:57:33","modified_gmt":"2017-03-08T07:57:33","slug":"iberostar-edifica-156-nuevas-suites-complejo-cancun","status":"publish","type":"post","link":"https:\/\/nitu.mx\/index.php\/2017\/03\/08\/iberostar-edifica-156-nuevas-suites-complejo-cancun\/","title":{"rendered":"Iberostar edifica 156 nuevas suites en su complejo de Canc\u00fan"},"content":{"rendered":"<p>La demanda de habitaciones en Canc\u00fan, se mantiene por lo que varios hoteles de la zona emprendieron ampliaciones a su inventario, tal es el caso de Meli\u00e1 y Original Resorts por mencionar algunos. Por su parte, el Iberostar Hotels &amp; Resorts inici\u00f3 este a\u00f1o la edificaci\u00f3n de una nueva torre en su Complejo Canc\u00fan Golf &amp; Spa.<\/p>\n<p>La torre de 13 pisos contar\u00e1 con suites, un bar con terraza, un bar de aperitivos, una piscina con bar en la piscina, un nuevo restaurante y vistas al mar.<\/p>\n<p>La torre a\u00f1ade 156 suites, cada una con una terraza de hidromasaje para el inventario del complejo. Los pisos incluyen 10 Junior Suites de 538 pies cuadrados y dos Junior Suites en esquina de 807 pies cuadrados. El nuevo restaurante tiene una capacidad de 232 personas, y estar\u00e1 abierto para desayunos y almuerzos buf\u00e9s, as\u00ed como cenas a la carta.<\/p>\n<p>En 1985, la marca inform\u00f3 que inici\u00f3 operaciones un casino s\u00f3lo para adultos que se ubica en el hotel Iberostar Playa Para\u00edso, que forma parte del complejo tur\u00edstico de la firma en Riviera Maya y alberga siete inmuebles de lujo.<\/p>\n<p>El consorcio espa\u00f1ol, con m\u00e1s de 80 a\u00f1os de historia y m\u00e1s de 100 hoteles en el mundo, instal\u00f3 para este nuevo atractivo 40 m\u00e1quinas de juegos (slot machines), una ruleta americana y dos mesas de black jack en vivo, as\u00ed como pantallas para ver eventos deportivos y realizar apuestas en vivo.<\/p>\n<p>La empresa cuenta con hoteles en el pa\u00eds en: Canc\u00fan (1), Riviera Maya (7), Cozumel (1) y la Riviera Nayarit (1). Adem\u00e1s, trabaja en su incursi\u00f3n en Cuba, como se inform\u00f3 en <em><strong>NITU.mx<\/strong><\/em>.\u00a0(<a title=\"Iberostar desarrolla con AT Comercial, mayorista en Cuba\" href=\"http:\/\/www.dev.nitu.mx\/index.php\/2017\/01\/18\/iberostar-desarrolla-comercializadora-mayorista-en-cuba\/\" rel=\"bookmark\">Iberostar desarrolla con AT Comercial, mayorista en Cuba<\/a>).<\/p>\n","protected":false},"excerpt":{"rendered":"<p>La demanda de habitaciones en Canc\u00fan, se mantiene por lo que varios hoteles de la zona emprendieron ampliaciones a su inventario, tal es el caso de Meli\u00e1 y Original Resorts por mencionar algunos. Por su parte, el Iberostar Hotels &amp; Resorts inici\u00f3 este a\u00f1o la edificaci\u00f3n de una nueva torre en su Complejo Canc\u00fan Golf [&hellip;]<\/p>\n","protected":false},"author":3,"featured_media":7251,"comment_status":"open","ping_status":"open","sticky":false,"template":"","format":"standard","meta":{"footnotes":""},"categories":[5,2],"tags":[3216,110,629,1877,3215,80,537],"yoast_head":"<!-- This site is optimized with the Yoast SEO plugin v22.2 - https:\/\/yoast.com\/wordpress\/plugins\/seo\/ -->\n<title>Iberostar edifica 156 nuevas suites en su complejo de Canc\u00fan - Nitu - Noticias de la Industria Turistica<\/title>\n<meta name=\"description\" content=\"Varios hoteles de la zona emprendieron ampliaciones a su inventario. Iberostar Hotels &amp; Resorts ya estren\u00f3 una nueva torre en su Complejo Canc\u00fan Golf &amp; Spa.\" \/>\n<meta name=\"robots\" content=\"index, follow, max-snippet:-1, max-image-preview:large, max-video-preview:-1\" \/>\n<link rel=\"canonical\" href=\"https:\/\/nitu.mx\/index.php\/2017\/03\/08\/iberostar-edifica-156-nuevas-suites-complejo-cancun\/\" \/>\n<meta name=\"twitter:card\" content=\"summary_large_image\" \/>\n<meta name=\"twitter:title\" content=\"Iberostar edifica 156 nuevas suites en su complejo de Canc\u00fan - Nitu - Noticias de la Industria Turistica\" \/>\n<meta name=\"twitter:description\" content=\"Varios hoteles de la zona emprendieron ampliaciones a su inventario. Iberostar Hotels &amp; Resorts ya estren\u00f3 una nueva torre en su Complejo Canc\u00fan Golf &amp; Spa.\" \/>\n<meta name=\"twitter:image\" content=\"https:\/\/nitu.mx\/wp-content\/uploads\/2017\/02\/Iberostar-Cancun.jpg\" \/>\n<meta name=\"twitter:creator\" content=\"@NITUmx\" \/>\n<meta name=\"twitter:site\" content=\"@Arturo_Medina_G\" \/>\n<meta name=\"twitter:label1\" content=\"Escrito por\" \/>\n\t<meta name=\"twitter:data1\" content=\"Alejandra Moncisbays\" \/>\n\t<meta name=\"twitter:label2\" content=\"Tiempo de lectura\" \/>\n\t<meta name=\"twitter:data2\" content=\"1 minuto\" \/>\n<script type=\"application\/ld+json\" class=\"yoast-schema-graph\">{\"@context\":\"https:\/\/schema.org\",\"@graph\":[{\"@type\":\"Article\",\"@id\":\"https:\/\/nitu.mx\/index.php\/2017\/03\/08\/iberostar-edifica-156-nuevas-suites-complejo-cancun\/#article\",\"isPartOf\":{\"@id\":\"https:\/\/nitu.mx\/index.php\/2017\/03\/08\/iberostar-edifica-156-nuevas-suites-complejo-cancun\/\"},\"author\":{\"name\":\"Alejandra Moncisbays\",\"@id\":\"https:\/\/nitu.mx\/#\/schema\/person\/2ecd887b19dfd3382d1f14fc5acf24a8\"},\"headline\":\"Iberostar edifica 156 nuevas suites en su complejo de Canc\u00fan\",\"datePublished\":\"2017-03-08T07:53:25+00:00\",\"dateModified\":\"2017-03-08T07:57:33+00:00\",\"mainEntityOfPage\":{\"@id\":\"https:\/\/nitu.mx\/index.php\/2017\/03\/08\/iberostar-edifica-156-nuevas-suites-complejo-cancun\/\"},\"wordCount\":295,\"commentCount\":0,\"publisher\":{\"@id\":\"https:\/\/nitu.mx\/#\/schema\/person\/ae7a53426417292d3dd07b45a33e01bc\"},\"image\":{\"@id\":\"https:\/\/nitu.mx\/index.php\/2017\/03\/08\/iberostar-edifica-156-nuevas-suites-complejo-cancun\/#primaryimage\"},\"thumbnailUrl\":\"https:\/\/nitu.mx\/wp-content\/uploads\/2017\/02\/Iberostar-Cancun.jpg\",\"keywords\":[\"Complejo Canc\u00fan Golf &amp; Spa\",\"Cozumel\",\"Iberostar Hotels &amp; Resorts\",\"Meli\u00e1\",\"Original Resorts\",\"Riviera Maya\",\"Riviera Nayarit\"],\"articleSection\":[\"Destinos\",\"Hoteles\"],\"inLanguage\":\"es-MX\",\"potentialAction\":[{\"@type\":\"CommentAction\",\"name\":\"Comment\",\"target\":[\"https:\/\/nitu.mx\/index.php\/2017\/03\/08\/iberostar-edifica-156-nuevas-suites-complejo-cancun\/#respond\"]}]},{\"@type\":\"WebPage\",\"@id\":\"https:\/\/nitu.mx\/index.php\/2017\/03\/08\/iberostar-edifica-156-nuevas-suites-complejo-cancun\/\",\"url\":\"https:\/\/nitu.mx\/index.php\/2017\/03\/08\/iberostar-edifica-156-nuevas-suites-complejo-cancun\/\",\"name\":\"Iberostar edifica 156 nuevas suites en su complejo de Canc\u00fan - Nitu - Noticias de la Industria Turistica\",\"isPartOf\":{\"@id\":\"https:\/\/nitu.mx\/#website\"},\"primaryImageOfPage\":{\"@id\":\"https:\/\/nitu.mx\/index.php\/2017\/03\/08\/iberostar-edifica-156-nuevas-suites-complejo-cancun\/#primaryimage\"},\"image\":{\"@id\":\"https:\/\/nitu.mx\/index.php\/2017\/03\/08\/iberostar-edifica-156-nuevas-suites-complejo-cancun\/#primaryimage\"},\"thumbnailUrl\":\"https:\/\/nitu.mx\/wp-content\/uploads\/2017\/02\/Iberostar-Cancun.jpg\",\"datePublished\":\"2017-03-08T07:53:25+00:00\",\"dateModified\":\"2017-03-08T07:57:33+00:00\",\"description\":\"Varios hoteles de la zona emprendieron ampliaciones a su inventario. Iberostar Hotels & Resorts ya estren\u00f3 una nueva torre en su Complejo Canc\u00fan Golf & Spa.\",\"breadcrumb\":{\"@id\":\"https:\/\/nitu.mx\/index.php\/2017\/03\/08\/iberostar-edifica-156-nuevas-suites-complejo-cancun\/#breadcrumb\"},\"inLanguage\":\"es-MX\",\"potentialAction\":[{\"@type\":\"ReadAction\",\"target\":[\"https:\/\/nitu.mx\/index.php\/2017\/03\/08\/iberostar-edifica-156-nuevas-suites-complejo-cancun\/\"]}]},{\"@type\":\"ImageObject\",\"inLanguage\":\"es-MX\",\"@id\":\"https:\/\/nitu.mx\/index.php\/2017\/03\/08\/iberostar-edifica-156-nuevas-suites-complejo-cancun\/#primaryimage\",\"url\":\"https:\/\/nitu.mx\/wp-content\/uploads\/2017\/02\/Iberostar-Cancun.jpg\",\"contentUrl\":\"https:\/\/nitu.mx\/wp-content\/uploads\/2017\/02\/Iberostar-Cancun.jpg\",\"width\":850,\"height\":480,\"caption\":\"Iberostar Cancun\"},{\"@type\":\"BreadcrumbList\",\"@id\":\"https:\/\/nitu.mx\/index.php\/2017\/03\/08\/iberostar-edifica-156-nuevas-suites-complejo-cancun\/#breadcrumb\",\"itemListElement\":[{\"@type\":\"ListItem\",\"position\":1,\"name\":\"Inicio\",\"item\":\"https:\/\/nitu.mx\/\"},{\"@type\":\"ListItem\",\"position\":2,\"name\":\"Iberostar edifica 156 nuevas suites en su complejo de Canc\u00fan\"}]},{\"@type\":\"WebSite\",\"@id\":\"https:\/\/nitu.mx\/#website\",\"url\":\"https:\/\/nitu.mx\/\",\"name\":\"Nitu - Noticias de la Industria Turistica\",\"description\":\"Noticias de la Industria Turistica\",\"publisher\":{\"@id\":\"https:\/\/nitu.mx\/#\/schema\/person\/ae7a53426417292d3dd07b45a33e01bc\"},\"alternateName\":\"Noticias de la Industria Turistica\",\"potentialAction\":[{\"@type\":\"SearchAction\",\"target\":{\"@type\":\"EntryPoint\",\"urlTemplate\":\"https:\/\/nitu.mx\/?s={search_term_string}\"},\"query-input\":\"required name=search_term_string\"}],\"inLanguage\":\"es-MX\"},{\"@type\":[\"Person\",\"Organization\"],\"@id\":\"https:\/\/nitu.mx\/#\/schema\/person\/ae7a53426417292d3dd07b45a33e01bc\",\"name\":\"Arturo Medina\",\"image\":{\"@type\":\"ImageObject\",\"inLanguage\":\"es-MX\",\"@id\":\"https:\/\/nitu.mx\/#\/schema\/person\/image\/\",\"url\":\"https:\/\/nitu.mx\/wp-content\/uploads\/2024\/04\/4A315622-1904-4D5C-B022-878CDC840E04-90x90-1.jpeg\",\"contentUrl\":\"https:\/\/nitu.mx\/wp-content\/uploads\/2024\/04\/4A315622-1904-4D5C-B022-878CDC840E04-90x90-1.jpeg\",\"width\":90,\"height\":90,\"caption\":\"Arturo Medina\"},\"logo\":{\"@id\":\"https:\/\/nitu.mx\/#\/schema\/person\/image\/\"},\"description\":\"Director NITU.mx, Egresado de la Escuela de Periodismo Carlos Septi\u00e9n Garc\u00eda. Periodista y analista especializado en turismo desde hace 35 a\u00f1os, radicado en Canc\u00fan Q.Roo. arturo@nitu.mx\",\"sameAs\":[\"https:\/\/nitu.mx\",\"https:\/\/www.facebook.com\/NITUmx\/\",\"medinacancun\",\"https:\/\/twitter.com\/@Arturo_Medina_G\"]},{\"@type\":\"Person\",\"@id\":\"https:\/\/nitu.mx\/#\/schema\/person\/2ecd887b19dfd3382d1f14fc5acf24a8\",\"name\":\"Alejandra Moncisbays\",\"image\":{\"@type\":\"ImageObject\",\"inLanguage\":\"es-MX\",\"@id\":\"https:\/\/nitu.mx\/#\/schema\/person\/image\/\",\"url\":\"https:\/\/secure.gravatar.com\/avatar\/e74f7af0be172b7804dacfd0bfbef787?s=96&d=mm&r=g\",\"contentUrl\":\"https:\/\/secure.gravatar.com\/avatar\/e74f7af0be172b7804dacfd0bfbef787?s=96&d=mm&r=g\",\"caption\":\"Alejandra Moncisbays\"},\"description\":\"Curs\u00e9 la carrera de Periodismo y Comunicaci\u00f3n en la Facultad de Estudios Profesionales Acatl\u00e1n. Vivo en Canc\u00fan desde hace 24 a\u00f1os. Fui reportera de La Tarde de Canc\u00fan, y Novedades de Quintana Roo, colabor\u00e9 en TVCUN, edit\u00e9 Cancun\u00edssimo y colabor\u00e9 en las revistas Latitud21, entre otras, con principal enfoque en los sectores empresarial y tur\u00edstico. Desde hace varios a\u00f1os soy Agente de Seguros con c\u00e9dula de la Comisi\u00f3n Nacional de Seguros y Fianzas. Actualmente, me desarrollo en los \u00e1mbitos del periodismo y el sector asegurador.\",\"sameAs\":[\"https:\/\/nitu.mx\"],\"url\":\"https:\/\/nitu.mx\/index.php\/author\/alejandra\/\"}]}<\/script>\n<!-- \/ Yoast SEO plugin. -->","yoast_head_json":{"title":"Iberostar edifica 156 nuevas suites en su complejo de Canc\u00fan - Nitu - Noticias de la Industria Turistica","description":"Varios hoteles de la zona emprendieron ampliaciones a su inventario. Iberostar Hotels & Resorts ya estren\u00f3 una nueva torre en su Complejo Canc\u00fan Golf & Spa.","robots":{"index":"index","follow":"follow","max-snippet":"max-snippet:-1","max-image-preview":"max-image-preview:large","max-video-preview":"max-video-preview:-1"},"canonical":"https:\/\/nitu.mx\/index.php\/2017\/03\/08\/iberostar-edifica-156-nuevas-suites-complejo-cancun\/","twitter_card":"summary_large_image","twitter_title":"Iberostar edifica 156 nuevas suites en su complejo de Canc\u00fan - Nitu - Noticias de la Industria Turistica","twitter_description":"Varios hoteles de la zona emprendieron ampliaciones a su inventario. Iberostar Hotels & Resorts ya estren\u00f3 una nueva torre en su Complejo Canc\u00fan Golf & Spa.","twitter_image":"https:\/\/nitu.mx\/wp-content\/uploads\/2017\/02\/Iberostar-Cancun.jpg","twitter_creator":"@NITUmx","twitter_site":"@Arturo_Medina_G","twitter_misc":{"Escrito por":"Alejandra Moncisbays","Tiempo de lectura":"1 minuto"},"schema":{"@context":"https:\/\/schema.org","@graph":[{"@type":"Article","@id":"https:\/\/nitu.mx\/index.php\/2017\/03\/08\/iberostar-edifica-156-nuevas-suites-complejo-cancun\/#article","isPartOf":{"@id":"https:\/\/nitu.mx\/index.php\/2017\/03\/08\/iberostar-edifica-156-nuevas-suites-complejo-cancun\/"},"author":{"name":"Alejandra Moncisbays","@id":"https:\/\/nitu.mx\/#\/schema\/person\/2ecd887b19dfd3382d1f14fc5acf24a8"},"headline":"Iberostar edifica 156 nuevas suites en su complejo de Canc\u00fan","datePublished":"2017-03-08T07:53:25+00:00","dateModified":"2017-03-08T07:57:33+00:00","mainEntityOfPage":{"@id":"https:\/\/nitu.mx\/index.php\/2017\/03\/08\/iberostar-edifica-156-nuevas-suites-complejo-cancun\/"},"wordCount":295,"commentCount":0,"publisher":{"@id":"https:\/\/nitu.mx\/#\/schema\/person\/ae7a53426417292d3dd07b45a33e01bc"},"image":{"@id":"https:\/\/nitu.mx\/index.php\/2017\/03\/08\/iberostar-edifica-156-nuevas-suites-complejo-cancun\/#primaryimage"},"thumbnailUrl":"https:\/\/nitu.mx\/wp-content\/uploads\/2017\/02\/Iberostar-Cancun.jpg","keywords":["Complejo Canc\u00fan Golf &amp; Spa","Cozumel","Iberostar Hotels &amp; Resorts","Meli\u00e1","Original Resorts","Riviera Maya","Riviera Nayarit"],"articleSection":["Destinos","Hoteles"],"inLanguage":"es-MX","potentialAction":[{"@type":"CommentAction","name":"Comment","target":["https:\/\/nitu.mx\/index.php\/2017\/03\/08\/iberostar-edifica-156-nuevas-suites-complejo-cancun\/#respond"]}]},{"@type":"WebPage","@id":"https:\/\/nitu.mx\/index.php\/2017\/03\/08\/iberostar-edifica-156-nuevas-suites-complejo-cancun\/","url":"https:\/\/nitu.mx\/index.php\/2017\/03\/08\/iberostar-edifica-156-nuevas-suites-complejo-cancun\/","name":"Iberostar edifica 156 nuevas suites en su complejo de Canc\u00fan - Nitu - Noticias de la Industria Turistica","isPartOf":{"@id":"https:\/\/nitu.mx\/#website"},"primaryImageOfPage":{"@id":"https:\/\/nitu.mx\/index.php\/2017\/03\/08\/iberostar-edifica-156-nuevas-suites-complejo-cancun\/#primaryimage"},"image":{"@id":"https:\/\/nitu.mx\/index.php\/2017\/03\/08\/iberostar-edifica-156-nuevas-suites-complejo-cancun\/#primaryimage"},"thumbnailUrl":"https:\/\/nitu.mx\/wp-content\/uploads\/2017\/02\/Iberostar-Cancun.jpg","datePublished":"2017-03-08T07:53:25+00:00","dateModified":"2017-03-08T07:57:33+00:00","description":"Varios hoteles de la zona emprendieron ampliaciones a su inventario. Iberostar Hotels & Resorts ya estren\u00f3 una nueva torre en su Complejo Canc\u00fan Golf & Spa.","breadcrumb":{"@id":"https:\/\/nitu.mx\/index.php\/2017\/03\/08\/iberostar-edifica-156-nuevas-suites-complejo-cancun\/#breadcrumb"},"inLanguage":"es-MX","potentialAction":[{"@type":"ReadAction","target":["https:\/\/nitu.mx\/index.php\/2017\/03\/08\/iberostar-edifica-156-nuevas-suites-complejo-cancun\/"]}]},{"@type":"ImageObject","inLanguage":"es-MX","@id":"https:\/\/nitu.mx\/index.php\/2017\/03\/08\/iberostar-edifica-156-nuevas-suites-complejo-cancun\/#primaryimage","url":"https:\/\/nitu.mx\/wp-content\/uploads\/2017\/02\/Iberostar-Cancun.jpg","contentUrl":"https:\/\/nitu.mx\/wp-content\/uploads\/2017\/02\/Iberostar-Cancun.jpg","width":850,"height":480,"caption":"Iberostar Cancun"},{"@type":"BreadcrumbList","@id":"https:\/\/nitu.mx\/index.php\/2017\/03\/08\/iberostar-edifica-156-nuevas-suites-complejo-cancun\/#breadcrumb","itemListElement":[{"@type":"ListItem","position":1,"name":"Inicio","item":"https:\/\/nitu.mx\/"},{"@type":"ListItem","position":2,"name":"Iberostar edifica 156 nuevas suites en su complejo de Canc\u00fan"}]},{"@type":"WebSite","@id":"https:\/\/nitu.mx\/#website","url":"https:\/\/nitu.mx\/","name":"Nitu - Noticias de la Industria Turistica","description":"Noticias de la Industria Turistica","publisher":{"@id":"https:\/\/nitu.mx\/#\/schema\/person\/ae7a53426417292d3dd07b45a33e01bc"},"alternateName":"Noticias de la Industria Turistica","potentialAction":[{"@type":"SearchAction","target":{"@type":"EntryPoint","urlTemplate":"https:\/\/nitu.mx\/?s={search_term_string}"},"query-input":"required name=search_term_string"}],"inLanguage":"es-MX"},{"@type":["Person","Organization"],"@id":"https:\/\/nitu.mx\/#\/schema\/person\/ae7a53426417292d3dd07b45a33e01bc","name":"Arturo Medina","image":{"@type":"ImageObject","inLanguage":"es-MX","@id":"https:\/\/nitu.mx\/#\/schema\/person\/image\/","url":"https:\/\/nitu.mx\/wp-content\/uploads\/2024\/04\/4A315622-1904-4D5C-B022-878CDC840E04-90x90-1.jpeg","contentUrl":"https:\/\/nitu.mx\/wp-content\/uploads\/2024\/04\/4A315622-1904-4D5C-B022-878CDC840E04-90x90-1.jpeg","width":90,"height":90,"caption":"Arturo Medina"},"logo":{"@id":"https:\/\/nitu.mx\/#\/schema\/person\/image\/"},"description":"Director NITU.mx, Egresado de la Escuela de Periodismo Carlos Septi\u00e9n Garc\u00eda. Periodista y analista especializado en turismo desde hace 35 a\u00f1os, radicado en Canc\u00fan Q.Roo. arturo@nitu.mx","sameAs":["https:\/\/nitu.mx","https:\/\/www.facebook.com\/NITUmx\/","medinacancun","https:\/\/twitter.com\/@Arturo_Medina_G"]},{"@type":"Person","@id":"https:\/\/nitu.mx\/#\/schema\/person\/2ecd887b19dfd3382d1f14fc5acf24a8","name":"Alejandra Moncisbays","image":{"@type":"ImageObject","inLanguage":"es-MX","@id":"https:\/\/nitu.mx\/#\/schema\/person\/image\/","url":"https:\/\/secure.gravatar.com\/avatar\/e74f7af0be172b7804dacfd0bfbef787?s=96&d=mm&r=g","contentUrl":"https:\/\/secure.gravatar.com\/avatar\/e74f7af0be172b7804dacfd0bfbef787?s=96&d=mm&r=g","caption":"Alejandra Moncisbays"},"description":"Curs\u00e9 la carrera de Periodismo y Comunicaci\u00f3n en la Facultad de Estudios Profesionales Acatl\u00e1n. Vivo en Canc\u00fan desde hace 24 a\u00f1os. Fui reportera de La Tarde de Canc\u00fan, y Novedades de Quintana Roo, colabor\u00e9 en TVCUN, edit\u00e9 Cancun\u00edssimo y colabor\u00e9 en las revistas Latitud21, entre otras, con principal enfoque en los sectores empresarial y tur\u00edstico. Desde hace varios a\u00f1os soy Agente de Seguros con c\u00e9dula de la Comisi\u00f3n Nacional de Seguros y Fianzas. Actualmente, me desarrollo en los \u00e1mbitos del periodismo y el sector asegurador.","sameAs":["https:\/\/nitu.mx"],"url":"https:\/\/nitu.mx\/index.php\/author\/alejandra\/"}]}},"views":366,"_links":{"self":[{"href":"https:\/\/nitu.mx\/index.php\/wp-json\/wp\/v2\/posts\/7621"}],"collection":[{"href":"https:\/\/nitu.mx\/index.php\/wp-json\/wp\/v2\/posts"}],"about":[{"href":"https:\/\/nitu.mx\/index.php\/wp-json\/wp\/v2\/types\/post"}],"author":[{"embeddable":true,"href":"https:\/\/nitu.mx\/index.php\/wp-json\/wp\/v2\/users\/3"}],"replies":[{"embeddable":true,"href":"https:\/\/nitu.mx\/index.php\/wp-json\/wp\/v2\/comments?post=7621"}],"version-history":[{"count":1,"href":"https:\/\/nitu.mx\/index.php\/wp-json\/wp\/v2\/posts\/7621\/revisions"}],"predecessor-version":[{"id":7622,"href":"https:\/\/nitu.mx\/index.php\/wp-json\/wp\/v2\/posts\/7621\/revisions\/7622"}],"wp:featuredmedia":[{"embeddable":true,"href":"https:\/\/nitu.mx\/index.php\/wp-json\/wp\/v2\/media\/7251"}],"wp:attachment":[{"href":"https:\/\/nitu.mx\/index.php\/wp-json\/wp\/v2\/media?parent=7621"}],"wp:term":[{"taxonomy":"category","embeddable":true,"href":"https:\/\/nitu.mx\/index.php\/wp-json\/wp\/v2\/categories?post=7621"},{"taxonomy":"post_tag","embeddable":true,"href":"https:\/\/nitu.mx\/index.php\/wp-json\/wp\/v2\/tags?post=7621"}],"curies":[{"name":"wp","href":"https:\/\/api.w.org\/{rel}","templated":true}]}}