{"id":76119,"date":"2024-10-27T19:34:13","date_gmt":"2024-10-28T01:34:13","guid":{"rendered":"https:\/\/nitu.mx\/?p=76119"},"modified":"2024-10-28T14:49:56","modified_gmt":"2024-10-28T20:49:56","slug":"afeet-impulsa-el-turismo-en-la-peninsula-con-una-experiencia-cultural-y-holistica-en-yucatan","status":"publish","type":"post","link":"https:\/\/nitu.mx\/index.php\/2024\/10\/27\/afeet-impulsa-el-turismo-en-la-peninsula-con-una-experiencia-cultural-y-holistica-en-yucatan\/","title":{"rendered":"AFEET impulsa el turismo en la pen\u00ednsula con una experiencia cultural y hol\u00edstica en Yucat\u00e1n"},"content":{"rendered":"\n<p>Empresarias tur\u00edsticas afiliadas a la Asociaci\u00f3n Femenil de Ejecutivas de Empresas Tur\u00edsticas (AFEET) Quintana Roo vivi\u00f3 una experiencia inolvidable en el parque Ki\u2019ichpam Xun\u00e1an, en Yucat\u00e1n. Este parque, cercano a Valladolid, es un destino emergente que ofrece contacto directo con la naturaleza, cultura maya y actividades de bienestar en un entorno excepcional.<\/p>\n\n\n\n<p>Durante el recorrido, el grupo explor\u00f3 el Cenote Yun-Chen y el Cenote Xkokay, donde participaron en una ceremonia de respeto a la naturaleza guiada por un cham\u00e1n local, seguida de una sesi\u00f3n de yoga. \u201cEl cenote Xkokay es espectacular; realizamos una ceremonia para pedir permiso de ingreso, lo que enriquece la experiencia con una conexi\u00f3n especial al lugar\u201d, explic\u00f3 Marta Rangel, directora Comercial del grupo HOKA, organizador de este tour.<\/p>\n\n\n\n<p>Adem\u00e1s de estas experiencias hol\u00edsticas, las socias de AFEET pudieron disfrutar de aut\u00e9nticos sabores yucatecos preparados por un grupo de cocineras locales. Las &#8220;mayoras&#8221; de la comunidad, lideradas por Gabriela, han heredado recetas tradicionales que destacan el sabor aut\u00e9ntico de Yucat\u00e1n. Los platillos incluyen ingredientes naturales y t\u00e9cnicas tradicionales, ofreciendo una inmersi\u00f3n completa en la gastronom\u00eda regional.<\/p>\n\n\n<div id='gallery-1' class='gallery galleryid-76119 gallery-columns-3 gallery-size-herald-lay-c1'><figure class='gallery-item'>\n\t\t\t<div class='gallery-icon landscape'>\n\t\t\t\t<a class=\"herald-popup\" href='https:\/\/nitu.mx\/wp-content\/uploads\/2024\/10\/CENOTE1-scaled.jpg'><img width=\"470\" height=\"313\" src=\"https:\/\/nitu.mx\/wp-content\/uploads\/2024\/10\/CENOTE1-470x313.jpg\" class=\"attachment-herald-lay-c1 size-herald-lay-c1\" alt=\"\" decoding=\"async\" loading=\"lazy\" srcset=\"https:\/\/nitu.mx\/wp-content\/uploads\/2024\/10\/CENOTE1-470x313.jpg 470w, https:\/\/nitu.mx\/wp-content\/uploads\/2024\/10\/CENOTE1-300x200.jpg 300w, https:\/\/nitu.mx\/wp-content\/uploads\/2024\/10\/CENOTE1-1024x683.jpg 1024w, https:\/\/nitu.mx\/wp-content\/uploads\/2024\/10\/CENOTE1-768x512.jpg 768w, https:\/\/nitu.mx\/wp-content\/uploads\/2024\/10\/CENOTE1-1536x1024.jpg 1536w, https:\/\/nitu.mx\/wp-content\/uploads\/2024\/10\/CENOTE1-2048x1365.jpg 2048w, https:\/\/nitu.mx\/wp-content\/uploads\/2024\/10\/CENOTE1-414x276.jpg 414w, https:\/\/nitu.mx\/wp-content\/uploads\/2024\/10\/CENOTE1-640x426.jpg 640w, https:\/\/nitu.mx\/wp-content\/uploads\/2024\/10\/CENOTE1-130x86.jpg 130w, https:\/\/nitu.mx\/wp-content\/uploads\/2024\/10\/CENOTE1-187x124.jpg 187w, https:\/\/nitu.mx\/wp-content\/uploads\/2024\/10\/CENOTE1-990x660.jpg 990w, https:\/\/nitu.mx\/wp-content\/uploads\/2024\/10\/CENOTE1-1320x880.jpg 1320w\" sizes=\"(max-width: 470px) 100vw, 470px\" \/><\/a>\n\t\t\t<\/div><\/figure><figure class='gallery-item'>\n\t\t\t<div class='gallery-icon landscape'>\n\t\t\t\t<a class=\"herald-popup\" href='https:\/\/nitu.mx\/wp-content\/uploads\/2024\/10\/PARTICIPANTESCEREMONIAMAYA-scaled.jpg'><img width=\"470\" height=\"313\" src=\"https:\/\/nitu.mx\/wp-content\/uploads\/2024\/10\/PARTICIPANTESCEREMONIAMAYA-470x313.jpg\" class=\"attachment-herald-lay-c1 size-herald-lay-c1\" alt=\"\" decoding=\"async\" loading=\"lazy\" srcset=\"https:\/\/nitu.mx\/wp-content\/uploads\/2024\/10\/PARTICIPANTESCEREMONIAMAYA-470x313.jpg 470w, https:\/\/nitu.mx\/wp-content\/uploads\/2024\/10\/PARTICIPANTESCEREMONIAMAYA-300x200.jpg 300w, https:\/\/nitu.mx\/wp-content\/uploads\/2024\/10\/PARTICIPANTESCEREMONIAMAYA-1024x683.jpg 1024w, https:\/\/nitu.mx\/wp-content\/uploads\/2024\/10\/PARTICIPANTESCEREMONIAMAYA-768x512.jpg 768w, https:\/\/nitu.mx\/wp-content\/uploads\/2024\/10\/PARTICIPANTESCEREMONIAMAYA-1536x1024.jpg 1536w, https:\/\/nitu.mx\/wp-content\/uploads\/2024\/10\/PARTICIPANTESCEREMONIAMAYA-2048x1365.jpg 2048w, https:\/\/nitu.mx\/wp-content\/uploads\/2024\/10\/PARTICIPANTESCEREMONIAMAYA-414x276.jpg 414w, https:\/\/nitu.mx\/wp-content\/uploads\/2024\/10\/PARTICIPANTESCEREMONIAMAYA-640x426.jpg 640w, https:\/\/nitu.mx\/wp-content\/uploads\/2024\/10\/PARTICIPANTESCEREMONIAMAYA-130x86.jpg 130w, https:\/\/nitu.mx\/wp-content\/uploads\/2024\/10\/PARTICIPANTESCEREMONIAMAYA-187x124.jpg 187w, https:\/\/nitu.mx\/wp-content\/uploads\/2024\/10\/PARTICIPANTESCEREMONIAMAYA-990x660.jpg 990w, https:\/\/nitu.mx\/wp-content\/uploads\/2024\/10\/PARTICIPANTESCEREMONIAMAYA-1320x880.jpg 1320w\" sizes=\"(max-width: 470px) 100vw, 470px\" \/><\/a>\n\t\t\t<\/div><\/figure><figure class='gallery-item'>\n\t\t\t<div class='gallery-icon portrait'>\n\t\t\t\t<a class=\"herald-popup\" href='https:\/\/nitu.mx\/wp-content\/uploads\/2024\/10\/GASTRONOMIAREGIONAL-scaled.jpg'><img width=\"470\" height=\"313\" src=\"https:\/\/nitu.mx\/wp-content\/uploads\/2024\/10\/GASTRONOMIAREGIONAL-470x313.jpg\" class=\"attachment-herald-lay-c1 size-herald-lay-c1\" alt=\"\" decoding=\"async\" loading=\"lazy\" srcset=\"https:\/\/nitu.mx\/wp-content\/uploads\/2024\/10\/GASTRONOMIAREGIONAL-470x313.jpg 470w, https:\/\/nitu.mx\/wp-content\/uploads\/2024\/10\/GASTRONOMIAREGIONAL-300x200.jpg 300w, https:\/\/nitu.mx\/wp-content\/uploads\/2024\/10\/GASTRONOMIAREGIONAL-414x276.jpg 414w, https:\/\/nitu.mx\/wp-content\/uploads\/2024\/10\/GASTRONOMIAREGIONAL-640x426.jpg 640w, https:\/\/nitu.mx\/wp-content\/uploads\/2024\/10\/GASTRONOMIAREGIONAL-130x86.jpg 130w, https:\/\/nitu.mx\/wp-content\/uploads\/2024\/10\/GASTRONOMIAREGIONAL-187x124.jpg 187w\" sizes=\"(max-width: 470px) 100vw, 470px\" \/><\/a>\n\t\t\t<\/div><\/figure>\n\t\t<\/div>\n\n\n\n<p>El parque tambi\u00e9n es escenario de bodas mayas, ceremonias tradicionales y eventos especiales. \u201cEs un espacio abierto a la creatividad y la personalizaci\u00f3n de actividades, lo cual lo convierte en un destino ideal para celebraciones \u00fanicas\u201d, indic\u00f3 Rangel.<\/p>\n\n\n\n<p>Adicionalmente, se ofrecen talleres que ense\u00f1an a los visitantes sobre la recolecci\u00f3n de miel de abejas meliponas, la elaboraci\u00f3n de productos de cacao y obsidiana, y la creaci\u00f3n de artesan\u00edas que se venden en una tienda local, contribuyendo as\u00ed al desarrollo de las comunidades yucatecas.<\/p>\n\n\n\n<p>Ubicado a poco m\u00e1s de dos horas de Canc\u00fan, Ki\u2019ichpam Xun\u00e1an es accesible por la carretera de cuota y promete una experiencia de bienestar en un entorno natural \u00fanico. Para m\u00e1s informaci\u00f3n sobre tours y actividades, el grupo HOKA cuenta con una p\u00e1gina web donde se pueden consultar precios, itinerarios y opciones de personalizaci\u00f3n. (<a href=\"https:\/\/nitu.mx\/index.php\/2024\/08\/29\/celebra-afeet-su-7o-congreso-internacional-enfocado-en-la-innovacion-tecnologica\/\">Celebra AFEET su 7o Congreso Internacional enfocado en la innovaci\u00f3n tecnol\u00f3gica<\/a>).<\/p>\n","protected":false},"excerpt":{"rendered":"<p>Empresarias tur\u00edsticas afiliadas a la Asociaci\u00f3n Femenil de Ejecutivas de Empresas Tur\u00edsticas (AFEET) Quintana Roo vivi\u00f3 una experiencia inolvidable en el parque Ki\u2019ichpam Xun\u00e1an, en Yucat\u00e1n. Este parque, cercano a Valladolid, es un destino emergente que ofrece contacto directo con la naturaleza, cultura maya y actividades de bienestar en un entorno excepcional. Durante el recorrido, [&hellip;]<\/p>\n","protected":false},"author":3,"featured_media":76126,"comment_status":"open","ping_status":"open","sticky":false,"template":"","format":"standard","meta":{"footnotes":""},"categories":[3,24505],"tags":[2078,26353,26354,26357,26358],"yoast_head":"<!-- This site is optimized with the Yoast SEO plugin v22.2 - https:\/\/yoast.com\/wordpress\/plugins\/seo\/ -->\n<title>AFEET impulsa el turismo en la pen\u00ednsula con una experiencia cultural y hol\u00edstica en Yucat\u00e1n - Nitu - Noticias de la Industria Turistica<\/title>\n<meta name=\"robots\" content=\"index, follow, max-snippet:-1, max-image-preview:large, max-video-preview:-1\" \/>\n<link rel=\"canonical\" href=\"https:\/\/nitu.mx\/index.php\/2024\/10\/27\/afeet-impulsa-el-turismo-en-la-peninsula-con-una-experiencia-cultural-y-holistica-en-yucatan\/\" \/>\n<meta name=\"twitter:card\" content=\"summary_large_image\" \/>\n<meta name=\"twitter:title\" content=\"AFEET impulsa el turismo en la pen\u00ednsula con una experiencia cultural y hol\u00edstica en Yucat\u00e1n - Nitu - Noticias de la Industria Turistica\" \/>\n<meta name=\"twitter:description\" content=\"Empresarias tur\u00edsticas afiliadas a la Asociaci\u00f3n Femenil de Ejecutivas de Empresas Tur\u00edsticas (AFEET) Quintana Roo vivi\u00f3 una experiencia inolvidable en el parque Ki\u2019ichpam Xun\u00e1an, en Yucat\u00e1n. Este parque, cercano a Valladolid, es un destino emergente que ofrece contacto directo con la naturaleza, cultura maya y actividades de bienestar en un entorno excepcional. Durante el recorrido, [&hellip;]\" \/>\n<meta name=\"twitter:image\" content=\"https:\/\/nitu.mx\/wp-content\/uploads\/2024\/10\/CEREMONIAMAYAENCENOTE-scaled.jpg\" \/>\n<meta name=\"twitter:creator\" content=\"@NITUmx\" \/>\n<meta name=\"twitter:site\" content=\"@Arturo_Medina_G\" \/>\n<meta name=\"twitter:label1\" content=\"Escrito por\" \/>\n\t<meta name=\"twitter:data1\" content=\"Alejandra Moncisbays\" \/>\n\t<meta name=\"twitter:label2\" content=\"Tiempo de lectura\" \/>\n\t<meta name=\"twitter:data2\" content=\"2 minutos\" \/>\n<script type=\"application\/ld+json\" class=\"yoast-schema-graph\">{\"@context\":\"https:\/\/schema.org\",\"@graph\":[{\"@type\":\"Article\",\"@id\":\"https:\/\/nitu.mx\/index.php\/2024\/10\/27\/afeet-impulsa-el-turismo-en-la-peninsula-con-una-experiencia-cultural-y-holistica-en-yucatan\/#article\",\"isPartOf\":{\"@id\":\"https:\/\/nitu.mx\/index.php\/2024\/10\/27\/afeet-impulsa-el-turismo-en-la-peninsula-con-una-experiencia-cultural-y-holistica-en-yucatan\/\"},\"author\":{\"name\":\"Alejandra Moncisbays\",\"@id\":\"https:\/\/nitu.mx\/#\/schema\/person\/2ecd887b19dfd3382d1f14fc5acf24a8\"},\"headline\":\"AFEET impulsa el turismo en la pen\u00ednsula con una experiencia cultural y hol\u00edstica en Yucat\u00e1n\",\"datePublished\":\"2024-10-28T01:34:13+00:00\",\"dateModified\":\"2024-10-28T20:49:56+00:00\",\"mainEntityOfPage\":{\"@id\":\"https:\/\/nitu.mx\/index.php\/2024\/10\/27\/afeet-impulsa-el-turismo-en-la-peninsula-con-una-experiencia-cultural-y-holistica-en-yucatan\/\"},\"wordCount\":379,\"commentCount\":0,\"publisher\":{\"@id\":\"https:\/\/nitu.mx\/#\/schema\/person\/ae7a53426417292d3dd07b45a33e01bc\"},\"image\":{\"@id\":\"https:\/\/nitu.mx\/index.php\/2024\/10\/27\/afeet-impulsa-el-turismo-en-la-peninsula-con-una-experiencia-cultural-y-holistica-en-yucatan\/#primaryimage\"},\"thumbnailUrl\":\"https:\/\/nitu.mx\/wp-content\/uploads\/2024\/10\/CEREMONIAMAYAENCENOTE-scaled.jpg\",\"keywords\":[\"AFEET\",\"experiencia cultural\",\"hol\u00edstica\",\"Ki\u2019ichpam Xun\u00e1an\",\"Marta Rangel\"],\"articleSection\":[\"Agencias de Viajes\",\"Destacados\"],\"inLanguage\":\"es-MX\",\"potentialAction\":[{\"@type\":\"CommentAction\",\"name\":\"Comment\",\"target\":[\"https:\/\/nitu.mx\/index.php\/2024\/10\/27\/afeet-impulsa-el-turismo-en-la-peninsula-con-una-experiencia-cultural-y-holistica-en-yucatan\/#respond\"]}]},{\"@type\":\"WebPage\",\"@id\":\"https:\/\/nitu.mx\/index.php\/2024\/10\/27\/afeet-impulsa-el-turismo-en-la-peninsula-con-una-experiencia-cultural-y-holistica-en-yucatan\/\",\"url\":\"https:\/\/nitu.mx\/index.php\/2024\/10\/27\/afeet-impulsa-el-turismo-en-la-peninsula-con-una-experiencia-cultural-y-holistica-en-yucatan\/\",\"name\":\"AFEET impulsa el turismo en la pen\u00ednsula con una experiencia cultural y hol\u00edstica en Yucat\u00e1n - Nitu - Noticias de la Industria Turistica\",\"isPartOf\":{\"@id\":\"https:\/\/nitu.mx\/#website\"},\"primaryImageOfPage\":{\"@id\":\"https:\/\/nitu.mx\/index.php\/2024\/10\/27\/afeet-impulsa-el-turismo-en-la-peninsula-con-una-experiencia-cultural-y-holistica-en-yucatan\/#primaryimage\"},\"image\":{\"@id\":\"https:\/\/nitu.mx\/index.php\/2024\/10\/27\/afeet-impulsa-el-turismo-en-la-peninsula-con-una-experiencia-cultural-y-holistica-en-yucatan\/#primaryimage\"},\"thumbnailUrl\":\"https:\/\/nitu.mx\/wp-content\/uploads\/2024\/10\/CEREMONIAMAYAENCENOTE-scaled.jpg\",\"datePublished\":\"2024-10-28T01:34:13+00:00\",\"dateModified\":\"2024-10-28T20:49:56+00:00\",\"breadcrumb\":{\"@id\":\"https:\/\/nitu.mx\/index.php\/2024\/10\/27\/afeet-impulsa-el-turismo-en-la-peninsula-con-una-experiencia-cultural-y-holistica-en-yucatan\/#breadcrumb\"},\"inLanguage\":\"es-MX\",\"potentialAction\":[{\"@type\":\"ReadAction\",\"target\":[\"https:\/\/nitu.mx\/index.php\/2024\/10\/27\/afeet-impulsa-el-turismo-en-la-peninsula-con-una-experiencia-cultural-y-holistica-en-yucatan\/\"]}]},{\"@type\":\"ImageObject\",\"inLanguage\":\"es-MX\",\"@id\":\"https:\/\/nitu.mx\/index.php\/2024\/10\/27\/afeet-impulsa-el-turismo-en-la-peninsula-con-una-experiencia-cultural-y-holistica-en-yucatan\/#primaryimage\",\"url\":\"https:\/\/nitu.mx\/wp-content\/uploads\/2024\/10\/CEREMONIAMAYAENCENOTE-scaled.jpg\",\"contentUrl\":\"https:\/\/nitu.mx\/wp-content\/uploads\/2024\/10\/CEREMONIAMAYAENCENOTE-scaled.jpg\",\"width\":2560,\"height\":1707},{\"@type\":\"BreadcrumbList\",\"@id\":\"https:\/\/nitu.mx\/index.php\/2024\/10\/27\/afeet-impulsa-el-turismo-en-la-peninsula-con-una-experiencia-cultural-y-holistica-en-yucatan\/#breadcrumb\",\"itemListElement\":[{\"@type\":\"ListItem\",\"position\":1,\"name\":\"Inicio\",\"item\":\"https:\/\/nitu.mx\/\"},{\"@type\":\"ListItem\",\"position\":2,\"name\":\"AFEET impulsa el turismo en la pen\u00ednsula con una experiencia cultural y hol\u00edstica en Yucat\u00e1n\"}]},{\"@type\":\"WebSite\",\"@id\":\"https:\/\/nitu.mx\/#website\",\"url\":\"https:\/\/nitu.mx\/\",\"name\":\"Nitu - Noticias de la Industria Turistica\",\"description\":\"Noticias de la Industria Turistica\",\"publisher\":{\"@id\":\"https:\/\/nitu.mx\/#\/schema\/person\/ae7a53426417292d3dd07b45a33e01bc\"},\"alternateName\":\"Noticias de la Industria Turistica\",\"potentialAction\":[{\"@type\":\"SearchAction\",\"target\":{\"@type\":\"EntryPoint\",\"urlTemplate\":\"https:\/\/nitu.mx\/?s={search_term_string}\"},\"query-input\":\"required name=search_term_string\"}],\"inLanguage\":\"es-MX\"},{\"@type\":[\"Person\",\"Organization\"],\"@id\":\"https:\/\/nitu.mx\/#\/schema\/person\/ae7a53426417292d3dd07b45a33e01bc\",\"name\":\"Arturo Medina\",\"image\":{\"@type\":\"ImageObject\",\"inLanguage\":\"es-MX\",\"@id\":\"https:\/\/nitu.mx\/#\/schema\/person\/image\/\",\"url\":\"https:\/\/nitu.mx\/wp-content\/uploads\/2024\/04\/4A315622-1904-4D5C-B022-878CDC840E04-90x90-1.jpeg\",\"contentUrl\":\"https:\/\/nitu.mx\/wp-content\/uploads\/2024\/04\/4A315622-1904-4D5C-B022-878CDC840E04-90x90-1.jpeg\",\"width\":90,\"height\":90,\"caption\":\"Arturo Medina\"},\"logo\":{\"@id\":\"https:\/\/nitu.mx\/#\/schema\/person\/image\/\"},\"description\":\"Director NITU.mx, Egresado de la Escuela de Periodismo Carlos Septi\u00e9n Garc\u00eda. Periodista y analista especializado en turismo desde hace 35 a\u00f1os, radicado en Canc\u00fan Q.Roo. arturo@nitu.mx\",\"sameAs\":[\"https:\/\/nitu.mx\",\"https:\/\/www.facebook.com\/NITUmx\/\",\"medinacancun\",\"https:\/\/twitter.com\/@Arturo_Medina_G\"]},{\"@type\":\"Person\",\"@id\":\"https:\/\/nitu.mx\/#\/schema\/person\/2ecd887b19dfd3382d1f14fc5acf24a8\",\"name\":\"Alejandra Moncisbays\",\"image\":{\"@type\":\"ImageObject\",\"inLanguage\":\"es-MX\",\"@id\":\"https:\/\/nitu.mx\/#\/schema\/person\/image\/\",\"url\":\"https:\/\/secure.gravatar.com\/avatar\/e74f7af0be172b7804dacfd0bfbef787?s=96&d=mm&r=g\",\"contentUrl\":\"https:\/\/secure.gravatar.com\/avatar\/e74f7af0be172b7804dacfd0bfbef787?s=96&d=mm&r=g\",\"caption\":\"Alejandra Moncisbays\"},\"description\":\"Curs\u00e9 la carrera de Periodismo y Comunicaci\u00f3n en la Facultad de Estudios Profesionales Acatl\u00e1n. Vivo en Canc\u00fan desde hace 24 a\u00f1os. Fui reportera de La Tarde de Canc\u00fan, y Novedades de Quintana Roo, colabor\u00e9 en TVCUN, edit\u00e9 Cancun\u00edssimo y colabor\u00e9 en las revistas Latitud21, entre otras, con principal enfoque en los sectores empresarial y tur\u00edstico. Desde hace varios a\u00f1os soy Agente de Seguros con c\u00e9dula de la Comisi\u00f3n Nacional de Seguros y Fianzas. Actualmente, me desarrollo en los \u00e1mbitos del periodismo y el sector asegurador.\",\"sameAs\":[\"https:\/\/nitu.mx\"],\"url\":\"https:\/\/nitu.mx\/index.php\/author\/alejandra\/\"}]}<\/script>\n<!-- \/ Yoast SEO plugin. -->","yoast_head_json":{"title":"AFEET impulsa el turismo en la pen\u00ednsula con una experiencia cultural y hol\u00edstica en Yucat\u00e1n - Nitu - Noticias de la Industria Turistica","robots":{"index":"index","follow":"follow","max-snippet":"max-snippet:-1","max-image-preview":"max-image-preview:large","max-video-preview":"max-video-preview:-1"},"canonical":"https:\/\/nitu.mx\/index.php\/2024\/10\/27\/afeet-impulsa-el-turismo-en-la-peninsula-con-una-experiencia-cultural-y-holistica-en-yucatan\/","twitter_card":"summary_large_image","twitter_title":"AFEET impulsa el turismo en la pen\u00ednsula con una experiencia cultural y hol\u00edstica en Yucat\u00e1n - Nitu - Noticias de la Industria Turistica","twitter_description":"Empresarias tur\u00edsticas afiliadas a la Asociaci\u00f3n Femenil de Ejecutivas de Empresas Tur\u00edsticas (AFEET) Quintana Roo vivi\u00f3 una experiencia inolvidable en el parque Ki\u2019ichpam Xun\u00e1an, en Yucat\u00e1n. Este parque, cercano a Valladolid, es un destino emergente que ofrece contacto directo con la naturaleza, cultura maya y actividades de bienestar en un entorno excepcional. Durante el recorrido, [&hellip;]","twitter_image":"https:\/\/nitu.mx\/wp-content\/uploads\/2024\/10\/CEREMONIAMAYAENCENOTE-scaled.jpg","twitter_creator":"@NITUmx","twitter_site":"@Arturo_Medina_G","twitter_misc":{"Escrito por":"Alejandra Moncisbays","Tiempo de lectura":"2 minutos"},"schema":{"@context":"https:\/\/schema.org","@graph":[{"@type":"Article","@id":"https:\/\/nitu.mx\/index.php\/2024\/10\/27\/afeet-impulsa-el-turismo-en-la-peninsula-con-una-experiencia-cultural-y-holistica-en-yucatan\/#article","isPartOf":{"@id":"https:\/\/nitu.mx\/index.php\/2024\/10\/27\/afeet-impulsa-el-turismo-en-la-peninsula-con-una-experiencia-cultural-y-holistica-en-yucatan\/"},"author":{"name":"Alejandra Moncisbays","@id":"https:\/\/nitu.mx\/#\/schema\/person\/2ecd887b19dfd3382d1f14fc5acf24a8"},"headline":"AFEET impulsa el turismo en la pen\u00ednsula con una experiencia cultural y hol\u00edstica en Yucat\u00e1n","datePublished":"2024-10-28T01:34:13+00:00","dateModified":"2024-10-28T20:49:56+00:00","mainEntityOfPage":{"@id":"https:\/\/nitu.mx\/index.php\/2024\/10\/27\/afeet-impulsa-el-turismo-en-la-peninsula-con-una-experiencia-cultural-y-holistica-en-yucatan\/"},"wordCount":379,"commentCount":0,"publisher":{"@id":"https:\/\/nitu.mx\/#\/schema\/person\/ae7a53426417292d3dd07b45a33e01bc"},"image":{"@id":"https:\/\/nitu.mx\/index.php\/2024\/10\/27\/afeet-impulsa-el-turismo-en-la-peninsula-con-una-experiencia-cultural-y-holistica-en-yucatan\/#primaryimage"},"thumbnailUrl":"https:\/\/nitu.mx\/wp-content\/uploads\/2024\/10\/CEREMONIAMAYAENCENOTE-scaled.jpg","keywords":["AFEET","experiencia cultural","hol\u00edstica","Ki\u2019ichpam Xun\u00e1an","Marta Rangel"],"articleSection":["Agencias de Viajes","Destacados"],"inLanguage":"es-MX","potentialAction":[{"@type":"CommentAction","name":"Comment","target":["https:\/\/nitu.mx\/index.php\/2024\/10\/27\/afeet-impulsa-el-turismo-en-la-peninsula-con-una-experiencia-cultural-y-holistica-en-yucatan\/#respond"]}]},{"@type":"WebPage","@id":"https:\/\/nitu.mx\/index.php\/2024\/10\/27\/afeet-impulsa-el-turismo-en-la-peninsula-con-una-experiencia-cultural-y-holistica-en-yucatan\/","url":"https:\/\/nitu.mx\/index.php\/2024\/10\/27\/afeet-impulsa-el-turismo-en-la-peninsula-con-una-experiencia-cultural-y-holistica-en-yucatan\/","name":"AFEET impulsa el turismo en la pen\u00ednsula con una experiencia cultural y hol\u00edstica en Yucat\u00e1n - Nitu - Noticias de la Industria Turistica","isPartOf":{"@id":"https:\/\/nitu.mx\/#website"},"primaryImageOfPage":{"@id":"https:\/\/nitu.mx\/index.php\/2024\/10\/27\/afeet-impulsa-el-turismo-en-la-peninsula-con-una-experiencia-cultural-y-holistica-en-yucatan\/#primaryimage"},"image":{"@id":"https:\/\/nitu.mx\/index.php\/2024\/10\/27\/afeet-impulsa-el-turismo-en-la-peninsula-con-una-experiencia-cultural-y-holistica-en-yucatan\/#primaryimage"},"thumbnailUrl":"https:\/\/nitu.mx\/wp-content\/uploads\/2024\/10\/CEREMONIAMAYAENCENOTE-scaled.jpg","datePublished":"2024-10-28T01:34:13+00:00","dateModified":"2024-10-28T20:49:56+00:00","breadcrumb":{"@id":"https:\/\/nitu.mx\/index.php\/2024\/10\/27\/afeet-impulsa-el-turismo-en-la-peninsula-con-una-experiencia-cultural-y-holistica-en-yucatan\/#breadcrumb"},"inLanguage":"es-MX","potentialAction":[{"@type":"ReadAction","target":["https:\/\/nitu.mx\/index.php\/2024\/10\/27\/afeet-impulsa-el-turismo-en-la-peninsula-con-una-experiencia-cultural-y-holistica-en-yucatan\/"]}]},{"@type":"ImageObject","inLanguage":"es-MX","@id":"https:\/\/nitu.mx\/index.php\/2024\/10\/27\/afeet-impulsa-el-turismo-en-la-peninsula-con-una-experiencia-cultural-y-holistica-en-yucatan\/#primaryimage","url":"https:\/\/nitu.mx\/wp-content\/uploads\/2024\/10\/CEREMONIAMAYAENCENOTE-scaled.jpg","contentUrl":"https:\/\/nitu.mx\/wp-content\/uploads\/2024\/10\/CEREMONIAMAYAENCENOTE-scaled.jpg","width":2560,"height":1707},{"@type":"BreadcrumbList","@id":"https:\/\/nitu.mx\/index.php\/2024\/10\/27\/afeet-impulsa-el-turismo-en-la-peninsula-con-una-experiencia-cultural-y-holistica-en-yucatan\/#breadcrumb","itemListElement":[{"@type":"ListItem","position":1,"name":"Inicio","item":"https:\/\/nitu.mx\/"},{"@type":"ListItem","position":2,"name":"AFEET impulsa el turismo en la pen\u00ednsula con una experiencia cultural y hol\u00edstica en Yucat\u00e1n"}]},{"@type":"WebSite","@id":"https:\/\/nitu.mx\/#website","url":"https:\/\/nitu.mx\/","name":"Nitu - Noticias de la Industria Turistica","description":"Noticias de la Industria Turistica","publisher":{"@id":"https:\/\/nitu.mx\/#\/schema\/person\/ae7a53426417292d3dd07b45a33e01bc"},"alternateName":"Noticias de la Industria Turistica","potentialAction":[{"@type":"SearchAction","target":{"@type":"EntryPoint","urlTemplate":"https:\/\/nitu.mx\/?s={search_term_string}"},"query-input":"required name=search_term_string"}],"inLanguage":"es-MX"},{"@type":["Person","Organization"],"@id":"https:\/\/nitu.mx\/#\/schema\/person\/ae7a53426417292d3dd07b45a33e01bc","name":"Arturo Medina","image":{"@type":"ImageObject","inLanguage":"es-MX","@id":"https:\/\/nitu.mx\/#\/schema\/person\/image\/","url":"https:\/\/nitu.mx\/wp-content\/uploads\/2024\/04\/4A315622-1904-4D5C-B022-878CDC840E04-90x90-1.jpeg","contentUrl":"https:\/\/nitu.mx\/wp-content\/uploads\/2024\/04\/4A315622-1904-4D5C-B022-878CDC840E04-90x90-1.jpeg","width":90,"height":90,"caption":"Arturo Medina"},"logo":{"@id":"https:\/\/nitu.mx\/#\/schema\/person\/image\/"},"description":"Director NITU.mx, Egresado de la Escuela de Periodismo Carlos Septi\u00e9n Garc\u00eda. Periodista y analista especializado en turismo desde hace 35 a\u00f1os, radicado en Canc\u00fan Q.Roo. arturo@nitu.mx","sameAs":["https:\/\/nitu.mx","https:\/\/www.facebook.com\/NITUmx\/","medinacancun","https:\/\/twitter.com\/@Arturo_Medina_G"]},{"@type":"Person","@id":"https:\/\/nitu.mx\/#\/schema\/person\/2ecd887b19dfd3382d1f14fc5acf24a8","name":"Alejandra Moncisbays","image":{"@type":"ImageObject","inLanguage":"es-MX","@id":"https:\/\/nitu.mx\/#\/schema\/person\/image\/","url":"https:\/\/secure.gravatar.com\/avatar\/e74f7af0be172b7804dacfd0bfbef787?s=96&d=mm&r=g","contentUrl":"https:\/\/secure.gravatar.com\/avatar\/e74f7af0be172b7804dacfd0bfbef787?s=96&d=mm&r=g","caption":"Alejandra Moncisbays"},"description":"Curs\u00e9 la carrera de Periodismo y Comunicaci\u00f3n en la Facultad de Estudios Profesionales Acatl\u00e1n. Vivo en Canc\u00fan desde hace 24 a\u00f1os. Fui reportera de La Tarde de Canc\u00fan, y Novedades de Quintana Roo, colabor\u00e9 en TVCUN, edit\u00e9 Cancun\u00edssimo y colabor\u00e9 en las revistas Latitud21, entre otras, con principal enfoque en los sectores empresarial y tur\u00edstico. Desde hace varios a\u00f1os soy Agente de Seguros con c\u00e9dula de la Comisi\u00f3n Nacional de Seguros y Fianzas. Actualmente, me desarrollo en los \u00e1mbitos del periodismo y el sector asegurador.","sameAs":["https:\/\/nitu.mx"],"url":"https:\/\/nitu.mx\/index.php\/author\/alejandra\/"}]}},"views":681,"_links":{"self":[{"href":"https:\/\/nitu.mx\/index.php\/wp-json\/wp\/v2\/posts\/76119"}],"collection":[{"href":"https:\/\/nitu.mx\/index.php\/wp-json\/wp\/v2\/posts"}],"about":[{"href":"https:\/\/nitu.mx\/index.php\/wp-json\/wp\/v2\/types\/post"}],"author":[{"embeddable":true,"href":"https:\/\/nitu.mx\/index.php\/wp-json\/wp\/v2\/users\/3"}],"replies":[{"embeddable":true,"href":"https:\/\/nitu.mx\/index.php\/wp-json\/wp\/v2\/comments?post=76119"}],"version-history":[{"count":4,"href":"https:\/\/nitu.mx\/index.php\/wp-json\/wp\/v2\/posts\/76119\/revisions"}],"predecessor-version":[{"id":76148,"href":"https:\/\/nitu.mx\/index.php\/wp-json\/wp\/v2\/posts\/76119\/revisions\/76148"}],"wp:featuredmedia":[{"embeddable":true,"href":"https:\/\/nitu.mx\/index.php\/wp-json\/wp\/v2\/media\/76126"}],"wp:attachment":[{"href":"https:\/\/nitu.mx\/index.php\/wp-json\/wp\/v2\/media?parent=76119"}],"wp:term":[{"taxonomy":"category","embeddable":true,"href":"https:\/\/nitu.mx\/index.php\/wp-json\/wp\/v2\/categories?post=76119"},{"taxonomy":"post_tag","embeddable":true,"href":"https:\/\/nitu.mx\/index.php\/wp-json\/wp\/v2\/tags?post=76119"}],"curies":[{"name":"wp","href":"https:\/\/api.w.org\/{rel}","templated":true}]}}