{"id":75975,"date":"2024-10-23T06:16:37","date_gmt":"2024-10-23T12:16:37","guid":{"rendered":"https:\/\/nitu.mx\/?p=75975"},"modified":"2024-10-23T06:16:38","modified_gmt":"2024-10-23T12:16:38","slug":"avanza-la-conexion-entre-el-tren-maya-y-el-aeropuerto-de-cancun","status":"publish","type":"post","link":"https:\/\/nitu.mx\/index.php\/2024\/10\/23\/avanza-la-conexion-entre-el-tren-maya-y-el-aeropuerto-de-cancun\/","title":{"rendered":"Avanza la conexi\u00f3n entre el Tren Maya y el Aeropuerto de Canc\u00fan"},"content":{"rendered":"<p>La ampliaci\u00f3n de la carretera 180D, que unir\u00e1 el Aeropuerto Internacional de Canc\u00fan con la estaci\u00f3n del Tren Maya, ha entrado en su etapa final. Los dos kil\u00f3metros de pavimentaci\u00f3n ya se han completado, y los trabajos actuales se centran en colocar luminarias, instalar el cableado el\u00e9ctrico y finalizar los muros de contenci\u00f3n en un puente a desnivel de 400 metros de longitud, por donde ya circula tr\u00e1fico en los carriles centrales.<\/p>\n<p>El proyecto, iniciado en octubre de 2023, ha incluido la construcci\u00f3n de un puente vehicular, la apertura de un nuevo acceso directo a la estaci\u00f3n del Tren Maya y la habilitaci\u00f3n de cuatro carriles \u2014dos por sentido\u2014 con un camell\u00f3n central. Antes de estas obras, el acceso consist\u00eda en una calle de terracer\u00eda que generaba problemas de inundaciones durante las lluvias. La nueva vialidad garantiza una conexi\u00f3n m\u00e1s r\u00e1pida y eficiente entre el aeropuerto y la estaci\u00f3n, mejorando la movilidad sin afectar el flujo vehicular.<\/p>\n<p>Los carriles laterales del puente ya est\u00e1n operativos, permitiendo que los veh\u00edculos entren o salgan de la estaci\u00f3n sin generar congestionamientos. Adem\u00e1s, esta obra complementa la infraestructura urbana de Canc\u00fan al reducir la saturaci\u00f3n en v\u00edas como las avenidas Huayac\u00e1n y L\u00f3pez Portillo, y optimiza los accesos hacia la carretera 307 Canc\u00fan-Chetumal y la carretera Canc\u00fan-M\u00e9rida.<\/p>\n<p>Como parte del proyecto, se ha desarrollado un sistema de minibuses el\u00e9ctricos para conectar las cuatro terminales del aeropuerto con la estaci\u00f3n ferroviaria.<\/p>\n<p>Estos veh\u00edculos, fabricados por la empresa china BYD, han comenzado pruebas operativas para verificar el funcionamiento de sus sistemas. Cada unidad tiene capacidad para 47 pasajeros, con \u00e1reas destinadas a personas con discapacidad, y realizar\u00e1 recorridos cada 20 minutos. En total, se espera que 30 minibuses operen gradualmente seg\u00fan la demanda.<\/p>\n<p>El corredor vial que enlaza el aeropuerto con la estaci\u00f3n del Tren Maya comprende 15 kil\u00f3metros, con dos carriles exclusivos para los minibuses el\u00e9ctricos. Esta vialidad perimetral, dise\u00f1ada para priorizar el transporte interno, ha requerido una inversi\u00f3n de 170 millones de pesos, cubriendo labores de pavimentaci\u00f3n, se\u00f1alizaci\u00f3n y log\u00edstica operativa.<\/p>\n<p>En conjunto, el proyecto de ampliaci\u00f3n de la carretera 180D ha implicado una inversi\u00f3n aproximada de 400 millones de pesos, financiada por el Gobierno Federal. Esta obra no solo facilitar\u00e1 la movilidad entre el aeropuerto y el Tren Maya, sino que tambi\u00e9n contribuir\u00e1 a la descongesti\u00f3n vehicular en una de las zonas tur\u00edsticas m\u00e1s importantes del pa\u00eds, reforzando la infraestructura para el creciente flujo de pasajeros y turistas.<\/p>\n","protected":false},"excerpt":{"rendered":"<p>La ampliaci\u00f3n de la carretera 180D, que unir\u00e1 el Aeropuerto Internacional de Canc\u00fan con la estaci\u00f3n del Tren Maya, ha entrado en su etapa final. Los dos kil\u00f3metros de pavimentaci\u00f3n ya se han completado, y los trabajos actuales se centran en colocar luminarias, instalar el cableado el\u00e9ctrico y finalizar los muros de contenci\u00f3n en un [&hellip;]<\/p>\n","protected":false},"author":3,"featured_media":65338,"comment_status":"open","ping_status":"open","sticky":false,"template":"","format":"standard","meta":{"footnotes":""},"categories":[22813],"tags":[3233,26329,21931,11427],"yoast_head":"<!-- This site is optimized with the Yoast SEO plugin v22.2 - https:\/\/yoast.com\/wordpress\/plugins\/seo\/ -->\n<title>Avanza la conexi\u00f3n entre el Tren Maya y el Aeropuerto de Canc\u00fan - Nitu - Noticias de la Industria Turistica<\/title>\n<meta name=\"robots\" content=\"index, follow, max-snippet:-1, max-image-preview:large, max-video-preview:-1\" \/>\n<link rel=\"canonical\" href=\"https:\/\/nitu.mx\/index.php\/2024\/10\/23\/avanza-la-conexion-entre-el-tren-maya-y-el-aeropuerto-de-cancun\/\" \/>\n<meta name=\"twitter:card\" content=\"summary_large_image\" \/>\n<meta name=\"twitter:title\" content=\"Avanza la conexi\u00f3n entre el Tren Maya y el Aeropuerto de Canc\u00fan - Nitu - Noticias de la Industria Turistica\" \/>\n<meta name=\"twitter:description\" content=\"La ampliaci\u00f3n de la carretera 180D, que unir\u00e1 el Aeropuerto Internacional de Canc\u00fan con la estaci\u00f3n del Tren Maya, ha entrado en su etapa final. Los dos kil\u00f3metros de pavimentaci\u00f3n ya se han completado, y los trabajos actuales se centran en colocar luminarias, instalar el cableado el\u00e9ctrico y finalizar los muros de contenci\u00f3n en un [&hellip;]\" \/>\n<meta name=\"twitter:image\" content=\"https:\/\/nitu.mx\/wp-content\/uploads\/2023\/07\/Tren-Maya-pruebas-est\u00e1ticas.jpg\" \/>\n<meta name=\"twitter:creator\" content=\"@NITUmx\" \/>\n<meta name=\"twitter:site\" content=\"@Arturo_Medina_G\" \/>\n<meta name=\"twitter:label1\" content=\"Escrito por\" \/>\n\t<meta name=\"twitter:data1\" content=\"Alejandra Moncisbays\" \/>\n\t<meta name=\"twitter:label2\" content=\"Tiempo de lectura\" \/>\n\t<meta name=\"twitter:data2\" content=\"2 minutos\" \/>\n<script type=\"application\/ld+json\" class=\"yoast-schema-graph\">{\"@context\":\"https:\/\/schema.org\",\"@graph\":[{\"@type\":\"Article\",\"@id\":\"https:\/\/nitu.mx\/index.php\/2024\/10\/23\/avanza-la-conexion-entre-el-tren-maya-y-el-aeropuerto-de-cancun\/#article\",\"isPartOf\":{\"@id\":\"https:\/\/nitu.mx\/index.php\/2024\/10\/23\/avanza-la-conexion-entre-el-tren-maya-y-el-aeropuerto-de-cancun\/\"},\"author\":{\"name\":\"Alejandra Moncisbays\",\"@id\":\"https:\/\/nitu.mx\/#\/schema\/person\/2ecd887b19dfd3382d1f14fc5acf24a8\"},\"headline\":\"Avanza la conexi\u00f3n entre el Tren Maya y el Aeropuerto de Canc\u00fan\",\"datePublished\":\"2024-10-23T12:16:37+00:00\",\"dateModified\":\"2024-10-23T12:16:38+00:00\",\"mainEntityOfPage\":{\"@id\":\"https:\/\/nitu.mx\/index.php\/2024\/10\/23\/avanza-la-conexion-entre-el-tren-maya-y-el-aeropuerto-de-cancun\/\"},\"wordCount\":460,\"commentCount\":0,\"publisher\":{\"@id\":\"https:\/\/nitu.mx\/#\/schema\/person\/ae7a53426417292d3dd07b45a33e01bc\"},\"image\":{\"@id\":\"https:\/\/nitu.mx\/index.php\/2024\/10\/23\/avanza-la-conexion-entre-el-tren-maya-y-el-aeropuerto-de-cancun\/#primaryimage\"},\"thumbnailUrl\":\"https:\/\/nitu.mx\/wp-content\/uploads\/2023\/07\/Tren-Maya-pruebas-est\u00e1ticas.jpg\",\"keywords\":[\"Aeropuerto de Canc\u00fan\",\"avanza\",\"conexi\u00f3n\",\"Tren Maya\"],\"articleSection\":[\"Tren Maya\"],\"inLanguage\":\"es-MX\",\"potentialAction\":[{\"@type\":\"CommentAction\",\"name\":\"Comment\",\"target\":[\"https:\/\/nitu.mx\/index.php\/2024\/10\/23\/avanza-la-conexion-entre-el-tren-maya-y-el-aeropuerto-de-cancun\/#respond\"]}]},{\"@type\":\"WebPage\",\"@id\":\"https:\/\/nitu.mx\/index.php\/2024\/10\/23\/avanza-la-conexion-entre-el-tren-maya-y-el-aeropuerto-de-cancun\/\",\"url\":\"https:\/\/nitu.mx\/index.php\/2024\/10\/23\/avanza-la-conexion-entre-el-tren-maya-y-el-aeropuerto-de-cancun\/\",\"name\":\"Avanza la conexi\u00f3n entre el Tren Maya y el Aeropuerto de Canc\u00fan - Nitu - Noticias de la Industria Turistica\",\"isPartOf\":{\"@id\":\"https:\/\/nitu.mx\/#website\"},\"primaryImageOfPage\":{\"@id\":\"https:\/\/nitu.mx\/index.php\/2024\/10\/23\/avanza-la-conexion-entre-el-tren-maya-y-el-aeropuerto-de-cancun\/#primaryimage\"},\"image\":{\"@id\":\"https:\/\/nitu.mx\/index.php\/2024\/10\/23\/avanza-la-conexion-entre-el-tren-maya-y-el-aeropuerto-de-cancun\/#primaryimage\"},\"thumbnailUrl\":\"https:\/\/nitu.mx\/wp-content\/uploads\/2023\/07\/Tren-Maya-pruebas-est\u00e1ticas.jpg\",\"datePublished\":\"2024-10-23T12:16:37+00:00\",\"dateModified\":\"2024-10-23T12:16:38+00:00\",\"breadcrumb\":{\"@id\":\"https:\/\/nitu.mx\/index.php\/2024\/10\/23\/avanza-la-conexion-entre-el-tren-maya-y-el-aeropuerto-de-cancun\/#breadcrumb\"},\"inLanguage\":\"es-MX\",\"potentialAction\":[{\"@type\":\"ReadAction\",\"target\":[\"https:\/\/nitu.mx\/index.php\/2024\/10\/23\/avanza-la-conexion-entre-el-tren-maya-y-el-aeropuerto-de-cancun\/\"]}]},{\"@type\":\"ImageObject\",\"inLanguage\":\"es-MX\",\"@id\":\"https:\/\/nitu.mx\/index.php\/2024\/10\/23\/avanza-la-conexion-entre-el-tren-maya-y-el-aeropuerto-de-cancun\/#primaryimage\",\"url\":\"https:\/\/nitu.mx\/wp-content\/uploads\/2023\/07\/Tren-Maya-pruebas-est\u00e1ticas.jpg\",\"contentUrl\":\"https:\/\/nitu.mx\/wp-content\/uploads\/2023\/07\/Tren-Maya-pruebas-est\u00e1ticas.jpg\",\"width\":1200,\"height\":675,\"caption\":\"Tren Maya\"},{\"@type\":\"BreadcrumbList\",\"@id\":\"https:\/\/nitu.mx\/index.php\/2024\/10\/23\/avanza-la-conexion-entre-el-tren-maya-y-el-aeropuerto-de-cancun\/#breadcrumb\",\"itemListElement\":[{\"@type\":\"ListItem\",\"position\":1,\"name\":\"Inicio\",\"item\":\"https:\/\/nitu.mx\/\"},{\"@type\":\"ListItem\",\"position\":2,\"name\":\"Avanza la conexi\u00f3n entre el Tren Maya y el Aeropuerto de Canc\u00fan\"}]},{\"@type\":\"WebSite\",\"@id\":\"https:\/\/nitu.mx\/#website\",\"url\":\"https:\/\/nitu.mx\/\",\"name\":\"Nitu - Noticias de la Industria Turistica\",\"description\":\"Noticias de la Industria Turistica\",\"publisher\":{\"@id\":\"https:\/\/nitu.mx\/#\/schema\/person\/ae7a53426417292d3dd07b45a33e01bc\"},\"alternateName\":\"Noticias de la Industria Turistica\",\"potentialAction\":[{\"@type\":\"SearchAction\",\"target\":{\"@type\":\"EntryPoint\",\"urlTemplate\":\"https:\/\/nitu.mx\/?s={search_term_string}\"},\"query-input\":\"required name=search_term_string\"}],\"inLanguage\":\"es-MX\"},{\"@type\":[\"Person\",\"Organization\"],\"@id\":\"https:\/\/nitu.mx\/#\/schema\/person\/ae7a53426417292d3dd07b45a33e01bc\",\"name\":\"Arturo Medina\",\"image\":{\"@type\":\"ImageObject\",\"inLanguage\":\"es-MX\",\"@id\":\"https:\/\/nitu.mx\/#\/schema\/person\/image\/\",\"url\":\"https:\/\/nitu.mx\/wp-content\/uploads\/2024\/04\/4A315622-1904-4D5C-B022-878CDC840E04-90x90-1.jpeg\",\"contentUrl\":\"https:\/\/nitu.mx\/wp-content\/uploads\/2024\/04\/4A315622-1904-4D5C-B022-878CDC840E04-90x90-1.jpeg\",\"width\":90,\"height\":90,\"caption\":\"Arturo Medina\"},\"logo\":{\"@id\":\"https:\/\/nitu.mx\/#\/schema\/person\/image\/\"},\"description\":\"Director NITU.mx, Egresado de la Escuela de Periodismo Carlos Septi\u00e9n Garc\u00eda. Periodista y analista especializado en turismo desde hace 35 a\u00f1os, radicado en Canc\u00fan Q.Roo. arturo@nitu.mx\",\"sameAs\":[\"https:\/\/nitu.mx\",\"https:\/\/www.facebook.com\/NITUmx\/\",\"medinacancun\",\"https:\/\/twitter.com\/@Arturo_Medina_G\"]},{\"@type\":\"Person\",\"@id\":\"https:\/\/nitu.mx\/#\/schema\/person\/2ecd887b19dfd3382d1f14fc5acf24a8\",\"name\":\"Alejandra Moncisbays\",\"image\":{\"@type\":\"ImageObject\",\"inLanguage\":\"es-MX\",\"@id\":\"https:\/\/nitu.mx\/#\/schema\/person\/image\/\",\"url\":\"https:\/\/secure.gravatar.com\/avatar\/e74f7af0be172b7804dacfd0bfbef787?s=96&d=mm&r=g\",\"contentUrl\":\"https:\/\/secure.gravatar.com\/avatar\/e74f7af0be172b7804dacfd0bfbef787?s=96&d=mm&r=g\",\"caption\":\"Alejandra Moncisbays\"},\"description\":\"Curs\u00e9 la carrera de Periodismo y Comunicaci\u00f3n en la Facultad de Estudios Profesionales Acatl\u00e1n. Vivo en Canc\u00fan desde hace 24 a\u00f1os. Fui reportera de La Tarde de Canc\u00fan, y Novedades de Quintana Roo, colabor\u00e9 en TVCUN, edit\u00e9 Cancun\u00edssimo y colabor\u00e9 en las revistas Latitud21, entre otras, con principal enfoque en los sectores empresarial y tur\u00edstico. Desde hace varios a\u00f1os soy Agente de Seguros con c\u00e9dula de la Comisi\u00f3n Nacional de Seguros y Fianzas. Actualmente, me desarrollo en los \u00e1mbitos del periodismo y el sector asegurador.\",\"sameAs\":[\"https:\/\/nitu.mx\"],\"url\":\"https:\/\/nitu.mx\/index.php\/author\/alejandra\/\"}]}<\/script>\n<!-- \/ Yoast SEO plugin. -->","yoast_head_json":{"title":"Avanza la conexi\u00f3n entre el Tren Maya y el Aeropuerto de Canc\u00fan - Nitu - Noticias de la Industria Turistica","robots":{"index":"index","follow":"follow","max-snippet":"max-snippet:-1","max-image-preview":"max-image-preview:large","max-video-preview":"max-video-preview:-1"},"canonical":"https:\/\/nitu.mx\/index.php\/2024\/10\/23\/avanza-la-conexion-entre-el-tren-maya-y-el-aeropuerto-de-cancun\/","twitter_card":"summary_large_image","twitter_title":"Avanza la conexi\u00f3n entre el Tren Maya y el Aeropuerto de Canc\u00fan - Nitu - Noticias de la Industria Turistica","twitter_description":"La ampliaci\u00f3n de la carretera 180D, que unir\u00e1 el Aeropuerto Internacional de Canc\u00fan con la estaci\u00f3n del Tren Maya, ha entrado en su etapa final. Los dos kil\u00f3metros de pavimentaci\u00f3n ya se han completado, y los trabajos actuales se centran en colocar luminarias, instalar el cableado el\u00e9ctrico y finalizar los muros de contenci\u00f3n en un [&hellip;]","twitter_image":"https:\/\/nitu.mx\/wp-content\/uploads\/2023\/07\/Tren-Maya-pruebas-est\u00e1ticas.jpg","twitter_creator":"@NITUmx","twitter_site":"@Arturo_Medina_G","twitter_misc":{"Escrito por":"Alejandra Moncisbays","Tiempo de lectura":"2 minutos"},"schema":{"@context":"https:\/\/schema.org","@graph":[{"@type":"Article","@id":"https:\/\/nitu.mx\/index.php\/2024\/10\/23\/avanza-la-conexion-entre-el-tren-maya-y-el-aeropuerto-de-cancun\/#article","isPartOf":{"@id":"https:\/\/nitu.mx\/index.php\/2024\/10\/23\/avanza-la-conexion-entre-el-tren-maya-y-el-aeropuerto-de-cancun\/"},"author":{"name":"Alejandra Moncisbays","@id":"https:\/\/nitu.mx\/#\/schema\/person\/2ecd887b19dfd3382d1f14fc5acf24a8"},"headline":"Avanza la conexi\u00f3n entre el Tren Maya y el Aeropuerto de Canc\u00fan","datePublished":"2024-10-23T12:16:37+00:00","dateModified":"2024-10-23T12:16:38+00:00","mainEntityOfPage":{"@id":"https:\/\/nitu.mx\/index.php\/2024\/10\/23\/avanza-la-conexion-entre-el-tren-maya-y-el-aeropuerto-de-cancun\/"},"wordCount":460,"commentCount":0,"publisher":{"@id":"https:\/\/nitu.mx\/#\/schema\/person\/ae7a53426417292d3dd07b45a33e01bc"},"image":{"@id":"https:\/\/nitu.mx\/index.php\/2024\/10\/23\/avanza-la-conexion-entre-el-tren-maya-y-el-aeropuerto-de-cancun\/#primaryimage"},"thumbnailUrl":"https:\/\/nitu.mx\/wp-content\/uploads\/2023\/07\/Tren-Maya-pruebas-est\u00e1ticas.jpg","keywords":["Aeropuerto de Canc\u00fan","avanza","conexi\u00f3n","Tren Maya"],"articleSection":["Tren Maya"],"inLanguage":"es-MX","potentialAction":[{"@type":"CommentAction","name":"Comment","target":["https:\/\/nitu.mx\/index.php\/2024\/10\/23\/avanza-la-conexion-entre-el-tren-maya-y-el-aeropuerto-de-cancun\/#respond"]}]},{"@type":"WebPage","@id":"https:\/\/nitu.mx\/index.php\/2024\/10\/23\/avanza-la-conexion-entre-el-tren-maya-y-el-aeropuerto-de-cancun\/","url":"https:\/\/nitu.mx\/index.php\/2024\/10\/23\/avanza-la-conexion-entre-el-tren-maya-y-el-aeropuerto-de-cancun\/","name":"Avanza la conexi\u00f3n entre el Tren Maya y el Aeropuerto de Canc\u00fan - Nitu - Noticias de la Industria Turistica","isPartOf":{"@id":"https:\/\/nitu.mx\/#website"},"primaryImageOfPage":{"@id":"https:\/\/nitu.mx\/index.php\/2024\/10\/23\/avanza-la-conexion-entre-el-tren-maya-y-el-aeropuerto-de-cancun\/#primaryimage"},"image":{"@id":"https:\/\/nitu.mx\/index.php\/2024\/10\/23\/avanza-la-conexion-entre-el-tren-maya-y-el-aeropuerto-de-cancun\/#primaryimage"},"thumbnailUrl":"https:\/\/nitu.mx\/wp-content\/uploads\/2023\/07\/Tren-Maya-pruebas-est\u00e1ticas.jpg","datePublished":"2024-10-23T12:16:37+00:00","dateModified":"2024-10-23T12:16:38+00:00","breadcrumb":{"@id":"https:\/\/nitu.mx\/index.php\/2024\/10\/23\/avanza-la-conexion-entre-el-tren-maya-y-el-aeropuerto-de-cancun\/#breadcrumb"},"inLanguage":"es-MX","potentialAction":[{"@type":"ReadAction","target":["https:\/\/nitu.mx\/index.php\/2024\/10\/23\/avanza-la-conexion-entre-el-tren-maya-y-el-aeropuerto-de-cancun\/"]}]},{"@type":"ImageObject","inLanguage":"es-MX","@id":"https:\/\/nitu.mx\/index.php\/2024\/10\/23\/avanza-la-conexion-entre-el-tren-maya-y-el-aeropuerto-de-cancun\/#primaryimage","url":"https:\/\/nitu.mx\/wp-content\/uploads\/2023\/07\/Tren-Maya-pruebas-est\u00e1ticas.jpg","contentUrl":"https:\/\/nitu.mx\/wp-content\/uploads\/2023\/07\/Tren-Maya-pruebas-est\u00e1ticas.jpg","width":1200,"height":675,"caption":"Tren Maya"},{"@type":"BreadcrumbList","@id":"https:\/\/nitu.mx\/index.php\/2024\/10\/23\/avanza-la-conexion-entre-el-tren-maya-y-el-aeropuerto-de-cancun\/#breadcrumb","itemListElement":[{"@type":"ListItem","position":1,"name":"Inicio","item":"https:\/\/nitu.mx\/"},{"@type":"ListItem","position":2,"name":"Avanza la conexi\u00f3n entre el Tren Maya y el Aeropuerto de Canc\u00fan"}]},{"@type":"WebSite","@id":"https:\/\/nitu.mx\/#website","url":"https:\/\/nitu.mx\/","name":"Nitu - Noticias de la Industria Turistica","description":"Noticias de la Industria Turistica","publisher":{"@id":"https:\/\/nitu.mx\/#\/schema\/person\/ae7a53426417292d3dd07b45a33e01bc"},"alternateName":"Noticias de la Industria Turistica","potentialAction":[{"@type":"SearchAction","target":{"@type":"EntryPoint","urlTemplate":"https:\/\/nitu.mx\/?s={search_term_string}"},"query-input":"required name=search_term_string"}],"inLanguage":"es-MX"},{"@type":["Person","Organization"],"@id":"https:\/\/nitu.mx\/#\/schema\/person\/ae7a53426417292d3dd07b45a33e01bc","name":"Arturo Medina","image":{"@type":"ImageObject","inLanguage":"es-MX","@id":"https:\/\/nitu.mx\/#\/schema\/person\/image\/","url":"https:\/\/nitu.mx\/wp-content\/uploads\/2024\/04\/4A315622-1904-4D5C-B022-878CDC840E04-90x90-1.jpeg","contentUrl":"https:\/\/nitu.mx\/wp-content\/uploads\/2024\/04\/4A315622-1904-4D5C-B022-878CDC840E04-90x90-1.jpeg","width":90,"height":90,"caption":"Arturo Medina"},"logo":{"@id":"https:\/\/nitu.mx\/#\/schema\/person\/image\/"},"description":"Director NITU.mx, Egresado de la Escuela de Periodismo Carlos Septi\u00e9n Garc\u00eda. Periodista y analista especializado en turismo desde hace 35 a\u00f1os, radicado en Canc\u00fan Q.Roo. arturo@nitu.mx","sameAs":["https:\/\/nitu.mx","https:\/\/www.facebook.com\/NITUmx\/","medinacancun","https:\/\/twitter.com\/@Arturo_Medina_G"]},{"@type":"Person","@id":"https:\/\/nitu.mx\/#\/schema\/person\/2ecd887b19dfd3382d1f14fc5acf24a8","name":"Alejandra Moncisbays","image":{"@type":"ImageObject","inLanguage":"es-MX","@id":"https:\/\/nitu.mx\/#\/schema\/person\/image\/","url":"https:\/\/secure.gravatar.com\/avatar\/e74f7af0be172b7804dacfd0bfbef787?s=96&d=mm&r=g","contentUrl":"https:\/\/secure.gravatar.com\/avatar\/e74f7af0be172b7804dacfd0bfbef787?s=96&d=mm&r=g","caption":"Alejandra Moncisbays"},"description":"Curs\u00e9 la carrera de Periodismo y Comunicaci\u00f3n en la Facultad de Estudios Profesionales Acatl\u00e1n. Vivo en Canc\u00fan desde hace 24 a\u00f1os. Fui reportera de La Tarde de Canc\u00fan, y Novedades de Quintana Roo, colabor\u00e9 en TVCUN, edit\u00e9 Cancun\u00edssimo y colabor\u00e9 en las revistas Latitud21, entre otras, con principal enfoque en los sectores empresarial y tur\u00edstico. Desde hace varios a\u00f1os soy Agente de Seguros con c\u00e9dula de la Comisi\u00f3n Nacional de Seguros y Fianzas. Actualmente, me desarrollo en los \u00e1mbitos del periodismo y el sector asegurador.","sameAs":["https:\/\/nitu.mx"],"url":"https:\/\/nitu.mx\/index.php\/author\/alejandra\/"}]}},"views":722,"_links":{"self":[{"href":"https:\/\/nitu.mx\/index.php\/wp-json\/wp\/v2\/posts\/75975"}],"collection":[{"href":"https:\/\/nitu.mx\/index.php\/wp-json\/wp\/v2\/posts"}],"about":[{"href":"https:\/\/nitu.mx\/index.php\/wp-json\/wp\/v2\/types\/post"}],"author":[{"embeddable":true,"href":"https:\/\/nitu.mx\/index.php\/wp-json\/wp\/v2\/users\/3"}],"replies":[{"embeddable":true,"href":"https:\/\/nitu.mx\/index.php\/wp-json\/wp\/v2\/comments?post=75975"}],"version-history":[{"count":1,"href":"https:\/\/nitu.mx\/index.php\/wp-json\/wp\/v2\/posts\/75975\/revisions"}],"predecessor-version":[{"id":75976,"href":"https:\/\/nitu.mx\/index.php\/wp-json\/wp\/v2\/posts\/75975\/revisions\/75976"}],"wp:featuredmedia":[{"embeddable":true,"href":"https:\/\/nitu.mx\/index.php\/wp-json\/wp\/v2\/media\/65338"}],"wp:attachment":[{"href":"https:\/\/nitu.mx\/index.php\/wp-json\/wp\/v2\/media?parent=75975"}],"wp:term":[{"taxonomy":"category","embeddable":true,"href":"https:\/\/nitu.mx\/index.php\/wp-json\/wp\/v2\/categories?post=75975"},{"taxonomy":"post_tag","embeddable":true,"href":"https:\/\/nitu.mx\/index.php\/wp-json\/wp\/v2\/tags?post=75975"}],"curies":[{"name":"wp","href":"https:\/\/api.w.org\/{rel}","templated":true}]}}