{"id":75965,"date":"2024-10-22T16:45:07","date_gmt":"2024-10-22T22:45:07","guid":{"rendered":"https:\/\/nitu.mx\/?p=75965"},"modified":"2024-10-22T16:49:10","modified_gmt":"2024-10-22T22:49:10","slug":"volaris-y-camara-de-comercio-de-san-diego-acuerdan-fortalecer-conectividad-y-apoyar-empresas-hispanas","status":"publish","type":"post","link":"https:\/\/nitu.mx\/index.php\/2024\/10\/22\/volaris-y-camara-de-comercio-de-san-diego-acuerdan-fortalecer-conectividad-y-apoyar-empresas-hispanas\/","title":{"rendered":"Volaris y C\u00e1mara de Comercio de San Diego acuerdan apoyar empresas hispanas mediante la conectividad"},"content":{"rendered":"\n<p>Volaris, la aerol\u00ednea mexicana de ultra bajo costo, firm\u00f3 un convenio para la alianza binacional con la C\u00e1mara Regional de Comercio de San Diego, para apoyar a las empresas de origen hispano que quieren expandir sus operaciones en M\u00e9xico.<\/p>\n\n\n\n<p>Mediante las operaciones que brinda Volaris en el hub de Tijuana, la alianza facilitar\u00e1 la conectividad de las empresas integrantes de esta c\u00e1mara de comercio en San Diego con importantes destinos en M\u00e9xico, abriendo nuevas oportunidades de negocios para el crecimiento comercial en la regi\u00f3n.\u00a0<\/p>\n\n\n\n<p>Asimismo, la iniciativa fortalecer\u00e1 el comercio dentro de la comunidad de origen hispano, que beneficiar\u00e1 tanto a los empresarios de San Diego, California, como a los de Tijuana, Baja California, al ofrecer una infraestructura de conectividad \u00f3ptima.<\/p>\n\n\n\n<p>La alianza binacional tambi\u00e9n refuerza la conexi\u00f3n a\u00e9rea desde San Diego hacia gran parte de M\u00e9xico, v\u00eda Tijuana, gracias a las facilidades que aporta el cruce fronterizo Cross Border Xpress (CBX). <\/p>\n\n\n\n<p>Actualmente Volaris es la aerol\u00ednea con el mayor flujo de pasajeros a trav\u00e9s de este puente binacional y destaca a Tijuana como una puerta de entrada estrat\u00e9gica tanto para el comercio como para el turismo en la regi\u00f3n.<\/p>\n\n\n\n<p>El acuerdo fue firmado por Omar Carrera, director Comercial de Volaris, y Jerry Sanders, presidente de la C\u00e1mara Regional de Comercio de San Diego, teniendo como testigo a Jorge\u00a0Goytortua,\u00a0CEO\u00a0del Cross Border Xpress.<\/p>\n\n\n\n<p>\u201cEn Volaris nos enorgullece formar parte de esta iniciativa, que ampl\u00eda oportunidades para las empresas mexicanas y los empresarios de origen hispano, al tiempo que refuerza el turismo y el comercio en ambos lados de la frontera. A trav\u00e9s de esta alianza, seguimos fortaleciendo la conectividad de nuestro hub en Tijuana, brindando una infraestructura \u00f3ptima para nuestros clientes\u201d, asegur\u00f3 Omar Carrera.<\/p>\n\n\n\n<p>Por su parte,&nbsp;Jerry Sanders, presidente y CEO de la C\u00e1mara&nbsp;se\u00f1al\u00f3: \u201cCrear colaboraciones como \u00e9sta es de suma importancia para continuar nuestro trabajo en fortalecer las relaciones bilaterales y promover el comercio en la regi\u00f3n Cali-Baja. Estamos agradecidos con Volaris por su compromiso hacia esta colaboraci\u00f3n y establecer esta alianza binacional\u201d.<\/p>\n\n\n\n<p>\u201cPara Cross Border Xpress resulta sumamente significativo ser part\u00edcipe de esta alianza entre dos de nuestros socios estrat\u00e9gicos clave. CBX apoya este importante acuerdo y reiteramos nuestro compromiso para seguir colaborando con Volaris y la C\u00e1mara Regional de Comercio de San Diego en beneficio de las comunidades de Cali-Baja\u201d, se\u00f1al\u00f3\u00a0Jorge\u00a0Goytortua.<\/p>\n\n\n\n<p>Adem\u00e1s de abrir puertas a empresarios de origen hispano en esta regi\u00f3n de Estados Unidos, el acuerdo tambi\u00e9n&nbsp;ayudar\u00e1 a fortalecer la industria tur\u00edstica de la regi\u00f3n Cali-Baja, que es un importante motor econ\u00f3mico en ambos lados de la frontera, mejorando a\u00fan m\u00e1s las conexiones de San Diego con destinos internacionales.<\/p>\n\n\n\n<p>Como parte de este acuerdo, Volaris registrar\u00e1 a cada miembro de la&nbsp;C\u00e1mara Regional de Comercio de San Diego&nbsp;como miembro de la membres\u00eda \u201cv-business\u201d, de manera que puedan disfrutar y hacer uso de los beneficios y\/o descuentos que aporta esta membres\u00eda.<\/p>\n\n\n\n<p>Desde su fundaci\u00f3n en 2006, Volaris ha transportado a m\u00e1s de 74 millones de pasajeros desde y hacia Tijuana, consolidando su posici\u00f3n como una de las aerol\u00edneas m\u00e1s importantes en la regi\u00f3n, al tener una participaci\u00f3n de mercado del 69%. <\/p>\n\n\n\n<p>Actualmente, la aerol\u00ednea conecta Tijuana con 35 rutas nacionales y una internacional a Las Vegas, pr\u00f3xima a inaugurarse. Todas estas rutas vinculan a Tijuana con puntos estrat\u00e9gicos dentro y fuera del pa\u00eds, facilitando tanto los flujos migratorios como los de negocios, lo que refuerza la importancia econ\u00f3mica y social de la regi\u00f3n. (<a href=\"https:\/\/nitu.mx\/index.php\/2024\/10\/17\/volaris-lidera-ganancias-en-segundo-dia-positivo-para-la-bolsa-mexicana\/\">Volaris lidera ganancias en segundo d\u00eda positivo para la Bolsa Mexicana<\/a>).<\/p>\n","protected":false},"excerpt":{"rendered":"<p>Volaris, la aerol\u00ednea mexicana de ultra bajo costo, firm\u00f3 un convenio para la alianza binacional con la C\u00e1mara Regional de Comercio de San Diego, para apoyar a las empresas de origen hispano que quieren expandir sus operaciones en M\u00e9xico. Mediante las operaciones que brinda Volaris en el hub de Tijuana, la alianza facilitar\u00e1 la conectividad [&hellip;]<\/p>\n","protected":false},"author":17,"featured_media":75967,"comment_status":"open","ping_status":"open","sticky":false,"template":"","format":"standard","meta":{"footnotes":""},"categories":[29],"tags":[26328,8034,3953,4317,489,131],"yoast_head":"<!-- This site is optimized with the Yoast SEO plugin v22.2 - https:\/\/yoast.com\/wordpress\/plugins\/seo\/ -->\n<title>Volaris y C\u00e1mara de Comercio de San Diego acuerdan apoyar empresas hispanas mediante la conectividad - Nitu - Noticias de la Industria Turistica<\/title>\n<meta name=\"robots\" content=\"index, follow, max-snippet:-1, max-image-preview:large, max-video-preview:-1\" \/>\n<link rel=\"canonical\" href=\"https:\/\/nitu.mx\/index.php\/2024\/10\/22\/volaris-y-camara-de-comercio-de-san-diego-acuerdan-fortalecer-conectividad-y-apoyar-empresas-hispanas\/\" \/>\n<meta name=\"twitter:card\" content=\"summary_large_image\" \/>\n<meta name=\"twitter:title\" content=\"Volaris y C\u00e1mara de Comercio de San Diego acuerdan apoyar empresas hispanas mediante la conectividad - Nitu - Noticias de la Industria Turistica\" \/>\n<meta name=\"twitter:description\" content=\"Volaris, la aerol\u00ednea mexicana de ultra bajo costo, firm\u00f3 un convenio para la alianza binacional con la C\u00e1mara Regional de Comercio de San Diego, para apoyar a las empresas de origen hispano que quieren expandir sus operaciones en M\u00e9xico. Mediante las operaciones que brinda Volaris en el hub de Tijuana, la alianza facilitar\u00e1 la conectividad [&hellip;]\" \/>\n<meta name=\"twitter:image\" content=\"https:\/\/nitu.mx\/wp-content\/uploads\/2024\/10\/CONVENIO-VOLARIS-CAMARA-COMERCIO-SAN-DIEGO.jpg\" \/>\n<meta name=\"twitter:creator\" content=\"@NITUmx\" \/>\n<meta name=\"twitter:site\" content=\"@Arturo_Medina_G\" \/>\n<meta name=\"twitter:label1\" content=\"Escrito por\" \/>\n\t<meta name=\"twitter:data1\" content=\"Redacci\u00f3n\" \/>\n\t<meta name=\"twitter:label2\" content=\"Tiempo de lectura\" \/>\n\t<meta name=\"twitter:data2\" content=\"3 minutos\" \/>\n<script type=\"application\/ld+json\" class=\"yoast-schema-graph\">{\"@context\":\"https:\/\/schema.org\",\"@graph\":[{\"@type\":\"Article\",\"@id\":\"https:\/\/nitu.mx\/index.php\/2024\/10\/22\/volaris-y-camara-de-comercio-de-san-diego-acuerdan-fortalecer-conectividad-y-apoyar-empresas-hispanas\/#article\",\"isPartOf\":{\"@id\":\"https:\/\/nitu.mx\/index.php\/2024\/10\/22\/volaris-y-camara-de-comercio-de-san-diego-acuerdan-fortalecer-conectividad-y-apoyar-empresas-hispanas\/\"},\"author\":{\"name\":\"Redacci\u00f3n\",\"@id\":\"https:\/\/nitu.mx\/#\/schema\/person\/4a28fe9bd65924f7c90623773daf1b0b\"},\"headline\":\"Volaris y C\u00e1mara de Comercio de San Diego acuerdan apoyar empresas hispanas mediante la conectividad\",\"datePublished\":\"2024-10-22T22:45:07+00:00\",\"dateModified\":\"2024-10-22T22:49:10+00:00\",\"mainEntityOfPage\":{\"@id\":\"https:\/\/nitu.mx\/index.php\/2024\/10\/22\/volaris-y-camara-de-comercio-de-san-diego-acuerdan-fortalecer-conectividad-y-apoyar-empresas-hispanas\/\"},\"wordCount\":655,\"commentCount\":0,\"publisher\":{\"@id\":\"https:\/\/nitu.mx\/#\/schema\/person\/ae7a53426417292d3dd07b45a33e01bc\"},\"image\":{\"@id\":\"https:\/\/nitu.mx\/index.php\/2024\/10\/22\/volaris-y-camara-de-comercio-de-san-diego-acuerdan-fortalecer-conectividad-y-apoyar-empresas-hispanas\/#primaryimage\"},\"thumbnailUrl\":\"https:\/\/nitu.mx\/wp-content\/uploads\/2024\/10\/CONVENIO-VOLARIS-CAMARA-COMERCIO-SAN-DIEGO.jpg\",\"keywords\":[\"C\u00e1mara Regional de Comercio de San Diego\",\"CBX\",\"conectividad\",\"San Diego\",\"Tijuana\",\"Volaris\"],\"articleSection\":[\"Aerol\u00edneas\"],\"inLanguage\":\"es-MX\",\"potentialAction\":[{\"@type\":\"CommentAction\",\"name\":\"Comment\",\"target\":[\"https:\/\/nitu.mx\/index.php\/2024\/10\/22\/volaris-y-camara-de-comercio-de-san-diego-acuerdan-fortalecer-conectividad-y-apoyar-empresas-hispanas\/#respond\"]}]},{\"@type\":\"WebPage\",\"@id\":\"https:\/\/nitu.mx\/index.php\/2024\/10\/22\/volaris-y-camara-de-comercio-de-san-diego-acuerdan-fortalecer-conectividad-y-apoyar-empresas-hispanas\/\",\"url\":\"https:\/\/nitu.mx\/index.php\/2024\/10\/22\/volaris-y-camara-de-comercio-de-san-diego-acuerdan-fortalecer-conectividad-y-apoyar-empresas-hispanas\/\",\"name\":\"Volaris y C\u00e1mara de Comercio de San Diego acuerdan apoyar empresas hispanas mediante la conectividad - Nitu - Noticias de la Industria Turistica\",\"isPartOf\":{\"@id\":\"https:\/\/nitu.mx\/#website\"},\"primaryImageOfPage\":{\"@id\":\"https:\/\/nitu.mx\/index.php\/2024\/10\/22\/volaris-y-camara-de-comercio-de-san-diego-acuerdan-fortalecer-conectividad-y-apoyar-empresas-hispanas\/#primaryimage\"},\"image\":{\"@id\":\"https:\/\/nitu.mx\/index.php\/2024\/10\/22\/volaris-y-camara-de-comercio-de-san-diego-acuerdan-fortalecer-conectividad-y-apoyar-empresas-hispanas\/#primaryimage\"},\"thumbnailUrl\":\"https:\/\/nitu.mx\/wp-content\/uploads\/2024\/10\/CONVENIO-VOLARIS-CAMARA-COMERCIO-SAN-DIEGO.jpg\",\"datePublished\":\"2024-10-22T22:45:07+00:00\",\"dateModified\":\"2024-10-22T22:49:10+00:00\",\"breadcrumb\":{\"@id\":\"https:\/\/nitu.mx\/index.php\/2024\/10\/22\/volaris-y-camara-de-comercio-de-san-diego-acuerdan-fortalecer-conectividad-y-apoyar-empresas-hispanas\/#breadcrumb\"},\"inLanguage\":\"es-MX\",\"potentialAction\":[{\"@type\":\"ReadAction\",\"target\":[\"https:\/\/nitu.mx\/index.php\/2024\/10\/22\/volaris-y-camara-de-comercio-de-san-diego-acuerdan-fortalecer-conectividad-y-apoyar-empresas-hispanas\/\"]}]},{\"@type\":\"ImageObject\",\"inLanguage\":\"es-MX\",\"@id\":\"https:\/\/nitu.mx\/index.php\/2024\/10\/22\/volaris-y-camara-de-comercio-de-san-diego-acuerdan-fortalecer-conectividad-y-apoyar-empresas-hispanas\/#primaryimage\",\"url\":\"https:\/\/nitu.mx\/wp-content\/uploads\/2024\/10\/CONVENIO-VOLARIS-CAMARA-COMERCIO-SAN-DIEGO.jpg\",\"contentUrl\":\"https:\/\/nitu.mx\/wp-content\/uploads\/2024\/10\/CONVENIO-VOLARIS-CAMARA-COMERCIO-SAN-DIEGO.jpg\",\"width\":1200,\"height\":675,\"caption\":\"CONVENIO VOLARIS- CAMARA COMERCIO SAN DIEGO\"},{\"@type\":\"BreadcrumbList\",\"@id\":\"https:\/\/nitu.mx\/index.php\/2024\/10\/22\/volaris-y-camara-de-comercio-de-san-diego-acuerdan-fortalecer-conectividad-y-apoyar-empresas-hispanas\/#breadcrumb\",\"itemListElement\":[{\"@type\":\"ListItem\",\"position\":1,\"name\":\"Inicio\",\"item\":\"https:\/\/nitu.mx\/\"},{\"@type\":\"ListItem\",\"position\":2,\"name\":\"Volaris y C\u00e1mara de Comercio de San Diego acuerdan apoyar empresas hispanas mediante la conectividad\"}]},{\"@type\":\"WebSite\",\"@id\":\"https:\/\/nitu.mx\/#website\",\"url\":\"https:\/\/nitu.mx\/\",\"name\":\"Nitu - Noticias de la Industria Turistica\",\"description\":\"Noticias de la Industria Turistica\",\"publisher\":{\"@id\":\"https:\/\/nitu.mx\/#\/schema\/person\/ae7a53426417292d3dd07b45a33e01bc\"},\"alternateName\":\"Noticias de la Industria Turistica\",\"potentialAction\":[{\"@type\":\"SearchAction\",\"target\":{\"@type\":\"EntryPoint\",\"urlTemplate\":\"https:\/\/nitu.mx\/?s={search_term_string}\"},\"query-input\":\"required name=search_term_string\"}],\"inLanguage\":\"es-MX\"},{\"@type\":[\"Person\",\"Organization\"],\"@id\":\"https:\/\/nitu.mx\/#\/schema\/person\/ae7a53426417292d3dd07b45a33e01bc\",\"name\":\"Arturo Medina\",\"image\":{\"@type\":\"ImageObject\",\"inLanguage\":\"es-MX\",\"@id\":\"https:\/\/nitu.mx\/#\/schema\/person\/image\/\",\"url\":\"https:\/\/nitu.mx\/wp-content\/uploads\/2024\/04\/4A315622-1904-4D5C-B022-878CDC840E04-90x90-1.jpeg\",\"contentUrl\":\"https:\/\/nitu.mx\/wp-content\/uploads\/2024\/04\/4A315622-1904-4D5C-B022-878CDC840E04-90x90-1.jpeg\",\"width\":90,\"height\":90,\"caption\":\"Arturo Medina\"},\"logo\":{\"@id\":\"https:\/\/nitu.mx\/#\/schema\/person\/image\/\"},\"description\":\"Director NITU.mx, Egresado de la Escuela de Periodismo Carlos Septi\u00e9n Garc\u00eda. Periodista y analista especializado en turismo desde hace 35 a\u00f1os, radicado en Canc\u00fan Q.Roo. arturo@nitu.mx\",\"sameAs\":[\"https:\/\/nitu.mx\",\"https:\/\/www.facebook.com\/NITUmx\/\",\"medinacancun\",\"https:\/\/twitter.com\/@Arturo_Medina_G\"]},{\"@type\":\"Person\",\"@id\":\"https:\/\/nitu.mx\/#\/schema\/person\/4a28fe9bd65924f7c90623773daf1b0b\",\"name\":\"Redacci\u00f3n\",\"image\":{\"@type\":\"ImageObject\",\"inLanguage\":\"es-MX\",\"@id\":\"https:\/\/nitu.mx\/#\/schema\/person\/image\/\",\"url\":\"https:\/\/secure.gravatar.com\/avatar\/5dd011c8ccfc5cd7e4c81e42252aab38?s=96&d=mm&r=g\",\"contentUrl\":\"https:\/\/secure.gravatar.com\/avatar\/5dd011c8ccfc5cd7e4c81e42252aab38?s=96&d=mm&r=g\",\"caption\":\"Redacci\u00f3n\"},\"url\":\"https:\/\/nitu.mx\/index.php\/author\/redaccion\/\"}]}<\/script>\n<!-- \/ Yoast SEO plugin. -->","yoast_head_json":{"title":"Volaris y C\u00e1mara de Comercio de San Diego acuerdan apoyar empresas hispanas mediante la conectividad - Nitu - Noticias de la Industria Turistica","robots":{"index":"index","follow":"follow","max-snippet":"max-snippet:-1","max-image-preview":"max-image-preview:large","max-video-preview":"max-video-preview:-1"},"canonical":"https:\/\/nitu.mx\/index.php\/2024\/10\/22\/volaris-y-camara-de-comercio-de-san-diego-acuerdan-fortalecer-conectividad-y-apoyar-empresas-hispanas\/","twitter_card":"summary_large_image","twitter_title":"Volaris y C\u00e1mara de Comercio de San Diego acuerdan apoyar empresas hispanas mediante la conectividad - Nitu - Noticias de la Industria Turistica","twitter_description":"Volaris, la aerol\u00ednea mexicana de ultra bajo costo, firm\u00f3 un convenio para la alianza binacional con la C\u00e1mara Regional de Comercio de San Diego, para apoyar a las empresas de origen hispano que quieren expandir sus operaciones en M\u00e9xico. Mediante las operaciones que brinda Volaris en el hub de Tijuana, la alianza facilitar\u00e1 la conectividad [&hellip;]","twitter_image":"https:\/\/nitu.mx\/wp-content\/uploads\/2024\/10\/CONVENIO-VOLARIS-CAMARA-COMERCIO-SAN-DIEGO.jpg","twitter_creator":"@NITUmx","twitter_site":"@Arturo_Medina_G","twitter_misc":{"Escrito por":"Redacci\u00f3n","Tiempo de lectura":"3 minutos"},"schema":{"@context":"https:\/\/schema.org","@graph":[{"@type":"Article","@id":"https:\/\/nitu.mx\/index.php\/2024\/10\/22\/volaris-y-camara-de-comercio-de-san-diego-acuerdan-fortalecer-conectividad-y-apoyar-empresas-hispanas\/#article","isPartOf":{"@id":"https:\/\/nitu.mx\/index.php\/2024\/10\/22\/volaris-y-camara-de-comercio-de-san-diego-acuerdan-fortalecer-conectividad-y-apoyar-empresas-hispanas\/"},"author":{"name":"Redacci\u00f3n","@id":"https:\/\/nitu.mx\/#\/schema\/person\/4a28fe9bd65924f7c90623773daf1b0b"},"headline":"Volaris y C\u00e1mara de Comercio de San Diego acuerdan apoyar empresas hispanas mediante la conectividad","datePublished":"2024-10-22T22:45:07+00:00","dateModified":"2024-10-22T22:49:10+00:00","mainEntityOfPage":{"@id":"https:\/\/nitu.mx\/index.php\/2024\/10\/22\/volaris-y-camara-de-comercio-de-san-diego-acuerdan-fortalecer-conectividad-y-apoyar-empresas-hispanas\/"},"wordCount":655,"commentCount":0,"publisher":{"@id":"https:\/\/nitu.mx\/#\/schema\/person\/ae7a53426417292d3dd07b45a33e01bc"},"image":{"@id":"https:\/\/nitu.mx\/index.php\/2024\/10\/22\/volaris-y-camara-de-comercio-de-san-diego-acuerdan-fortalecer-conectividad-y-apoyar-empresas-hispanas\/#primaryimage"},"thumbnailUrl":"https:\/\/nitu.mx\/wp-content\/uploads\/2024\/10\/CONVENIO-VOLARIS-CAMARA-COMERCIO-SAN-DIEGO.jpg","keywords":["C\u00e1mara Regional de Comercio de San Diego","CBX","conectividad","San Diego","Tijuana","Volaris"],"articleSection":["Aerol\u00edneas"],"inLanguage":"es-MX","potentialAction":[{"@type":"CommentAction","name":"Comment","target":["https:\/\/nitu.mx\/index.php\/2024\/10\/22\/volaris-y-camara-de-comercio-de-san-diego-acuerdan-fortalecer-conectividad-y-apoyar-empresas-hispanas\/#respond"]}]},{"@type":"WebPage","@id":"https:\/\/nitu.mx\/index.php\/2024\/10\/22\/volaris-y-camara-de-comercio-de-san-diego-acuerdan-fortalecer-conectividad-y-apoyar-empresas-hispanas\/","url":"https:\/\/nitu.mx\/index.php\/2024\/10\/22\/volaris-y-camara-de-comercio-de-san-diego-acuerdan-fortalecer-conectividad-y-apoyar-empresas-hispanas\/","name":"Volaris y C\u00e1mara de Comercio de San Diego acuerdan apoyar empresas hispanas mediante la conectividad - Nitu - Noticias de la Industria Turistica","isPartOf":{"@id":"https:\/\/nitu.mx\/#website"},"primaryImageOfPage":{"@id":"https:\/\/nitu.mx\/index.php\/2024\/10\/22\/volaris-y-camara-de-comercio-de-san-diego-acuerdan-fortalecer-conectividad-y-apoyar-empresas-hispanas\/#primaryimage"},"image":{"@id":"https:\/\/nitu.mx\/index.php\/2024\/10\/22\/volaris-y-camara-de-comercio-de-san-diego-acuerdan-fortalecer-conectividad-y-apoyar-empresas-hispanas\/#primaryimage"},"thumbnailUrl":"https:\/\/nitu.mx\/wp-content\/uploads\/2024\/10\/CONVENIO-VOLARIS-CAMARA-COMERCIO-SAN-DIEGO.jpg","datePublished":"2024-10-22T22:45:07+00:00","dateModified":"2024-10-22T22:49:10+00:00","breadcrumb":{"@id":"https:\/\/nitu.mx\/index.php\/2024\/10\/22\/volaris-y-camara-de-comercio-de-san-diego-acuerdan-fortalecer-conectividad-y-apoyar-empresas-hispanas\/#breadcrumb"},"inLanguage":"es-MX","potentialAction":[{"@type":"ReadAction","target":["https:\/\/nitu.mx\/index.php\/2024\/10\/22\/volaris-y-camara-de-comercio-de-san-diego-acuerdan-fortalecer-conectividad-y-apoyar-empresas-hispanas\/"]}]},{"@type":"ImageObject","inLanguage":"es-MX","@id":"https:\/\/nitu.mx\/index.php\/2024\/10\/22\/volaris-y-camara-de-comercio-de-san-diego-acuerdan-fortalecer-conectividad-y-apoyar-empresas-hispanas\/#primaryimage","url":"https:\/\/nitu.mx\/wp-content\/uploads\/2024\/10\/CONVENIO-VOLARIS-CAMARA-COMERCIO-SAN-DIEGO.jpg","contentUrl":"https:\/\/nitu.mx\/wp-content\/uploads\/2024\/10\/CONVENIO-VOLARIS-CAMARA-COMERCIO-SAN-DIEGO.jpg","width":1200,"height":675,"caption":"CONVENIO VOLARIS- CAMARA COMERCIO SAN DIEGO"},{"@type":"BreadcrumbList","@id":"https:\/\/nitu.mx\/index.php\/2024\/10\/22\/volaris-y-camara-de-comercio-de-san-diego-acuerdan-fortalecer-conectividad-y-apoyar-empresas-hispanas\/#breadcrumb","itemListElement":[{"@type":"ListItem","position":1,"name":"Inicio","item":"https:\/\/nitu.mx\/"},{"@type":"ListItem","position":2,"name":"Volaris y C\u00e1mara de Comercio de San Diego acuerdan apoyar empresas hispanas mediante la conectividad"}]},{"@type":"WebSite","@id":"https:\/\/nitu.mx\/#website","url":"https:\/\/nitu.mx\/","name":"Nitu - Noticias de la Industria Turistica","description":"Noticias de la Industria Turistica","publisher":{"@id":"https:\/\/nitu.mx\/#\/schema\/person\/ae7a53426417292d3dd07b45a33e01bc"},"alternateName":"Noticias de la Industria Turistica","potentialAction":[{"@type":"SearchAction","target":{"@type":"EntryPoint","urlTemplate":"https:\/\/nitu.mx\/?s={search_term_string}"},"query-input":"required name=search_term_string"}],"inLanguage":"es-MX"},{"@type":["Person","Organization"],"@id":"https:\/\/nitu.mx\/#\/schema\/person\/ae7a53426417292d3dd07b45a33e01bc","name":"Arturo Medina","image":{"@type":"ImageObject","inLanguage":"es-MX","@id":"https:\/\/nitu.mx\/#\/schema\/person\/image\/","url":"https:\/\/nitu.mx\/wp-content\/uploads\/2024\/04\/4A315622-1904-4D5C-B022-878CDC840E04-90x90-1.jpeg","contentUrl":"https:\/\/nitu.mx\/wp-content\/uploads\/2024\/04\/4A315622-1904-4D5C-B022-878CDC840E04-90x90-1.jpeg","width":90,"height":90,"caption":"Arturo Medina"},"logo":{"@id":"https:\/\/nitu.mx\/#\/schema\/person\/image\/"},"description":"Director NITU.mx, Egresado de la Escuela de Periodismo Carlos Septi\u00e9n Garc\u00eda. Periodista y analista especializado en turismo desde hace 35 a\u00f1os, radicado en Canc\u00fan Q.Roo. arturo@nitu.mx","sameAs":["https:\/\/nitu.mx","https:\/\/www.facebook.com\/NITUmx\/","medinacancun","https:\/\/twitter.com\/@Arturo_Medina_G"]},{"@type":"Person","@id":"https:\/\/nitu.mx\/#\/schema\/person\/4a28fe9bd65924f7c90623773daf1b0b","name":"Redacci\u00f3n","image":{"@type":"ImageObject","inLanguage":"es-MX","@id":"https:\/\/nitu.mx\/#\/schema\/person\/image\/","url":"https:\/\/secure.gravatar.com\/avatar\/5dd011c8ccfc5cd7e4c81e42252aab38?s=96&d=mm&r=g","contentUrl":"https:\/\/secure.gravatar.com\/avatar\/5dd011c8ccfc5cd7e4c81e42252aab38?s=96&d=mm&r=g","caption":"Redacci\u00f3n"},"url":"https:\/\/nitu.mx\/index.php\/author\/redaccion\/"}]}},"views":608,"_links":{"self":[{"href":"https:\/\/nitu.mx\/index.php\/wp-json\/wp\/v2\/posts\/75965"}],"collection":[{"href":"https:\/\/nitu.mx\/index.php\/wp-json\/wp\/v2\/posts"}],"about":[{"href":"https:\/\/nitu.mx\/index.php\/wp-json\/wp\/v2\/types\/post"}],"author":[{"embeddable":true,"href":"https:\/\/nitu.mx\/index.php\/wp-json\/wp\/v2\/users\/17"}],"replies":[{"embeddable":true,"href":"https:\/\/nitu.mx\/index.php\/wp-json\/wp\/v2\/comments?post=75965"}],"version-history":[{"count":3,"href":"https:\/\/nitu.mx\/index.php\/wp-json\/wp\/v2\/posts\/75965\/revisions"}],"predecessor-version":[{"id":75972,"href":"https:\/\/nitu.mx\/index.php\/wp-json\/wp\/v2\/posts\/75965\/revisions\/75972"}],"wp:featuredmedia":[{"embeddable":true,"href":"https:\/\/nitu.mx\/index.php\/wp-json\/wp\/v2\/media\/75967"}],"wp:attachment":[{"href":"https:\/\/nitu.mx\/index.php\/wp-json\/wp\/v2\/media?parent=75965"}],"wp:term":[{"taxonomy":"category","embeddable":true,"href":"https:\/\/nitu.mx\/index.php\/wp-json\/wp\/v2\/categories?post=75965"},{"taxonomy":"post_tag","embeddable":true,"href":"https:\/\/nitu.mx\/index.php\/wp-json\/wp\/v2\/tags?post=75965"}],"curies":[{"name":"wp","href":"https:\/\/api.w.org\/{rel}","templated":true}]}}