{"id":75900,"date":"2024-10-20T23:56:45","date_gmt":"2024-10-21T05:56:45","guid":{"rendered":"https:\/\/nitu.mx\/?p=75900"},"modified":"2024-10-20T23:56:46","modified_gmt":"2024-10-21T05:56:46","slug":"aeromexico-despega-con-uniformes-inspirados-en-la-cultura-mexicana","status":"publish","type":"post","link":"https:\/\/nitu.mx\/index.php\/2024\/10\/20\/aeromexico-despega-con-uniformes-inspirados-en-la-cultura-mexicana\/","title":{"rendered":"Aerom\u00e9xico despega con uniformes inspirados en la cultura mexicana"},"content":{"rendered":"<p>Aerom\u00e9xico present\u00f3 sus nuevos uniformes para sobrecargos, pilotos y personal de tierra, dise\u00f1ados por la marca mexicana Yakampot. La colecci\u00f3n fue revelada durante el Mercedes-Benz Fashion Week M\u00e9xico 2024 y coincide con el 90 aniversario de la aerol\u00ednea.<\/p>\n<p>Esta renovaci\u00f3n busca modernizar la imagen corporativa mientras rinde homenaje a las tradiciones culturales de M\u00e9xico, integrando elementos inspirados en la cosmogon\u00eda prehisp\u00e1nica.<\/p>\n<p>Bordados de Chiapas a bordo<br \/>\nUno de los aspectos m\u00e1s destacados de los nuevos uniformes es la incorporaci\u00f3n de bordados realizados por artesanas de comunidades de Chiapas, como Aldama, San Andr\u00e9s Larr\u00e1inzar, Chenalh\u00f3 y Poconichim.<\/p>\n<p>M\u00e1s de 200 artesanas han participado en este proyecto, entre ellas Tania Beatriz G\u00f3mez, Zenaida Hern\u00e1ndez y Elsy Nayeli Ruiz. La colaboraci\u00f3n con Yakampot no solo ha buscado destacar el arte textil tradicional, sino tambi\u00e9n promover un enfoque de moda \u00e9tica, integrando pr\u00e1cticas sostenibles y comercio justo.<\/p>\n<p>Los uniformes se portar\u00e1n en vuelos nacionales e internacionales a partir de diciembre y contar\u00e1n con detalles bordados en chalecos, vestidos y camisas. La frase de campa\u00f1a \u201c31,000 bordados de Chiapas viajar\u00e1n por el mundo\u201d subraya la intenci\u00f3n de la aerol\u00ednea de posicionar estos dise\u00f1os como un distintivo de la experiencia de viaje, vincul\u00e1ndolos con los Objetivos de Desarrollo Sostenible de la ONU, como el trabajo decente y el consumo responsable.<\/p>\n<p>Sector turismo en medio de cambios<br \/>\nMientras Aerom\u00e9xico avanza con esta iniciativa cultural y corporativa, el sector tur\u00edstico ha atravesado tensiones relacionadas con la Feria Internacional de Turismo (Fitur) de Madrid. El 17 de octubre se difundieron rumores sobre la posible cancelaci\u00f3n de la participaci\u00f3n de M\u00e9xico como pa\u00eds socio en la edici\u00f3n 2025, lo que gener\u00f3 incertidumbre y cr\u00edticas. Finalmente, la Secretar\u00eda de Turismo (Sectur) aclar\u00f3 que nuestro pa\u00eds participar\u00e1 en la feria y que se est\u00e1 negociando trasladar el patrocinio a 2026. (<a href=\"https:\/\/nitu.mx\/index.php\/2024\/10\/17\/mexico-reafirma-su-participacion-en-fitur-2025-y-se-prepara-como-pais-socio-en-2026\/\">M\u00e9xico no ser\u00e1 Pa\u00eds Socio en FITUR, pero se prepara para 2026<\/a>).<\/p>\n<p>Este episodio ha dejado al descubierto desaf\u00edos de coordinaci\u00f3n entre actores p\u00fablicos y privados, resaltando la necesidad de cerrar filas para evitar divisiones internas. En medio de cambios pol\u00edticos y organizativos, la colaboraci\u00f3n se vuelve crucial para fortalecer la presencia de M\u00e9xico en el turismo internacional.<\/p>\n<p>Un viaje que Conecta Tradici\u00f3n y Futuro<br \/>\nLa apuesta de Aerom\u00e9xico por renovar su imagen con uniformes inspirados en la cultura mexicana refleja una estrategia para combinar tradici\u00f3n y modernidad.<\/p>\n<p>Al integrar la artesan\u00eda de Chiapas y adoptar pr\u00e1cticas sostenibles, la aerol\u00ednea no solo celebra su legado, sino que tambi\u00e9n se alinea con las expectativas del mercado global. En este contexto, tanto la moda \u00e9tica como la unidad en el sector tur\u00edstico se posicionan como elementos clave para que M\u00e9xico contin\u00fae destacando en la escena internacional. (<a href=\"https:\/\/nitu.mx\/index.php\/2024\/10\/16\/nueva-ruta-directa-de-aeromexico-entre-ciudad-de-mexico-y-cartagena-promete-impulsar-el-turismo\/\">Nueva ruta directa de Aerom\u00e9xico entre Ciudad de M\u00e9xico y Cartagena promete impulsar el turismo<\/a>).<\/p>\n","protected":false},"excerpt":{"rendered":"<p>Aerom\u00e9xico present\u00f3 sus nuevos uniformes para sobrecargos, pilotos y personal de tierra, dise\u00f1ados por la marca mexicana Yakampot. La colecci\u00f3n fue revelada durante el Mercedes-Benz Fashion Week M\u00e9xico 2024 y coincide con el 90 aniversario de la aerol\u00ednea. Esta renovaci\u00f3n busca modernizar la imagen corporativa mientras rinde homenaje a las tradiciones culturales de M\u00e9xico, integrando [&hellip;]<\/p>\n","protected":false},"author":3,"featured_media":75909,"comment_status":"open","ping_status":"open","sticky":false,"template":"","format":"standard","meta":{"footnotes":""},"categories":[29,24335],"tags":[30,8014,2703,26314],"yoast_head":"<!-- This site is optimized with the Yoast SEO plugin v22.2 - https:\/\/yoast.com\/wordpress\/plugins\/seo\/ -->\n<title>Aerom\u00e9xico despega con uniformes inspirados en la cultura mexicana - Nitu - Noticias de la Industria Turistica<\/title>\n<meta name=\"robots\" content=\"index, follow, max-snippet:-1, max-image-preview:large, max-video-preview:-1\" \/>\n<link rel=\"canonical\" href=\"https:\/\/nitu.mx\/index.php\/2024\/10\/20\/aeromexico-despega-con-uniformes-inspirados-en-la-cultura-mexicana\/\" \/>\n<meta name=\"twitter:card\" content=\"summary_large_image\" \/>\n<meta name=\"twitter:title\" content=\"Aerom\u00e9xico despega con uniformes inspirados en la cultura mexicana - Nitu - Noticias de la Industria Turistica\" \/>\n<meta name=\"twitter:description\" content=\"Aerom\u00e9xico present\u00f3 sus nuevos uniformes para sobrecargos, pilotos y personal de tierra, dise\u00f1ados por la marca mexicana Yakampot. La colecci\u00f3n fue revelada durante el Mercedes-Benz Fashion Week M\u00e9xico 2024 y coincide con el 90 aniversario de la aerol\u00ednea. Esta renovaci\u00f3n busca modernizar la imagen corporativa mientras rinde homenaje a las tradiciones culturales de M\u00e9xico, integrando [&hellip;]\" \/>\n<meta name=\"twitter:image\" content=\"https:\/\/nitu.mx\/wp-content\/uploads\/2024\/10\/Aeromexico-nuevos-uniformes-AMYAKAMPOT.jpg\" \/>\n<meta name=\"twitter:creator\" content=\"@NITUmx\" \/>\n<meta name=\"twitter:site\" content=\"@Arturo_Medina_G\" \/>\n<meta name=\"twitter:label1\" content=\"Escrito por\" \/>\n\t<meta name=\"twitter:data1\" content=\"Alejandra Moncisbays\" \/>\n\t<meta name=\"twitter:label2\" content=\"Tiempo de lectura\" \/>\n\t<meta name=\"twitter:data2\" content=\"3 minutos\" \/>\n<script type=\"application\/ld+json\" class=\"yoast-schema-graph\">{\"@context\":\"https:\/\/schema.org\",\"@graph\":[{\"@type\":\"Article\",\"@id\":\"https:\/\/nitu.mx\/index.php\/2024\/10\/20\/aeromexico-despega-con-uniformes-inspirados-en-la-cultura-mexicana\/#article\",\"isPartOf\":{\"@id\":\"https:\/\/nitu.mx\/index.php\/2024\/10\/20\/aeromexico-despega-con-uniformes-inspirados-en-la-cultura-mexicana\/\"},\"author\":{\"name\":\"Alejandra Moncisbays\",\"@id\":\"https:\/\/nitu.mx\/#\/schema\/person\/2ecd887b19dfd3382d1f14fc5acf24a8\"},\"headline\":\"Aerom\u00e9xico despega con uniformes inspirados en la cultura mexicana\",\"datePublished\":\"2024-10-21T05:56:45+00:00\",\"dateModified\":\"2024-10-21T05:56:46+00:00\",\"mainEntityOfPage\":{\"@id\":\"https:\/\/nitu.mx\/index.php\/2024\/10\/20\/aeromexico-despega-con-uniformes-inspirados-en-la-cultura-mexicana\/\"},\"wordCount\":516,\"commentCount\":0,\"publisher\":{\"@id\":\"https:\/\/nitu.mx\/#\/schema\/person\/ae7a53426417292d3dd07b45a33e01bc\"},\"image\":{\"@id\":\"https:\/\/nitu.mx\/index.php\/2024\/10\/20\/aeromexico-despega-con-uniformes-inspirados-en-la-cultura-mexicana\/#primaryimage\"},\"thumbnailUrl\":\"https:\/\/nitu.mx\/wp-content\/uploads\/2024\/10\/Aeromexico-nuevos-uniformes-AMYAKAMPOT.jpg\",\"keywords\":[\"Aerom\u00e9xico\",\"cultura\",\"FITUR\",\"uniformes\"],\"articleSection\":[\"Aerol\u00edneas\",\"Fashion\"],\"inLanguage\":\"es-MX\",\"potentialAction\":[{\"@type\":\"CommentAction\",\"name\":\"Comment\",\"target\":[\"https:\/\/nitu.mx\/index.php\/2024\/10\/20\/aeromexico-despega-con-uniformes-inspirados-en-la-cultura-mexicana\/#respond\"]}]},{\"@type\":\"WebPage\",\"@id\":\"https:\/\/nitu.mx\/index.php\/2024\/10\/20\/aeromexico-despega-con-uniformes-inspirados-en-la-cultura-mexicana\/\",\"url\":\"https:\/\/nitu.mx\/index.php\/2024\/10\/20\/aeromexico-despega-con-uniformes-inspirados-en-la-cultura-mexicana\/\",\"name\":\"Aerom\u00e9xico despega con uniformes inspirados en la cultura mexicana - Nitu - Noticias de la Industria Turistica\",\"isPartOf\":{\"@id\":\"https:\/\/nitu.mx\/#website\"},\"primaryImageOfPage\":{\"@id\":\"https:\/\/nitu.mx\/index.php\/2024\/10\/20\/aeromexico-despega-con-uniformes-inspirados-en-la-cultura-mexicana\/#primaryimage\"},\"image\":{\"@id\":\"https:\/\/nitu.mx\/index.php\/2024\/10\/20\/aeromexico-despega-con-uniformes-inspirados-en-la-cultura-mexicana\/#primaryimage\"},\"thumbnailUrl\":\"https:\/\/nitu.mx\/wp-content\/uploads\/2024\/10\/Aeromexico-nuevos-uniformes-AMYAKAMPOT.jpg\",\"datePublished\":\"2024-10-21T05:56:45+00:00\",\"dateModified\":\"2024-10-21T05:56:46+00:00\",\"breadcrumb\":{\"@id\":\"https:\/\/nitu.mx\/index.php\/2024\/10\/20\/aeromexico-despega-con-uniformes-inspirados-en-la-cultura-mexicana\/#breadcrumb\"},\"inLanguage\":\"es-MX\",\"potentialAction\":[{\"@type\":\"ReadAction\",\"target\":[\"https:\/\/nitu.mx\/index.php\/2024\/10\/20\/aeromexico-despega-con-uniformes-inspirados-en-la-cultura-mexicana\/\"]}]},{\"@type\":\"ImageObject\",\"inLanguage\":\"es-MX\",\"@id\":\"https:\/\/nitu.mx\/index.php\/2024\/10\/20\/aeromexico-despega-con-uniformes-inspirados-en-la-cultura-mexicana\/#primaryimage\",\"url\":\"https:\/\/nitu.mx\/wp-content\/uploads\/2024\/10\/Aeromexico-nuevos-uniformes-AMYAKAMPOT.jpg\",\"contentUrl\":\"https:\/\/nitu.mx\/wp-content\/uploads\/2024\/10\/Aeromexico-nuevos-uniformes-AMYAKAMPOT.jpg\",\"width\":1200,\"height\":675,\"caption\":\"Aerom\u00e9xico nuevos uniformes AMYAKAMPOT\"},{\"@type\":\"BreadcrumbList\",\"@id\":\"https:\/\/nitu.mx\/index.php\/2024\/10\/20\/aeromexico-despega-con-uniformes-inspirados-en-la-cultura-mexicana\/#breadcrumb\",\"itemListElement\":[{\"@type\":\"ListItem\",\"position\":1,\"name\":\"Inicio\",\"item\":\"https:\/\/nitu.mx\/\"},{\"@type\":\"ListItem\",\"position\":2,\"name\":\"Aerom\u00e9xico despega con uniformes inspirados en la cultura mexicana\"}]},{\"@type\":\"WebSite\",\"@id\":\"https:\/\/nitu.mx\/#website\",\"url\":\"https:\/\/nitu.mx\/\",\"name\":\"Nitu - Noticias de la Industria Turistica\",\"description\":\"Noticias de la Industria Turistica\",\"publisher\":{\"@id\":\"https:\/\/nitu.mx\/#\/schema\/person\/ae7a53426417292d3dd07b45a33e01bc\"},\"alternateName\":\"Noticias de la Industria Turistica\",\"potentialAction\":[{\"@type\":\"SearchAction\",\"target\":{\"@type\":\"EntryPoint\",\"urlTemplate\":\"https:\/\/nitu.mx\/?s={search_term_string}\"},\"query-input\":\"required name=search_term_string\"}],\"inLanguage\":\"es-MX\"},{\"@type\":[\"Person\",\"Organization\"],\"@id\":\"https:\/\/nitu.mx\/#\/schema\/person\/ae7a53426417292d3dd07b45a33e01bc\",\"name\":\"Arturo Medina\",\"image\":{\"@type\":\"ImageObject\",\"inLanguage\":\"es-MX\",\"@id\":\"https:\/\/nitu.mx\/#\/schema\/person\/image\/\",\"url\":\"https:\/\/nitu.mx\/wp-content\/uploads\/2024\/04\/4A315622-1904-4D5C-B022-878CDC840E04-90x90-1.jpeg\",\"contentUrl\":\"https:\/\/nitu.mx\/wp-content\/uploads\/2024\/04\/4A315622-1904-4D5C-B022-878CDC840E04-90x90-1.jpeg\",\"width\":90,\"height\":90,\"caption\":\"Arturo Medina\"},\"logo\":{\"@id\":\"https:\/\/nitu.mx\/#\/schema\/person\/image\/\"},\"description\":\"Director NITU.mx, Egresado de la Escuela de Periodismo Carlos Septi\u00e9n Garc\u00eda. Periodista y analista especializado en turismo desde hace 35 a\u00f1os, radicado en Canc\u00fan Q.Roo. arturo@nitu.mx\",\"sameAs\":[\"https:\/\/nitu.mx\",\"https:\/\/www.facebook.com\/NITUmx\/\",\"medinacancun\",\"https:\/\/twitter.com\/@Arturo_Medina_G\"]},{\"@type\":\"Person\",\"@id\":\"https:\/\/nitu.mx\/#\/schema\/person\/2ecd887b19dfd3382d1f14fc5acf24a8\",\"name\":\"Alejandra Moncisbays\",\"image\":{\"@type\":\"ImageObject\",\"inLanguage\":\"es-MX\",\"@id\":\"https:\/\/nitu.mx\/#\/schema\/person\/image\/\",\"url\":\"https:\/\/secure.gravatar.com\/avatar\/e74f7af0be172b7804dacfd0bfbef787?s=96&d=mm&r=g\",\"contentUrl\":\"https:\/\/secure.gravatar.com\/avatar\/e74f7af0be172b7804dacfd0bfbef787?s=96&d=mm&r=g\",\"caption\":\"Alejandra Moncisbays\"},\"description\":\"Curs\u00e9 la carrera de Periodismo y Comunicaci\u00f3n en la Facultad de Estudios Profesionales Acatl\u00e1n. Vivo en Canc\u00fan desde hace 24 a\u00f1os. Fui reportera de La Tarde de Canc\u00fan, y Novedades de Quintana Roo, colabor\u00e9 en TVCUN, edit\u00e9 Cancun\u00edssimo y colabor\u00e9 en las revistas Latitud21, entre otras, con principal enfoque en los sectores empresarial y tur\u00edstico. Desde hace varios a\u00f1os soy Agente de Seguros con c\u00e9dula de la Comisi\u00f3n Nacional de Seguros y Fianzas. Actualmente, me desarrollo en los \u00e1mbitos del periodismo y el sector asegurador.\",\"sameAs\":[\"https:\/\/nitu.mx\"],\"url\":\"https:\/\/nitu.mx\/index.php\/author\/alejandra\/\"}]}<\/script>\n<!-- \/ Yoast SEO plugin. -->","yoast_head_json":{"title":"Aerom\u00e9xico despega con uniformes inspirados en la cultura mexicana - Nitu - Noticias de la Industria Turistica","robots":{"index":"index","follow":"follow","max-snippet":"max-snippet:-1","max-image-preview":"max-image-preview:large","max-video-preview":"max-video-preview:-1"},"canonical":"https:\/\/nitu.mx\/index.php\/2024\/10\/20\/aeromexico-despega-con-uniformes-inspirados-en-la-cultura-mexicana\/","twitter_card":"summary_large_image","twitter_title":"Aerom\u00e9xico despega con uniformes inspirados en la cultura mexicana - Nitu - Noticias de la Industria Turistica","twitter_description":"Aerom\u00e9xico present\u00f3 sus nuevos uniformes para sobrecargos, pilotos y personal de tierra, dise\u00f1ados por la marca mexicana Yakampot. La colecci\u00f3n fue revelada durante el Mercedes-Benz Fashion Week M\u00e9xico 2024 y coincide con el 90 aniversario de la aerol\u00ednea. Esta renovaci\u00f3n busca modernizar la imagen corporativa mientras rinde homenaje a las tradiciones culturales de M\u00e9xico, integrando [&hellip;]","twitter_image":"https:\/\/nitu.mx\/wp-content\/uploads\/2024\/10\/Aeromexico-nuevos-uniformes-AMYAKAMPOT.jpg","twitter_creator":"@NITUmx","twitter_site":"@Arturo_Medina_G","twitter_misc":{"Escrito por":"Alejandra Moncisbays","Tiempo de lectura":"3 minutos"},"schema":{"@context":"https:\/\/schema.org","@graph":[{"@type":"Article","@id":"https:\/\/nitu.mx\/index.php\/2024\/10\/20\/aeromexico-despega-con-uniformes-inspirados-en-la-cultura-mexicana\/#article","isPartOf":{"@id":"https:\/\/nitu.mx\/index.php\/2024\/10\/20\/aeromexico-despega-con-uniformes-inspirados-en-la-cultura-mexicana\/"},"author":{"name":"Alejandra Moncisbays","@id":"https:\/\/nitu.mx\/#\/schema\/person\/2ecd887b19dfd3382d1f14fc5acf24a8"},"headline":"Aerom\u00e9xico despega con uniformes inspirados en la cultura mexicana","datePublished":"2024-10-21T05:56:45+00:00","dateModified":"2024-10-21T05:56:46+00:00","mainEntityOfPage":{"@id":"https:\/\/nitu.mx\/index.php\/2024\/10\/20\/aeromexico-despega-con-uniformes-inspirados-en-la-cultura-mexicana\/"},"wordCount":516,"commentCount":0,"publisher":{"@id":"https:\/\/nitu.mx\/#\/schema\/person\/ae7a53426417292d3dd07b45a33e01bc"},"image":{"@id":"https:\/\/nitu.mx\/index.php\/2024\/10\/20\/aeromexico-despega-con-uniformes-inspirados-en-la-cultura-mexicana\/#primaryimage"},"thumbnailUrl":"https:\/\/nitu.mx\/wp-content\/uploads\/2024\/10\/Aeromexico-nuevos-uniformes-AMYAKAMPOT.jpg","keywords":["Aerom\u00e9xico","cultura","FITUR","uniformes"],"articleSection":["Aerol\u00edneas","Fashion"],"inLanguage":"es-MX","potentialAction":[{"@type":"CommentAction","name":"Comment","target":["https:\/\/nitu.mx\/index.php\/2024\/10\/20\/aeromexico-despega-con-uniformes-inspirados-en-la-cultura-mexicana\/#respond"]}]},{"@type":"WebPage","@id":"https:\/\/nitu.mx\/index.php\/2024\/10\/20\/aeromexico-despega-con-uniformes-inspirados-en-la-cultura-mexicana\/","url":"https:\/\/nitu.mx\/index.php\/2024\/10\/20\/aeromexico-despega-con-uniformes-inspirados-en-la-cultura-mexicana\/","name":"Aerom\u00e9xico despega con uniformes inspirados en la cultura mexicana - Nitu - Noticias de la Industria Turistica","isPartOf":{"@id":"https:\/\/nitu.mx\/#website"},"primaryImageOfPage":{"@id":"https:\/\/nitu.mx\/index.php\/2024\/10\/20\/aeromexico-despega-con-uniformes-inspirados-en-la-cultura-mexicana\/#primaryimage"},"image":{"@id":"https:\/\/nitu.mx\/index.php\/2024\/10\/20\/aeromexico-despega-con-uniformes-inspirados-en-la-cultura-mexicana\/#primaryimage"},"thumbnailUrl":"https:\/\/nitu.mx\/wp-content\/uploads\/2024\/10\/Aeromexico-nuevos-uniformes-AMYAKAMPOT.jpg","datePublished":"2024-10-21T05:56:45+00:00","dateModified":"2024-10-21T05:56:46+00:00","breadcrumb":{"@id":"https:\/\/nitu.mx\/index.php\/2024\/10\/20\/aeromexico-despega-con-uniformes-inspirados-en-la-cultura-mexicana\/#breadcrumb"},"inLanguage":"es-MX","potentialAction":[{"@type":"ReadAction","target":["https:\/\/nitu.mx\/index.php\/2024\/10\/20\/aeromexico-despega-con-uniformes-inspirados-en-la-cultura-mexicana\/"]}]},{"@type":"ImageObject","inLanguage":"es-MX","@id":"https:\/\/nitu.mx\/index.php\/2024\/10\/20\/aeromexico-despega-con-uniformes-inspirados-en-la-cultura-mexicana\/#primaryimage","url":"https:\/\/nitu.mx\/wp-content\/uploads\/2024\/10\/Aeromexico-nuevos-uniformes-AMYAKAMPOT.jpg","contentUrl":"https:\/\/nitu.mx\/wp-content\/uploads\/2024\/10\/Aeromexico-nuevos-uniformes-AMYAKAMPOT.jpg","width":1200,"height":675,"caption":"Aerom\u00e9xico nuevos uniformes AMYAKAMPOT"},{"@type":"BreadcrumbList","@id":"https:\/\/nitu.mx\/index.php\/2024\/10\/20\/aeromexico-despega-con-uniformes-inspirados-en-la-cultura-mexicana\/#breadcrumb","itemListElement":[{"@type":"ListItem","position":1,"name":"Inicio","item":"https:\/\/nitu.mx\/"},{"@type":"ListItem","position":2,"name":"Aerom\u00e9xico despega con uniformes inspirados en la cultura mexicana"}]},{"@type":"WebSite","@id":"https:\/\/nitu.mx\/#website","url":"https:\/\/nitu.mx\/","name":"Nitu - Noticias de la Industria Turistica","description":"Noticias de la Industria Turistica","publisher":{"@id":"https:\/\/nitu.mx\/#\/schema\/person\/ae7a53426417292d3dd07b45a33e01bc"},"alternateName":"Noticias de la Industria Turistica","potentialAction":[{"@type":"SearchAction","target":{"@type":"EntryPoint","urlTemplate":"https:\/\/nitu.mx\/?s={search_term_string}"},"query-input":"required name=search_term_string"}],"inLanguage":"es-MX"},{"@type":["Person","Organization"],"@id":"https:\/\/nitu.mx\/#\/schema\/person\/ae7a53426417292d3dd07b45a33e01bc","name":"Arturo Medina","image":{"@type":"ImageObject","inLanguage":"es-MX","@id":"https:\/\/nitu.mx\/#\/schema\/person\/image\/","url":"https:\/\/nitu.mx\/wp-content\/uploads\/2024\/04\/4A315622-1904-4D5C-B022-878CDC840E04-90x90-1.jpeg","contentUrl":"https:\/\/nitu.mx\/wp-content\/uploads\/2024\/04\/4A315622-1904-4D5C-B022-878CDC840E04-90x90-1.jpeg","width":90,"height":90,"caption":"Arturo Medina"},"logo":{"@id":"https:\/\/nitu.mx\/#\/schema\/person\/image\/"},"description":"Director NITU.mx, Egresado de la Escuela de Periodismo Carlos Septi\u00e9n Garc\u00eda. Periodista y analista especializado en turismo desde hace 35 a\u00f1os, radicado en Canc\u00fan Q.Roo. arturo@nitu.mx","sameAs":["https:\/\/nitu.mx","https:\/\/www.facebook.com\/NITUmx\/","medinacancun","https:\/\/twitter.com\/@Arturo_Medina_G"]},{"@type":"Person","@id":"https:\/\/nitu.mx\/#\/schema\/person\/2ecd887b19dfd3382d1f14fc5acf24a8","name":"Alejandra Moncisbays","image":{"@type":"ImageObject","inLanguage":"es-MX","@id":"https:\/\/nitu.mx\/#\/schema\/person\/image\/","url":"https:\/\/secure.gravatar.com\/avatar\/e74f7af0be172b7804dacfd0bfbef787?s=96&d=mm&r=g","contentUrl":"https:\/\/secure.gravatar.com\/avatar\/e74f7af0be172b7804dacfd0bfbef787?s=96&d=mm&r=g","caption":"Alejandra Moncisbays"},"description":"Curs\u00e9 la carrera de Periodismo y Comunicaci\u00f3n en la Facultad de Estudios Profesionales Acatl\u00e1n. Vivo en Canc\u00fan desde hace 24 a\u00f1os. Fui reportera de La Tarde de Canc\u00fan, y Novedades de Quintana Roo, colabor\u00e9 en TVCUN, edit\u00e9 Cancun\u00edssimo y colabor\u00e9 en las revistas Latitud21, entre otras, con principal enfoque en los sectores empresarial y tur\u00edstico. Desde hace varios a\u00f1os soy Agente de Seguros con c\u00e9dula de la Comisi\u00f3n Nacional de Seguros y Fianzas. Actualmente, me desarrollo en los \u00e1mbitos del periodismo y el sector asegurador.","sameAs":["https:\/\/nitu.mx"],"url":"https:\/\/nitu.mx\/index.php\/author\/alejandra\/"}]}},"views":779,"_links":{"self":[{"href":"https:\/\/nitu.mx\/index.php\/wp-json\/wp\/v2\/posts\/75900"}],"collection":[{"href":"https:\/\/nitu.mx\/index.php\/wp-json\/wp\/v2\/posts"}],"about":[{"href":"https:\/\/nitu.mx\/index.php\/wp-json\/wp\/v2\/types\/post"}],"author":[{"embeddable":true,"href":"https:\/\/nitu.mx\/index.php\/wp-json\/wp\/v2\/users\/3"}],"replies":[{"embeddable":true,"href":"https:\/\/nitu.mx\/index.php\/wp-json\/wp\/v2\/comments?post=75900"}],"version-history":[{"count":2,"href":"https:\/\/nitu.mx\/index.php\/wp-json\/wp\/v2\/posts\/75900\/revisions"}],"predecessor-version":[{"id":75910,"href":"https:\/\/nitu.mx\/index.php\/wp-json\/wp\/v2\/posts\/75900\/revisions\/75910"}],"wp:featuredmedia":[{"embeddable":true,"href":"https:\/\/nitu.mx\/index.php\/wp-json\/wp\/v2\/media\/75909"}],"wp:attachment":[{"href":"https:\/\/nitu.mx\/index.php\/wp-json\/wp\/v2\/media?parent=75900"}],"wp:term":[{"taxonomy":"category","embeddable":true,"href":"https:\/\/nitu.mx\/index.php\/wp-json\/wp\/v2\/categories?post=75900"},{"taxonomy":"post_tag","embeddable":true,"href":"https:\/\/nitu.mx\/index.php\/wp-json\/wp\/v2\/tags?post=75900"}],"curies":[{"name":"wp","href":"https:\/\/api.w.org\/{rel}","templated":true}]}}