{"id":7588,"date":"2017-03-07T22:44:49","date_gmt":"2017-03-08T03:44:49","guid":{"rendered":"http:\/\/www.dev.nitu.mx\/?p=7588"},"modified":"2017-03-08T02:31:39","modified_gmt":"2017-03-08T07:31:39","slug":"en-febrero-aeromexico-recupero-el-primer-lugar-en-transporte-de-pasajeros-nacionales","status":"publish","type":"post","link":"https:\/\/nitu.mx\/index.php\/2017\/03\/07\/en-febrero-aeromexico-recupero-el-primer-lugar-en-transporte-de-pasajeros-nacionales\/","title":{"rendered":"En febrero, Aerom\u00e9xico recuper\u00f3 el primer lugar en transporte de pasajeros nacionales"},"content":{"rendered":"<p>La pelea por el mercado nacional de pasajeros fue ganada por Aerom\u00e9xico en febrero, luego que el triunfo se lo llev\u00f3 Volaris en el primer mes del a\u00f1o.<\/p>\n<p>La aerol\u00ednea bandera de M\u00e9xico traslad\u00f3 a 973\u00a0mil personas en el pa\u00eds, cifra 4.8 por ciento mayor que el mismo mes de 2016. Por su parte, Volaris transport\u00f3 937 mil pasajeros, nivel 13.6 por ciento mayor al registrado en el periodo de referencia.<\/p>\n<p>En el primer mes del a\u00f1o, Aerom\u00e9xico fue superada por Volaris en el mercado nacional por primera vez.<\/p>\n<p>En el mercado internacional, el n\u00famero de pasajeros que en febrero viaj\u00f3 a trav\u00e9s de la l\u00ednea a\u00e9rea del caballero \u00e1guila creci\u00f3 6.6 por ciento. Volaris tuvo un repunte de 14.3 por ciento, reporta Expansi\u00f3n.<\/p>\n<p>El pasado 22 de febrero inici\u00f3 el procedimiento de entrega de los ocho pares de slots por parte de Aerom\u00e9xico.<\/p>\n<p>Las aerol\u00edneas Jetblue y VivaAerobus fueron las siguientes en quedarse con los slots (horarios de aterrizaje y despegue) que dej\u00f3 Aerom\u00e9xico en el Aeropuerto Internacional de la Ciudad de M\u00e9xico (AICM) como parte de su alianza con la estadounidense Delta, como se dijo en <em><strong>NITU.mx<\/strong><\/em>.\u00a0(<a title=\"Jetblue y VivaAerobus se quedan con slots de Aerom\u00e9xico\" href=\"http:\/\/www.dev.nitu.mx\/index.php\/2017\/03\/01\/jetblue-y-vivaaerobus-se-quedan-con-slots-de-aeromexico\/\" rel=\"bookmark\">Jetblue y VivaAerobus se quedan con slots de Aerom\u00e9xico<\/a>).<\/p>\n<p>Fuentes allegadas al proceso, confirmaron que la primera firma obtuvo tres pares, mientras que la mexicana se qued\u00f3 con un par.<\/p>\n<p>Por lo que, est\u00e1s aerol\u00edneas se suman a Volaris que se qued\u00f3 con dos y Alaska Airlines con igual n\u00famero de franjas horarias en el AICM, como lo informamos en <strong><em>NITU.mx<\/em><\/strong>.\u00a0(<a title=\"Volaris se queda con dos slots de Aerom\u00e9xico en AICM\" href=\"http:\/\/www.dev.nitu.mx\/index.php\/2017\/02\/27\/volaris-se-queda-con-dos-slots-de-aeromexico\/\" rel=\"bookmark\">Volaris se queda con dos slots de Aerom\u00e9xico en AICM<\/a>).<\/p>\n<p>Aerom\u00e9xico ocupa el lugar 59 del ranking de <em>Las 500 empresas m\u00e1s importantes de M\u00e9xico de Expansi\u00f3n<\/em>, mientras que Volaris se sit\u00faa en el puesto 147.<\/p>\n","protected":false},"excerpt":{"rendered":"<p>La pelea por el mercado nacional de pasajeros fue ganada por Aerom\u00e9xico en febrero, luego que el triunfo se lo llev\u00f3 Volaris en el primer mes del a\u00f1o. La aerol\u00ednea bandera de M\u00e9xico traslad\u00f3 a 973\u00a0mil personas en el pa\u00eds, cifra 4.8 por ciento mayor que el mismo mes de 2016. Por su parte, Volaris [&hellip;]<\/p>\n","protected":false},"author":17,"featured_media":7029,"comment_status":"open","ping_status":"open","sticky":false,"template":"","format":"standard","meta":{"footnotes":""},"categories":[29,6],"tags":[30,1342,131],"yoast_head":"<!-- This site is optimized with the Yoast SEO plugin v22.2 - https:\/\/yoast.com\/wordpress\/plugins\/seo\/ -->\n<title>En febrero, Aerom\u00e9xico recuper\u00f3 el primer lugar en transporte de pasajeros nacionales - Nitu - Noticias de la Industria Turistica<\/title>\n<meta name=\"description\" content=\"Aerom\u00e9xico traslad\u00f3 a 973 mil personas en el pa\u00eds, cifra 4.8 por ciento mayor que el mismo mes de 2016, luego que el triunfo se lo llev\u00f3 Volaris en enero.\" \/>\n<meta name=\"robots\" content=\"index, follow, max-snippet:-1, max-image-preview:large, max-video-preview:-1\" \/>\n<link rel=\"canonical\" href=\"https:\/\/nitu.mx\/index.php\/2017\/03\/07\/en-febrero-aeromexico-recupero-el-primer-lugar-en-transporte-de-pasajeros-nacionales\/\" \/>\n<meta name=\"twitter:card\" content=\"summary_large_image\" \/>\n<meta name=\"twitter:title\" content=\"En febrero, Aerom\u00e9xico recuper\u00f3 el primer lugar en transporte de pasajeros nacionales - Nitu - Noticias de la Industria Turistica\" \/>\n<meta name=\"twitter:description\" content=\"Aerom\u00e9xico traslad\u00f3 a 973 mil personas en el pa\u00eds, cifra 4.8 por ciento mayor que el mismo mes de 2016, luego que el triunfo se lo llev\u00f3 Volaris en enero.\" \/>\n<meta name=\"twitter:image\" content=\"https:\/\/nitu.mx\/wp-content\/uploads\/2017\/02\/aeromexico-tarifas.jpg\" \/>\n<meta name=\"twitter:creator\" content=\"@NITUmx\" \/>\n<meta name=\"twitter:site\" content=\"@Arturo_Medina_G\" \/>\n<meta name=\"twitter:label1\" content=\"Escrito por\" \/>\n\t<meta name=\"twitter:data1\" content=\"Redacci\u00f3n\" \/>\n\t<meta name=\"twitter:label2\" content=\"Tiempo de lectura\" \/>\n\t<meta name=\"twitter:data2\" content=\"2 minutos\" \/>\n<script type=\"application\/ld+json\" class=\"yoast-schema-graph\">{\"@context\":\"https:\/\/schema.org\",\"@graph\":[{\"@type\":\"Article\",\"@id\":\"https:\/\/nitu.mx\/index.php\/2017\/03\/07\/en-febrero-aeromexico-recupero-el-primer-lugar-en-transporte-de-pasajeros-nacionales\/#article\",\"isPartOf\":{\"@id\":\"https:\/\/nitu.mx\/index.php\/2017\/03\/07\/en-febrero-aeromexico-recupero-el-primer-lugar-en-transporte-de-pasajeros-nacionales\/\"},\"author\":{\"name\":\"Redacci\u00f3n\",\"@id\":\"https:\/\/nitu.mx\/#\/schema\/person\/4a28fe9bd65924f7c90623773daf1b0b\"},\"headline\":\"En febrero, Aerom\u00e9xico recuper\u00f3 el primer lugar en transporte de pasajeros nacionales\",\"datePublished\":\"2017-03-08T03:44:49+00:00\",\"dateModified\":\"2017-03-08T07:31:39+00:00\",\"mainEntityOfPage\":{\"@id\":\"https:\/\/nitu.mx\/index.php\/2017\/03\/07\/en-febrero-aeromexico-recupero-el-primer-lugar-en-transporte-de-pasajeros-nacionales\/\"},\"wordCount\":317,\"commentCount\":0,\"publisher\":{\"@id\":\"https:\/\/nitu.mx\/#\/schema\/person\/ae7a53426417292d3dd07b45a33e01bc\"},\"image\":{\"@id\":\"https:\/\/nitu.mx\/index.php\/2017\/03\/07\/en-febrero-aeromexico-recupero-el-primer-lugar-en-transporte-de-pasajeros-nacionales\/#primaryimage\"},\"thumbnailUrl\":\"https:\/\/nitu.mx\/wp-content\/uploads\/2017\/02\/aeromexico-tarifas.jpg\",\"keywords\":[\"Aerom\u00e9xico\",\"Aeropuerto Internacional de la Ciudad de M\u00e9xico (AICM)\",\"Volaris\"],\"articleSection\":[\"Aerol\u00edneas\",\"M\u00e9xico\"],\"inLanguage\":\"es-MX\",\"potentialAction\":[{\"@type\":\"CommentAction\",\"name\":\"Comment\",\"target\":[\"https:\/\/nitu.mx\/index.php\/2017\/03\/07\/en-febrero-aeromexico-recupero-el-primer-lugar-en-transporte-de-pasajeros-nacionales\/#respond\"]}]},{\"@type\":\"WebPage\",\"@id\":\"https:\/\/nitu.mx\/index.php\/2017\/03\/07\/en-febrero-aeromexico-recupero-el-primer-lugar-en-transporte-de-pasajeros-nacionales\/\",\"url\":\"https:\/\/nitu.mx\/index.php\/2017\/03\/07\/en-febrero-aeromexico-recupero-el-primer-lugar-en-transporte-de-pasajeros-nacionales\/\",\"name\":\"En febrero, Aerom\u00e9xico recuper\u00f3 el primer lugar en transporte de pasajeros nacionales - Nitu - Noticias de la Industria Turistica\",\"isPartOf\":{\"@id\":\"https:\/\/nitu.mx\/#website\"},\"primaryImageOfPage\":{\"@id\":\"https:\/\/nitu.mx\/index.php\/2017\/03\/07\/en-febrero-aeromexico-recupero-el-primer-lugar-en-transporte-de-pasajeros-nacionales\/#primaryimage\"},\"image\":{\"@id\":\"https:\/\/nitu.mx\/index.php\/2017\/03\/07\/en-febrero-aeromexico-recupero-el-primer-lugar-en-transporte-de-pasajeros-nacionales\/#primaryimage\"},\"thumbnailUrl\":\"https:\/\/nitu.mx\/wp-content\/uploads\/2017\/02\/aeromexico-tarifas.jpg\",\"datePublished\":\"2017-03-08T03:44:49+00:00\",\"dateModified\":\"2017-03-08T07:31:39+00:00\",\"description\":\"Aerom\u00e9xico traslad\u00f3 a 973 mil personas en el pa\u00eds, cifra 4.8 por ciento mayor que el mismo mes de 2016, luego que el triunfo se lo llev\u00f3 Volaris en enero.\",\"breadcrumb\":{\"@id\":\"https:\/\/nitu.mx\/index.php\/2017\/03\/07\/en-febrero-aeromexico-recupero-el-primer-lugar-en-transporte-de-pasajeros-nacionales\/#breadcrumb\"},\"inLanguage\":\"es-MX\",\"potentialAction\":[{\"@type\":\"ReadAction\",\"target\":[\"https:\/\/nitu.mx\/index.php\/2017\/03\/07\/en-febrero-aeromexico-recupero-el-primer-lugar-en-transporte-de-pasajeros-nacionales\/\"]}]},{\"@type\":\"ImageObject\",\"inLanguage\":\"es-MX\",\"@id\":\"https:\/\/nitu.mx\/index.php\/2017\/03\/07\/en-febrero-aeromexico-recupero-el-primer-lugar-en-transporte-de-pasajeros-nacionales\/#primaryimage\",\"url\":\"https:\/\/nitu.mx\/wp-content\/uploads\/2017\/02\/aeromexico-tarifas.jpg\",\"contentUrl\":\"https:\/\/nitu.mx\/wp-content\/uploads\/2017\/02\/aeromexico-tarifas.jpg\",\"width\":850,\"height\":480,\"caption\":\"aeromexico\"},{\"@type\":\"BreadcrumbList\",\"@id\":\"https:\/\/nitu.mx\/index.php\/2017\/03\/07\/en-febrero-aeromexico-recupero-el-primer-lugar-en-transporte-de-pasajeros-nacionales\/#breadcrumb\",\"itemListElement\":[{\"@type\":\"ListItem\",\"position\":1,\"name\":\"Inicio\",\"item\":\"https:\/\/nitu.mx\/\"},{\"@type\":\"ListItem\",\"position\":2,\"name\":\"En febrero, Aerom\u00e9xico recuper\u00f3 el primer lugar en transporte de pasajeros nacionales\"}]},{\"@type\":\"WebSite\",\"@id\":\"https:\/\/nitu.mx\/#website\",\"url\":\"https:\/\/nitu.mx\/\",\"name\":\"Nitu - Noticias de la Industria Turistica\",\"description\":\"Noticias de la Industria Turistica\",\"publisher\":{\"@id\":\"https:\/\/nitu.mx\/#\/schema\/person\/ae7a53426417292d3dd07b45a33e01bc\"},\"alternateName\":\"Noticias de la Industria Turistica\",\"potentialAction\":[{\"@type\":\"SearchAction\",\"target\":{\"@type\":\"EntryPoint\",\"urlTemplate\":\"https:\/\/nitu.mx\/?s={search_term_string}\"},\"query-input\":\"required name=search_term_string\"}],\"inLanguage\":\"es-MX\"},{\"@type\":[\"Person\",\"Organization\"],\"@id\":\"https:\/\/nitu.mx\/#\/schema\/person\/ae7a53426417292d3dd07b45a33e01bc\",\"name\":\"Arturo Medina\",\"image\":{\"@type\":\"ImageObject\",\"inLanguage\":\"es-MX\",\"@id\":\"https:\/\/nitu.mx\/#\/schema\/person\/image\/\",\"url\":\"https:\/\/nitu.mx\/wp-content\/uploads\/2024\/04\/4A315622-1904-4D5C-B022-878CDC840E04-90x90-1.jpeg\",\"contentUrl\":\"https:\/\/nitu.mx\/wp-content\/uploads\/2024\/04\/4A315622-1904-4D5C-B022-878CDC840E04-90x90-1.jpeg\",\"width\":90,\"height\":90,\"caption\":\"Arturo Medina\"},\"logo\":{\"@id\":\"https:\/\/nitu.mx\/#\/schema\/person\/image\/\"},\"description\":\"Director NITU.mx, Egresado de la Escuela de Periodismo Carlos Septi\u00e9n Garc\u00eda. Periodista y analista especializado en turismo desde hace 35 a\u00f1os, radicado en Canc\u00fan Q.Roo. arturo@nitu.mx\",\"sameAs\":[\"https:\/\/nitu.mx\",\"https:\/\/www.facebook.com\/NITUmx\/\",\"medinacancun\",\"https:\/\/twitter.com\/@Arturo_Medina_G\"]},{\"@type\":\"Person\",\"@id\":\"https:\/\/nitu.mx\/#\/schema\/person\/4a28fe9bd65924f7c90623773daf1b0b\",\"name\":\"Redacci\u00f3n\",\"image\":{\"@type\":\"ImageObject\",\"inLanguage\":\"es-MX\",\"@id\":\"https:\/\/nitu.mx\/#\/schema\/person\/image\/\",\"url\":\"https:\/\/secure.gravatar.com\/avatar\/5dd011c8ccfc5cd7e4c81e42252aab38?s=96&d=mm&r=g\",\"contentUrl\":\"https:\/\/secure.gravatar.com\/avatar\/5dd011c8ccfc5cd7e4c81e42252aab38?s=96&d=mm&r=g\",\"caption\":\"Redacci\u00f3n\"},\"url\":\"https:\/\/nitu.mx\/index.php\/author\/redaccion\/\"}]}<\/script>\n<!-- \/ Yoast SEO plugin. -->","yoast_head_json":{"title":"En febrero, Aerom\u00e9xico recuper\u00f3 el primer lugar en transporte de pasajeros nacionales - Nitu - Noticias de la Industria Turistica","description":"Aerom\u00e9xico traslad\u00f3 a 973 mil personas en el pa\u00eds, cifra 4.8 por ciento mayor que el mismo mes de 2016, luego que el triunfo se lo llev\u00f3 Volaris en enero.","robots":{"index":"index","follow":"follow","max-snippet":"max-snippet:-1","max-image-preview":"max-image-preview:large","max-video-preview":"max-video-preview:-1"},"canonical":"https:\/\/nitu.mx\/index.php\/2017\/03\/07\/en-febrero-aeromexico-recupero-el-primer-lugar-en-transporte-de-pasajeros-nacionales\/","twitter_card":"summary_large_image","twitter_title":"En febrero, Aerom\u00e9xico recuper\u00f3 el primer lugar en transporte de pasajeros nacionales - Nitu - Noticias de la Industria Turistica","twitter_description":"Aerom\u00e9xico traslad\u00f3 a 973 mil personas en el pa\u00eds, cifra 4.8 por ciento mayor que el mismo mes de 2016, luego que el triunfo se lo llev\u00f3 Volaris en enero.","twitter_image":"https:\/\/nitu.mx\/wp-content\/uploads\/2017\/02\/aeromexico-tarifas.jpg","twitter_creator":"@NITUmx","twitter_site":"@Arturo_Medina_G","twitter_misc":{"Escrito por":"Redacci\u00f3n","Tiempo de lectura":"2 minutos"},"schema":{"@context":"https:\/\/schema.org","@graph":[{"@type":"Article","@id":"https:\/\/nitu.mx\/index.php\/2017\/03\/07\/en-febrero-aeromexico-recupero-el-primer-lugar-en-transporte-de-pasajeros-nacionales\/#article","isPartOf":{"@id":"https:\/\/nitu.mx\/index.php\/2017\/03\/07\/en-febrero-aeromexico-recupero-el-primer-lugar-en-transporte-de-pasajeros-nacionales\/"},"author":{"name":"Redacci\u00f3n","@id":"https:\/\/nitu.mx\/#\/schema\/person\/4a28fe9bd65924f7c90623773daf1b0b"},"headline":"En febrero, Aerom\u00e9xico recuper\u00f3 el primer lugar en transporte de pasajeros nacionales","datePublished":"2017-03-08T03:44:49+00:00","dateModified":"2017-03-08T07:31:39+00:00","mainEntityOfPage":{"@id":"https:\/\/nitu.mx\/index.php\/2017\/03\/07\/en-febrero-aeromexico-recupero-el-primer-lugar-en-transporte-de-pasajeros-nacionales\/"},"wordCount":317,"commentCount":0,"publisher":{"@id":"https:\/\/nitu.mx\/#\/schema\/person\/ae7a53426417292d3dd07b45a33e01bc"},"image":{"@id":"https:\/\/nitu.mx\/index.php\/2017\/03\/07\/en-febrero-aeromexico-recupero-el-primer-lugar-en-transporte-de-pasajeros-nacionales\/#primaryimage"},"thumbnailUrl":"https:\/\/nitu.mx\/wp-content\/uploads\/2017\/02\/aeromexico-tarifas.jpg","keywords":["Aerom\u00e9xico","Aeropuerto Internacional de la Ciudad de M\u00e9xico (AICM)","Volaris"],"articleSection":["Aerol\u00edneas","M\u00e9xico"],"inLanguage":"es-MX","potentialAction":[{"@type":"CommentAction","name":"Comment","target":["https:\/\/nitu.mx\/index.php\/2017\/03\/07\/en-febrero-aeromexico-recupero-el-primer-lugar-en-transporte-de-pasajeros-nacionales\/#respond"]}]},{"@type":"WebPage","@id":"https:\/\/nitu.mx\/index.php\/2017\/03\/07\/en-febrero-aeromexico-recupero-el-primer-lugar-en-transporte-de-pasajeros-nacionales\/","url":"https:\/\/nitu.mx\/index.php\/2017\/03\/07\/en-febrero-aeromexico-recupero-el-primer-lugar-en-transporte-de-pasajeros-nacionales\/","name":"En febrero, Aerom\u00e9xico recuper\u00f3 el primer lugar en transporte de pasajeros nacionales - Nitu - Noticias de la Industria Turistica","isPartOf":{"@id":"https:\/\/nitu.mx\/#website"},"primaryImageOfPage":{"@id":"https:\/\/nitu.mx\/index.php\/2017\/03\/07\/en-febrero-aeromexico-recupero-el-primer-lugar-en-transporte-de-pasajeros-nacionales\/#primaryimage"},"image":{"@id":"https:\/\/nitu.mx\/index.php\/2017\/03\/07\/en-febrero-aeromexico-recupero-el-primer-lugar-en-transporte-de-pasajeros-nacionales\/#primaryimage"},"thumbnailUrl":"https:\/\/nitu.mx\/wp-content\/uploads\/2017\/02\/aeromexico-tarifas.jpg","datePublished":"2017-03-08T03:44:49+00:00","dateModified":"2017-03-08T07:31:39+00:00","description":"Aerom\u00e9xico traslad\u00f3 a 973 mil personas en el pa\u00eds, cifra 4.8 por ciento mayor que el mismo mes de 2016, luego que el triunfo se lo llev\u00f3 Volaris en enero.","breadcrumb":{"@id":"https:\/\/nitu.mx\/index.php\/2017\/03\/07\/en-febrero-aeromexico-recupero-el-primer-lugar-en-transporte-de-pasajeros-nacionales\/#breadcrumb"},"inLanguage":"es-MX","potentialAction":[{"@type":"ReadAction","target":["https:\/\/nitu.mx\/index.php\/2017\/03\/07\/en-febrero-aeromexico-recupero-el-primer-lugar-en-transporte-de-pasajeros-nacionales\/"]}]},{"@type":"ImageObject","inLanguage":"es-MX","@id":"https:\/\/nitu.mx\/index.php\/2017\/03\/07\/en-febrero-aeromexico-recupero-el-primer-lugar-en-transporte-de-pasajeros-nacionales\/#primaryimage","url":"https:\/\/nitu.mx\/wp-content\/uploads\/2017\/02\/aeromexico-tarifas.jpg","contentUrl":"https:\/\/nitu.mx\/wp-content\/uploads\/2017\/02\/aeromexico-tarifas.jpg","width":850,"height":480,"caption":"aeromexico"},{"@type":"BreadcrumbList","@id":"https:\/\/nitu.mx\/index.php\/2017\/03\/07\/en-febrero-aeromexico-recupero-el-primer-lugar-en-transporte-de-pasajeros-nacionales\/#breadcrumb","itemListElement":[{"@type":"ListItem","position":1,"name":"Inicio","item":"https:\/\/nitu.mx\/"},{"@type":"ListItem","position":2,"name":"En febrero, Aerom\u00e9xico recuper\u00f3 el primer lugar en transporte de pasajeros nacionales"}]},{"@type":"WebSite","@id":"https:\/\/nitu.mx\/#website","url":"https:\/\/nitu.mx\/","name":"Nitu - Noticias de la Industria Turistica","description":"Noticias de la Industria Turistica","publisher":{"@id":"https:\/\/nitu.mx\/#\/schema\/person\/ae7a53426417292d3dd07b45a33e01bc"},"alternateName":"Noticias de la Industria Turistica","potentialAction":[{"@type":"SearchAction","target":{"@type":"EntryPoint","urlTemplate":"https:\/\/nitu.mx\/?s={search_term_string}"},"query-input":"required name=search_term_string"}],"inLanguage":"es-MX"},{"@type":["Person","Organization"],"@id":"https:\/\/nitu.mx\/#\/schema\/person\/ae7a53426417292d3dd07b45a33e01bc","name":"Arturo Medina","image":{"@type":"ImageObject","inLanguage":"es-MX","@id":"https:\/\/nitu.mx\/#\/schema\/person\/image\/","url":"https:\/\/nitu.mx\/wp-content\/uploads\/2024\/04\/4A315622-1904-4D5C-B022-878CDC840E04-90x90-1.jpeg","contentUrl":"https:\/\/nitu.mx\/wp-content\/uploads\/2024\/04\/4A315622-1904-4D5C-B022-878CDC840E04-90x90-1.jpeg","width":90,"height":90,"caption":"Arturo Medina"},"logo":{"@id":"https:\/\/nitu.mx\/#\/schema\/person\/image\/"},"description":"Director NITU.mx, Egresado de la Escuela de Periodismo Carlos Septi\u00e9n Garc\u00eda. Periodista y analista especializado en turismo desde hace 35 a\u00f1os, radicado en Canc\u00fan Q.Roo. arturo@nitu.mx","sameAs":["https:\/\/nitu.mx","https:\/\/www.facebook.com\/NITUmx\/","medinacancun","https:\/\/twitter.com\/@Arturo_Medina_G"]},{"@type":"Person","@id":"https:\/\/nitu.mx\/#\/schema\/person\/4a28fe9bd65924f7c90623773daf1b0b","name":"Redacci\u00f3n","image":{"@type":"ImageObject","inLanguage":"es-MX","@id":"https:\/\/nitu.mx\/#\/schema\/person\/image\/","url":"https:\/\/secure.gravatar.com\/avatar\/5dd011c8ccfc5cd7e4c81e42252aab38?s=96&d=mm&r=g","contentUrl":"https:\/\/secure.gravatar.com\/avatar\/5dd011c8ccfc5cd7e4c81e42252aab38?s=96&d=mm&r=g","caption":"Redacci\u00f3n"},"url":"https:\/\/nitu.mx\/index.php\/author\/redaccion\/"}]}},"views":227,"_links":{"self":[{"href":"https:\/\/nitu.mx\/index.php\/wp-json\/wp\/v2\/posts\/7588"}],"collection":[{"href":"https:\/\/nitu.mx\/index.php\/wp-json\/wp\/v2\/posts"}],"about":[{"href":"https:\/\/nitu.mx\/index.php\/wp-json\/wp\/v2\/types\/post"}],"author":[{"embeddable":true,"href":"https:\/\/nitu.mx\/index.php\/wp-json\/wp\/v2\/users\/17"}],"replies":[{"embeddable":true,"href":"https:\/\/nitu.mx\/index.php\/wp-json\/wp\/v2\/comments?post=7588"}],"version-history":[{"count":3,"href":"https:\/\/nitu.mx\/index.php\/wp-json\/wp\/v2\/posts\/7588\/revisions"}],"predecessor-version":[{"id":7608,"href":"https:\/\/nitu.mx\/index.php\/wp-json\/wp\/v2\/posts\/7588\/revisions\/7608"}],"wp:featuredmedia":[{"embeddable":true,"href":"https:\/\/nitu.mx\/index.php\/wp-json\/wp\/v2\/media\/7029"}],"wp:attachment":[{"href":"https:\/\/nitu.mx\/index.php\/wp-json\/wp\/v2\/media?parent=7588"}],"wp:term":[{"taxonomy":"category","embeddable":true,"href":"https:\/\/nitu.mx\/index.php\/wp-json\/wp\/v2\/categories?post=7588"},{"taxonomy":"post_tag","embeddable":true,"href":"https:\/\/nitu.mx\/index.php\/wp-json\/wp\/v2\/tags?post=7588"}],"curies":[{"name":"wp","href":"https:\/\/api.w.org\/{rel}","templated":true}]}}