{"id":75848,"date":"2024-10-17T20:22:59","date_gmt":"2024-10-18T02:22:59","guid":{"rendered":"https:\/\/nitu.mx\/?p=75848"},"modified":"2024-10-17T20:23:00","modified_gmt":"2024-10-18T02:23:00","slug":"la-metro-apuesta-por-la-capacitacion-en-tecnologia-para-agentes-de-viajes","status":"publish","type":"post","link":"https:\/\/nitu.mx\/index.php\/2024\/10\/17\/la-metro-apuesta-por-la-capacitacion-en-tecnologia-para-agentes-de-viajes\/","title":{"rendered":"La Metro apuesta por la capacitaci\u00f3n en tecnolog\u00eda para agentes de viajes"},"content":{"rendered":"\n<p>La presidenta de la Asociaci\u00f3n Metropolitana de Agencias de Viajes (La Metro), Alicia Mej\u00eda, afirm\u00f3 que la industria tur\u00edstica est\u00e1 en un momento crucial que exige a quienes forman parte de ella, estar preparados ante los retos que vienen con un nuevo gobierno, as\u00ed como los cambios tecnol\u00f3gicos.<\/p>\n\n\n\n<p>Al encabezar el 6\u00ba Encuentro de Promoci\u00f3n Tur\u00edstica 2024, Alicia Mej\u00eda destac\u00f3 que ha sido un a\u00f1o muy productivo, y la llegada del nuevo gobierno hace necesario a entablar un di\u00e1logo con las autoridades para asegurar que las necesidades de nuestra industria formen parte de la agenda p\u00fablica, para lo cual es necesario unir nuestras voces.<\/p>\n\n\n\n<p>Respecto a la tecnolog\u00eda, la presidenta de La Metro reiter\u00f3 que \u00e9sta avanza a pasos agigantados transformando la manera en la que trabajamos, nos comunicamos y especialmente c\u00f3mo los turistas planifican sus viajes.<\/p>\n\n\n\n<p>\u201cHoy nuestros clientes tienen m\u00e1s informaci\u00f3n al alcance, lo que nos obliga a reinventar la manera en la que trabajamos. La tecnolog\u00eda no s\u00f3lo es una herramienta, sino tambi\u00e9n la posibilidad de mejorar las experiencias de los viajeros. Si no estamos dispuestos a adaptarnos, corremos el riesgo de desaparecer. En este encuentro, tenemos la oportunidad de fortalecer nuestras alianzas, compartir nuestras vivencias y entendernos unos a otros por lo que los invito a aprovechar cada momento\u201d, coment\u00f3.<\/p>\n\n\n\n<p>En el marco del 6\u00ba Encuentro de Promoci\u00f3n Tur\u00edstica 2024 de La Metro, Olga Contreras, gerente de Ventas M\u00e9xico de Amadeus, cedi\u00f3 la palabra a Fernando Mercado, quien explic\u00f3 la tendencia evolutiva aeroportuaria, como el primer paso en la experiencia de viaje para el pasajero. Expuso las innovaciones en cuanto a an\u00e1lisis de datos, plataformas integrales que concentran informaci\u00f3n en un solo sitio, as\u00ed como el uso de la Inteligencia Artificial y datos biom\u00e9tricos, que facilitan los procesos en aeropuertos y aerol\u00edneas en beneficio de los pasajeros.<\/p>\n\n\n\n<p>A su vez, Leaslie G\u00f3mez, gerente de Ventas de Hoteles Buenaventura, present\u00f3 las tres propiedades que tiene el grupo en Puerto Vallarta: Hacienda Buenaventura con 155 habitaciones, Buenaventura Grand Hotel, en el centro de este destino y 233 habitaciones; ambos en plan Todo Incluido; adem\u00e1s de Villa Premiere, hotel boutique solo para adultos.<\/p>\n\n\n\n<p>Por su parte, Norma Mart\u00ednez, gerente de Agencias de Viajes Regi\u00f3n Centro de Aerom\u00e9xico y representante de SkyTeam, resalt\u00f3 la importancia de esta alianza que representa el 90% del tr\u00e1fico del mundo, al conectar en 1,053 destinos a m\u00e1s de 342 millones de pasajeros, los cuales pueden disfrutar beneficios como programas de lealtad, salas VIP, entre otros.<\/p>\n\n\n\n<p>Asimismo, David Lara, asesor legal de La Metro, present\u00f3 a Alberto Guti\u00e9rrez, quien brind\u00f3 una amplia explicaci\u00f3n en materia de Recursos Humanos, que ser\u00e1 de gran utilidad para los socios de esta asociaci\u00f3n, para optimizar el manejo de su capital humano.<\/p>\n\n\n\n<p>Como parte de la labor social de la Asociaci\u00f3n, Ana Elena Fern\u00e1ndez, de la Fundaci\u00f3n Puerta Abierta IAP para Adolescentes y Ni\u00f1as Maltratadas, habl\u00f3 de las acciones que llevan a cabo para apoyar a las v\u00edctimas, e invit\u00f3 a los socios a contribuir con experiencias de viaje o tarifas preferenciales que contribuyan con esta misi\u00f3n.<\/p>\n\n\n\n<p>Adem\u00e1s, en el mes de la Lucha Contra en C\u00e1ncer de Mama, se invit\u00f3 a reflexionar sobre la importancia de la autoexploraci\u00f3n y la revisi\u00f3n m\u00e9dica, para reducir los riesgos de este problema de salud.<\/p>\n\n\n\n<p>Alicia Mej\u00eda dio la bienvenida a los nuevos socios de La Metro, Lourdes Robleda, directora de Mundo Sibarita; Hanna Richardier, directora de Nosotras Viajando; Edgard Castillo, country manager M\u00e9xico y Caribe de Rate Hawk; Paola Hern\u00e1ndez, sales &amp; marketing Head de Carnival Cruise; y Alicia Ter\u00e1n Rivera, directora de Alianzas Comerciales de Nosotras Viajando.<\/p>\n\n\n\n<p>En el 6\u00ba Encuentro de Promoci\u00f3n Tur\u00edstica 2024 tambi\u00e9n asistieron Olga Pulido, directora general de Olga Pulido South Pacific Tours; y Sylvia Lorena Seraf\u00edn Gonz\u00e1lez, coordinadora general de Administraci\u00f3n y Finanzas del Fideicomiso de Promoci\u00f3n Tur\u00edstica de Nayarit (FIPROTUR).<\/p>\n\n\n\n<p>La presidenta de la METRO agradeci\u00f3 a los socios, patrocinadores y medios de comunicaci\u00f3n que formaron parte de este importante Encuentro. (<a href=\"https:\/\/nitu.mx\/index.php\/2024\/07\/17\/unidad-e-integracion-destaca-en-el-5o-encuentro-de-promocion-turistica-de-la-metro\/\">Unidad e integraci\u00f3n destaca en el 5o Encuentro de Promoci\u00f3n Tur\u00edstica de La Metro<\/a>).<\/p>\n","protected":false},"excerpt":{"rendered":"<p>La presidenta de la Asociaci\u00f3n Metropolitana de Agencias de Viajes (La Metro), Alicia Mej\u00eda, afirm\u00f3 que la industria tur\u00edstica est\u00e1 en un momento crucial que exige a quienes forman parte de ella, estar preparados ante los retos que vienen con un nuevo gobierno, as\u00ed como los cambios tecnol\u00f3gicos. Al encabezar el 6\u00ba Encuentro de Promoci\u00f3n [&hellip;]<\/p>\n","protected":false},"author":18,"featured_media":75851,"comment_status":"open","ping_status":"open","sticky":false,"template":"","format":"standard","meta":{"footnotes":""},"categories":[3],"tags":[1123,632,26303,18563,5543,5867],"yoast_head":"<!-- This site is optimized with the Yoast SEO plugin v22.2 - https:\/\/yoast.com\/wordpress\/plugins\/seo\/ -->\n<title>La Metro apuesta por la capacitaci\u00f3n en tecnolog\u00eda para agentes de viajes - Nitu - Noticias de la Industria Turistica<\/title>\n<meta name=\"robots\" content=\"index, follow, max-snippet:-1, max-image-preview:large, max-video-preview:-1\" \/>\n<link rel=\"canonical\" href=\"https:\/\/nitu.mx\/index.php\/2024\/10\/17\/la-metro-apuesta-por-la-capacitacion-en-tecnologia-para-agentes-de-viajes\/\" \/>\n<meta name=\"twitter:card\" content=\"summary_large_image\" \/>\n<meta name=\"twitter:title\" content=\"La Metro apuesta por la capacitaci\u00f3n en tecnolog\u00eda para agentes de viajes - Nitu - Noticias de la Industria Turistica\" \/>\n<meta name=\"twitter:description\" content=\"La presidenta de la Asociaci\u00f3n Metropolitana de Agencias de Viajes (La Metro), Alicia Mej\u00eda, afirm\u00f3 que la industria tur\u00edstica est\u00e1 en un momento crucial que exige a quienes forman parte de ella, estar preparados ante los retos que vienen con un nuevo gobierno, as\u00ed como los cambios tecnol\u00f3gicos. Al encabezar el 6\u00ba Encuentro de Promoci\u00f3n [&hellip;]\" \/>\n<meta name=\"twitter:image\" content=\"https:\/\/nitu.mx\/wp-content\/uploads\/2024\/10\/La-Metro-6o-encuentro.jpg\" \/>\n<meta name=\"twitter:creator\" content=\"@NITUmx\" \/>\n<meta name=\"twitter:site\" content=\"@Arturo_Medina_G\" \/>\n<meta name=\"twitter:label1\" content=\"Escrito por\" \/>\n\t<meta name=\"twitter:data1\" content=\"Guadalupe Sixto\" \/>\n\t<meta name=\"twitter:label2\" content=\"Tiempo de lectura\" \/>\n\t<meta name=\"twitter:data2\" content=\"4 minutos\" \/>\n<script type=\"application\/ld+json\" class=\"yoast-schema-graph\">{\"@context\":\"https:\/\/schema.org\",\"@graph\":[{\"@type\":\"Article\",\"@id\":\"https:\/\/nitu.mx\/index.php\/2024\/10\/17\/la-metro-apuesta-por-la-capacitacion-en-tecnologia-para-agentes-de-viajes\/#article\",\"isPartOf\":{\"@id\":\"https:\/\/nitu.mx\/index.php\/2024\/10\/17\/la-metro-apuesta-por-la-capacitacion-en-tecnologia-para-agentes-de-viajes\/\"},\"author\":{\"name\":\"Guadalupe Sixto\",\"@id\":\"https:\/\/nitu.mx\/#\/schema\/person\/3df3082b5e46037e3f13614d28ee0b77\"},\"headline\":\"La Metro apuesta por la capacitaci\u00f3n en tecnolog\u00eda para agentes de viajes\",\"datePublished\":\"2024-10-18T02:22:59+00:00\",\"dateModified\":\"2024-10-18T02:23:00+00:00\",\"mainEntityOfPage\":{\"@id\":\"https:\/\/nitu.mx\/index.php\/2024\/10\/17\/la-metro-apuesta-por-la-capacitacion-en-tecnologia-para-agentes-de-viajes\/\"},\"wordCount\":734,\"commentCount\":0,\"publisher\":{\"@id\":\"https:\/\/nitu.mx\/#\/schema\/person\/ae7a53426417292d3dd07b45a33e01bc\"},\"image\":{\"@id\":\"https:\/\/nitu.mx\/index.php\/2024\/10\/17\/la-metro-apuesta-por-la-capacitacion-en-tecnologia-para-agentes-de-viajes\/#primaryimage\"},\"thumbnailUrl\":\"https:\/\/nitu.mx\/wp-content\/uploads\/2024\/10\/La-Metro-6o-encuentro.jpg\",\"keywords\":[\"Alicia Mej\u00eda\",\"Amadeus\",\"Hoteles Buenaventura\",\"La Metro\",\"SkyTeam\",\"tecnolog\u00eda\"],\"articleSection\":[\"Agencias de Viajes\"],\"inLanguage\":\"es-MX\",\"potentialAction\":[{\"@type\":\"CommentAction\",\"name\":\"Comment\",\"target\":[\"https:\/\/nitu.mx\/index.php\/2024\/10\/17\/la-metro-apuesta-por-la-capacitacion-en-tecnologia-para-agentes-de-viajes\/#respond\"]}]},{\"@type\":\"WebPage\",\"@id\":\"https:\/\/nitu.mx\/index.php\/2024\/10\/17\/la-metro-apuesta-por-la-capacitacion-en-tecnologia-para-agentes-de-viajes\/\",\"url\":\"https:\/\/nitu.mx\/index.php\/2024\/10\/17\/la-metro-apuesta-por-la-capacitacion-en-tecnologia-para-agentes-de-viajes\/\",\"name\":\"La Metro apuesta por la capacitaci\u00f3n en tecnolog\u00eda para agentes de viajes - Nitu - Noticias de la Industria Turistica\",\"isPartOf\":{\"@id\":\"https:\/\/nitu.mx\/#website\"},\"primaryImageOfPage\":{\"@id\":\"https:\/\/nitu.mx\/index.php\/2024\/10\/17\/la-metro-apuesta-por-la-capacitacion-en-tecnologia-para-agentes-de-viajes\/#primaryimage\"},\"image\":{\"@id\":\"https:\/\/nitu.mx\/index.php\/2024\/10\/17\/la-metro-apuesta-por-la-capacitacion-en-tecnologia-para-agentes-de-viajes\/#primaryimage\"},\"thumbnailUrl\":\"https:\/\/nitu.mx\/wp-content\/uploads\/2024\/10\/La-Metro-6o-encuentro.jpg\",\"datePublished\":\"2024-10-18T02:22:59+00:00\",\"dateModified\":\"2024-10-18T02:23:00+00:00\",\"breadcrumb\":{\"@id\":\"https:\/\/nitu.mx\/index.php\/2024\/10\/17\/la-metro-apuesta-por-la-capacitacion-en-tecnologia-para-agentes-de-viajes\/#breadcrumb\"},\"inLanguage\":\"es-MX\",\"potentialAction\":[{\"@type\":\"ReadAction\",\"target\":[\"https:\/\/nitu.mx\/index.php\/2024\/10\/17\/la-metro-apuesta-por-la-capacitacion-en-tecnologia-para-agentes-de-viajes\/\"]}]},{\"@type\":\"ImageObject\",\"inLanguage\":\"es-MX\",\"@id\":\"https:\/\/nitu.mx\/index.php\/2024\/10\/17\/la-metro-apuesta-por-la-capacitacion-en-tecnologia-para-agentes-de-viajes\/#primaryimage\",\"url\":\"https:\/\/nitu.mx\/wp-content\/uploads\/2024\/10\/La-Metro-6o-encuentro.jpg\",\"contentUrl\":\"https:\/\/nitu.mx\/wp-content\/uploads\/2024\/10\/La-Metro-6o-encuentro.jpg\",\"width\":1200,\"height\":675,\"caption\":\"La Metro 6o encuentro\"},{\"@type\":\"BreadcrumbList\",\"@id\":\"https:\/\/nitu.mx\/index.php\/2024\/10\/17\/la-metro-apuesta-por-la-capacitacion-en-tecnologia-para-agentes-de-viajes\/#breadcrumb\",\"itemListElement\":[{\"@type\":\"ListItem\",\"position\":1,\"name\":\"Inicio\",\"item\":\"https:\/\/nitu.mx\/\"},{\"@type\":\"ListItem\",\"position\":2,\"name\":\"La Metro apuesta por la capacitaci\u00f3n en tecnolog\u00eda para agentes de viajes\"}]},{\"@type\":\"WebSite\",\"@id\":\"https:\/\/nitu.mx\/#website\",\"url\":\"https:\/\/nitu.mx\/\",\"name\":\"Nitu - Noticias de la Industria Turistica\",\"description\":\"Noticias de la Industria Turistica\",\"publisher\":{\"@id\":\"https:\/\/nitu.mx\/#\/schema\/person\/ae7a53426417292d3dd07b45a33e01bc\"},\"alternateName\":\"Noticias de la Industria Turistica\",\"potentialAction\":[{\"@type\":\"SearchAction\",\"target\":{\"@type\":\"EntryPoint\",\"urlTemplate\":\"https:\/\/nitu.mx\/?s={search_term_string}\"},\"query-input\":\"required name=search_term_string\"}],\"inLanguage\":\"es-MX\"},{\"@type\":[\"Person\",\"Organization\"],\"@id\":\"https:\/\/nitu.mx\/#\/schema\/person\/ae7a53426417292d3dd07b45a33e01bc\",\"name\":\"Arturo Medina\",\"image\":{\"@type\":\"ImageObject\",\"inLanguage\":\"es-MX\",\"@id\":\"https:\/\/nitu.mx\/#\/schema\/person\/image\/\",\"url\":\"https:\/\/nitu.mx\/wp-content\/uploads\/2024\/04\/4A315622-1904-4D5C-B022-878CDC840E04-90x90-1.jpeg\",\"contentUrl\":\"https:\/\/nitu.mx\/wp-content\/uploads\/2024\/04\/4A315622-1904-4D5C-B022-878CDC840E04-90x90-1.jpeg\",\"width\":90,\"height\":90,\"caption\":\"Arturo Medina\"},\"logo\":{\"@id\":\"https:\/\/nitu.mx\/#\/schema\/person\/image\/\"},\"description\":\"Director NITU.mx, Egresado de la Escuela de Periodismo Carlos Septi\u00e9n Garc\u00eda. Periodista y analista especializado en turismo desde hace 35 a\u00f1os, radicado en Canc\u00fan Q.Roo. arturo@nitu.mx\",\"sameAs\":[\"https:\/\/nitu.mx\",\"https:\/\/www.facebook.com\/NITUmx\/\",\"medinacancun\",\"https:\/\/twitter.com\/@Arturo_Medina_G\"]},{\"@type\":\"Person\",\"@id\":\"https:\/\/nitu.mx\/#\/schema\/person\/3df3082b5e46037e3f13614d28ee0b77\",\"name\":\"Guadalupe Sixto\",\"image\":{\"@type\":\"ImageObject\",\"inLanguage\":\"es-MX\",\"@id\":\"https:\/\/nitu.mx\/#\/schema\/person\/image\/\",\"url\":\"https:\/\/secure.gravatar.com\/avatar\/13914e1b0e1919e91f9539de4dc584c4?s=96&d=mm&r=g\",\"contentUrl\":\"https:\/\/secure.gravatar.com\/avatar\/13914e1b0e1919e91f9539de4dc584c4?s=96&d=mm&r=g\",\"caption\":\"Guadalupe Sixto\"},\"url\":\"https:\/\/nitu.mx\/index.php\/author\/gsixto\/\"}]}<\/script>\n<!-- \/ Yoast SEO plugin. -->","yoast_head_json":{"title":"La Metro apuesta por la capacitaci\u00f3n en tecnolog\u00eda para agentes de viajes - Nitu - Noticias de la Industria Turistica","robots":{"index":"index","follow":"follow","max-snippet":"max-snippet:-1","max-image-preview":"max-image-preview:large","max-video-preview":"max-video-preview:-1"},"canonical":"https:\/\/nitu.mx\/index.php\/2024\/10\/17\/la-metro-apuesta-por-la-capacitacion-en-tecnologia-para-agentes-de-viajes\/","twitter_card":"summary_large_image","twitter_title":"La Metro apuesta por la capacitaci\u00f3n en tecnolog\u00eda para agentes de viajes - Nitu - Noticias de la Industria Turistica","twitter_description":"La presidenta de la Asociaci\u00f3n Metropolitana de Agencias de Viajes (La Metro), Alicia Mej\u00eda, afirm\u00f3 que la industria tur\u00edstica est\u00e1 en un momento crucial que exige a quienes forman parte de ella, estar preparados ante los retos que vienen con un nuevo gobierno, as\u00ed como los cambios tecnol\u00f3gicos. Al encabezar el 6\u00ba Encuentro de Promoci\u00f3n [&hellip;]","twitter_image":"https:\/\/nitu.mx\/wp-content\/uploads\/2024\/10\/La-Metro-6o-encuentro.jpg","twitter_creator":"@NITUmx","twitter_site":"@Arturo_Medina_G","twitter_misc":{"Escrito por":"Guadalupe Sixto","Tiempo de lectura":"4 minutos"},"schema":{"@context":"https:\/\/schema.org","@graph":[{"@type":"Article","@id":"https:\/\/nitu.mx\/index.php\/2024\/10\/17\/la-metro-apuesta-por-la-capacitacion-en-tecnologia-para-agentes-de-viajes\/#article","isPartOf":{"@id":"https:\/\/nitu.mx\/index.php\/2024\/10\/17\/la-metro-apuesta-por-la-capacitacion-en-tecnologia-para-agentes-de-viajes\/"},"author":{"name":"Guadalupe Sixto","@id":"https:\/\/nitu.mx\/#\/schema\/person\/3df3082b5e46037e3f13614d28ee0b77"},"headline":"La Metro apuesta por la capacitaci\u00f3n en tecnolog\u00eda para agentes de viajes","datePublished":"2024-10-18T02:22:59+00:00","dateModified":"2024-10-18T02:23:00+00:00","mainEntityOfPage":{"@id":"https:\/\/nitu.mx\/index.php\/2024\/10\/17\/la-metro-apuesta-por-la-capacitacion-en-tecnologia-para-agentes-de-viajes\/"},"wordCount":734,"commentCount":0,"publisher":{"@id":"https:\/\/nitu.mx\/#\/schema\/person\/ae7a53426417292d3dd07b45a33e01bc"},"image":{"@id":"https:\/\/nitu.mx\/index.php\/2024\/10\/17\/la-metro-apuesta-por-la-capacitacion-en-tecnologia-para-agentes-de-viajes\/#primaryimage"},"thumbnailUrl":"https:\/\/nitu.mx\/wp-content\/uploads\/2024\/10\/La-Metro-6o-encuentro.jpg","keywords":["Alicia Mej\u00eda","Amadeus","Hoteles Buenaventura","La Metro","SkyTeam","tecnolog\u00eda"],"articleSection":["Agencias de Viajes"],"inLanguage":"es-MX","potentialAction":[{"@type":"CommentAction","name":"Comment","target":["https:\/\/nitu.mx\/index.php\/2024\/10\/17\/la-metro-apuesta-por-la-capacitacion-en-tecnologia-para-agentes-de-viajes\/#respond"]}]},{"@type":"WebPage","@id":"https:\/\/nitu.mx\/index.php\/2024\/10\/17\/la-metro-apuesta-por-la-capacitacion-en-tecnologia-para-agentes-de-viajes\/","url":"https:\/\/nitu.mx\/index.php\/2024\/10\/17\/la-metro-apuesta-por-la-capacitacion-en-tecnologia-para-agentes-de-viajes\/","name":"La Metro apuesta por la capacitaci\u00f3n en tecnolog\u00eda para agentes de viajes - Nitu - Noticias de la Industria Turistica","isPartOf":{"@id":"https:\/\/nitu.mx\/#website"},"primaryImageOfPage":{"@id":"https:\/\/nitu.mx\/index.php\/2024\/10\/17\/la-metro-apuesta-por-la-capacitacion-en-tecnologia-para-agentes-de-viajes\/#primaryimage"},"image":{"@id":"https:\/\/nitu.mx\/index.php\/2024\/10\/17\/la-metro-apuesta-por-la-capacitacion-en-tecnologia-para-agentes-de-viajes\/#primaryimage"},"thumbnailUrl":"https:\/\/nitu.mx\/wp-content\/uploads\/2024\/10\/La-Metro-6o-encuentro.jpg","datePublished":"2024-10-18T02:22:59+00:00","dateModified":"2024-10-18T02:23:00+00:00","breadcrumb":{"@id":"https:\/\/nitu.mx\/index.php\/2024\/10\/17\/la-metro-apuesta-por-la-capacitacion-en-tecnologia-para-agentes-de-viajes\/#breadcrumb"},"inLanguage":"es-MX","potentialAction":[{"@type":"ReadAction","target":["https:\/\/nitu.mx\/index.php\/2024\/10\/17\/la-metro-apuesta-por-la-capacitacion-en-tecnologia-para-agentes-de-viajes\/"]}]},{"@type":"ImageObject","inLanguage":"es-MX","@id":"https:\/\/nitu.mx\/index.php\/2024\/10\/17\/la-metro-apuesta-por-la-capacitacion-en-tecnologia-para-agentes-de-viajes\/#primaryimage","url":"https:\/\/nitu.mx\/wp-content\/uploads\/2024\/10\/La-Metro-6o-encuentro.jpg","contentUrl":"https:\/\/nitu.mx\/wp-content\/uploads\/2024\/10\/La-Metro-6o-encuentro.jpg","width":1200,"height":675,"caption":"La Metro 6o encuentro"},{"@type":"BreadcrumbList","@id":"https:\/\/nitu.mx\/index.php\/2024\/10\/17\/la-metro-apuesta-por-la-capacitacion-en-tecnologia-para-agentes-de-viajes\/#breadcrumb","itemListElement":[{"@type":"ListItem","position":1,"name":"Inicio","item":"https:\/\/nitu.mx\/"},{"@type":"ListItem","position":2,"name":"La Metro apuesta por la capacitaci\u00f3n en tecnolog\u00eda para agentes de viajes"}]},{"@type":"WebSite","@id":"https:\/\/nitu.mx\/#website","url":"https:\/\/nitu.mx\/","name":"Nitu - Noticias de la Industria Turistica","description":"Noticias de la Industria Turistica","publisher":{"@id":"https:\/\/nitu.mx\/#\/schema\/person\/ae7a53426417292d3dd07b45a33e01bc"},"alternateName":"Noticias de la Industria Turistica","potentialAction":[{"@type":"SearchAction","target":{"@type":"EntryPoint","urlTemplate":"https:\/\/nitu.mx\/?s={search_term_string}"},"query-input":"required name=search_term_string"}],"inLanguage":"es-MX"},{"@type":["Person","Organization"],"@id":"https:\/\/nitu.mx\/#\/schema\/person\/ae7a53426417292d3dd07b45a33e01bc","name":"Arturo Medina","image":{"@type":"ImageObject","inLanguage":"es-MX","@id":"https:\/\/nitu.mx\/#\/schema\/person\/image\/","url":"https:\/\/nitu.mx\/wp-content\/uploads\/2024\/04\/4A315622-1904-4D5C-B022-878CDC840E04-90x90-1.jpeg","contentUrl":"https:\/\/nitu.mx\/wp-content\/uploads\/2024\/04\/4A315622-1904-4D5C-B022-878CDC840E04-90x90-1.jpeg","width":90,"height":90,"caption":"Arturo Medina"},"logo":{"@id":"https:\/\/nitu.mx\/#\/schema\/person\/image\/"},"description":"Director NITU.mx, Egresado de la Escuela de Periodismo Carlos Septi\u00e9n Garc\u00eda. Periodista y analista especializado en turismo desde hace 35 a\u00f1os, radicado en Canc\u00fan Q.Roo. arturo@nitu.mx","sameAs":["https:\/\/nitu.mx","https:\/\/www.facebook.com\/NITUmx\/","medinacancun","https:\/\/twitter.com\/@Arturo_Medina_G"]},{"@type":"Person","@id":"https:\/\/nitu.mx\/#\/schema\/person\/3df3082b5e46037e3f13614d28ee0b77","name":"Guadalupe Sixto","image":{"@type":"ImageObject","inLanguage":"es-MX","@id":"https:\/\/nitu.mx\/#\/schema\/person\/image\/","url":"https:\/\/secure.gravatar.com\/avatar\/13914e1b0e1919e91f9539de4dc584c4?s=96&d=mm&r=g","contentUrl":"https:\/\/secure.gravatar.com\/avatar\/13914e1b0e1919e91f9539de4dc584c4?s=96&d=mm&r=g","caption":"Guadalupe Sixto"},"url":"https:\/\/nitu.mx\/index.php\/author\/gsixto\/"}]}},"views":787,"_links":{"self":[{"href":"https:\/\/nitu.mx\/index.php\/wp-json\/wp\/v2\/posts\/75848"}],"collection":[{"href":"https:\/\/nitu.mx\/index.php\/wp-json\/wp\/v2\/posts"}],"about":[{"href":"https:\/\/nitu.mx\/index.php\/wp-json\/wp\/v2\/types\/post"}],"author":[{"embeddable":true,"href":"https:\/\/nitu.mx\/index.php\/wp-json\/wp\/v2\/users\/18"}],"replies":[{"embeddable":true,"href":"https:\/\/nitu.mx\/index.php\/wp-json\/wp\/v2\/comments?post=75848"}],"version-history":[{"count":1,"href":"https:\/\/nitu.mx\/index.php\/wp-json\/wp\/v2\/posts\/75848\/revisions"}],"predecessor-version":[{"id":75850,"href":"https:\/\/nitu.mx\/index.php\/wp-json\/wp\/v2\/posts\/75848\/revisions\/75850"}],"wp:featuredmedia":[{"embeddable":true,"href":"https:\/\/nitu.mx\/index.php\/wp-json\/wp\/v2\/media\/75851"}],"wp:attachment":[{"href":"https:\/\/nitu.mx\/index.php\/wp-json\/wp\/v2\/media?parent=75848"}],"wp:term":[{"taxonomy":"category","embeddable":true,"href":"https:\/\/nitu.mx\/index.php\/wp-json\/wp\/v2\/categories?post=75848"},{"taxonomy":"post_tag","embeddable":true,"href":"https:\/\/nitu.mx\/index.php\/wp-json\/wp\/v2\/tags?post=75848"}],"curies":[{"name":"wp","href":"https:\/\/api.w.org\/{rel}","templated":true}]}}