{"id":75844,"date":"2024-10-17T20:13:01","date_gmt":"2024-10-18T02:13:01","guid":{"rendered":"https:\/\/nitu.mx\/?p=75844"},"modified":"2024-10-17T23:34:41","modified_gmt":"2024-10-18T05:34:41","slug":"guanajuato-estima-derrama-de-195-mdp-por-festival-del-dia-de-los-muertos","status":"publish","type":"post","link":"https:\/\/nitu.mx\/index.php\/2024\/10\/17\/guanajuato-estima-derrama-de-195-mdp-por-festival-del-dia-de-los-muertos\/","title":{"rendered":"Guanajuato estima derrama de 195 MDP por Festival del D\u00eda de los Muertos"},"content":{"rendered":"\n<p>Guanajuato Capital se vestir\u00e1 de gala, fiesta y tradici\u00f3n con la sexta edici\u00f3n del \u201cFestival del D\u00eda de los Muertos\u201d, evento que a\u00f1o con a\u00f1o se consolida al ofrecer experiencias culturales y art\u00edsticas llenas de significado e historia, y con el cual se espera una derrama econ\u00f3mica de 195 millones de pesos y la llegada de m\u00e1s de 145 mil visitantes, as\u00ed como m\u00e1s de 600 empleos directos e indirectos, los cuales contribuyen al desarrollo econ\u00f3mico de esta entidad.<\/p>\n\n\n\n<p>Mar\u00eda Guadalupe Robles de Le\u00f3n, secretaria de Turismo e Identidad del estado de Guanajuato, en conjunto con Samantha Smith Guti\u00e9rrez, presidenta municipal de Guanajuato Capital, dieron los pormenores de este festival que se llevar\u00e1 a cabo del 31 de octubre al 03 de noviembre y tiene como invitado especial a Aguascalientes y Guatemala.<\/p>\n\n\n\n<p>&#8220;Desde la SECTURI, trabajaremos para mantener las tradiciones, la cultura e identidad de Guanajuato, destino que se ha consolidado como un tesoro cultural que refleja la riqueza hist\u00f3rica y art\u00edstica de M\u00e9xico. La ciudad vibra con expresiones culturales que es un reflejo vivo de una rica historia, tradiciones ancestrales e identidad que se siente en cada rinc\u00f3n. Su gente, c\u00e1lida y orgullosa de sus ra\u00edces, mantiene vivas las costumbres que se transmiten de generaci\u00f3n en generaci\u00f3n\u201d, destac\u00f3 Guadalupe Robles.<\/p>\n\n\n\n<p>Durante cuatro d\u00edas, las calles y callejones de la Ciudad Patrimonio de la Humanidad se vestir\u00e1n de cultura, tradici\u00f3n, historia y arte. Guanajuato Capital se convertir\u00e1 en un destino imperdible a visitar para quienes buscan experiencias llenas de vida, significado e identidad.<\/p>\n\n\n\n<p>En esta edici\u00f3n, dijo, los visitantes podr\u00e1n disfrutar de un programa con actividades como: el Tapete de la Muerte, la Procesi\u00f3n de los Angelitos que se realizan en las principales calles de la ciudad, la exposici\u00f3n de cr\u00e1neos y catrinas gigantes de hasta seis metros de altura, y la ofrenda de muertos que estar\u00e1 dedicada a los pintores mexicanos Diego Rivera, (nacido en Guanajuato) y Frida Kahlo, iconos del arte mexicano.<\/p>\n\n\n\n<p>As\u00ed como Desfile de Catrinas y Calaveras, T\u00fanel de Tradici\u00f3n que se desarrollar\u00e1 en las calles subterr\u00e1neas de Guanajuato, en donde habr\u00e1 una variada oferta gastron\u00f3mica y artesanal con m\u00e1s de 200 expositores a lo largo de un kil\u00f3metro a fin de crear un espacio donde la cultura y las tradiciones del D\u00eda de Muertos cobrar\u00e1n vida.<\/p>\n\n\n\n<p>\u201cEs crucial reconocer y apoyar el papel de toda la cadena de valor de hoteles, restaurantes, artesanos, gu\u00edas, transportistas y proveedores de servicios, entre otros, quienes son el primer contacto para los turistas\u201d, reconoci\u00f3 la secretaria, quien, adem\u00e1s, se\u00f1al\u00f3 que este a\u00f1o se ha \u201cpropuesto que el festival no solo sea espectacular, sino tambi\u00e9n respetuoso con nuestro entorno, preservando los recursos naturales y patrimoniales de la ciudad\u201d.<\/p>\n\n\n\n<p>Mencion\u00f3 que el desarrollo econ\u00f3mico es muy importante pero que tambi\u00e9n lo es el desarrollo social en los 46 municipios del estado, as\u00ed como el inter\u00e9s sobre el entorno de Guanajuato, dise\u00f1ando estrategias para cuidar esta entidad.<\/p>\n\n\n\n<p>Destac\u00f3 lo crucial que es reconocer a toda cadena de valor como los restaurantes, hoteles, artesanos, as\u00ed como todas las personas que se dedican al sector tur\u00edstico entre otros, ya quienes son el primer contacto con los turistas.<\/p>\n\n\n\n<p>La presidenta municipal de Guanajuato, Samantha Smith, detall\u00f3 que Aguascalientes rendir\u00e1 un homenaje a Jos\u00e9 Guadalupe Posadas, creador de la Catrina; mientras que Guatemala contar\u00e1 con un pabell\u00f3n que incluir\u00e1 una exposici\u00f3n fotogr\u00e1fica de los barriletes gigantes, una tradici\u00f3n con la que las familias guatemaltecas recuerdan a sus difuntos elev\u00e1ndolos al cielo.<\/p>\n\n\n\n<p>Al respecto, el ministro consejero Encargado de Negocios de la Embajada de Guatemala en M\u00e9xico, Esmaylin Thomas G\u00f3mez Escobedo, dijo que existe una fuerte conexi\u00f3n cultural entre Guanajuato y Guatemala al celebrar \u201cesta fecha que une a nuestras familias&#8221;.<\/p>\n\n\n\n<p>Liliana Preciado Zarate, presidenta de la Comisi\u00f3n de Turismo, coment\u00f3 que este Festival genera una econom\u00eda positiva en la regi\u00f3n, ya que el turismo que es generado por esta celebraci\u00f3n impulsa a negocios locales.<\/p>\n\n\n\n<p>El Festival del D\u00eda de los Muertos de Guanajuato se ha consolidado como uno de los eventos m\u00e1s importantes, y de mayor proyecci\u00f3n nacional e internacional. (<a href=\"https:\/\/nitu.mx\/index.php\/2024\/08\/15\/promueve-guanajuato-sus-productos-ante-250-agentes-de-viajes-de-13-entidades\/\">Promueve Guanajuato sus productos ante 250 agentes de viajes de 13 entidades<\/a>).<\/p>\n","protected":false},"excerpt":{"rendered":"<p>Guanajuato Capital se vestir\u00e1 de gala, fiesta y tradici\u00f3n con la sexta edici\u00f3n del \u201cFestival del D\u00eda de los Muertos\u201d, evento que a\u00f1o con a\u00f1o se consolida al ofrecer experiencias culturales y art\u00edsticas llenas de significado e historia, y con el cual se espera una derrama econ\u00f3mica de 195 millones de pesos y la llegada [&hellip;]<\/p>\n","protected":false},"author":17,"featured_media":75846,"comment_status":"open","ping_status":"open","sticky":false,"template":"","format":"standard","meta":{"footnotes":""},"categories":[5],"tags":[1374,26300,511,26302,26301],"yoast_head":"<!-- This site is optimized with the Yoast SEO plugin v22.2 - https:\/\/yoast.com\/wordpress\/plugins\/seo\/ -->\n<title>Guanajuato estima derrama de 195 MDP por Festival del D\u00eda de los Muertos - Nitu - Noticias de la Industria Turistica<\/title>\n<meta name=\"robots\" content=\"index, follow, max-snippet:-1, max-image-preview:large, max-video-preview:-1\" \/>\n<link rel=\"canonical\" href=\"https:\/\/nitu.mx\/index.php\/2024\/10\/17\/guanajuato-estima-derrama-de-195-mdp-por-festival-del-dia-de-los-muertos\/\" \/>\n<meta name=\"twitter:card\" content=\"summary_large_image\" \/>\n<meta name=\"twitter:title\" content=\"Guanajuato estima derrama de 195 MDP por Festival del D\u00eda de los Muertos - Nitu - Noticias de la Industria Turistica\" \/>\n<meta name=\"twitter:description\" content=\"Guanajuato Capital se vestir\u00e1 de gala, fiesta y tradici\u00f3n con la sexta edici\u00f3n del \u201cFestival del D\u00eda de los Muertos\u201d, evento que a\u00f1o con a\u00f1o se consolida al ofrecer experiencias culturales y art\u00edsticas llenas de significado e historia, y con el cual se espera una derrama econ\u00f3mica de 195 millones de pesos y la llegada [&hellip;]\" \/>\n<meta name=\"twitter:image\" content=\"https:\/\/nitu.mx\/wp-content\/uploads\/2024\/10\/Conferencia-de-prensa-Guanajuato-Dia-de-Muertos-2024-3.jpg\" \/>\n<meta name=\"twitter:creator\" content=\"@NITUmx\" \/>\n<meta name=\"twitter:site\" content=\"@Arturo_Medina_G\" \/>\n<meta name=\"twitter:label1\" content=\"Escrito por\" \/>\n\t<meta name=\"twitter:data1\" content=\"Redacci\u00f3n\" \/>\n\t<meta name=\"twitter:label2\" content=\"Tiempo de lectura\" \/>\n\t<meta name=\"twitter:data2\" content=\"4 minutos\" \/>\n<script type=\"application\/ld+json\" class=\"yoast-schema-graph\">{\"@context\":\"https:\/\/schema.org\",\"@graph\":[{\"@type\":\"Article\",\"@id\":\"https:\/\/nitu.mx\/index.php\/2024\/10\/17\/guanajuato-estima-derrama-de-195-mdp-por-festival-del-dia-de-los-muertos\/#article\",\"isPartOf\":{\"@id\":\"https:\/\/nitu.mx\/index.php\/2024\/10\/17\/guanajuato-estima-derrama-de-195-mdp-por-festival-del-dia-de-los-muertos\/\"},\"author\":{\"name\":\"Redacci\u00f3n\",\"@id\":\"https:\/\/nitu.mx\/#\/schema\/person\/4a28fe9bd65924f7c90623773daf1b0b\"},\"headline\":\"Guanajuato estima derrama de 195 MDP por Festival del D\u00eda de los Muertos\",\"datePublished\":\"2024-10-18T02:13:01+00:00\",\"dateModified\":\"2024-10-18T05:34:41+00:00\",\"mainEntityOfPage\":{\"@id\":\"https:\/\/nitu.mx\/index.php\/2024\/10\/17\/guanajuato-estima-derrama-de-195-mdp-por-festival-del-dia-de-los-muertos\/\"},\"wordCount\":752,\"commentCount\":0,\"publisher\":{\"@id\":\"https:\/\/nitu.mx\/#\/schema\/person\/ae7a53426417292d3dd07b45a33e01bc\"},\"image\":{\"@id\":\"https:\/\/nitu.mx\/index.php\/2024\/10\/17\/guanajuato-estima-derrama-de-195-mdp-por-festival-del-dia-de-los-muertos\/#primaryimage\"},\"thumbnailUrl\":\"https:\/\/nitu.mx\/wp-content\/uploads\/2024\/10\/Conferencia-de-prensa-Guanajuato-Dia-de-Muertos-2024-3.jpg\",\"keywords\":[\"D\u00eda de Muertos\",\"Guadalupe Robles\",\"Guanajuato\",\"Samantha Smith\",\"SECTURI\"],\"articleSection\":[\"Destinos\"],\"inLanguage\":\"es-MX\",\"potentialAction\":[{\"@type\":\"CommentAction\",\"name\":\"Comment\",\"target\":[\"https:\/\/nitu.mx\/index.php\/2024\/10\/17\/guanajuato-estima-derrama-de-195-mdp-por-festival-del-dia-de-los-muertos\/#respond\"]}]},{\"@type\":\"WebPage\",\"@id\":\"https:\/\/nitu.mx\/index.php\/2024\/10\/17\/guanajuato-estima-derrama-de-195-mdp-por-festival-del-dia-de-los-muertos\/\",\"url\":\"https:\/\/nitu.mx\/index.php\/2024\/10\/17\/guanajuato-estima-derrama-de-195-mdp-por-festival-del-dia-de-los-muertos\/\",\"name\":\"Guanajuato estima derrama de 195 MDP por Festival del D\u00eda de los Muertos - Nitu - Noticias de la Industria Turistica\",\"isPartOf\":{\"@id\":\"https:\/\/nitu.mx\/#website\"},\"primaryImageOfPage\":{\"@id\":\"https:\/\/nitu.mx\/index.php\/2024\/10\/17\/guanajuato-estima-derrama-de-195-mdp-por-festival-del-dia-de-los-muertos\/#primaryimage\"},\"image\":{\"@id\":\"https:\/\/nitu.mx\/index.php\/2024\/10\/17\/guanajuato-estima-derrama-de-195-mdp-por-festival-del-dia-de-los-muertos\/#primaryimage\"},\"thumbnailUrl\":\"https:\/\/nitu.mx\/wp-content\/uploads\/2024\/10\/Conferencia-de-prensa-Guanajuato-Dia-de-Muertos-2024-3.jpg\",\"datePublished\":\"2024-10-18T02:13:01+00:00\",\"dateModified\":\"2024-10-18T05:34:41+00:00\",\"breadcrumb\":{\"@id\":\"https:\/\/nitu.mx\/index.php\/2024\/10\/17\/guanajuato-estima-derrama-de-195-mdp-por-festival-del-dia-de-los-muertos\/#breadcrumb\"},\"inLanguage\":\"es-MX\",\"potentialAction\":[{\"@type\":\"ReadAction\",\"target\":[\"https:\/\/nitu.mx\/index.php\/2024\/10\/17\/guanajuato-estima-derrama-de-195-mdp-por-festival-del-dia-de-los-muertos\/\"]}]},{\"@type\":\"ImageObject\",\"inLanguage\":\"es-MX\",\"@id\":\"https:\/\/nitu.mx\/index.php\/2024\/10\/17\/guanajuato-estima-derrama-de-195-mdp-por-festival-del-dia-de-los-muertos\/#primaryimage\",\"url\":\"https:\/\/nitu.mx\/wp-content\/uploads\/2024\/10\/Conferencia-de-prensa-Guanajuato-Dia-de-Muertos-2024-3.jpg\",\"contentUrl\":\"https:\/\/nitu.mx\/wp-content\/uploads\/2024\/10\/Conferencia-de-prensa-Guanajuato-Dia-de-Muertos-2024-3.jpg\",\"width\":1200,\"height\":675,\"caption\":\"Conferencia de prensa Guanajuato D\u00eda de Muertos 2024-3\"},{\"@type\":\"BreadcrumbList\",\"@id\":\"https:\/\/nitu.mx\/index.php\/2024\/10\/17\/guanajuato-estima-derrama-de-195-mdp-por-festival-del-dia-de-los-muertos\/#breadcrumb\",\"itemListElement\":[{\"@type\":\"ListItem\",\"position\":1,\"name\":\"Inicio\",\"item\":\"https:\/\/nitu.mx\/\"},{\"@type\":\"ListItem\",\"position\":2,\"name\":\"Guanajuato estima derrama de 195 MDP por Festival del D\u00eda de los Muertos\"}]},{\"@type\":\"WebSite\",\"@id\":\"https:\/\/nitu.mx\/#website\",\"url\":\"https:\/\/nitu.mx\/\",\"name\":\"Nitu - Noticias de la Industria Turistica\",\"description\":\"Noticias de la Industria Turistica\",\"publisher\":{\"@id\":\"https:\/\/nitu.mx\/#\/schema\/person\/ae7a53426417292d3dd07b45a33e01bc\"},\"alternateName\":\"Noticias de la Industria Turistica\",\"potentialAction\":[{\"@type\":\"SearchAction\",\"target\":{\"@type\":\"EntryPoint\",\"urlTemplate\":\"https:\/\/nitu.mx\/?s={search_term_string}\"},\"query-input\":\"required name=search_term_string\"}],\"inLanguage\":\"es-MX\"},{\"@type\":[\"Person\",\"Organization\"],\"@id\":\"https:\/\/nitu.mx\/#\/schema\/person\/ae7a53426417292d3dd07b45a33e01bc\",\"name\":\"Arturo Medina\",\"image\":{\"@type\":\"ImageObject\",\"inLanguage\":\"es-MX\",\"@id\":\"https:\/\/nitu.mx\/#\/schema\/person\/image\/\",\"url\":\"https:\/\/nitu.mx\/wp-content\/uploads\/2024\/04\/4A315622-1904-4D5C-B022-878CDC840E04-90x90-1.jpeg\",\"contentUrl\":\"https:\/\/nitu.mx\/wp-content\/uploads\/2024\/04\/4A315622-1904-4D5C-B022-878CDC840E04-90x90-1.jpeg\",\"width\":90,\"height\":90,\"caption\":\"Arturo Medina\"},\"logo\":{\"@id\":\"https:\/\/nitu.mx\/#\/schema\/person\/image\/\"},\"description\":\"Director NITU.mx, Egresado de la Escuela de Periodismo Carlos Septi\u00e9n Garc\u00eda. Periodista y analista especializado en turismo desde hace 35 a\u00f1os, radicado en Canc\u00fan Q.Roo. arturo@nitu.mx\",\"sameAs\":[\"https:\/\/nitu.mx\",\"https:\/\/www.facebook.com\/NITUmx\/\",\"medinacancun\",\"https:\/\/twitter.com\/@Arturo_Medina_G\"]},{\"@type\":\"Person\",\"@id\":\"https:\/\/nitu.mx\/#\/schema\/person\/4a28fe9bd65924f7c90623773daf1b0b\",\"name\":\"Redacci\u00f3n\",\"image\":{\"@type\":\"ImageObject\",\"inLanguage\":\"es-MX\",\"@id\":\"https:\/\/nitu.mx\/#\/schema\/person\/image\/\",\"url\":\"https:\/\/secure.gravatar.com\/avatar\/5dd011c8ccfc5cd7e4c81e42252aab38?s=96&d=mm&r=g\",\"contentUrl\":\"https:\/\/secure.gravatar.com\/avatar\/5dd011c8ccfc5cd7e4c81e42252aab38?s=96&d=mm&r=g\",\"caption\":\"Redacci\u00f3n\"},\"url\":\"https:\/\/nitu.mx\/index.php\/author\/redaccion\/\"}]}<\/script>\n<!-- \/ Yoast SEO plugin. -->","yoast_head_json":{"title":"Guanajuato estima derrama de 195 MDP por Festival del D\u00eda de los Muertos - Nitu - Noticias de la Industria Turistica","robots":{"index":"index","follow":"follow","max-snippet":"max-snippet:-1","max-image-preview":"max-image-preview:large","max-video-preview":"max-video-preview:-1"},"canonical":"https:\/\/nitu.mx\/index.php\/2024\/10\/17\/guanajuato-estima-derrama-de-195-mdp-por-festival-del-dia-de-los-muertos\/","twitter_card":"summary_large_image","twitter_title":"Guanajuato estima derrama de 195 MDP por Festival del D\u00eda de los Muertos - Nitu - Noticias de la Industria Turistica","twitter_description":"Guanajuato Capital se vestir\u00e1 de gala, fiesta y tradici\u00f3n con la sexta edici\u00f3n del \u201cFestival del D\u00eda de los Muertos\u201d, evento que a\u00f1o con a\u00f1o se consolida al ofrecer experiencias culturales y art\u00edsticas llenas de significado e historia, y con el cual se espera una derrama econ\u00f3mica de 195 millones de pesos y la llegada [&hellip;]","twitter_image":"https:\/\/nitu.mx\/wp-content\/uploads\/2024\/10\/Conferencia-de-prensa-Guanajuato-Dia-de-Muertos-2024-3.jpg","twitter_creator":"@NITUmx","twitter_site":"@Arturo_Medina_G","twitter_misc":{"Escrito por":"Redacci\u00f3n","Tiempo de lectura":"4 minutos"},"schema":{"@context":"https:\/\/schema.org","@graph":[{"@type":"Article","@id":"https:\/\/nitu.mx\/index.php\/2024\/10\/17\/guanajuato-estima-derrama-de-195-mdp-por-festival-del-dia-de-los-muertos\/#article","isPartOf":{"@id":"https:\/\/nitu.mx\/index.php\/2024\/10\/17\/guanajuato-estima-derrama-de-195-mdp-por-festival-del-dia-de-los-muertos\/"},"author":{"name":"Redacci\u00f3n","@id":"https:\/\/nitu.mx\/#\/schema\/person\/4a28fe9bd65924f7c90623773daf1b0b"},"headline":"Guanajuato estima derrama de 195 MDP por Festival del D\u00eda de los Muertos","datePublished":"2024-10-18T02:13:01+00:00","dateModified":"2024-10-18T05:34:41+00:00","mainEntityOfPage":{"@id":"https:\/\/nitu.mx\/index.php\/2024\/10\/17\/guanajuato-estima-derrama-de-195-mdp-por-festival-del-dia-de-los-muertos\/"},"wordCount":752,"commentCount":0,"publisher":{"@id":"https:\/\/nitu.mx\/#\/schema\/person\/ae7a53426417292d3dd07b45a33e01bc"},"image":{"@id":"https:\/\/nitu.mx\/index.php\/2024\/10\/17\/guanajuato-estima-derrama-de-195-mdp-por-festival-del-dia-de-los-muertos\/#primaryimage"},"thumbnailUrl":"https:\/\/nitu.mx\/wp-content\/uploads\/2024\/10\/Conferencia-de-prensa-Guanajuato-Dia-de-Muertos-2024-3.jpg","keywords":["D\u00eda de Muertos","Guadalupe Robles","Guanajuato","Samantha Smith","SECTURI"],"articleSection":["Destinos"],"inLanguage":"es-MX","potentialAction":[{"@type":"CommentAction","name":"Comment","target":["https:\/\/nitu.mx\/index.php\/2024\/10\/17\/guanajuato-estima-derrama-de-195-mdp-por-festival-del-dia-de-los-muertos\/#respond"]}]},{"@type":"WebPage","@id":"https:\/\/nitu.mx\/index.php\/2024\/10\/17\/guanajuato-estima-derrama-de-195-mdp-por-festival-del-dia-de-los-muertos\/","url":"https:\/\/nitu.mx\/index.php\/2024\/10\/17\/guanajuato-estima-derrama-de-195-mdp-por-festival-del-dia-de-los-muertos\/","name":"Guanajuato estima derrama de 195 MDP por Festival del D\u00eda de los Muertos - Nitu - Noticias de la Industria Turistica","isPartOf":{"@id":"https:\/\/nitu.mx\/#website"},"primaryImageOfPage":{"@id":"https:\/\/nitu.mx\/index.php\/2024\/10\/17\/guanajuato-estima-derrama-de-195-mdp-por-festival-del-dia-de-los-muertos\/#primaryimage"},"image":{"@id":"https:\/\/nitu.mx\/index.php\/2024\/10\/17\/guanajuato-estima-derrama-de-195-mdp-por-festival-del-dia-de-los-muertos\/#primaryimage"},"thumbnailUrl":"https:\/\/nitu.mx\/wp-content\/uploads\/2024\/10\/Conferencia-de-prensa-Guanajuato-Dia-de-Muertos-2024-3.jpg","datePublished":"2024-10-18T02:13:01+00:00","dateModified":"2024-10-18T05:34:41+00:00","breadcrumb":{"@id":"https:\/\/nitu.mx\/index.php\/2024\/10\/17\/guanajuato-estima-derrama-de-195-mdp-por-festival-del-dia-de-los-muertos\/#breadcrumb"},"inLanguage":"es-MX","potentialAction":[{"@type":"ReadAction","target":["https:\/\/nitu.mx\/index.php\/2024\/10\/17\/guanajuato-estima-derrama-de-195-mdp-por-festival-del-dia-de-los-muertos\/"]}]},{"@type":"ImageObject","inLanguage":"es-MX","@id":"https:\/\/nitu.mx\/index.php\/2024\/10\/17\/guanajuato-estima-derrama-de-195-mdp-por-festival-del-dia-de-los-muertos\/#primaryimage","url":"https:\/\/nitu.mx\/wp-content\/uploads\/2024\/10\/Conferencia-de-prensa-Guanajuato-Dia-de-Muertos-2024-3.jpg","contentUrl":"https:\/\/nitu.mx\/wp-content\/uploads\/2024\/10\/Conferencia-de-prensa-Guanajuato-Dia-de-Muertos-2024-3.jpg","width":1200,"height":675,"caption":"Conferencia de prensa Guanajuato D\u00eda de Muertos 2024-3"},{"@type":"BreadcrumbList","@id":"https:\/\/nitu.mx\/index.php\/2024\/10\/17\/guanajuato-estima-derrama-de-195-mdp-por-festival-del-dia-de-los-muertos\/#breadcrumb","itemListElement":[{"@type":"ListItem","position":1,"name":"Inicio","item":"https:\/\/nitu.mx\/"},{"@type":"ListItem","position":2,"name":"Guanajuato estima derrama de 195 MDP por Festival del D\u00eda de los Muertos"}]},{"@type":"WebSite","@id":"https:\/\/nitu.mx\/#website","url":"https:\/\/nitu.mx\/","name":"Nitu - Noticias de la Industria Turistica","description":"Noticias de la Industria Turistica","publisher":{"@id":"https:\/\/nitu.mx\/#\/schema\/person\/ae7a53426417292d3dd07b45a33e01bc"},"alternateName":"Noticias de la Industria Turistica","potentialAction":[{"@type":"SearchAction","target":{"@type":"EntryPoint","urlTemplate":"https:\/\/nitu.mx\/?s={search_term_string}"},"query-input":"required name=search_term_string"}],"inLanguage":"es-MX"},{"@type":["Person","Organization"],"@id":"https:\/\/nitu.mx\/#\/schema\/person\/ae7a53426417292d3dd07b45a33e01bc","name":"Arturo Medina","image":{"@type":"ImageObject","inLanguage":"es-MX","@id":"https:\/\/nitu.mx\/#\/schema\/person\/image\/","url":"https:\/\/nitu.mx\/wp-content\/uploads\/2024\/04\/4A315622-1904-4D5C-B022-878CDC840E04-90x90-1.jpeg","contentUrl":"https:\/\/nitu.mx\/wp-content\/uploads\/2024\/04\/4A315622-1904-4D5C-B022-878CDC840E04-90x90-1.jpeg","width":90,"height":90,"caption":"Arturo Medina"},"logo":{"@id":"https:\/\/nitu.mx\/#\/schema\/person\/image\/"},"description":"Director NITU.mx, Egresado de la Escuela de Periodismo Carlos Septi\u00e9n Garc\u00eda. Periodista y analista especializado en turismo desde hace 35 a\u00f1os, radicado en Canc\u00fan Q.Roo. arturo@nitu.mx","sameAs":["https:\/\/nitu.mx","https:\/\/www.facebook.com\/NITUmx\/","medinacancun","https:\/\/twitter.com\/@Arturo_Medina_G"]},{"@type":"Person","@id":"https:\/\/nitu.mx\/#\/schema\/person\/4a28fe9bd65924f7c90623773daf1b0b","name":"Redacci\u00f3n","image":{"@type":"ImageObject","inLanguage":"es-MX","@id":"https:\/\/nitu.mx\/#\/schema\/person\/image\/","url":"https:\/\/secure.gravatar.com\/avatar\/5dd011c8ccfc5cd7e4c81e42252aab38?s=96&d=mm&r=g","contentUrl":"https:\/\/secure.gravatar.com\/avatar\/5dd011c8ccfc5cd7e4c81e42252aab38?s=96&d=mm&r=g","caption":"Redacci\u00f3n"},"url":"https:\/\/nitu.mx\/index.php\/author\/redaccion\/"}]}},"views":709,"_links":{"self":[{"href":"https:\/\/nitu.mx\/index.php\/wp-json\/wp\/v2\/posts\/75844"}],"collection":[{"href":"https:\/\/nitu.mx\/index.php\/wp-json\/wp\/v2\/posts"}],"about":[{"href":"https:\/\/nitu.mx\/index.php\/wp-json\/wp\/v2\/types\/post"}],"author":[{"embeddable":true,"href":"https:\/\/nitu.mx\/index.php\/wp-json\/wp\/v2\/users\/17"}],"replies":[{"embeddable":true,"href":"https:\/\/nitu.mx\/index.php\/wp-json\/wp\/v2\/comments?post=75844"}],"version-history":[{"count":2,"href":"https:\/\/nitu.mx\/index.php\/wp-json\/wp\/v2\/posts\/75844\/revisions"}],"predecessor-version":[{"id":75874,"href":"https:\/\/nitu.mx\/index.php\/wp-json\/wp\/v2\/posts\/75844\/revisions\/75874"}],"wp:featuredmedia":[{"embeddable":true,"href":"https:\/\/nitu.mx\/index.php\/wp-json\/wp\/v2\/media\/75846"}],"wp:attachment":[{"href":"https:\/\/nitu.mx\/index.php\/wp-json\/wp\/v2\/media?parent=75844"}],"wp:term":[{"taxonomy":"category","embeddable":true,"href":"https:\/\/nitu.mx\/index.php\/wp-json\/wp\/v2\/categories?post=75844"},{"taxonomy":"post_tag","embeddable":true,"href":"https:\/\/nitu.mx\/index.php\/wp-json\/wp\/v2\/tags?post=75844"}],"curies":[{"name":"wp","href":"https:\/\/api.w.org\/{rel}","templated":true}]}}