{"id":7578,"date":"2017-03-07T22:24:22","date_gmt":"2017-03-08T03:24:22","guid":{"rendered":"http:\/\/www.dev.nitu.mx\/?p=7578"},"modified":"2017-03-08T02:31:54","modified_gmt":"2017-03-08T07:31:54","slug":"vivaaerobus-incrementa-su-presencia-en-el-mercado","status":"publish","type":"post","link":"https:\/\/nitu.mx\/index.php\/2017\/03\/07\/vivaaerobus-incrementa-su-presencia-en-el-mercado\/","title":{"rendered":"VivaAerobus incrementa su presencia en el mercado"},"content":{"rendered":"<p>Tras 10 a\u00f1os de operaci\u00f3n y un giro de 180 grados en su estrategia de renovaci\u00f3n de flota de aviones, VivaAerobus alcanz\u00f3 por primera vez una participaci\u00f3n de 15 por ciento en el mercado dom\u00e9stico de pasaje.<\/p>\n<p>\u200b\u201cEste a\u00f1o seguiremos comiendo mercado, esperamos alcanzar una participaci\u00f3n de 17 por ciento con un aumento de oferta de asientos de m\u00e1s de 20 por ciento\u201d, asegur\u00f3 Alfonso Collantes, director de Comunicaci\u00f3n Corporativa de VivaAerobus.<\/p>\n<p>La compa\u00f1\u00eda que dirige Juan Carlos Zuazua transport\u00f3 en enero de 2017 a 533 mil 459 personas, 44.4 por ciento m\u00e1s que en igual mes de un a\u00f1o antes, seg\u00fan datos de la Direcci\u00f3n General de Aeron\u00e1utica Civil (DGAC), dependiente de la Secretar\u00eda de Comunicaciones y Transportes (SCT).<\/p>\n<p>En comparaci\u00f3n con enero de 2016, observ\u00f3 un incremento de 2.9 puntos porcentuales en su participaci\u00f3n de mercado, su aumento m\u00e1s significativo en los \u00faltimos seis a\u00f1os.<\/p>\n<p>Los especialistas explicaron que esto se debi\u00f3 a la renovaci\u00f3n de flota, a la implementaci\u00f3n de factores comerciales para agilizar el abordaje y a que ofrece las tarifas m\u00e1s bajas del mercado, se\u00f1ala El Financiero.<\/p>\n<p>&nbsp;<\/p>\n<p>\u201cA diez a\u00f1os del nacimiento de VivaAerobus, hemos alcanzado s\u00f3lidos resultados operativos y financieros gracias a las m\u00faltiples iniciativas para volar con los precios m\u00e1s competitivos. Asimismo, vivimos un punto de inflexi\u00f3n, que tiene como primer resultado la modernizaci\u00f3n de nuestra flota\u201d, mencion\u00f3 Gian Carlo Nucci, director general de Grupo VivaAerobus, matriz de la aerol\u00ednea.<\/p>\n<p>De acuerdo con un sondeo elaborado por El Financiero con informaci\u00f3n de los portales de las aerol\u00edneas, mientras que en VivaAerobus un boleto para viajar de la Ciudad de M\u00e9xico a Monterrey cuesta 620 pesos, con Interjet tiene un precio de mil 494 pesos.<\/p>\n<p>Adem\u00e1s VivaAerobus tiene tarifas en promedio 0.4 por ciento m\u00e1s bajas que Volaris, 41 por ciento m\u00e1s reducidas que Interjet y hasta 62 por ciento menores a las de Aerom\u00e9xico en rutas comparables.<\/p>\n<p>\u201cEl principal factor que hace que el tr\u00e1fico de pasajeros de las aerol\u00edneas de bajo costo aumente, es que de alguna forma le dan acceso a gente que no se atrev\u00eda a volar y se dan cuenta que con 200 o 300 pesos m\u00e1s, se pueden ahorrar 5 horas en un viaje (respecto al autob\u00fas)\u201d, se\u00f1al\u00f3 Mauricio Mart\u00ednez, analista de GBM.<\/p>\n<p>Con sede en Monterrey, Nuevo Le\u00f3n, la empresa atiende 65 rutas a\u00e9reas conectadas a 25 destinos en su mayor\u00eda ciudades mexicanas, mismas que siguen creciendo, como hemos revelado en <em><strong>NITU.mx<\/strong><\/em>.\u00a0(<a title=\"VivaAerobus sigue ampliando su oferta de vuelos nacionales\" href=\"http:\/\/www.dev.nitu.mx\/index.php\/2017\/02\/09\/viva-aerobus-sigue-ampliando-su-oferta-de-vuelos-nacionales\/\" rel=\"bookmark\">VivaAerobus sigue ampliando su oferta de vuelos nacionales<\/a>).<\/p>\n<p>\u201cEn M\u00e9xico la penetraci\u00f3n de viajes es baja y hay un gran potencial porque la mayor\u00eda de los viajeros se movilizan en autob\u00fas, entonces la estrategia de Viva de renovar aviones ha sido bien capitalizada para crecer su tr\u00e1fico\u201d, se\u00f1al\u00f3 Marco Monta\u00f1ez, analista de Vector Casa de Bolsa.<\/p>\n","protected":false},"excerpt":{"rendered":"<p>Tras 10 a\u00f1os de operaci\u00f3n y un giro de 180 grados en su estrategia de renovaci\u00f3n de flota de aviones, VivaAerobus alcanz\u00f3 por primera vez una participaci\u00f3n de 15 por ciento en el mercado dom\u00e9stico de pasaje. \u200b\u201cEste a\u00f1o seguiremos comiendo mercado, esperamos alcanzar una participaci\u00f3n de 17 por ciento con un aumento de oferta [&hellip;]<\/p>\n","protected":false},"author":17,"featured_media":7206,"comment_status":"open","ping_status":"open","sticky":false,"template":"","format":"standard","meta":{"footnotes":""},"categories":[29,6],"tags":[294,102,3401,2438,3194,172,295,293],"yoast_head":"<!-- This site is optimized with the Yoast SEO plugin v22.2 - https:\/\/yoast.com\/wordpress\/plugins\/seo\/ -->\n<title>VivaAerobus incrementa su presencia en el mercado - Nitu - Noticias de la Industria Turistica<\/title>\n<meta name=\"description\" content=\"VivaAerobus alcanz\u00f3 por primera vez una participaci\u00f3n de 15 por ciento en el mercado dom\u00e9stico de pasaje, tras 10 a\u00f1os de operaci\u00f3n.\" \/>\n<meta name=\"robots\" content=\"index, follow, max-snippet:-1, max-image-preview:large, max-video-preview:-1\" \/>\n<link rel=\"canonical\" href=\"https:\/\/nitu.mx\/index.php\/2017\/03\/07\/vivaaerobus-incrementa-su-presencia-en-el-mercado\/\" \/>\n<meta name=\"twitter:card\" content=\"summary_large_image\" \/>\n<meta name=\"twitter:title\" content=\"VivaAerobus incrementa su presencia en el mercado - Nitu - Noticias de la Industria Turistica\" \/>\n<meta name=\"twitter:description\" content=\"VivaAerobus alcanz\u00f3 por primera vez una participaci\u00f3n de 15 por ciento en el mercado dom\u00e9stico de pasaje, tras 10 a\u00f1os de operaci\u00f3n.\" \/>\n<meta name=\"twitter:image\" content=\"https:\/\/nitu.mx\/wp-content\/uploads\/2017\/02\/vivaaerobus-3.jpg\" \/>\n<meta name=\"twitter:creator\" content=\"@NITUmx\" \/>\n<meta name=\"twitter:site\" content=\"@Arturo_Medina_G\" \/>\n<meta name=\"twitter:label1\" content=\"Escrito por\" \/>\n\t<meta name=\"twitter:data1\" content=\"Redacci\u00f3n\" \/>\n\t<meta name=\"twitter:label2\" content=\"Tiempo de lectura\" \/>\n\t<meta name=\"twitter:data2\" content=\"2 minutos\" \/>\n<script type=\"application\/ld+json\" class=\"yoast-schema-graph\">{\"@context\":\"https:\/\/schema.org\",\"@graph\":[{\"@type\":\"Article\",\"@id\":\"https:\/\/nitu.mx\/index.php\/2017\/03\/07\/vivaaerobus-incrementa-su-presencia-en-el-mercado\/#article\",\"isPartOf\":{\"@id\":\"https:\/\/nitu.mx\/index.php\/2017\/03\/07\/vivaaerobus-incrementa-su-presencia-en-el-mercado\/\"},\"author\":{\"name\":\"Redacci\u00f3n\",\"@id\":\"https:\/\/nitu.mx\/#\/schema\/person\/4a28fe9bd65924f7c90623773daf1b0b\"},\"headline\":\"VivaAerobus incrementa su presencia en el mercado\",\"datePublished\":\"2017-03-08T03:24:22+00:00\",\"dateModified\":\"2017-03-08T07:31:54+00:00\",\"mainEntityOfPage\":{\"@id\":\"https:\/\/nitu.mx\/index.php\/2017\/03\/07\/vivaaerobus-incrementa-su-presencia-en-el-mercado\/\"},\"wordCount\":504,\"commentCount\":0,\"publisher\":{\"@id\":\"https:\/\/nitu.mx\/#\/schema\/person\/ae7a53426417292d3dd07b45a33e01bc\"},\"image\":{\"@id\":\"https:\/\/nitu.mx\/index.php\/2017\/03\/07\/vivaaerobus-incrementa-su-presencia-en-el-mercado\/#primaryimage\"},\"thumbnailUrl\":\"https:\/\/nitu.mx\/wp-content\/uploads\/2017\/02\/vivaaerobus-3.jpg\",\"keywords\":[\"AICM\",\"Airbus A320\",\"Alfonso Collantes\",\"Avi\u00f3n\",\"Gian Carlo Nucci\",\"Interjet\",\"Juan Carlos Zuazua\",\"VivaAerobus\"],\"articleSection\":[\"Aerol\u00edneas\",\"M\u00e9xico\"],\"inLanguage\":\"es-MX\",\"potentialAction\":[{\"@type\":\"CommentAction\",\"name\":\"Comment\",\"target\":[\"https:\/\/nitu.mx\/index.php\/2017\/03\/07\/vivaaerobus-incrementa-su-presencia-en-el-mercado\/#respond\"]}]},{\"@type\":\"WebPage\",\"@id\":\"https:\/\/nitu.mx\/index.php\/2017\/03\/07\/vivaaerobus-incrementa-su-presencia-en-el-mercado\/\",\"url\":\"https:\/\/nitu.mx\/index.php\/2017\/03\/07\/vivaaerobus-incrementa-su-presencia-en-el-mercado\/\",\"name\":\"VivaAerobus incrementa su presencia en el mercado - Nitu - Noticias de la Industria Turistica\",\"isPartOf\":{\"@id\":\"https:\/\/nitu.mx\/#website\"},\"primaryImageOfPage\":{\"@id\":\"https:\/\/nitu.mx\/index.php\/2017\/03\/07\/vivaaerobus-incrementa-su-presencia-en-el-mercado\/#primaryimage\"},\"image\":{\"@id\":\"https:\/\/nitu.mx\/index.php\/2017\/03\/07\/vivaaerobus-incrementa-su-presencia-en-el-mercado\/#primaryimage\"},\"thumbnailUrl\":\"https:\/\/nitu.mx\/wp-content\/uploads\/2017\/02\/vivaaerobus-3.jpg\",\"datePublished\":\"2017-03-08T03:24:22+00:00\",\"dateModified\":\"2017-03-08T07:31:54+00:00\",\"description\":\"VivaAerobus alcanz\u00f3 por primera vez una participaci\u00f3n de 15 por ciento en el mercado dom\u00e9stico de pasaje, tras 10 a\u00f1os de operaci\u00f3n.\",\"breadcrumb\":{\"@id\":\"https:\/\/nitu.mx\/index.php\/2017\/03\/07\/vivaaerobus-incrementa-su-presencia-en-el-mercado\/#breadcrumb\"},\"inLanguage\":\"es-MX\",\"potentialAction\":[{\"@type\":\"ReadAction\",\"target\":[\"https:\/\/nitu.mx\/index.php\/2017\/03\/07\/vivaaerobus-incrementa-su-presencia-en-el-mercado\/\"]}]},{\"@type\":\"ImageObject\",\"inLanguage\":\"es-MX\",\"@id\":\"https:\/\/nitu.mx\/index.php\/2017\/03\/07\/vivaaerobus-incrementa-su-presencia-en-el-mercado\/#primaryimage\",\"url\":\"https:\/\/nitu.mx\/wp-content\/uploads\/2017\/02\/vivaaerobus-3.jpg\",\"contentUrl\":\"https:\/\/nitu.mx\/wp-content\/uploads\/2017\/02\/vivaaerobus-3.jpg\",\"width\":850,\"height\":480,\"caption\":\"viva aerobus\"},{\"@type\":\"BreadcrumbList\",\"@id\":\"https:\/\/nitu.mx\/index.php\/2017\/03\/07\/vivaaerobus-incrementa-su-presencia-en-el-mercado\/#breadcrumb\",\"itemListElement\":[{\"@type\":\"ListItem\",\"position\":1,\"name\":\"Inicio\",\"item\":\"https:\/\/nitu.mx\/\"},{\"@type\":\"ListItem\",\"position\":2,\"name\":\"VivaAerobus incrementa su presencia en el mercado\"}]},{\"@type\":\"WebSite\",\"@id\":\"https:\/\/nitu.mx\/#website\",\"url\":\"https:\/\/nitu.mx\/\",\"name\":\"Nitu - Noticias de la Industria Turistica\",\"description\":\"Noticias de la Industria Turistica\",\"publisher\":{\"@id\":\"https:\/\/nitu.mx\/#\/schema\/person\/ae7a53426417292d3dd07b45a33e01bc\"},\"alternateName\":\"Noticias de la Industria Turistica\",\"potentialAction\":[{\"@type\":\"SearchAction\",\"target\":{\"@type\":\"EntryPoint\",\"urlTemplate\":\"https:\/\/nitu.mx\/?s={search_term_string}\"},\"query-input\":\"required name=search_term_string\"}],\"inLanguage\":\"es-MX\"},{\"@type\":[\"Person\",\"Organization\"],\"@id\":\"https:\/\/nitu.mx\/#\/schema\/person\/ae7a53426417292d3dd07b45a33e01bc\",\"name\":\"Arturo Medina\",\"image\":{\"@type\":\"ImageObject\",\"inLanguage\":\"es-MX\",\"@id\":\"https:\/\/nitu.mx\/#\/schema\/person\/image\/\",\"url\":\"https:\/\/nitu.mx\/wp-content\/uploads\/2024\/04\/4A315622-1904-4D5C-B022-878CDC840E04-90x90-1.jpeg\",\"contentUrl\":\"https:\/\/nitu.mx\/wp-content\/uploads\/2024\/04\/4A315622-1904-4D5C-B022-878CDC840E04-90x90-1.jpeg\",\"width\":90,\"height\":90,\"caption\":\"Arturo Medina\"},\"logo\":{\"@id\":\"https:\/\/nitu.mx\/#\/schema\/person\/image\/\"},\"description\":\"Director NITU.mx, Egresado de la Escuela de Periodismo Carlos Septi\u00e9n Garc\u00eda. Periodista y analista especializado en turismo desde hace 35 a\u00f1os, radicado en Canc\u00fan Q.Roo. arturo@nitu.mx\",\"sameAs\":[\"https:\/\/nitu.mx\",\"https:\/\/www.facebook.com\/NITUmx\/\",\"medinacancun\",\"https:\/\/twitter.com\/@Arturo_Medina_G\"]},{\"@type\":\"Person\",\"@id\":\"https:\/\/nitu.mx\/#\/schema\/person\/4a28fe9bd65924f7c90623773daf1b0b\",\"name\":\"Redacci\u00f3n\",\"image\":{\"@type\":\"ImageObject\",\"inLanguage\":\"es-MX\",\"@id\":\"https:\/\/nitu.mx\/#\/schema\/person\/image\/\",\"url\":\"https:\/\/secure.gravatar.com\/avatar\/5dd011c8ccfc5cd7e4c81e42252aab38?s=96&d=mm&r=g\",\"contentUrl\":\"https:\/\/secure.gravatar.com\/avatar\/5dd011c8ccfc5cd7e4c81e42252aab38?s=96&d=mm&r=g\",\"caption\":\"Redacci\u00f3n\"},\"url\":\"https:\/\/nitu.mx\/index.php\/author\/redaccion\/\"}]}<\/script>\n<!-- \/ Yoast SEO plugin. -->","yoast_head_json":{"title":"VivaAerobus incrementa su presencia en el mercado - Nitu - Noticias de la Industria Turistica","description":"VivaAerobus alcanz\u00f3 por primera vez una participaci\u00f3n de 15 por ciento en el mercado dom\u00e9stico de pasaje, tras 10 a\u00f1os de operaci\u00f3n.","robots":{"index":"index","follow":"follow","max-snippet":"max-snippet:-1","max-image-preview":"max-image-preview:large","max-video-preview":"max-video-preview:-1"},"canonical":"https:\/\/nitu.mx\/index.php\/2017\/03\/07\/vivaaerobus-incrementa-su-presencia-en-el-mercado\/","twitter_card":"summary_large_image","twitter_title":"VivaAerobus incrementa su presencia en el mercado - Nitu - Noticias de la Industria Turistica","twitter_description":"VivaAerobus alcanz\u00f3 por primera vez una participaci\u00f3n de 15 por ciento en el mercado dom\u00e9stico de pasaje, tras 10 a\u00f1os de operaci\u00f3n.","twitter_image":"https:\/\/nitu.mx\/wp-content\/uploads\/2017\/02\/vivaaerobus-3.jpg","twitter_creator":"@NITUmx","twitter_site":"@Arturo_Medina_G","twitter_misc":{"Escrito por":"Redacci\u00f3n","Tiempo de lectura":"2 minutos"},"schema":{"@context":"https:\/\/schema.org","@graph":[{"@type":"Article","@id":"https:\/\/nitu.mx\/index.php\/2017\/03\/07\/vivaaerobus-incrementa-su-presencia-en-el-mercado\/#article","isPartOf":{"@id":"https:\/\/nitu.mx\/index.php\/2017\/03\/07\/vivaaerobus-incrementa-su-presencia-en-el-mercado\/"},"author":{"name":"Redacci\u00f3n","@id":"https:\/\/nitu.mx\/#\/schema\/person\/4a28fe9bd65924f7c90623773daf1b0b"},"headline":"VivaAerobus incrementa su presencia en el mercado","datePublished":"2017-03-08T03:24:22+00:00","dateModified":"2017-03-08T07:31:54+00:00","mainEntityOfPage":{"@id":"https:\/\/nitu.mx\/index.php\/2017\/03\/07\/vivaaerobus-incrementa-su-presencia-en-el-mercado\/"},"wordCount":504,"commentCount":0,"publisher":{"@id":"https:\/\/nitu.mx\/#\/schema\/person\/ae7a53426417292d3dd07b45a33e01bc"},"image":{"@id":"https:\/\/nitu.mx\/index.php\/2017\/03\/07\/vivaaerobus-incrementa-su-presencia-en-el-mercado\/#primaryimage"},"thumbnailUrl":"https:\/\/nitu.mx\/wp-content\/uploads\/2017\/02\/vivaaerobus-3.jpg","keywords":["AICM","Airbus A320","Alfonso Collantes","Avi\u00f3n","Gian Carlo Nucci","Interjet","Juan Carlos Zuazua","VivaAerobus"],"articleSection":["Aerol\u00edneas","M\u00e9xico"],"inLanguage":"es-MX","potentialAction":[{"@type":"CommentAction","name":"Comment","target":["https:\/\/nitu.mx\/index.php\/2017\/03\/07\/vivaaerobus-incrementa-su-presencia-en-el-mercado\/#respond"]}]},{"@type":"WebPage","@id":"https:\/\/nitu.mx\/index.php\/2017\/03\/07\/vivaaerobus-incrementa-su-presencia-en-el-mercado\/","url":"https:\/\/nitu.mx\/index.php\/2017\/03\/07\/vivaaerobus-incrementa-su-presencia-en-el-mercado\/","name":"VivaAerobus incrementa su presencia en el mercado - Nitu - Noticias de la Industria Turistica","isPartOf":{"@id":"https:\/\/nitu.mx\/#website"},"primaryImageOfPage":{"@id":"https:\/\/nitu.mx\/index.php\/2017\/03\/07\/vivaaerobus-incrementa-su-presencia-en-el-mercado\/#primaryimage"},"image":{"@id":"https:\/\/nitu.mx\/index.php\/2017\/03\/07\/vivaaerobus-incrementa-su-presencia-en-el-mercado\/#primaryimage"},"thumbnailUrl":"https:\/\/nitu.mx\/wp-content\/uploads\/2017\/02\/vivaaerobus-3.jpg","datePublished":"2017-03-08T03:24:22+00:00","dateModified":"2017-03-08T07:31:54+00:00","description":"VivaAerobus alcanz\u00f3 por primera vez una participaci\u00f3n de 15 por ciento en el mercado dom\u00e9stico de pasaje, tras 10 a\u00f1os de operaci\u00f3n.","breadcrumb":{"@id":"https:\/\/nitu.mx\/index.php\/2017\/03\/07\/vivaaerobus-incrementa-su-presencia-en-el-mercado\/#breadcrumb"},"inLanguage":"es-MX","potentialAction":[{"@type":"ReadAction","target":["https:\/\/nitu.mx\/index.php\/2017\/03\/07\/vivaaerobus-incrementa-su-presencia-en-el-mercado\/"]}]},{"@type":"ImageObject","inLanguage":"es-MX","@id":"https:\/\/nitu.mx\/index.php\/2017\/03\/07\/vivaaerobus-incrementa-su-presencia-en-el-mercado\/#primaryimage","url":"https:\/\/nitu.mx\/wp-content\/uploads\/2017\/02\/vivaaerobus-3.jpg","contentUrl":"https:\/\/nitu.mx\/wp-content\/uploads\/2017\/02\/vivaaerobus-3.jpg","width":850,"height":480,"caption":"viva aerobus"},{"@type":"BreadcrumbList","@id":"https:\/\/nitu.mx\/index.php\/2017\/03\/07\/vivaaerobus-incrementa-su-presencia-en-el-mercado\/#breadcrumb","itemListElement":[{"@type":"ListItem","position":1,"name":"Inicio","item":"https:\/\/nitu.mx\/"},{"@type":"ListItem","position":2,"name":"VivaAerobus incrementa su presencia en el mercado"}]},{"@type":"WebSite","@id":"https:\/\/nitu.mx\/#website","url":"https:\/\/nitu.mx\/","name":"Nitu - Noticias de la Industria Turistica","description":"Noticias de la Industria Turistica","publisher":{"@id":"https:\/\/nitu.mx\/#\/schema\/person\/ae7a53426417292d3dd07b45a33e01bc"},"alternateName":"Noticias de la Industria Turistica","potentialAction":[{"@type":"SearchAction","target":{"@type":"EntryPoint","urlTemplate":"https:\/\/nitu.mx\/?s={search_term_string}"},"query-input":"required name=search_term_string"}],"inLanguage":"es-MX"},{"@type":["Person","Organization"],"@id":"https:\/\/nitu.mx\/#\/schema\/person\/ae7a53426417292d3dd07b45a33e01bc","name":"Arturo Medina","image":{"@type":"ImageObject","inLanguage":"es-MX","@id":"https:\/\/nitu.mx\/#\/schema\/person\/image\/","url":"https:\/\/nitu.mx\/wp-content\/uploads\/2024\/04\/4A315622-1904-4D5C-B022-878CDC840E04-90x90-1.jpeg","contentUrl":"https:\/\/nitu.mx\/wp-content\/uploads\/2024\/04\/4A315622-1904-4D5C-B022-878CDC840E04-90x90-1.jpeg","width":90,"height":90,"caption":"Arturo Medina"},"logo":{"@id":"https:\/\/nitu.mx\/#\/schema\/person\/image\/"},"description":"Director NITU.mx, Egresado de la Escuela de Periodismo Carlos Septi\u00e9n Garc\u00eda. Periodista y analista especializado en turismo desde hace 35 a\u00f1os, radicado en Canc\u00fan Q.Roo. arturo@nitu.mx","sameAs":["https:\/\/nitu.mx","https:\/\/www.facebook.com\/NITUmx\/","medinacancun","https:\/\/twitter.com\/@Arturo_Medina_G"]},{"@type":"Person","@id":"https:\/\/nitu.mx\/#\/schema\/person\/4a28fe9bd65924f7c90623773daf1b0b","name":"Redacci\u00f3n","image":{"@type":"ImageObject","inLanguage":"es-MX","@id":"https:\/\/nitu.mx\/#\/schema\/person\/image\/","url":"https:\/\/secure.gravatar.com\/avatar\/5dd011c8ccfc5cd7e4c81e42252aab38?s=96&d=mm&r=g","contentUrl":"https:\/\/secure.gravatar.com\/avatar\/5dd011c8ccfc5cd7e4c81e42252aab38?s=96&d=mm&r=g","caption":"Redacci\u00f3n"},"url":"https:\/\/nitu.mx\/index.php\/author\/redaccion\/"}]}},"views":734,"_links":{"self":[{"href":"https:\/\/nitu.mx\/index.php\/wp-json\/wp\/v2\/posts\/7578"}],"collection":[{"href":"https:\/\/nitu.mx\/index.php\/wp-json\/wp\/v2\/posts"}],"about":[{"href":"https:\/\/nitu.mx\/index.php\/wp-json\/wp\/v2\/types\/post"}],"author":[{"embeddable":true,"href":"https:\/\/nitu.mx\/index.php\/wp-json\/wp\/v2\/users\/17"}],"replies":[{"embeddable":true,"href":"https:\/\/nitu.mx\/index.php\/wp-json\/wp\/v2\/comments?post=7578"}],"version-history":[{"count":3,"href":"https:\/\/nitu.mx\/index.php\/wp-json\/wp\/v2\/posts\/7578\/revisions"}],"predecessor-version":[{"id":7603,"href":"https:\/\/nitu.mx\/index.php\/wp-json\/wp\/v2\/posts\/7578\/revisions\/7603"}],"wp:featuredmedia":[{"embeddable":true,"href":"https:\/\/nitu.mx\/index.php\/wp-json\/wp\/v2\/media\/7206"}],"wp:attachment":[{"href":"https:\/\/nitu.mx\/index.php\/wp-json\/wp\/v2\/media?parent=7578"}],"wp:term":[{"taxonomy":"category","embeddable":true,"href":"https:\/\/nitu.mx\/index.php\/wp-json\/wp\/v2\/categories?post=7578"},{"taxonomy":"post_tag","embeddable":true,"href":"https:\/\/nitu.mx\/index.php\/wp-json\/wp\/v2\/tags?post=7578"}],"curies":[{"name":"wp","href":"https:\/\/api.w.org\/{rel}","templated":true}]}}