{"id":75744,"date":"2024-10-14T23:34:57","date_gmt":"2024-10-15T05:34:57","guid":{"rendered":"https:\/\/nitu.mx\/?p=75744"},"modified":"2024-10-14T23:34:57","modified_gmt":"2024-10-15T05:34:57","slug":"amma-invita-a-medicos-a-integrarse-para-fortalecer-la-salud-y-seguridad-en-la-aviacion","status":"publish","type":"post","link":"https:\/\/nitu.mx\/index.php\/2024\/10\/14\/amma-invita-a-medicos-a-integrarse-para-fortalecer-la-salud-y-seguridad-en-la-aviacion\/","title":{"rendered":"AMMA invita a m\u00e9dicos a integrarse para fortalecer la salud y seguridad en la aviaci\u00f3n"},"content":{"rendered":"<p>La Asociaci\u00f3n Mexicana de Medicina de Aviaci\u00f3n (AMMA) invit\u00f3 a m\u00e9dicos y profesionales de la salud a afiliarse a su instituci\u00f3n para contribuir al bienestar de las tripulaciones a\u00e9reas y fomentar el desarrollo de la medicina aeron\u00e1utica en M\u00e9xico.<\/p>\n<p>Oportunidades en un campo especializado<br \/>\nArturo Landa, presidente de la AMMA, destac\u00f3 que la medicina de aviaci\u00f3n sigue siendo una especialidad poco conocida, pero ofrece la oportunidad de generar un impacto significativo en la seguridad a\u00e9rea. \u201cEl estado de salud de los pilotos y del personal a\u00e9reo es fundamental para garantizar operaciones seguras. A trav\u00e9s de atenci\u00f3n m\u00e9dica especializada e investigaci\u00f3n, podemos mejorar la calidad de vida de las tripulaciones y contribuir directamente a la seguridad de los vuelos\u201d, se\u00f1al\u00f3.<\/p>\n<p>Enfoque en necesidades espec\u00edficas y desarrollo profesional<br \/>\nLos m\u00e9dicos afiliados podr\u00e1n ofrecer servicios de medicina asistencial dirigidos a las necesidades particulares de las tripulaciones, abordando temas como la fisiolog\u00eda, psicolog\u00eda y el rendimiento bajo condiciones extremas en altitud. La AMMA tambi\u00e9n ha resaltado la posibilidad de participar en investigaciones enfocadas en los desaf\u00edos \u00fanicos de este entorno.<\/p>\n<p>Adem\u00e1s, se busca que los miembros desarrollen e implementen soluciones innovadoras que optimicen tanto la salud como el rendimiento de los profesionales aeron\u00e1uticos, promoviendo as\u00ed la seguridad operativa.<\/p>\n<p>Red de expertos y capacitaci\u00f3n continua<br \/>\nLanda a\u00f1adi\u00f3 que los afiliados tendr\u00e1n acceso a una red de expertos nacionales e internacionales y podr\u00e1n beneficiarse de programas de capacitaci\u00f3n continua. La AMMA se compromete a respaldar las contribuciones de los m\u00e9dicos en esta especialidad, fortaleciendo el v\u00ednculo entre la medicina y la aviaci\u00f3n en M\u00e9xico.<\/p>\n<p>Esta iniciativa subraya la importancia de contar con profesionales preparados para atender las necesidades del sector aeron\u00e1utico, un campo donde la exigencia f\u00edsica y mental es crucial para garantizar vuelos seguros y eficientes.<\/p>\n","protected":false},"excerpt":{"rendered":"<p>La Asociaci\u00f3n Mexicana de Medicina de Aviaci\u00f3n (AMMA) invit\u00f3 a m\u00e9dicos y profesionales de la salud a afiliarse a su instituci\u00f3n para contribuir al bienestar de las tripulaciones a\u00e9reas y fomentar el desarrollo de la medicina aeron\u00e1utica en M\u00e9xico. Oportunidades en un campo especializado Arturo Landa, presidente de la AMMA, destac\u00f3 que la medicina de [&hellip;]<\/p>\n","protected":false},"author":3,"featured_media":8933,"comment_status":"open","ping_status":"open","sticky":false,"template":"","format":"standard","meta":{"footnotes":""},"categories":[29],"tags":[26268,4174,9390,2762],"yoast_head":"<!-- This site is optimized with the Yoast SEO plugin v22.2 - https:\/\/yoast.com\/wordpress\/plugins\/seo\/ -->\n<title>AMMA invita a m\u00e9dicos a integrarse para fortalecer la salud y seguridad en la aviaci\u00f3n - Nitu - Noticias de la Industria Turistica<\/title>\n<meta name=\"robots\" content=\"index, follow, max-snippet:-1, max-image-preview:large, max-video-preview:-1\" \/>\n<link rel=\"canonical\" href=\"https:\/\/nitu.mx\/index.php\/2024\/10\/14\/amma-invita-a-medicos-a-integrarse-para-fortalecer-la-salud-y-seguridad-en-la-aviacion\/\" \/>\n<meta name=\"twitter:card\" content=\"summary_large_image\" \/>\n<meta name=\"twitter:title\" content=\"AMMA invita a m\u00e9dicos a integrarse para fortalecer la salud y seguridad en la aviaci\u00f3n - Nitu - Noticias de la Industria Turistica\" \/>\n<meta name=\"twitter:description\" content=\"La Asociaci\u00f3n Mexicana de Medicina de Aviaci\u00f3n (AMMA) invit\u00f3 a m\u00e9dicos y profesionales de la salud a afiliarse a su instituci\u00f3n para contribuir al bienestar de las tripulaciones a\u00e9reas y fomentar el desarrollo de la medicina aeron\u00e1utica en M\u00e9xico. Oportunidades en un campo especializado Arturo Landa, presidente de la AMMA, destac\u00f3 que la medicina de [&hellip;]\" \/>\n<meta name=\"twitter:image\" content=\"https:\/\/nitu.mx\/wp-content\/uploads\/2017\/04\/Aviaci\u00f3n.jpg\" \/>\n<meta name=\"twitter:creator\" content=\"@NITUmx\" \/>\n<meta name=\"twitter:site\" content=\"@Arturo_Medina_G\" \/>\n<meta name=\"twitter:label1\" content=\"Escrito por\" \/>\n\t<meta name=\"twitter:data1\" content=\"Alejandra Moncisbays\" \/>\n\t<meta name=\"twitter:label2\" content=\"Tiempo de lectura\" \/>\n\t<meta name=\"twitter:data2\" content=\"2 minutos\" \/>\n<script type=\"application\/ld+json\" class=\"yoast-schema-graph\">{\"@context\":\"https:\/\/schema.org\",\"@graph\":[{\"@type\":\"Article\",\"@id\":\"https:\/\/nitu.mx\/index.php\/2024\/10\/14\/amma-invita-a-medicos-a-integrarse-para-fortalecer-la-salud-y-seguridad-en-la-aviacion\/#article\",\"isPartOf\":{\"@id\":\"https:\/\/nitu.mx\/index.php\/2024\/10\/14\/amma-invita-a-medicos-a-integrarse-para-fortalecer-la-salud-y-seguridad-en-la-aviacion\/\"},\"author\":{\"name\":\"Alejandra Moncisbays\",\"@id\":\"https:\/\/nitu.mx\/#\/schema\/person\/2ecd887b19dfd3382d1f14fc5acf24a8\"},\"headline\":\"AMMA invita a m\u00e9dicos a integrarse para fortalecer la salud y seguridad en la aviaci\u00f3n\",\"datePublished\":\"2024-10-15T05:34:57+00:00\",\"dateModified\":\"2024-10-15T05:34:57+00:00\",\"mainEntityOfPage\":{\"@id\":\"https:\/\/nitu.mx\/index.php\/2024\/10\/14\/amma-invita-a-medicos-a-integrarse-para-fortalecer-la-salud-y-seguridad-en-la-aviacion\/\"},\"wordCount\":343,\"commentCount\":0,\"publisher\":{\"@id\":\"https:\/\/nitu.mx\/#\/schema\/person\/ae7a53426417292d3dd07b45a33e01bc\"},\"image\":{\"@id\":\"https:\/\/nitu.mx\/index.php\/2024\/10\/14\/amma-invita-a-medicos-a-integrarse-para-fortalecer-la-salud-y-seguridad-en-la-aviacion\/#primaryimage\"},\"thumbnailUrl\":\"https:\/\/nitu.mx\/wp-content\/uploads\/2017\/04\/Aviaci\u00f3n.jpg\",\"keywords\":[\"AMMA\",\"m\u00e9dicos\",\"salud\",\"seguridad\"],\"articleSection\":[\"Aerol\u00edneas\"],\"inLanguage\":\"es-MX\",\"potentialAction\":[{\"@type\":\"CommentAction\",\"name\":\"Comment\",\"target\":[\"https:\/\/nitu.mx\/index.php\/2024\/10\/14\/amma-invita-a-medicos-a-integrarse-para-fortalecer-la-salud-y-seguridad-en-la-aviacion\/#respond\"]}]},{\"@type\":\"WebPage\",\"@id\":\"https:\/\/nitu.mx\/index.php\/2024\/10\/14\/amma-invita-a-medicos-a-integrarse-para-fortalecer-la-salud-y-seguridad-en-la-aviacion\/\",\"url\":\"https:\/\/nitu.mx\/index.php\/2024\/10\/14\/amma-invita-a-medicos-a-integrarse-para-fortalecer-la-salud-y-seguridad-en-la-aviacion\/\",\"name\":\"AMMA invita a m\u00e9dicos a integrarse para fortalecer la salud y seguridad en la aviaci\u00f3n - Nitu - Noticias de la Industria Turistica\",\"isPartOf\":{\"@id\":\"https:\/\/nitu.mx\/#website\"},\"primaryImageOfPage\":{\"@id\":\"https:\/\/nitu.mx\/index.php\/2024\/10\/14\/amma-invita-a-medicos-a-integrarse-para-fortalecer-la-salud-y-seguridad-en-la-aviacion\/#primaryimage\"},\"image\":{\"@id\":\"https:\/\/nitu.mx\/index.php\/2024\/10\/14\/amma-invita-a-medicos-a-integrarse-para-fortalecer-la-salud-y-seguridad-en-la-aviacion\/#primaryimage\"},\"thumbnailUrl\":\"https:\/\/nitu.mx\/wp-content\/uploads\/2017\/04\/Aviaci\u00f3n.jpg\",\"datePublished\":\"2024-10-15T05:34:57+00:00\",\"dateModified\":\"2024-10-15T05:34:57+00:00\",\"breadcrumb\":{\"@id\":\"https:\/\/nitu.mx\/index.php\/2024\/10\/14\/amma-invita-a-medicos-a-integrarse-para-fortalecer-la-salud-y-seguridad-en-la-aviacion\/#breadcrumb\"},\"inLanguage\":\"es-MX\",\"potentialAction\":[{\"@type\":\"ReadAction\",\"target\":[\"https:\/\/nitu.mx\/index.php\/2024\/10\/14\/amma-invita-a-medicos-a-integrarse-para-fortalecer-la-salud-y-seguridad-en-la-aviacion\/\"]}]},{\"@type\":\"ImageObject\",\"inLanguage\":\"es-MX\",\"@id\":\"https:\/\/nitu.mx\/index.php\/2024\/10\/14\/amma-invita-a-medicos-a-integrarse-para-fortalecer-la-salud-y-seguridad-en-la-aviacion\/#primaryimage\",\"url\":\"https:\/\/nitu.mx\/wp-content\/uploads\/2017\/04\/Aviaci\u00f3n.jpg\",\"contentUrl\":\"https:\/\/nitu.mx\/wp-content\/uploads\/2017\/04\/Aviaci\u00f3n.jpg\",\"width\":850,\"height\":480,\"caption\":\"aviaci\u00f3n inversi\u00f3n extranjera Guevara sobreventa IATA\"},{\"@type\":\"BreadcrumbList\",\"@id\":\"https:\/\/nitu.mx\/index.php\/2024\/10\/14\/amma-invita-a-medicos-a-integrarse-para-fortalecer-la-salud-y-seguridad-en-la-aviacion\/#breadcrumb\",\"itemListElement\":[{\"@type\":\"ListItem\",\"position\":1,\"name\":\"Inicio\",\"item\":\"https:\/\/nitu.mx\/\"},{\"@type\":\"ListItem\",\"position\":2,\"name\":\"AMMA invita a m\u00e9dicos a integrarse para fortalecer la salud y seguridad en la aviaci\u00f3n\"}]},{\"@type\":\"WebSite\",\"@id\":\"https:\/\/nitu.mx\/#website\",\"url\":\"https:\/\/nitu.mx\/\",\"name\":\"Nitu - Noticias de la Industria Turistica\",\"description\":\"Noticias de la Industria Turistica\",\"publisher\":{\"@id\":\"https:\/\/nitu.mx\/#\/schema\/person\/ae7a53426417292d3dd07b45a33e01bc\"},\"alternateName\":\"Noticias de la Industria Turistica\",\"potentialAction\":[{\"@type\":\"SearchAction\",\"target\":{\"@type\":\"EntryPoint\",\"urlTemplate\":\"https:\/\/nitu.mx\/?s={search_term_string}\"},\"query-input\":\"required name=search_term_string\"}],\"inLanguage\":\"es-MX\"},{\"@type\":[\"Person\",\"Organization\"],\"@id\":\"https:\/\/nitu.mx\/#\/schema\/person\/ae7a53426417292d3dd07b45a33e01bc\",\"name\":\"Arturo Medina\",\"image\":{\"@type\":\"ImageObject\",\"inLanguage\":\"es-MX\",\"@id\":\"https:\/\/nitu.mx\/#\/schema\/person\/image\/\",\"url\":\"https:\/\/nitu.mx\/wp-content\/uploads\/2024\/04\/4A315622-1904-4D5C-B022-878CDC840E04-90x90-1.jpeg\",\"contentUrl\":\"https:\/\/nitu.mx\/wp-content\/uploads\/2024\/04\/4A315622-1904-4D5C-B022-878CDC840E04-90x90-1.jpeg\",\"width\":90,\"height\":90,\"caption\":\"Arturo Medina\"},\"logo\":{\"@id\":\"https:\/\/nitu.mx\/#\/schema\/person\/image\/\"},\"description\":\"Director NITU.mx, Egresado de la Escuela de Periodismo Carlos Septi\u00e9n Garc\u00eda. Periodista y analista especializado en turismo desde hace 35 a\u00f1os, radicado en Canc\u00fan Q.Roo. arturo@nitu.mx\",\"sameAs\":[\"https:\/\/nitu.mx\",\"https:\/\/www.facebook.com\/NITUmx\/\",\"medinacancun\",\"https:\/\/twitter.com\/@Arturo_Medina_G\"]},{\"@type\":\"Person\",\"@id\":\"https:\/\/nitu.mx\/#\/schema\/person\/2ecd887b19dfd3382d1f14fc5acf24a8\",\"name\":\"Alejandra Moncisbays\",\"image\":{\"@type\":\"ImageObject\",\"inLanguage\":\"es-MX\",\"@id\":\"https:\/\/nitu.mx\/#\/schema\/person\/image\/\",\"url\":\"https:\/\/secure.gravatar.com\/avatar\/e74f7af0be172b7804dacfd0bfbef787?s=96&d=mm&r=g\",\"contentUrl\":\"https:\/\/secure.gravatar.com\/avatar\/e74f7af0be172b7804dacfd0bfbef787?s=96&d=mm&r=g\",\"caption\":\"Alejandra Moncisbays\"},\"description\":\"Curs\u00e9 la carrera de Periodismo y Comunicaci\u00f3n en la Facultad de Estudios Profesionales Acatl\u00e1n. Vivo en Canc\u00fan desde hace 24 a\u00f1os. Fui reportera de La Tarde de Canc\u00fan, y Novedades de Quintana Roo, colabor\u00e9 en TVCUN, edit\u00e9 Cancun\u00edssimo y colabor\u00e9 en las revistas Latitud21, entre otras, con principal enfoque en los sectores empresarial y tur\u00edstico. Desde hace varios a\u00f1os soy Agente de Seguros con c\u00e9dula de la Comisi\u00f3n Nacional de Seguros y Fianzas. Actualmente, me desarrollo en los \u00e1mbitos del periodismo y el sector asegurador.\",\"sameAs\":[\"https:\/\/nitu.mx\"],\"url\":\"https:\/\/nitu.mx\/index.php\/author\/alejandra\/\"}]}<\/script>\n<!-- \/ Yoast SEO plugin. -->","yoast_head_json":{"title":"AMMA invita a m\u00e9dicos a integrarse para fortalecer la salud y seguridad en la aviaci\u00f3n - Nitu - Noticias de la Industria Turistica","robots":{"index":"index","follow":"follow","max-snippet":"max-snippet:-1","max-image-preview":"max-image-preview:large","max-video-preview":"max-video-preview:-1"},"canonical":"https:\/\/nitu.mx\/index.php\/2024\/10\/14\/amma-invita-a-medicos-a-integrarse-para-fortalecer-la-salud-y-seguridad-en-la-aviacion\/","twitter_card":"summary_large_image","twitter_title":"AMMA invita a m\u00e9dicos a integrarse para fortalecer la salud y seguridad en la aviaci\u00f3n - Nitu - Noticias de la Industria Turistica","twitter_description":"La Asociaci\u00f3n Mexicana de Medicina de Aviaci\u00f3n (AMMA) invit\u00f3 a m\u00e9dicos y profesionales de la salud a afiliarse a su instituci\u00f3n para contribuir al bienestar de las tripulaciones a\u00e9reas y fomentar el desarrollo de la medicina aeron\u00e1utica en M\u00e9xico. Oportunidades en un campo especializado Arturo Landa, presidente de la AMMA, destac\u00f3 que la medicina de [&hellip;]","twitter_image":"https:\/\/nitu.mx\/wp-content\/uploads\/2017\/04\/Aviaci\u00f3n.jpg","twitter_creator":"@NITUmx","twitter_site":"@Arturo_Medina_G","twitter_misc":{"Escrito por":"Alejandra Moncisbays","Tiempo de lectura":"2 minutos"},"schema":{"@context":"https:\/\/schema.org","@graph":[{"@type":"Article","@id":"https:\/\/nitu.mx\/index.php\/2024\/10\/14\/amma-invita-a-medicos-a-integrarse-para-fortalecer-la-salud-y-seguridad-en-la-aviacion\/#article","isPartOf":{"@id":"https:\/\/nitu.mx\/index.php\/2024\/10\/14\/amma-invita-a-medicos-a-integrarse-para-fortalecer-la-salud-y-seguridad-en-la-aviacion\/"},"author":{"name":"Alejandra Moncisbays","@id":"https:\/\/nitu.mx\/#\/schema\/person\/2ecd887b19dfd3382d1f14fc5acf24a8"},"headline":"AMMA invita a m\u00e9dicos a integrarse para fortalecer la salud y seguridad en la aviaci\u00f3n","datePublished":"2024-10-15T05:34:57+00:00","dateModified":"2024-10-15T05:34:57+00:00","mainEntityOfPage":{"@id":"https:\/\/nitu.mx\/index.php\/2024\/10\/14\/amma-invita-a-medicos-a-integrarse-para-fortalecer-la-salud-y-seguridad-en-la-aviacion\/"},"wordCount":343,"commentCount":0,"publisher":{"@id":"https:\/\/nitu.mx\/#\/schema\/person\/ae7a53426417292d3dd07b45a33e01bc"},"image":{"@id":"https:\/\/nitu.mx\/index.php\/2024\/10\/14\/amma-invita-a-medicos-a-integrarse-para-fortalecer-la-salud-y-seguridad-en-la-aviacion\/#primaryimage"},"thumbnailUrl":"https:\/\/nitu.mx\/wp-content\/uploads\/2017\/04\/Aviaci\u00f3n.jpg","keywords":["AMMA","m\u00e9dicos","salud","seguridad"],"articleSection":["Aerol\u00edneas"],"inLanguage":"es-MX","potentialAction":[{"@type":"CommentAction","name":"Comment","target":["https:\/\/nitu.mx\/index.php\/2024\/10\/14\/amma-invita-a-medicos-a-integrarse-para-fortalecer-la-salud-y-seguridad-en-la-aviacion\/#respond"]}]},{"@type":"WebPage","@id":"https:\/\/nitu.mx\/index.php\/2024\/10\/14\/amma-invita-a-medicos-a-integrarse-para-fortalecer-la-salud-y-seguridad-en-la-aviacion\/","url":"https:\/\/nitu.mx\/index.php\/2024\/10\/14\/amma-invita-a-medicos-a-integrarse-para-fortalecer-la-salud-y-seguridad-en-la-aviacion\/","name":"AMMA invita a m\u00e9dicos a integrarse para fortalecer la salud y seguridad en la aviaci\u00f3n - Nitu - Noticias de la Industria Turistica","isPartOf":{"@id":"https:\/\/nitu.mx\/#website"},"primaryImageOfPage":{"@id":"https:\/\/nitu.mx\/index.php\/2024\/10\/14\/amma-invita-a-medicos-a-integrarse-para-fortalecer-la-salud-y-seguridad-en-la-aviacion\/#primaryimage"},"image":{"@id":"https:\/\/nitu.mx\/index.php\/2024\/10\/14\/amma-invita-a-medicos-a-integrarse-para-fortalecer-la-salud-y-seguridad-en-la-aviacion\/#primaryimage"},"thumbnailUrl":"https:\/\/nitu.mx\/wp-content\/uploads\/2017\/04\/Aviaci\u00f3n.jpg","datePublished":"2024-10-15T05:34:57+00:00","dateModified":"2024-10-15T05:34:57+00:00","breadcrumb":{"@id":"https:\/\/nitu.mx\/index.php\/2024\/10\/14\/amma-invita-a-medicos-a-integrarse-para-fortalecer-la-salud-y-seguridad-en-la-aviacion\/#breadcrumb"},"inLanguage":"es-MX","potentialAction":[{"@type":"ReadAction","target":["https:\/\/nitu.mx\/index.php\/2024\/10\/14\/amma-invita-a-medicos-a-integrarse-para-fortalecer-la-salud-y-seguridad-en-la-aviacion\/"]}]},{"@type":"ImageObject","inLanguage":"es-MX","@id":"https:\/\/nitu.mx\/index.php\/2024\/10\/14\/amma-invita-a-medicos-a-integrarse-para-fortalecer-la-salud-y-seguridad-en-la-aviacion\/#primaryimage","url":"https:\/\/nitu.mx\/wp-content\/uploads\/2017\/04\/Aviaci\u00f3n.jpg","contentUrl":"https:\/\/nitu.mx\/wp-content\/uploads\/2017\/04\/Aviaci\u00f3n.jpg","width":850,"height":480,"caption":"aviaci\u00f3n inversi\u00f3n extranjera Guevara sobreventa IATA"},{"@type":"BreadcrumbList","@id":"https:\/\/nitu.mx\/index.php\/2024\/10\/14\/amma-invita-a-medicos-a-integrarse-para-fortalecer-la-salud-y-seguridad-en-la-aviacion\/#breadcrumb","itemListElement":[{"@type":"ListItem","position":1,"name":"Inicio","item":"https:\/\/nitu.mx\/"},{"@type":"ListItem","position":2,"name":"AMMA invita a m\u00e9dicos a integrarse para fortalecer la salud y seguridad en la aviaci\u00f3n"}]},{"@type":"WebSite","@id":"https:\/\/nitu.mx\/#website","url":"https:\/\/nitu.mx\/","name":"Nitu - Noticias de la Industria Turistica","description":"Noticias de la Industria Turistica","publisher":{"@id":"https:\/\/nitu.mx\/#\/schema\/person\/ae7a53426417292d3dd07b45a33e01bc"},"alternateName":"Noticias de la Industria Turistica","potentialAction":[{"@type":"SearchAction","target":{"@type":"EntryPoint","urlTemplate":"https:\/\/nitu.mx\/?s={search_term_string}"},"query-input":"required name=search_term_string"}],"inLanguage":"es-MX"},{"@type":["Person","Organization"],"@id":"https:\/\/nitu.mx\/#\/schema\/person\/ae7a53426417292d3dd07b45a33e01bc","name":"Arturo Medina","image":{"@type":"ImageObject","inLanguage":"es-MX","@id":"https:\/\/nitu.mx\/#\/schema\/person\/image\/","url":"https:\/\/nitu.mx\/wp-content\/uploads\/2024\/04\/4A315622-1904-4D5C-B022-878CDC840E04-90x90-1.jpeg","contentUrl":"https:\/\/nitu.mx\/wp-content\/uploads\/2024\/04\/4A315622-1904-4D5C-B022-878CDC840E04-90x90-1.jpeg","width":90,"height":90,"caption":"Arturo Medina"},"logo":{"@id":"https:\/\/nitu.mx\/#\/schema\/person\/image\/"},"description":"Director NITU.mx, Egresado de la Escuela de Periodismo Carlos Septi\u00e9n Garc\u00eda. Periodista y analista especializado en turismo desde hace 35 a\u00f1os, radicado en Canc\u00fan Q.Roo. arturo@nitu.mx","sameAs":["https:\/\/nitu.mx","https:\/\/www.facebook.com\/NITUmx\/","medinacancun","https:\/\/twitter.com\/@Arturo_Medina_G"]},{"@type":"Person","@id":"https:\/\/nitu.mx\/#\/schema\/person\/2ecd887b19dfd3382d1f14fc5acf24a8","name":"Alejandra Moncisbays","image":{"@type":"ImageObject","inLanguage":"es-MX","@id":"https:\/\/nitu.mx\/#\/schema\/person\/image\/","url":"https:\/\/secure.gravatar.com\/avatar\/e74f7af0be172b7804dacfd0bfbef787?s=96&d=mm&r=g","contentUrl":"https:\/\/secure.gravatar.com\/avatar\/e74f7af0be172b7804dacfd0bfbef787?s=96&d=mm&r=g","caption":"Alejandra Moncisbays"},"description":"Curs\u00e9 la carrera de Periodismo y Comunicaci\u00f3n en la Facultad de Estudios Profesionales Acatl\u00e1n. Vivo en Canc\u00fan desde hace 24 a\u00f1os. Fui reportera de La Tarde de Canc\u00fan, y Novedades de Quintana Roo, colabor\u00e9 en TVCUN, edit\u00e9 Cancun\u00edssimo y colabor\u00e9 en las revistas Latitud21, entre otras, con principal enfoque en los sectores empresarial y tur\u00edstico. Desde hace varios a\u00f1os soy Agente de Seguros con c\u00e9dula de la Comisi\u00f3n Nacional de Seguros y Fianzas. Actualmente, me desarrollo en los \u00e1mbitos del periodismo y el sector asegurador.","sameAs":["https:\/\/nitu.mx"],"url":"https:\/\/nitu.mx\/index.php\/author\/alejandra\/"}]}},"views":652,"_links":{"self":[{"href":"https:\/\/nitu.mx\/index.php\/wp-json\/wp\/v2\/posts\/75744"}],"collection":[{"href":"https:\/\/nitu.mx\/index.php\/wp-json\/wp\/v2\/posts"}],"about":[{"href":"https:\/\/nitu.mx\/index.php\/wp-json\/wp\/v2\/types\/post"}],"author":[{"embeddable":true,"href":"https:\/\/nitu.mx\/index.php\/wp-json\/wp\/v2\/users\/3"}],"replies":[{"embeddable":true,"href":"https:\/\/nitu.mx\/index.php\/wp-json\/wp\/v2\/comments?post=75744"}],"version-history":[{"count":2,"href":"https:\/\/nitu.mx\/index.php\/wp-json\/wp\/v2\/posts\/75744\/revisions"}],"predecessor-version":[{"id":75746,"href":"https:\/\/nitu.mx\/index.php\/wp-json\/wp\/v2\/posts\/75744\/revisions\/75746"}],"wp:featuredmedia":[{"embeddable":true,"href":"https:\/\/nitu.mx\/index.php\/wp-json\/wp\/v2\/media\/8933"}],"wp:attachment":[{"href":"https:\/\/nitu.mx\/index.php\/wp-json\/wp\/v2\/media?parent=75744"}],"wp:term":[{"taxonomy":"category","embeddable":true,"href":"https:\/\/nitu.mx\/index.php\/wp-json\/wp\/v2\/categories?post=75744"},{"taxonomy":"post_tag","embeddable":true,"href":"https:\/\/nitu.mx\/index.php\/wp-json\/wp\/v2\/tags?post=75744"}],"curies":[{"name":"wp","href":"https:\/\/api.w.org\/{rel}","templated":true}]}}