{"id":75620,"date":"2024-10-11T00:04:08","date_gmt":"2024-10-11T06:04:08","guid":{"rendered":"https:\/\/nitu.mx\/?p=75620"},"modified":"2024-10-11T00:04:08","modified_gmt":"2024-10-11T06:04:08","slug":"viva-aerobus-aumenta-frecuencias-para-semana-santa-2025","status":"publish","type":"post","link":"https:\/\/nitu.mx\/index.php\/2024\/10\/11\/viva-aerobus-aumenta-frecuencias-para-semana-santa-2025\/","title":{"rendered":"Viva Aerobus aumenta frecuencias para Semana Santa 2025"},"content":{"rendered":"<p>Viva Aerobus anunci\u00f3\u00a0un incremento de 37 frecuencias semanales a siete destinos nacionales e internacionales a partir de abril de 2025. La aerol\u00ednea, con sede en Monterrey, ha se\u00f1alado que la medida busca ofrecer m\u00e1s opciones de viaje durante las vacaciones de Semana Santa y el verano. Las rutas afectadas incluyen destinos como Miami, Dallas, Houston y Le\u00f3n, donde se ha duplicado o aumentado significativamente el n\u00famero de vuelos.<\/p>\n<p>Este incremento forma parte de la estrategia de la aerol\u00ednea de bajo costo para consolidar a Monterrey como su principal centro de operaciones, mejorando la conectividad tanto para el turismo como para los negocios. Seg\u00fan el CEO de Viva Aerobus, Juan Carlos Zuazua, la expansi\u00f3n est\u00e1 alineada con el compromiso de la empresa de ofrecer tarifas competitivas y un servicio accesible.<\/p>\n<p>En t\u00e9rminos concretos, las frecuencias entre Monterrey y Dallas, as\u00ed como Monterrey y Tuxtla Guti\u00e9rrez, pasar\u00e1n de siete a 14 vuelos semanales, mientras que la conexi\u00f3n con Miami crecer\u00e1 de tres a seis vuelos semanales. Otras rutas, como Houston, Le\u00f3n y M\u00e9rida, tambi\u00e9n ver\u00e1n un aumento en su oferta.<\/p>\n<p>La aerol\u00ednea ha resaltado que este incremento de vuelos beneficiar\u00e1 a los pasajeros que deseen planear sus viajes con antelaci\u00f3n, ya sea por placer o negocios. Adem\u00e1s, ha destacado su flota de 86 aviones Airbus A320 y A321neo, una de las m\u00e1s j\u00f3venes de M\u00e9xico, como una ventaja adicional en la experiencia de vuelo.<\/p>\n<p>Este anuncio se suma a los recientes incrementos de vuelos hacia otros destinos como Los Mochis, Oakland y Chicago, que comenzar\u00e1n en noviembre de 2024. La expansi\u00f3n subraya el papel de Viva Aerobus en la mejora de la conectividad y la econom\u00eda regional de Nuevo Le\u00f3n. (<a href=\"https:\/\/nitu.mx\/index.php\/2024\/09\/06\/viva-aerobus-y-air-canada-firman-acuerdo-para-facilitar-conexiones-entre-mexico-y-canada\/\">Viva Aerobus y Air Canada firman acuerdo para facilitar conexiones entre M\u00e9xico y Canad\u00e1<\/a>).<\/p>\n","protected":false},"excerpt":{"rendered":"<p>Viva Aerobus anunci\u00f3\u00a0un incremento de 37 frecuencias semanales a siete destinos nacionales e internacionales a partir de abril de 2025. La aerol\u00ednea, con sede en Monterrey, ha se\u00f1alado que la medida busca ofrecer m\u00e1s opciones de viaje durante las vacaciones de Semana Santa y el verano. Las rutas afectadas incluyen destinos como Miami, Dallas, Houston [&hellip;]<\/p>\n","protected":false},"author":3,"featured_media":57619,"comment_status":"open","ping_status":"open","sticky":false,"template":"","format":"standard","meta":{"footnotes":""},"categories":[29],"tags":[7777,295,3023,2102,4042],"yoast_head":"<!-- This site is optimized with the Yoast SEO plugin v22.2 - https:\/\/yoast.com\/wordpress\/plugins\/seo\/ -->\n<title>Viva Aerobus aumenta frecuencias para Semana Santa 2025 - Nitu - Noticias de la Industria Turistica<\/title>\n<meta name=\"robots\" content=\"index, follow, max-snippet:-1, max-image-preview:large, max-video-preview:-1\" \/>\n<link rel=\"canonical\" href=\"https:\/\/nitu.mx\/index.php\/2024\/10\/11\/viva-aerobus-aumenta-frecuencias-para-semana-santa-2025\/\" \/>\n<meta name=\"twitter:card\" content=\"summary_large_image\" \/>\n<meta name=\"twitter:title\" content=\"Viva Aerobus aumenta frecuencias para Semana Santa 2025 - Nitu - Noticias de la Industria Turistica\" \/>\n<meta name=\"twitter:description\" content=\"Viva Aerobus anunci\u00f3\u00a0un incremento de 37 frecuencias semanales a siete destinos nacionales e internacionales a partir de abril de 2025. La aerol\u00ednea, con sede en Monterrey, ha se\u00f1alado que la medida busca ofrecer m\u00e1s opciones de viaje durante las vacaciones de Semana Santa y el verano. Las rutas afectadas incluyen destinos como Miami, Dallas, Houston [&hellip;]\" \/>\n<meta name=\"twitter:image\" content=\"https:\/\/nitu.mx\/wp-content\/uploads\/2022\/01\/Viva-Aerobus-A321.jpg\" \/>\n<meta name=\"twitter:creator\" content=\"@NITUmx\" \/>\n<meta name=\"twitter:site\" content=\"@Arturo_Medina_G\" \/>\n<meta name=\"twitter:label1\" content=\"Escrito por\" \/>\n\t<meta name=\"twitter:data1\" content=\"Alejandra Moncisbays\" \/>\n\t<meta name=\"twitter:label2\" content=\"Tiempo de lectura\" \/>\n\t<meta name=\"twitter:data2\" content=\"2 minutos\" \/>\n<script type=\"application\/ld+json\" class=\"yoast-schema-graph\">{\"@context\":\"https:\/\/schema.org\",\"@graph\":[{\"@type\":\"Article\",\"@id\":\"https:\/\/nitu.mx\/index.php\/2024\/10\/11\/viva-aerobus-aumenta-frecuencias-para-semana-santa-2025\/#article\",\"isPartOf\":{\"@id\":\"https:\/\/nitu.mx\/index.php\/2024\/10\/11\/viva-aerobus-aumenta-frecuencias-para-semana-santa-2025\/\"},\"author\":{\"name\":\"Alejandra Moncisbays\",\"@id\":\"https:\/\/nitu.mx\/#\/schema\/person\/2ecd887b19dfd3382d1f14fc5acf24a8\"},\"headline\":\"Viva Aerobus aumenta frecuencias para Semana Santa 2025\",\"datePublished\":\"2024-10-11T06:04:08+00:00\",\"dateModified\":\"2024-10-11T06:04:08+00:00\",\"mainEntityOfPage\":{\"@id\":\"https:\/\/nitu.mx\/index.php\/2024\/10\/11\/viva-aerobus-aumenta-frecuencias-para-semana-santa-2025\/\"},\"wordCount\":323,\"commentCount\":0,\"publisher\":{\"@id\":\"https:\/\/nitu.mx\/#\/schema\/person\/ae7a53426417292d3dd07b45a33e01bc\"},\"image\":{\"@id\":\"https:\/\/nitu.mx\/index.php\/2024\/10\/11\/viva-aerobus-aumenta-frecuencias-para-semana-santa-2025\/#primaryimage\"},\"thumbnailUrl\":\"https:\/\/nitu.mx\/wp-content\/uploads\/2022\/01\/Viva-Aerobus-A321.jpg\",\"keywords\":[\"frecuencias\",\"Juan Carlos Zuazua\",\"semana Santa\",\"Viva Aerobus\",\"Vuelos\"],\"articleSection\":[\"Aerol\u00edneas\"],\"inLanguage\":\"es-MX\",\"potentialAction\":[{\"@type\":\"CommentAction\",\"name\":\"Comment\",\"target\":[\"https:\/\/nitu.mx\/index.php\/2024\/10\/11\/viva-aerobus-aumenta-frecuencias-para-semana-santa-2025\/#respond\"]}]},{\"@type\":\"WebPage\",\"@id\":\"https:\/\/nitu.mx\/index.php\/2024\/10\/11\/viva-aerobus-aumenta-frecuencias-para-semana-santa-2025\/\",\"url\":\"https:\/\/nitu.mx\/index.php\/2024\/10\/11\/viva-aerobus-aumenta-frecuencias-para-semana-santa-2025\/\",\"name\":\"Viva Aerobus aumenta frecuencias para Semana Santa 2025 - Nitu - Noticias de la Industria Turistica\",\"isPartOf\":{\"@id\":\"https:\/\/nitu.mx\/#website\"},\"primaryImageOfPage\":{\"@id\":\"https:\/\/nitu.mx\/index.php\/2024\/10\/11\/viva-aerobus-aumenta-frecuencias-para-semana-santa-2025\/#primaryimage\"},\"image\":{\"@id\":\"https:\/\/nitu.mx\/index.php\/2024\/10\/11\/viva-aerobus-aumenta-frecuencias-para-semana-santa-2025\/#primaryimage\"},\"thumbnailUrl\":\"https:\/\/nitu.mx\/wp-content\/uploads\/2022\/01\/Viva-Aerobus-A321.jpg\",\"datePublished\":\"2024-10-11T06:04:08+00:00\",\"dateModified\":\"2024-10-11T06:04:08+00:00\",\"breadcrumb\":{\"@id\":\"https:\/\/nitu.mx\/index.php\/2024\/10\/11\/viva-aerobus-aumenta-frecuencias-para-semana-santa-2025\/#breadcrumb\"},\"inLanguage\":\"es-MX\",\"potentialAction\":[{\"@type\":\"ReadAction\",\"target\":[\"https:\/\/nitu.mx\/index.php\/2024\/10\/11\/viva-aerobus-aumenta-frecuencias-para-semana-santa-2025\/\"]}]},{\"@type\":\"ImageObject\",\"inLanguage\":\"es-MX\",\"@id\":\"https:\/\/nitu.mx\/index.php\/2024\/10\/11\/viva-aerobus-aumenta-frecuencias-para-semana-santa-2025\/#primaryimage\",\"url\":\"https:\/\/nitu.mx\/wp-content\/uploads\/2022\/01\/Viva-Aerobus-A321.jpg\",\"contentUrl\":\"https:\/\/nitu.mx\/wp-content\/uploads\/2022\/01\/Viva-Aerobus-A321.jpg\",\"width\":1200,\"height\":675,\"caption\":\"Viva Aerobus\"},{\"@type\":\"BreadcrumbList\",\"@id\":\"https:\/\/nitu.mx\/index.php\/2024\/10\/11\/viva-aerobus-aumenta-frecuencias-para-semana-santa-2025\/#breadcrumb\",\"itemListElement\":[{\"@type\":\"ListItem\",\"position\":1,\"name\":\"Inicio\",\"item\":\"https:\/\/nitu.mx\/\"},{\"@type\":\"ListItem\",\"position\":2,\"name\":\"Viva Aerobus aumenta frecuencias para Semana Santa 2025\"}]},{\"@type\":\"WebSite\",\"@id\":\"https:\/\/nitu.mx\/#website\",\"url\":\"https:\/\/nitu.mx\/\",\"name\":\"Nitu - Noticias de la Industria Turistica\",\"description\":\"Noticias de la Industria Turistica\",\"publisher\":{\"@id\":\"https:\/\/nitu.mx\/#\/schema\/person\/ae7a53426417292d3dd07b45a33e01bc\"},\"alternateName\":\"Noticias de la Industria Turistica\",\"potentialAction\":[{\"@type\":\"SearchAction\",\"target\":{\"@type\":\"EntryPoint\",\"urlTemplate\":\"https:\/\/nitu.mx\/?s={search_term_string}\"},\"query-input\":\"required name=search_term_string\"}],\"inLanguage\":\"es-MX\"},{\"@type\":[\"Person\",\"Organization\"],\"@id\":\"https:\/\/nitu.mx\/#\/schema\/person\/ae7a53426417292d3dd07b45a33e01bc\",\"name\":\"Arturo Medina\",\"image\":{\"@type\":\"ImageObject\",\"inLanguage\":\"es-MX\",\"@id\":\"https:\/\/nitu.mx\/#\/schema\/person\/image\/\",\"url\":\"https:\/\/nitu.mx\/wp-content\/uploads\/2024\/04\/4A315622-1904-4D5C-B022-878CDC840E04-90x90-1.jpeg\",\"contentUrl\":\"https:\/\/nitu.mx\/wp-content\/uploads\/2024\/04\/4A315622-1904-4D5C-B022-878CDC840E04-90x90-1.jpeg\",\"width\":90,\"height\":90,\"caption\":\"Arturo Medina\"},\"logo\":{\"@id\":\"https:\/\/nitu.mx\/#\/schema\/person\/image\/\"},\"description\":\"Director NITU.mx, Egresado de la Escuela de Periodismo Carlos Septi\u00e9n Garc\u00eda. Periodista y analista especializado en turismo desde hace 35 a\u00f1os, radicado en Canc\u00fan Q.Roo. arturo@nitu.mx\",\"sameAs\":[\"https:\/\/nitu.mx\",\"https:\/\/www.facebook.com\/NITUmx\/\",\"medinacancun\",\"https:\/\/twitter.com\/@Arturo_Medina_G\"]},{\"@type\":\"Person\",\"@id\":\"https:\/\/nitu.mx\/#\/schema\/person\/2ecd887b19dfd3382d1f14fc5acf24a8\",\"name\":\"Alejandra Moncisbays\",\"image\":{\"@type\":\"ImageObject\",\"inLanguage\":\"es-MX\",\"@id\":\"https:\/\/nitu.mx\/#\/schema\/person\/image\/\",\"url\":\"https:\/\/secure.gravatar.com\/avatar\/e74f7af0be172b7804dacfd0bfbef787?s=96&d=mm&r=g\",\"contentUrl\":\"https:\/\/secure.gravatar.com\/avatar\/e74f7af0be172b7804dacfd0bfbef787?s=96&d=mm&r=g\",\"caption\":\"Alejandra Moncisbays\"},\"description\":\"Curs\u00e9 la carrera de Periodismo y Comunicaci\u00f3n en la Facultad de Estudios Profesionales Acatl\u00e1n. Vivo en Canc\u00fan desde hace 24 a\u00f1os. Fui reportera de La Tarde de Canc\u00fan, y Novedades de Quintana Roo, colabor\u00e9 en TVCUN, edit\u00e9 Cancun\u00edssimo y colabor\u00e9 en las revistas Latitud21, entre otras, con principal enfoque en los sectores empresarial y tur\u00edstico. Desde hace varios a\u00f1os soy Agente de Seguros con c\u00e9dula de la Comisi\u00f3n Nacional de Seguros y Fianzas. Actualmente, me desarrollo en los \u00e1mbitos del periodismo y el sector asegurador.\",\"sameAs\":[\"https:\/\/nitu.mx\"],\"url\":\"https:\/\/nitu.mx\/index.php\/author\/alejandra\/\"}]}<\/script>\n<!-- \/ Yoast SEO plugin. -->","yoast_head_json":{"title":"Viva Aerobus aumenta frecuencias para Semana Santa 2025 - Nitu - Noticias de la Industria Turistica","robots":{"index":"index","follow":"follow","max-snippet":"max-snippet:-1","max-image-preview":"max-image-preview:large","max-video-preview":"max-video-preview:-1"},"canonical":"https:\/\/nitu.mx\/index.php\/2024\/10\/11\/viva-aerobus-aumenta-frecuencias-para-semana-santa-2025\/","twitter_card":"summary_large_image","twitter_title":"Viva Aerobus aumenta frecuencias para Semana Santa 2025 - Nitu - Noticias de la Industria Turistica","twitter_description":"Viva Aerobus anunci\u00f3\u00a0un incremento de 37 frecuencias semanales a siete destinos nacionales e internacionales a partir de abril de 2025. La aerol\u00ednea, con sede en Monterrey, ha se\u00f1alado que la medida busca ofrecer m\u00e1s opciones de viaje durante las vacaciones de Semana Santa y el verano. Las rutas afectadas incluyen destinos como Miami, Dallas, Houston [&hellip;]","twitter_image":"https:\/\/nitu.mx\/wp-content\/uploads\/2022\/01\/Viva-Aerobus-A321.jpg","twitter_creator":"@NITUmx","twitter_site":"@Arturo_Medina_G","twitter_misc":{"Escrito por":"Alejandra Moncisbays","Tiempo de lectura":"2 minutos"},"schema":{"@context":"https:\/\/schema.org","@graph":[{"@type":"Article","@id":"https:\/\/nitu.mx\/index.php\/2024\/10\/11\/viva-aerobus-aumenta-frecuencias-para-semana-santa-2025\/#article","isPartOf":{"@id":"https:\/\/nitu.mx\/index.php\/2024\/10\/11\/viva-aerobus-aumenta-frecuencias-para-semana-santa-2025\/"},"author":{"name":"Alejandra Moncisbays","@id":"https:\/\/nitu.mx\/#\/schema\/person\/2ecd887b19dfd3382d1f14fc5acf24a8"},"headline":"Viva Aerobus aumenta frecuencias para Semana Santa 2025","datePublished":"2024-10-11T06:04:08+00:00","dateModified":"2024-10-11T06:04:08+00:00","mainEntityOfPage":{"@id":"https:\/\/nitu.mx\/index.php\/2024\/10\/11\/viva-aerobus-aumenta-frecuencias-para-semana-santa-2025\/"},"wordCount":323,"commentCount":0,"publisher":{"@id":"https:\/\/nitu.mx\/#\/schema\/person\/ae7a53426417292d3dd07b45a33e01bc"},"image":{"@id":"https:\/\/nitu.mx\/index.php\/2024\/10\/11\/viva-aerobus-aumenta-frecuencias-para-semana-santa-2025\/#primaryimage"},"thumbnailUrl":"https:\/\/nitu.mx\/wp-content\/uploads\/2022\/01\/Viva-Aerobus-A321.jpg","keywords":["frecuencias","Juan Carlos Zuazua","semana Santa","Viva Aerobus","Vuelos"],"articleSection":["Aerol\u00edneas"],"inLanguage":"es-MX","potentialAction":[{"@type":"CommentAction","name":"Comment","target":["https:\/\/nitu.mx\/index.php\/2024\/10\/11\/viva-aerobus-aumenta-frecuencias-para-semana-santa-2025\/#respond"]}]},{"@type":"WebPage","@id":"https:\/\/nitu.mx\/index.php\/2024\/10\/11\/viva-aerobus-aumenta-frecuencias-para-semana-santa-2025\/","url":"https:\/\/nitu.mx\/index.php\/2024\/10\/11\/viva-aerobus-aumenta-frecuencias-para-semana-santa-2025\/","name":"Viva Aerobus aumenta frecuencias para Semana Santa 2025 - Nitu - Noticias de la Industria Turistica","isPartOf":{"@id":"https:\/\/nitu.mx\/#website"},"primaryImageOfPage":{"@id":"https:\/\/nitu.mx\/index.php\/2024\/10\/11\/viva-aerobus-aumenta-frecuencias-para-semana-santa-2025\/#primaryimage"},"image":{"@id":"https:\/\/nitu.mx\/index.php\/2024\/10\/11\/viva-aerobus-aumenta-frecuencias-para-semana-santa-2025\/#primaryimage"},"thumbnailUrl":"https:\/\/nitu.mx\/wp-content\/uploads\/2022\/01\/Viva-Aerobus-A321.jpg","datePublished":"2024-10-11T06:04:08+00:00","dateModified":"2024-10-11T06:04:08+00:00","breadcrumb":{"@id":"https:\/\/nitu.mx\/index.php\/2024\/10\/11\/viva-aerobus-aumenta-frecuencias-para-semana-santa-2025\/#breadcrumb"},"inLanguage":"es-MX","potentialAction":[{"@type":"ReadAction","target":["https:\/\/nitu.mx\/index.php\/2024\/10\/11\/viva-aerobus-aumenta-frecuencias-para-semana-santa-2025\/"]}]},{"@type":"ImageObject","inLanguage":"es-MX","@id":"https:\/\/nitu.mx\/index.php\/2024\/10\/11\/viva-aerobus-aumenta-frecuencias-para-semana-santa-2025\/#primaryimage","url":"https:\/\/nitu.mx\/wp-content\/uploads\/2022\/01\/Viva-Aerobus-A321.jpg","contentUrl":"https:\/\/nitu.mx\/wp-content\/uploads\/2022\/01\/Viva-Aerobus-A321.jpg","width":1200,"height":675,"caption":"Viva Aerobus"},{"@type":"BreadcrumbList","@id":"https:\/\/nitu.mx\/index.php\/2024\/10\/11\/viva-aerobus-aumenta-frecuencias-para-semana-santa-2025\/#breadcrumb","itemListElement":[{"@type":"ListItem","position":1,"name":"Inicio","item":"https:\/\/nitu.mx\/"},{"@type":"ListItem","position":2,"name":"Viva Aerobus aumenta frecuencias para Semana Santa 2025"}]},{"@type":"WebSite","@id":"https:\/\/nitu.mx\/#website","url":"https:\/\/nitu.mx\/","name":"Nitu - Noticias de la Industria Turistica","description":"Noticias de la Industria Turistica","publisher":{"@id":"https:\/\/nitu.mx\/#\/schema\/person\/ae7a53426417292d3dd07b45a33e01bc"},"alternateName":"Noticias de la Industria Turistica","potentialAction":[{"@type":"SearchAction","target":{"@type":"EntryPoint","urlTemplate":"https:\/\/nitu.mx\/?s={search_term_string}"},"query-input":"required name=search_term_string"}],"inLanguage":"es-MX"},{"@type":["Person","Organization"],"@id":"https:\/\/nitu.mx\/#\/schema\/person\/ae7a53426417292d3dd07b45a33e01bc","name":"Arturo Medina","image":{"@type":"ImageObject","inLanguage":"es-MX","@id":"https:\/\/nitu.mx\/#\/schema\/person\/image\/","url":"https:\/\/nitu.mx\/wp-content\/uploads\/2024\/04\/4A315622-1904-4D5C-B022-878CDC840E04-90x90-1.jpeg","contentUrl":"https:\/\/nitu.mx\/wp-content\/uploads\/2024\/04\/4A315622-1904-4D5C-B022-878CDC840E04-90x90-1.jpeg","width":90,"height":90,"caption":"Arturo Medina"},"logo":{"@id":"https:\/\/nitu.mx\/#\/schema\/person\/image\/"},"description":"Director NITU.mx, Egresado de la Escuela de Periodismo Carlos Septi\u00e9n Garc\u00eda. Periodista y analista especializado en turismo desde hace 35 a\u00f1os, radicado en Canc\u00fan Q.Roo. arturo@nitu.mx","sameAs":["https:\/\/nitu.mx","https:\/\/www.facebook.com\/NITUmx\/","medinacancun","https:\/\/twitter.com\/@Arturo_Medina_G"]},{"@type":"Person","@id":"https:\/\/nitu.mx\/#\/schema\/person\/2ecd887b19dfd3382d1f14fc5acf24a8","name":"Alejandra Moncisbays","image":{"@type":"ImageObject","inLanguage":"es-MX","@id":"https:\/\/nitu.mx\/#\/schema\/person\/image\/","url":"https:\/\/secure.gravatar.com\/avatar\/e74f7af0be172b7804dacfd0bfbef787?s=96&d=mm&r=g","contentUrl":"https:\/\/secure.gravatar.com\/avatar\/e74f7af0be172b7804dacfd0bfbef787?s=96&d=mm&r=g","caption":"Alejandra Moncisbays"},"description":"Curs\u00e9 la carrera de Periodismo y Comunicaci\u00f3n en la Facultad de Estudios Profesionales Acatl\u00e1n. Vivo en Canc\u00fan desde hace 24 a\u00f1os. Fui reportera de La Tarde de Canc\u00fan, y Novedades de Quintana Roo, colabor\u00e9 en TVCUN, edit\u00e9 Cancun\u00edssimo y colabor\u00e9 en las revistas Latitud21, entre otras, con principal enfoque en los sectores empresarial y tur\u00edstico. Desde hace varios a\u00f1os soy Agente de Seguros con c\u00e9dula de la Comisi\u00f3n Nacional de Seguros y Fianzas. Actualmente, me desarrollo en los \u00e1mbitos del periodismo y el sector asegurador.","sameAs":["https:\/\/nitu.mx"],"url":"https:\/\/nitu.mx\/index.php\/author\/alejandra\/"}]}},"views":719,"_links":{"self":[{"href":"https:\/\/nitu.mx\/index.php\/wp-json\/wp\/v2\/posts\/75620"}],"collection":[{"href":"https:\/\/nitu.mx\/index.php\/wp-json\/wp\/v2\/posts"}],"about":[{"href":"https:\/\/nitu.mx\/index.php\/wp-json\/wp\/v2\/types\/post"}],"author":[{"embeddable":true,"href":"https:\/\/nitu.mx\/index.php\/wp-json\/wp\/v2\/users\/3"}],"replies":[{"embeddable":true,"href":"https:\/\/nitu.mx\/index.php\/wp-json\/wp\/v2\/comments?post=75620"}],"version-history":[{"count":2,"href":"https:\/\/nitu.mx\/index.php\/wp-json\/wp\/v2\/posts\/75620\/revisions"}],"predecessor-version":[{"id":75662,"href":"https:\/\/nitu.mx\/index.php\/wp-json\/wp\/v2\/posts\/75620\/revisions\/75662"}],"wp:featuredmedia":[{"embeddable":true,"href":"https:\/\/nitu.mx\/index.php\/wp-json\/wp\/v2\/media\/57619"}],"wp:attachment":[{"href":"https:\/\/nitu.mx\/index.php\/wp-json\/wp\/v2\/media?parent=75620"}],"wp:term":[{"taxonomy":"category","embeddable":true,"href":"https:\/\/nitu.mx\/index.php\/wp-json\/wp\/v2\/categories?post=75620"},{"taxonomy":"post_tag","embeddable":true,"href":"https:\/\/nitu.mx\/index.php\/wp-json\/wp\/v2\/tags?post=75620"}],"curies":[{"name":"wp","href":"https:\/\/api.w.org\/{rel}","templated":true}]}}