{"id":75548,"date":"2024-10-08T23:04:40","date_gmt":"2024-10-09T05:04:40","guid":{"rendered":"https:\/\/nitu.mx\/?p=75548"},"modified":"2024-10-08T23:04:40","modified_gmt":"2024-10-09T05:04:40","slug":"aeromexico-reduce-el-tiempo-de-entrega-de-paquetes-de-amazon","status":"publish","type":"post","link":"https:\/\/nitu.mx\/index.php\/2024\/10\/08\/aeromexico-reduce-el-tiempo-de-entrega-de-paquetes-de-amazon\/","title":{"rendered":"Aerom\u00e9xico reduce el tiempo de entrega de paquetes de Amazon"},"content":{"rendered":"\n<p>A tres a\u00f1os de operaci\u00f3n, Amazon M\u00e9xico, en alianza con Aerom\u00e9xico expande su red de transporte con la divisi\u00f3n de carga a\u00e9rea de la aerol\u00ednea para satisfacer la creciente demanda de sus clientes en todo el pa\u00eds. Esta colaboraci\u00f3n garantiza mayor rapidez, reduciendo el tiempo de entrega de miles de paquetes diariamente hasta en dos d\u00edas. \u00a0<\/p>\n\n\n\n<p>Para finales del 2024, los millones de paquetes transportados por v\u00eda a\u00e9rea se habr\u00e1n triplicado en relaci\u00f3n a 2021, con crecimientos en volumen de m\u00e1s de 200% cada a\u00f1o.<\/p>\n\n\n\n<p>\u201cInvertir en infraestructura y tecnolog\u00eda mejora significativamente la eficiencia y con ello la satisfacci\u00f3n del cliente; por ello, estamos en constante b\u00fasqueda de aliados clave como Aerom\u00e9xico que, con su experiencia, suman a nuestra meta de elevar la calidad de servicio, y seguir innovando en favor de nuestros consumidores\u201d, coment\u00f3 Jes\u00fas Elizondo, director de Operaciones para Transportaci\u00f3n de Amazon M\u00e9xico.<\/p>\n\n\n\n<p>Este programa comenz\u00f3 con un solo arco operando de Monterrey a M\u00e9rida y hoy cuenta con m\u00e1s de 10 rutas; desde la Ciudad de M\u00e9xico a destinos como Tijuana, Chihuahua, Monterrey, M\u00e9rida, Canc\u00fan y Tuxtla Guti\u00e9rrez, entre otros. Tambi\u00e9n desde Monterrey hacia M\u00e9rida, Villahermosa, Canc\u00fan y m\u00e1s. Esta red permite que el comercio electr\u00f3nico desde y hacia ciudades estrat\u00e9gicas se amplifique a trav\u00e9s de env\u00edos m\u00e1s eficientes.<\/p>\n\n\n\n<p>\u201cEs un privilegio tener a un aliado tan importante como Amazon y estamos muy orgullosos de trabajar en conjunto porque nuestros esfuerzos permiten ofrecer a los usuarios finales una mejor experiencia de compra. Aerom\u00e9xico Cargo cuenta con una infraestructura de carga a\u00e9rea sumamente robusta, que se complementa de manera perfecta con la de nuestros clientes. Seguiremos poniendo nuestro mejor esfuerzo para honrar los altos est\u00e1ndares que caracterizan a ambas empresas\u201d,\u00a0expres\u00f3 Alejandro M\u00e9ndez, vicepresidente senior de Aerom\u00e9xico Cargo.<\/p>\n\n\n\n<p>La colaboraci\u00f3n con una empresa como Aerom\u00e9xico es un testimonio del compromiso de Amazon por optimizar la log\u00edstica y mejorar en beneficio de sus clientes en M\u00e9xico, por lo que seguir\u00e1 desarrollando oportunidades de conectividad para entregar millones de paquetes al a\u00f1o.<\/p>\n\n\n\n<p>Con socios estrat\u00e9gicos como Aerom\u00e9xico, Amazon tiene cobertura en toda la Rep\u00fablica Mexicana, contribuyendo al desarrollo econ\u00f3mico, la infraestructura y la generaci\u00f3n de empleos. (<a href=\"https:\/\/nitu.mx\/index.php\/2024\/10\/08\/aeromexico-y-aspa-dirimen-diferencias-conjuran-huelga\/\">Aerom\u00e9xico y ASPA dirimen diferencias, conjuran huelga<\/a>).<\/p>\n","protected":false},"excerpt":{"rendered":"<p>A tres a\u00f1os de operaci\u00f3n, Amazon M\u00e9xico, en alianza con Aerom\u00e9xico expande su red de transporte con la divisi\u00f3n de carga a\u00e9rea de la aerol\u00ednea para satisfacer la creciente demanda de sus clientes en todo el pa\u00eds. Esta colaboraci\u00f3n garantiza mayor rapidez, reduciendo el tiempo de entrega de miles de paquetes diariamente hasta en dos [&hellip;]<\/p>\n","protected":false},"author":17,"featured_media":75550,"comment_status":"open","ping_status":"open","sticky":false,"template":"","format":"standard","meta":{"footnotes":""},"categories":[29],"tags":[30,22902,19261,12441,26215],"yoast_head":"<!-- This site is optimized with the Yoast SEO plugin v22.2 - https:\/\/yoast.com\/wordpress\/plugins\/seo\/ -->\n<title>Aerom\u00e9xico reduce el tiempo de entrega de paquetes de Amazon - Nitu - Noticias de la Industria Turistica<\/title>\n<meta name=\"robots\" content=\"index, follow, max-snippet:-1, max-image-preview:large, max-video-preview:-1\" \/>\n<link rel=\"canonical\" href=\"https:\/\/nitu.mx\/index.php\/2024\/10\/08\/aeromexico-reduce-el-tiempo-de-entrega-de-paquetes-de-amazon\/\" \/>\n<meta name=\"twitter:card\" content=\"summary_large_image\" \/>\n<meta name=\"twitter:title\" content=\"Aerom\u00e9xico reduce el tiempo de entrega de paquetes de Amazon - Nitu - Noticias de la Industria Turistica\" \/>\n<meta name=\"twitter:description\" content=\"A tres a\u00f1os de operaci\u00f3n, Amazon M\u00e9xico, en alianza con Aerom\u00e9xico expande su red de transporte con la divisi\u00f3n de carga a\u00e9rea de la aerol\u00ednea para satisfacer la creciente demanda de sus clientes en todo el pa\u00eds. Esta colaboraci\u00f3n garantiza mayor rapidez, reduciendo el tiempo de entrega de miles de paquetes diariamente hasta en dos [&hellip;]\" \/>\n<meta name=\"twitter:image\" content=\"https:\/\/nitu.mx\/wp-content\/uploads\/2024\/10\/Aeromexico-y-Amazon.jpg\" \/>\n<meta name=\"twitter:creator\" content=\"@NITUmx\" \/>\n<meta name=\"twitter:site\" content=\"@Arturo_Medina_G\" \/>\n<meta name=\"twitter:label1\" content=\"Escrito por\" \/>\n\t<meta name=\"twitter:data1\" content=\"Redacci\u00f3n\" \/>\n\t<meta name=\"twitter:label2\" content=\"Tiempo de lectura\" \/>\n\t<meta name=\"twitter:data2\" content=\"2 minutos\" \/>\n<script type=\"application\/ld+json\" class=\"yoast-schema-graph\">{\"@context\":\"https:\/\/schema.org\",\"@graph\":[{\"@type\":\"Article\",\"@id\":\"https:\/\/nitu.mx\/index.php\/2024\/10\/08\/aeromexico-reduce-el-tiempo-de-entrega-de-paquetes-de-amazon\/#article\",\"isPartOf\":{\"@id\":\"https:\/\/nitu.mx\/index.php\/2024\/10\/08\/aeromexico-reduce-el-tiempo-de-entrega-de-paquetes-de-amazon\/\"},\"author\":{\"name\":\"Redacci\u00f3n\",\"@id\":\"https:\/\/nitu.mx\/#\/schema\/person\/4a28fe9bd65924f7c90623773daf1b0b\"},\"headline\":\"Aerom\u00e9xico reduce el tiempo de entrega de paquetes de Amazon\",\"datePublished\":\"2024-10-09T05:04:40+00:00\",\"dateModified\":\"2024-10-09T05:04:40+00:00\",\"mainEntityOfPage\":{\"@id\":\"https:\/\/nitu.mx\/index.php\/2024\/10\/08\/aeromexico-reduce-el-tiempo-de-entrega-de-paquetes-de-amazon\/\"},\"wordCount\":424,\"commentCount\":0,\"publisher\":{\"@id\":\"https:\/\/nitu.mx\/#\/schema\/person\/ae7a53426417292d3dd07b45a33e01bc\"},\"image\":{\"@id\":\"https:\/\/nitu.mx\/index.php\/2024\/10\/08\/aeromexico-reduce-el-tiempo-de-entrega-de-paquetes-de-amazon\/#primaryimage\"},\"thumbnailUrl\":\"https:\/\/nitu.mx\/wp-content\/uploads\/2024\/10\/Aeromexico-y-Amazon.jpg\",\"keywords\":[\"Aerom\u00e9xico\",\"Aerom\u00e9xico Cargo\",\"Alejandro M\u00e9ndez\",\"Amazon\",\"Jes\u00fas Elizondo\"],\"articleSection\":[\"Aerol\u00edneas\"],\"inLanguage\":\"es-MX\",\"potentialAction\":[{\"@type\":\"CommentAction\",\"name\":\"Comment\",\"target\":[\"https:\/\/nitu.mx\/index.php\/2024\/10\/08\/aeromexico-reduce-el-tiempo-de-entrega-de-paquetes-de-amazon\/#respond\"]}]},{\"@type\":\"WebPage\",\"@id\":\"https:\/\/nitu.mx\/index.php\/2024\/10\/08\/aeromexico-reduce-el-tiempo-de-entrega-de-paquetes-de-amazon\/\",\"url\":\"https:\/\/nitu.mx\/index.php\/2024\/10\/08\/aeromexico-reduce-el-tiempo-de-entrega-de-paquetes-de-amazon\/\",\"name\":\"Aerom\u00e9xico reduce el tiempo de entrega de paquetes de Amazon - Nitu - Noticias de la Industria Turistica\",\"isPartOf\":{\"@id\":\"https:\/\/nitu.mx\/#website\"},\"primaryImageOfPage\":{\"@id\":\"https:\/\/nitu.mx\/index.php\/2024\/10\/08\/aeromexico-reduce-el-tiempo-de-entrega-de-paquetes-de-amazon\/#primaryimage\"},\"image\":{\"@id\":\"https:\/\/nitu.mx\/index.php\/2024\/10\/08\/aeromexico-reduce-el-tiempo-de-entrega-de-paquetes-de-amazon\/#primaryimage\"},\"thumbnailUrl\":\"https:\/\/nitu.mx\/wp-content\/uploads\/2024\/10\/Aeromexico-y-Amazon.jpg\",\"datePublished\":\"2024-10-09T05:04:40+00:00\",\"dateModified\":\"2024-10-09T05:04:40+00:00\",\"breadcrumb\":{\"@id\":\"https:\/\/nitu.mx\/index.php\/2024\/10\/08\/aeromexico-reduce-el-tiempo-de-entrega-de-paquetes-de-amazon\/#breadcrumb\"},\"inLanguage\":\"es-MX\",\"potentialAction\":[{\"@type\":\"ReadAction\",\"target\":[\"https:\/\/nitu.mx\/index.php\/2024\/10\/08\/aeromexico-reduce-el-tiempo-de-entrega-de-paquetes-de-amazon\/\"]}]},{\"@type\":\"ImageObject\",\"inLanguage\":\"es-MX\",\"@id\":\"https:\/\/nitu.mx\/index.php\/2024\/10\/08\/aeromexico-reduce-el-tiempo-de-entrega-de-paquetes-de-amazon\/#primaryimage\",\"url\":\"https:\/\/nitu.mx\/wp-content\/uploads\/2024\/10\/Aeromexico-y-Amazon.jpg\",\"contentUrl\":\"https:\/\/nitu.mx\/wp-content\/uploads\/2024\/10\/Aeromexico-y-Amazon.jpg\",\"width\":1200,\"height\":675,\"caption\":\"Aerom\u00e9xico y Amazon\"},{\"@type\":\"BreadcrumbList\",\"@id\":\"https:\/\/nitu.mx\/index.php\/2024\/10\/08\/aeromexico-reduce-el-tiempo-de-entrega-de-paquetes-de-amazon\/#breadcrumb\",\"itemListElement\":[{\"@type\":\"ListItem\",\"position\":1,\"name\":\"Inicio\",\"item\":\"https:\/\/nitu.mx\/\"},{\"@type\":\"ListItem\",\"position\":2,\"name\":\"Aerom\u00e9xico reduce el tiempo de entrega de paquetes de Amazon\"}]},{\"@type\":\"WebSite\",\"@id\":\"https:\/\/nitu.mx\/#website\",\"url\":\"https:\/\/nitu.mx\/\",\"name\":\"Nitu - Noticias de la Industria Turistica\",\"description\":\"Noticias de la Industria Turistica\",\"publisher\":{\"@id\":\"https:\/\/nitu.mx\/#\/schema\/person\/ae7a53426417292d3dd07b45a33e01bc\"},\"alternateName\":\"Noticias de la Industria Turistica\",\"potentialAction\":[{\"@type\":\"SearchAction\",\"target\":{\"@type\":\"EntryPoint\",\"urlTemplate\":\"https:\/\/nitu.mx\/?s={search_term_string}\"},\"query-input\":\"required name=search_term_string\"}],\"inLanguage\":\"es-MX\"},{\"@type\":[\"Person\",\"Organization\"],\"@id\":\"https:\/\/nitu.mx\/#\/schema\/person\/ae7a53426417292d3dd07b45a33e01bc\",\"name\":\"Arturo Medina\",\"image\":{\"@type\":\"ImageObject\",\"inLanguage\":\"es-MX\",\"@id\":\"https:\/\/nitu.mx\/#\/schema\/person\/image\/\",\"url\":\"https:\/\/nitu.mx\/wp-content\/uploads\/2024\/04\/4A315622-1904-4D5C-B022-878CDC840E04-90x90-1.jpeg\",\"contentUrl\":\"https:\/\/nitu.mx\/wp-content\/uploads\/2024\/04\/4A315622-1904-4D5C-B022-878CDC840E04-90x90-1.jpeg\",\"width\":90,\"height\":90,\"caption\":\"Arturo Medina\"},\"logo\":{\"@id\":\"https:\/\/nitu.mx\/#\/schema\/person\/image\/\"},\"description\":\"Director NITU.mx, Egresado de la Escuela de Periodismo Carlos Septi\u00e9n Garc\u00eda. Periodista y analista especializado en turismo desde hace 35 a\u00f1os, radicado en Canc\u00fan Q.Roo. arturo@nitu.mx\",\"sameAs\":[\"https:\/\/nitu.mx\",\"https:\/\/www.facebook.com\/NITUmx\/\",\"medinacancun\",\"https:\/\/twitter.com\/@Arturo_Medina_G\"]},{\"@type\":\"Person\",\"@id\":\"https:\/\/nitu.mx\/#\/schema\/person\/4a28fe9bd65924f7c90623773daf1b0b\",\"name\":\"Redacci\u00f3n\",\"image\":{\"@type\":\"ImageObject\",\"inLanguage\":\"es-MX\",\"@id\":\"https:\/\/nitu.mx\/#\/schema\/person\/image\/\",\"url\":\"https:\/\/secure.gravatar.com\/avatar\/5dd011c8ccfc5cd7e4c81e42252aab38?s=96&d=mm&r=g\",\"contentUrl\":\"https:\/\/secure.gravatar.com\/avatar\/5dd011c8ccfc5cd7e4c81e42252aab38?s=96&d=mm&r=g\",\"caption\":\"Redacci\u00f3n\"},\"url\":\"https:\/\/nitu.mx\/index.php\/author\/redaccion\/\"}]}<\/script>\n<!-- \/ Yoast SEO plugin. -->","yoast_head_json":{"title":"Aerom\u00e9xico reduce el tiempo de entrega de paquetes de Amazon - Nitu - Noticias de la Industria Turistica","robots":{"index":"index","follow":"follow","max-snippet":"max-snippet:-1","max-image-preview":"max-image-preview:large","max-video-preview":"max-video-preview:-1"},"canonical":"https:\/\/nitu.mx\/index.php\/2024\/10\/08\/aeromexico-reduce-el-tiempo-de-entrega-de-paquetes-de-amazon\/","twitter_card":"summary_large_image","twitter_title":"Aerom\u00e9xico reduce el tiempo de entrega de paquetes de Amazon - Nitu - Noticias de la Industria Turistica","twitter_description":"A tres a\u00f1os de operaci\u00f3n, Amazon M\u00e9xico, en alianza con Aerom\u00e9xico expande su red de transporte con la divisi\u00f3n de carga a\u00e9rea de la aerol\u00ednea para satisfacer la creciente demanda de sus clientes en todo el pa\u00eds. Esta colaboraci\u00f3n garantiza mayor rapidez, reduciendo el tiempo de entrega de miles de paquetes diariamente hasta en dos [&hellip;]","twitter_image":"https:\/\/nitu.mx\/wp-content\/uploads\/2024\/10\/Aeromexico-y-Amazon.jpg","twitter_creator":"@NITUmx","twitter_site":"@Arturo_Medina_G","twitter_misc":{"Escrito por":"Redacci\u00f3n","Tiempo de lectura":"2 minutos"},"schema":{"@context":"https:\/\/schema.org","@graph":[{"@type":"Article","@id":"https:\/\/nitu.mx\/index.php\/2024\/10\/08\/aeromexico-reduce-el-tiempo-de-entrega-de-paquetes-de-amazon\/#article","isPartOf":{"@id":"https:\/\/nitu.mx\/index.php\/2024\/10\/08\/aeromexico-reduce-el-tiempo-de-entrega-de-paquetes-de-amazon\/"},"author":{"name":"Redacci\u00f3n","@id":"https:\/\/nitu.mx\/#\/schema\/person\/4a28fe9bd65924f7c90623773daf1b0b"},"headline":"Aerom\u00e9xico reduce el tiempo de entrega de paquetes de Amazon","datePublished":"2024-10-09T05:04:40+00:00","dateModified":"2024-10-09T05:04:40+00:00","mainEntityOfPage":{"@id":"https:\/\/nitu.mx\/index.php\/2024\/10\/08\/aeromexico-reduce-el-tiempo-de-entrega-de-paquetes-de-amazon\/"},"wordCount":424,"commentCount":0,"publisher":{"@id":"https:\/\/nitu.mx\/#\/schema\/person\/ae7a53426417292d3dd07b45a33e01bc"},"image":{"@id":"https:\/\/nitu.mx\/index.php\/2024\/10\/08\/aeromexico-reduce-el-tiempo-de-entrega-de-paquetes-de-amazon\/#primaryimage"},"thumbnailUrl":"https:\/\/nitu.mx\/wp-content\/uploads\/2024\/10\/Aeromexico-y-Amazon.jpg","keywords":["Aerom\u00e9xico","Aerom\u00e9xico Cargo","Alejandro M\u00e9ndez","Amazon","Jes\u00fas Elizondo"],"articleSection":["Aerol\u00edneas"],"inLanguage":"es-MX","potentialAction":[{"@type":"CommentAction","name":"Comment","target":["https:\/\/nitu.mx\/index.php\/2024\/10\/08\/aeromexico-reduce-el-tiempo-de-entrega-de-paquetes-de-amazon\/#respond"]}]},{"@type":"WebPage","@id":"https:\/\/nitu.mx\/index.php\/2024\/10\/08\/aeromexico-reduce-el-tiempo-de-entrega-de-paquetes-de-amazon\/","url":"https:\/\/nitu.mx\/index.php\/2024\/10\/08\/aeromexico-reduce-el-tiempo-de-entrega-de-paquetes-de-amazon\/","name":"Aerom\u00e9xico reduce el tiempo de entrega de paquetes de Amazon - Nitu - Noticias de la Industria Turistica","isPartOf":{"@id":"https:\/\/nitu.mx\/#website"},"primaryImageOfPage":{"@id":"https:\/\/nitu.mx\/index.php\/2024\/10\/08\/aeromexico-reduce-el-tiempo-de-entrega-de-paquetes-de-amazon\/#primaryimage"},"image":{"@id":"https:\/\/nitu.mx\/index.php\/2024\/10\/08\/aeromexico-reduce-el-tiempo-de-entrega-de-paquetes-de-amazon\/#primaryimage"},"thumbnailUrl":"https:\/\/nitu.mx\/wp-content\/uploads\/2024\/10\/Aeromexico-y-Amazon.jpg","datePublished":"2024-10-09T05:04:40+00:00","dateModified":"2024-10-09T05:04:40+00:00","breadcrumb":{"@id":"https:\/\/nitu.mx\/index.php\/2024\/10\/08\/aeromexico-reduce-el-tiempo-de-entrega-de-paquetes-de-amazon\/#breadcrumb"},"inLanguage":"es-MX","potentialAction":[{"@type":"ReadAction","target":["https:\/\/nitu.mx\/index.php\/2024\/10\/08\/aeromexico-reduce-el-tiempo-de-entrega-de-paquetes-de-amazon\/"]}]},{"@type":"ImageObject","inLanguage":"es-MX","@id":"https:\/\/nitu.mx\/index.php\/2024\/10\/08\/aeromexico-reduce-el-tiempo-de-entrega-de-paquetes-de-amazon\/#primaryimage","url":"https:\/\/nitu.mx\/wp-content\/uploads\/2024\/10\/Aeromexico-y-Amazon.jpg","contentUrl":"https:\/\/nitu.mx\/wp-content\/uploads\/2024\/10\/Aeromexico-y-Amazon.jpg","width":1200,"height":675,"caption":"Aerom\u00e9xico y Amazon"},{"@type":"BreadcrumbList","@id":"https:\/\/nitu.mx\/index.php\/2024\/10\/08\/aeromexico-reduce-el-tiempo-de-entrega-de-paquetes-de-amazon\/#breadcrumb","itemListElement":[{"@type":"ListItem","position":1,"name":"Inicio","item":"https:\/\/nitu.mx\/"},{"@type":"ListItem","position":2,"name":"Aerom\u00e9xico reduce el tiempo de entrega de paquetes de Amazon"}]},{"@type":"WebSite","@id":"https:\/\/nitu.mx\/#website","url":"https:\/\/nitu.mx\/","name":"Nitu - Noticias de la Industria Turistica","description":"Noticias de la Industria Turistica","publisher":{"@id":"https:\/\/nitu.mx\/#\/schema\/person\/ae7a53426417292d3dd07b45a33e01bc"},"alternateName":"Noticias de la Industria Turistica","potentialAction":[{"@type":"SearchAction","target":{"@type":"EntryPoint","urlTemplate":"https:\/\/nitu.mx\/?s={search_term_string}"},"query-input":"required name=search_term_string"}],"inLanguage":"es-MX"},{"@type":["Person","Organization"],"@id":"https:\/\/nitu.mx\/#\/schema\/person\/ae7a53426417292d3dd07b45a33e01bc","name":"Arturo Medina","image":{"@type":"ImageObject","inLanguage":"es-MX","@id":"https:\/\/nitu.mx\/#\/schema\/person\/image\/","url":"https:\/\/nitu.mx\/wp-content\/uploads\/2024\/04\/4A315622-1904-4D5C-B022-878CDC840E04-90x90-1.jpeg","contentUrl":"https:\/\/nitu.mx\/wp-content\/uploads\/2024\/04\/4A315622-1904-4D5C-B022-878CDC840E04-90x90-1.jpeg","width":90,"height":90,"caption":"Arturo Medina"},"logo":{"@id":"https:\/\/nitu.mx\/#\/schema\/person\/image\/"},"description":"Director NITU.mx, Egresado de la Escuela de Periodismo Carlos Septi\u00e9n Garc\u00eda. Periodista y analista especializado en turismo desde hace 35 a\u00f1os, radicado en Canc\u00fan Q.Roo. arturo@nitu.mx","sameAs":["https:\/\/nitu.mx","https:\/\/www.facebook.com\/NITUmx\/","medinacancun","https:\/\/twitter.com\/@Arturo_Medina_G"]},{"@type":"Person","@id":"https:\/\/nitu.mx\/#\/schema\/person\/4a28fe9bd65924f7c90623773daf1b0b","name":"Redacci\u00f3n","image":{"@type":"ImageObject","inLanguage":"es-MX","@id":"https:\/\/nitu.mx\/#\/schema\/person\/image\/","url":"https:\/\/secure.gravatar.com\/avatar\/5dd011c8ccfc5cd7e4c81e42252aab38?s=96&d=mm&r=g","contentUrl":"https:\/\/secure.gravatar.com\/avatar\/5dd011c8ccfc5cd7e4c81e42252aab38?s=96&d=mm&r=g","caption":"Redacci\u00f3n"},"url":"https:\/\/nitu.mx\/index.php\/author\/redaccion\/"}]}},"views":774,"_links":{"self":[{"href":"https:\/\/nitu.mx\/index.php\/wp-json\/wp\/v2\/posts\/75548"}],"collection":[{"href":"https:\/\/nitu.mx\/index.php\/wp-json\/wp\/v2\/posts"}],"about":[{"href":"https:\/\/nitu.mx\/index.php\/wp-json\/wp\/v2\/types\/post"}],"author":[{"embeddable":true,"href":"https:\/\/nitu.mx\/index.php\/wp-json\/wp\/v2\/users\/17"}],"replies":[{"embeddable":true,"href":"https:\/\/nitu.mx\/index.php\/wp-json\/wp\/v2\/comments?post=75548"}],"version-history":[{"count":2,"href":"https:\/\/nitu.mx\/index.php\/wp-json\/wp\/v2\/posts\/75548\/revisions"}],"predecessor-version":[{"id":75553,"href":"https:\/\/nitu.mx\/index.php\/wp-json\/wp\/v2\/posts\/75548\/revisions\/75553"}],"wp:featuredmedia":[{"embeddable":true,"href":"https:\/\/nitu.mx\/index.php\/wp-json\/wp\/v2\/media\/75550"}],"wp:attachment":[{"href":"https:\/\/nitu.mx\/index.php\/wp-json\/wp\/v2\/media?parent=75548"}],"wp:term":[{"taxonomy":"category","embeddable":true,"href":"https:\/\/nitu.mx\/index.php\/wp-json\/wp\/v2\/categories?post=75548"},{"taxonomy":"post_tag","embeddable":true,"href":"https:\/\/nitu.mx\/index.php\/wp-json\/wp\/v2\/tags?post=75548"}],"curies":[{"name":"wp","href":"https:\/\/api.w.org\/{rel}","templated":true}]}}