{"id":7545,"date":"2017-03-06T23:15:46","date_gmt":"2017-03-07T04:15:46","guid":{"rendered":"http:\/\/www.dev.nitu.mx\/?p=7545"},"modified":"2017-03-07T00:51:39","modified_gmt":"2017-03-07T05:51:39","slug":"aerolineas-pueden-ampararse-ante-sanciones-por-retrasos-sct","status":"publish","type":"post","link":"https:\/\/nitu.mx\/index.php\/2017\/03\/06\/aerolineas-pueden-ampararse-ante-sanciones-por-retrasos-sct\/","title":{"rendered":"Aerol\u00edneas pueden ampararse ante sanciones por retrasos: SCT"},"content":{"rendered":"<p>Las aerol\u00edneas que sean sancionadas por retrasos o cancelaci\u00f3n de vuelos pueden ampararse, pues estos problemas se deben a la saturaci\u00f3n de los aeropuertos, dijo Gerardo Ruiz Esparza, titular de la Secretar\u00eda de Comunicaciones y Transportes (SCT).<\/p>\n<p>Una iniciativa plantea crear la figura de un coordinador independiente que tome el control de los horarios de aterrizaje y despegue (conocidos como slots) para resolver problemas de competencia y de operaci\u00f3n en aeropuertos saturados de M\u00e9xico, que derivan en un sobreprecio para los viajeros. (<a title=\"Proyecto legislativo propone nueva autoridad para designar slots en aeropuertos del pa\u00eds\" href=\"http:\/\/www.dev.nitu.mx\/index.php\/2017\/03\/02\/proyecto-legislativo-propone-nueva-autoridad-para-designar-slots-en-aeropuertos-del-pais\/\" rel=\"bookmark\">Proyecto legislativo propone nueva autoridad para designar slots en aeropuertos del pa\u00eds<\/a>)<\/p>\n<p>\u201cEs necesario que las aerol\u00edneas vuelen m\u00e1s a tiempo, pero debemos entender que los aeropuertos est\u00e1n saturados. Lo que pasar\u00eda (en caso de imponerles sanciones) es que las aerol\u00edneas tambi\u00e9n puedan ampararse porque su cancelaci\u00f3n o retraso tiene que ver con la saturaci\u00f3n\u201d, se\u00f1al\u00f3 Ruiz Esparza en entrevista radiof\u00f3nica con Oscar Mario Beteta.<\/p>\n<p>De igual forma Ruiz Esparza se\u00f1al\u00f3 que existe una p\u00e1gina del Aeropuerto Internacional \u00a0de la Ciudad de M\u00e9xico (AICM), por lo que se someter\u00e1 a discusi\u00f3n que las aerol\u00edneas reporten en la p\u00e1gina sus retrasos en los vuelos,\u00a0informa El Universal. La IATA ya ha advertido del problema de saturaci\u00f3n en esta terminal, como se inform\u00f3 en <em><strong>NITU.mx<\/strong><\/em>. (<a title=\"AICM en momento cr\u00edtico: IATA\" href=\"http:\/\/www.dev.nitu.mx\/index.php\/2016\/12\/12\/aicm-en-momento-critico-iata\/\" rel=\"bookmark\">AICM en momento cr\u00edtico: IATA<\/a>).<\/p>\n<p>&nbsp;<\/p>\n","protected":false},"excerpt":{"rendered":"<p>Las aerol\u00edneas que sean sancionadas por retrasos o cancelaci\u00f3n de vuelos pueden ampararse, pues estos problemas se deben a la saturaci\u00f3n de los aeropuertos, dijo Gerardo Ruiz Esparza, titular de la Secretar\u00eda de Comunicaciones y Transportes (SCT). Una iniciativa plantea crear la figura de un coordinador independiente que tome el control de los horarios de [&hellip;]<\/p>\n","protected":false},"author":17,"featured_media":7574,"comment_status":"open","ping_status":"open","sticky":false,"template":"","format":"standard","meta":{"footnotes":""},"categories":[29,6],"tags":[3385,436,700],"yoast_head":"<!-- This site is optimized with the Yoast SEO plugin v22.2 - https:\/\/yoast.com\/wordpress\/plugins\/seo\/ -->\n<title>Aerol\u00edneas pueden ampararse ante sanciones por retrasos: SCT - Nitu - Noticias de la Industria Turistica<\/title>\n<meta name=\"description\" content=\"Las aerol\u00edneas que sean sancionadas por retrasos o cancelaci\u00f3n de vuelos pueden ampararse, dijo Gerardo Ruiz Esparza, titular de la SCT.\" \/>\n<meta name=\"robots\" content=\"index, follow, max-snippet:-1, max-image-preview:large, max-video-preview:-1\" \/>\n<link rel=\"canonical\" href=\"https:\/\/nitu.mx\/index.php\/2017\/03\/06\/aerolineas-pueden-ampararse-ante-sanciones-por-retrasos-sct\/\" \/>\n<meta name=\"twitter:card\" content=\"summary_large_image\" \/>\n<meta name=\"twitter:title\" content=\"Aerol\u00edneas pueden ampararse ante sanciones por retrasos: SCT - Nitu - Noticias de la Industria Turistica\" \/>\n<meta name=\"twitter:description\" content=\"Las aerol\u00edneas que sean sancionadas por retrasos o cancelaci\u00f3n de vuelos pueden ampararse, dijo Gerardo Ruiz Esparza, titular de la SCT.\" \/>\n<meta name=\"twitter:image\" content=\"https:\/\/nitu.mx\/wp-content\/uploads\/2017\/03\/aicm-slots.jpg\" \/>\n<meta name=\"twitter:creator\" content=\"@NITUmx\" \/>\n<meta name=\"twitter:site\" content=\"@Arturo_Medina_G\" \/>\n<meta name=\"twitter:label1\" content=\"Escrito por\" \/>\n\t<meta name=\"twitter:data1\" content=\"Redacci\u00f3n\" \/>\n\t<meta name=\"twitter:label2\" content=\"Tiempo de lectura\" \/>\n\t<meta name=\"twitter:data2\" content=\"1 minuto\" \/>\n<script type=\"application\/ld+json\" class=\"yoast-schema-graph\">{\"@context\":\"https:\/\/schema.org\",\"@graph\":[{\"@type\":\"Article\",\"@id\":\"https:\/\/nitu.mx\/index.php\/2017\/03\/06\/aerolineas-pueden-ampararse-ante-sanciones-por-retrasos-sct\/#article\",\"isPartOf\":{\"@id\":\"https:\/\/nitu.mx\/index.php\/2017\/03\/06\/aerolineas-pueden-ampararse-ante-sanciones-por-retrasos-sct\/\"},\"author\":{\"name\":\"Redacci\u00f3n\",\"@id\":\"https:\/\/nitu.mx\/#\/schema\/person\/4a28fe9bd65924f7c90623773daf1b0b\"},\"headline\":\"Aerol\u00edneas pueden ampararse ante sanciones por retrasos: SCT\",\"datePublished\":\"2017-03-07T04:15:46+00:00\",\"dateModified\":\"2017-03-07T05:51:39+00:00\",\"mainEntityOfPage\":{\"@id\":\"https:\/\/nitu.mx\/index.php\/2017\/03\/06\/aerolineas-pueden-ampararse-ante-sanciones-por-retrasos-sct\/\"},\"wordCount\":246,\"commentCount\":0,\"publisher\":{\"@id\":\"https:\/\/nitu.mx\/#\/schema\/person\/ae7a53426417292d3dd07b45a33e01bc\"},\"image\":{\"@id\":\"https:\/\/nitu.mx\/index.php\/2017\/03\/06\/aerolineas-pueden-ampararse-ante-sanciones-por-retrasos-sct\/#primaryimage\"},\"thumbnailUrl\":\"https:\/\/nitu.mx\/wp-content\/uploads\/2017\/03\/aicm-slots.jpg\",\"keywords\":[\"Ciudad de M\u00e9xico (AICM)\",\"Gerardo Ruiz Esparza\",\"Secretar\u00eda de Comunicaciones y Transportes (SCT)\"],\"articleSection\":[\"Aerol\u00edneas\",\"M\u00e9xico\"],\"inLanguage\":\"es-MX\",\"potentialAction\":[{\"@type\":\"CommentAction\",\"name\":\"Comment\",\"target\":[\"https:\/\/nitu.mx\/index.php\/2017\/03\/06\/aerolineas-pueden-ampararse-ante-sanciones-por-retrasos-sct\/#respond\"]}]},{\"@type\":\"WebPage\",\"@id\":\"https:\/\/nitu.mx\/index.php\/2017\/03\/06\/aerolineas-pueden-ampararse-ante-sanciones-por-retrasos-sct\/\",\"url\":\"https:\/\/nitu.mx\/index.php\/2017\/03\/06\/aerolineas-pueden-ampararse-ante-sanciones-por-retrasos-sct\/\",\"name\":\"Aerol\u00edneas pueden ampararse ante sanciones por retrasos: SCT - Nitu - Noticias de la Industria Turistica\",\"isPartOf\":{\"@id\":\"https:\/\/nitu.mx\/#website\"},\"primaryImageOfPage\":{\"@id\":\"https:\/\/nitu.mx\/index.php\/2017\/03\/06\/aerolineas-pueden-ampararse-ante-sanciones-por-retrasos-sct\/#primaryimage\"},\"image\":{\"@id\":\"https:\/\/nitu.mx\/index.php\/2017\/03\/06\/aerolineas-pueden-ampararse-ante-sanciones-por-retrasos-sct\/#primaryimage\"},\"thumbnailUrl\":\"https:\/\/nitu.mx\/wp-content\/uploads\/2017\/03\/aicm-slots.jpg\",\"datePublished\":\"2017-03-07T04:15:46+00:00\",\"dateModified\":\"2017-03-07T05:51:39+00:00\",\"description\":\"Las aerol\u00edneas que sean sancionadas por retrasos o cancelaci\u00f3n de vuelos pueden ampararse, dijo Gerardo Ruiz Esparza, titular de la SCT.\",\"breadcrumb\":{\"@id\":\"https:\/\/nitu.mx\/index.php\/2017\/03\/06\/aerolineas-pueden-ampararse-ante-sanciones-por-retrasos-sct\/#breadcrumb\"},\"inLanguage\":\"es-MX\",\"potentialAction\":[{\"@type\":\"ReadAction\",\"target\":[\"https:\/\/nitu.mx\/index.php\/2017\/03\/06\/aerolineas-pueden-ampararse-ante-sanciones-por-retrasos-sct\/\"]}]},{\"@type\":\"ImageObject\",\"inLanguage\":\"es-MX\",\"@id\":\"https:\/\/nitu.mx\/index.php\/2017\/03\/06\/aerolineas-pueden-ampararse-ante-sanciones-por-retrasos-sct\/#primaryimage\",\"url\":\"https:\/\/nitu.mx\/wp-content\/uploads\/2017\/03\/aicm-slots.jpg\",\"contentUrl\":\"https:\/\/nitu.mx\/wp-content\/uploads\/2017\/03\/aicm-slots.jpg\",\"width\":850,\"height\":480,\"caption\":\"AICM SCT IATA DGAC cofece, convenio bilateral cancelaciones Canaero\"},{\"@type\":\"BreadcrumbList\",\"@id\":\"https:\/\/nitu.mx\/index.php\/2017\/03\/06\/aerolineas-pueden-ampararse-ante-sanciones-por-retrasos-sct\/#breadcrumb\",\"itemListElement\":[{\"@type\":\"ListItem\",\"position\":1,\"name\":\"Inicio\",\"item\":\"https:\/\/nitu.mx\/\"},{\"@type\":\"ListItem\",\"position\":2,\"name\":\"Aerol\u00edneas pueden ampararse ante sanciones por retrasos: SCT\"}]},{\"@type\":\"WebSite\",\"@id\":\"https:\/\/nitu.mx\/#website\",\"url\":\"https:\/\/nitu.mx\/\",\"name\":\"Nitu - Noticias de la Industria Turistica\",\"description\":\"Noticias de la Industria Turistica\",\"publisher\":{\"@id\":\"https:\/\/nitu.mx\/#\/schema\/person\/ae7a53426417292d3dd07b45a33e01bc\"},\"alternateName\":\"Noticias de la Industria Turistica\",\"potentialAction\":[{\"@type\":\"SearchAction\",\"target\":{\"@type\":\"EntryPoint\",\"urlTemplate\":\"https:\/\/nitu.mx\/?s={search_term_string}\"},\"query-input\":\"required name=search_term_string\"}],\"inLanguage\":\"es-MX\"},{\"@type\":[\"Person\",\"Organization\"],\"@id\":\"https:\/\/nitu.mx\/#\/schema\/person\/ae7a53426417292d3dd07b45a33e01bc\",\"name\":\"Arturo Medina\",\"image\":{\"@type\":\"ImageObject\",\"inLanguage\":\"es-MX\",\"@id\":\"https:\/\/nitu.mx\/#\/schema\/person\/image\/\",\"url\":\"https:\/\/nitu.mx\/wp-content\/uploads\/2024\/04\/4A315622-1904-4D5C-B022-878CDC840E04-90x90-1.jpeg\",\"contentUrl\":\"https:\/\/nitu.mx\/wp-content\/uploads\/2024\/04\/4A315622-1904-4D5C-B022-878CDC840E04-90x90-1.jpeg\",\"width\":90,\"height\":90,\"caption\":\"Arturo Medina\"},\"logo\":{\"@id\":\"https:\/\/nitu.mx\/#\/schema\/person\/image\/\"},\"description\":\"Director NITU.mx, Egresado de la Escuela de Periodismo Carlos Septi\u00e9n Garc\u00eda. Periodista y analista especializado en turismo desde hace 35 a\u00f1os, radicado en Canc\u00fan Q.Roo. arturo@nitu.mx\",\"sameAs\":[\"https:\/\/nitu.mx\",\"https:\/\/www.facebook.com\/NITUmx\/\",\"medinacancun\",\"https:\/\/twitter.com\/@Arturo_Medina_G\"]},{\"@type\":\"Person\",\"@id\":\"https:\/\/nitu.mx\/#\/schema\/person\/4a28fe9bd65924f7c90623773daf1b0b\",\"name\":\"Redacci\u00f3n\",\"image\":{\"@type\":\"ImageObject\",\"inLanguage\":\"es-MX\",\"@id\":\"https:\/\/nitu.mx\/#\/schema\/person\/image\/\",\"url\":\"https:\/\/secure.gravatar.com\/avatar\/5dd011c8ccfc5cd7e4c81e42252aab38?s=96&d=mm&r=g\",\"contentUrl\":\"https:\/\/secure.gravatar.com\/avatar\/5dd011c8ccfc5cd7e4c81e42252aab38?s=96&d=mm&r=g\",\"caption\":\"Redacci\u00f3n\"},\"url\":\"https:\/\/nitu.mx\/index.php\/author\/redaccion\/\"}]}<\/script>\n<!-- \/ Yoast SEO plugin. -->","yoast_head_json":{"title":"Aerol\u00edneas pueden ampararse ante sanciones por retrasos: SCT - Nitu - Noticias de la Industria Turistica","description":"Las aerol\u00edneas que sean sancionadas por retrasos o cancelaci\u00f3n de vuelos pueden ampararse, dijo Gerardo Ruiz Esparza, titular de la SCT.","robots":{"index":"index","follow":"follow","max-snippet":"max-snippet:-1","max-image-preview":"max-image-preview:large","max-video-preview":"max-video-preview:-1"},"canonical":"https:\/\/nitu.mx\/index.php\/2017\/03\/06\/aerolineas-pueden-ampararse-ante-sanciones-por-retrasos-sct\/","twitter_card":"summary_large_image","twitter_title":"Aerol\u00edneas pueden ampararse ante sanciones por retrasos: SCT - Nitu - Noticias de la Industria Turistica","twitter_description":"Las aerol\u00edneas que sean sancionadas por retrasos o cancelaci\u00f3n de vuelos pueden ampararse, dijo Gerardo Ruiz Esparza, titular de la SCT.","twitter_image":"https:\/\/nitu.mx\/wp-content\/uploads\/2017\/03\/aicm-slots.jpg","twitter_creator":"@NITUmx","twitter_site":"@Arturo_Medina_G","twitter_misc":{"Escrito por":"Redacci\u00f3n","Tiempo de lectura":"1 minuto"},"schema":{"@context":"https:\/\/schema.org","@graph":[{"@type":"Article","@id":"https:\/\/nitu.mx\/index.php\/2017\/03\/06\/aerolineas-pueden-ampararse-ante-sanciones-por-retrasos-sct\/#article","isPartOf":{"@id":"https:\/\/nitu.mx\/index.php\/2017\/03\/06\/aerolineas-pueden-ampararse-ante-sanciones-por-retrasos-sct\/"},"author":{"name":"Redacci\u00f3n","@id":"https:\/\/nitu.mx\/#\/schema\/person\/4a28fe9bd65924f7c90623773daf1b0b"},"headline":"Aerol\u00edneas pueden ampararse ante sanciones por retrasos: SCT","datePublished":"2017-03-07T04:15:46+00:00","dateModified":"2017-03-07T05:51:39+00:00","mainEntityOfPage":{"@id":"https:\/\/nitu.mx\/index.php\/2017\/03\/06\/aerolineas-pueden-ampararse-ante-sanciones-por-retrasos-sct\/"},"wordCount":246,"commentCount":0,"publisher":{"@id":"https:\/\/nitu.mx\/#\/schema\/person\/ae7a53426417292d3dd07b45a33e01bc"},"image":{"@id":"https:\/\/nitu.mx\/index.php\/2017\/03\/06\/aerolineas-pueden-ampararse-ante-sanciones-por-retrasos-sct\/#primaryimage"},"thumbnailUrl":"https:\/\/nitu.mx\/wp-content\/uploads\/2017\/03\/aicm-slots.jpg","keywords":["Ciudad de M\u00e9xico (AICM)","Gerardo Ruiz Esparza","Secretar\u00eda de Comunicaciones y Transportes (SCT)"],"articleSection":["Aerol\u00edneas","M\u00e9xico"],"inLanguage":"es-MX","potentialAction":[{"@type":"CommentAction","name":"Comment","target":["https:\/\/nitu.mx\/index.php\/2017\/03\/06\/aerolineas-pueden-ampararse-ante-sanciones-por-retrasos-sct\/#respond"]}]},{"@type":"WebPage","@id":"https:\/\/nitu.mx\/index.php\/2017\/03\/06\/aerolineas-pueden-ampararse-ante-sanciones-por-retrasos-sct\/","url":"https:\/\/nitu.mx\/index.php\/2017\/03\/06\/aerolineas-pueden-ampararse-ante-sanciones-por-retrasos-sct\/","name":"Aerol\u00edneas pueden ampararse ante sanciones por retrasos: SCT - Nitu - Noticias de la Industria Turistica","isPartOf":{"@id":"https:\/\/nitu.mx\/#website"},"primaryImageOfPage":{"@id":"https:\/\/nitu.mx\/index.php\/2017\/03\/06\/aerolineas-pueden-ampararse-ante-sanciones-por-retrasos-sct\/#primaryimage"},"image":{"@id":"https:\/\/nitu.mx\/index.php\/2017\/03\/06\/aerolineas-pueden-ampararse-ante-sanciones-por-retrasos-sct\/#primaryimage"},"thumbnailUrl":"https:\/\/nitu.mx\/wp-content\/uploads\/2017\/03\/aicm-slots.jpg","datePublished":"2017-03-07T04:15:46+00:00","dateModified":"2017-03-07T05:51:39+00:00","description":"Las aerol\u00edneas que sean sancionadas por retrasos o cancelaci\u00f3n de vuelos pueden ampararse, dijo Gerardo Ruiz Esparza, titular de la SCT.","breadcrumb":{"@id":"https:\/\/nitu.mx\/index.php\/2017\/03\/06\/aerolineas-pueden-ampararse-ante-sanciones-por-retrasos-sct\/#breadcrumb"},"inLanguage":"es-MX","potentialAction":[{"@type":"ReadAction","target":["https:\/\/nitu.mx\/index.php\/2017\/03\/06\/aerolineas-pueden-ampararse-ante-sanciones-por-retrasos-sct\/"]}]},{"@type":"ImageObject","inLanguage":"es-MX","@id":"https:\/\/nitu.mx\/index.php\/2017\/03\/06\/aerolineas-pueden-ampararse-ante-sanciones-por-retrasos-sct\/#primaryimage","url":"https:\/\/nitu.mx\/wp-content\/uploads\/2017\/03\/aicm-slots.jpg","contentUrl":"https:\/\/nitu.mx\/wp-content\/uploads\/2017\/03\/aicm-slots.jpg","width":850,"height":480,"caption":"AICM SCT IATA DGAC cofece, convenio bilateral cancelaciones Canaero"},{"@type":"BreadcrumbList","@id":"https:\/\/nitu.mx\/index.php\/2017\/03\/06\/aerolineas-pueden-ampararse-ante-sanciones-por-retrasos-sct\/#breadcrumb","itemListElement":[{"@type":"ListItem","position":1,"name":"Inicio","item":"https:\/\/nitu.mx\/"},{"@type":"ListItem","position":2,"name":"Aerol\u00edneas pueden ampararse ante sanciones por retrasos: SCT"}]},{"@type":"WebSite","@id":"https:\/\/nitu.mx\/#website","url":"https:\/\/nitu.mx\/","name":"Nitu - Noticias de la Industria Turistica","description":"Noticias de la Industria Turistica","publisher":{"@id":"https:\/\/nitu.mx\/#\/schema\/person\/ae7a53426417292d3dd07b45a33e01bc"},"alternateName":"Noticias de la Industria Turistica","potentialAction":[{"@type":"SearchAction","target":{"@type":"EntryPoint","urlTemplate":"https:\/\/nitu.mx\/?s={search_term_string}"},"query-input":"required name=search_term_string"}],"inLanguage":"es-MX"},{"@type":["Person","Organization"],"@id":"https:\/\/nitu.mx\/#\/schema\/person\/ae7a53426417292d3dd07b45a33e01bc","name":"Arturo Medina","image":{"@type":"ImageObject","inLanguage":"es-MX","@id":"https:\/\/nitu.mx\/#\/schema\/person\/image\/","url":"https:\/\/nitu.mx\/wp-content\/uploads\/2024\/04\/4A315622-1904-4D5C-B022-878CDC840E04-90x90-1.jpeg","contentUrl":"https:\/\/nitu.mx\/wp-content\/uploads\/2024\/04\/4A315622-1904-4D5C-B022-878CDC840E04-90x90-1.jpeg","width":90,"height":90,"caption":"Arturo Medina"},"logo":{"@id":"https:\/\/nitu.mx\/#\/schema\/person\/image\/"},"description":"Director NITU.mx, Egresado de la Escuela de Periodismo Carlos Septi\u00e9n Garc\u00eda. Periodista y analista especializado en turismo desde hace 35 a\u00f1os, radicado en Canc\u00fan Q.Roo. arturo@nitu.mx","sameAs":["https:\/\/nitu.mx","https:\/\/www.facebook.com\/NITUmx\/","medinacancun","https:\/\/twitter.com\/@Arturo_Medina_G"]},{"@type":"Person","@id":"https:\/\/nitu.mx\/#\/schema\/person\/4a28fe9bd65924f7c90623773daf1b0b","name":"Redacci\u00f3n","image":{"@type":"ImageObject","inLanguage":"es-MX","@id":"https:\/\/nitu.mx\/#\/schema\/person\/image\/","url":"https:\/\/secure.gravatar.com\/avatar\/5dd011c8ccfc5cd7e4c81e42252aab38?s=96&d=mm&r=g","contentUrl":"https:\/\/secure.gravatar.com\/avatar\/5dd011c8ccfc5cd7e4c81e42252aab38?s=96&d=mm&r=g","caption":"Redacci\u00f3n"},"url":"https:\/\/nitu.mx\/index.php\/author\/redaccion\/"}]}},"views":354,"_links":{"self":[{"href":"https:\/\/nitu.mx\/index.php\/wp-json\/wp\/v2\/posts\/7545"}],"collection":[{"href":"https:\/\/nitu.mx\/index.php\/wp-json\/wp\/v2\/posts"}],"about":[{"href":"https:\/\/nitu.mx\/index.php\/wp-json\/wp\/v2\/types\/post"}],"author":[{"embeddable":true,"href":"https:\/\/nitu.mx\/index.php\/wp-json\/wp\/v2\/users\/17"}],"replies":[{"embeddable":true,"href":"https:\/\/nitu.mx\/index.php\/wp-json\/wp\/v2\/comments?post=7545"}],"version-history":[{"count":3,"href":"https:\/\/nitu.mx\/index.php\/wp-json\/wp\/v2\/posts\/7545\/revisions"}],"predecessor-version":[{"id":7562,"href":"https:\/\/nitu.mx\/index.php\/wp-json\/wp\/v2\/posts\/7545\/revisions\/7562"}],"wp:featuredmedia":[{"embeddable":true,"href":"https:\/\/nitu.mx\/index.php\/wp-json\/wp\/v2\/media\/7574"}],"wp:attachment":[{"href":"https:\/\/nitu.mx\/index.php\/wp-json\/wp\/v2\/media?parent=7545"}],"wp:term":[{"taxonomy":"category","embeddable":true,"href":"https:\/\/nitu.mx\/index.php\/wp-json\/wp\/v2\/categories?post=7545"},{"taxonomy":"post_tag","embeddable":true,"href":"https:\/\/nitu.mx\/index.php\/wp-json\/wp\/v2\/tags?post=7545"}],"curies":[{"name":"wp","href":"https:\/\/api.w.org\/{rel}","templated":true}]}}