{"id":75291,"date":"2024-09-28T15:24:02","date_gmt":"2024-09-28T21:24:02","guid":{"rendered":"https:\/\/nitu.mx\/?p=75291"},"modified":"2024-09-28T15:24:03","modified_gmt":"2024-09-28T21:24:03","slug":"confirman-a-avianca-desde-bogota-a-tulum","status":"publish","type":"post","link":"https:\/\/nitu.mx\/index.php\/2024\/09\/28\/confirman-a-avianca-desde-bogota-a-tulum\/","title":{"rendered":"Confirman a Avianca desde Bogot\u00e1 a Tulum"},"content":{"rendered":"\n<p>Continua el iman de Tulum para seguir creciendo su numero de operaci\u00f3nes en su nuevo aeropuerto internacional, al confirmarse la nueva ruta de la aerol\u00ednea Avianca a partir del 10 de diciembre que ofrecer\u00e1 tres vuelos semanales con la ruta Bogot\u00e1 &#8211; Tulum<\/p>\n\n\n\n<p>Los vuelos ser\u00e1n operados por una moderna flota de aeronaves tipo Airbus A-320, con una capacidad para 180 pasajeros, lo que representar\u00e1 m\u00e1s de mil asientos disponibles cada semana para quienes deseen explorar las maravillas de Tulum.<\/p>\n\n\n\n<p>\u201c2024 ha sido un a\u00f1o hist\u00f3rico para Avianca, con el regreso de destinos ic\u00f3nicos y la incorporaci\u00f3n de Tulum a nuestra red de rutas. Nuestra estrategia busca conectar a millones de viajeros de m\u00e1s de 25 pa\u00edses con el para\u00edso de la Riviera Maya, consolidando a Bogot\u00e1 como el eje de la regi\u00f3n,\u201d coment\u00f3 el director de ventas de Avianca para Colombia y Suram\u00e9rica, David Alem\u00e1n.<\/p>\n\n\n\n<p>Con la adici\u00f3n de Tulum, Avianca pasar\u00e1 a operar nueve rutas hacia M\u00e9xico, con un total de 87 vuelos semanales, lo que incluye conexiones desde Bogot\u00e1 hacia Ciudad de M\u00e9xico, Canc\u00fan y, a partir de diciembre, Tulum; y desde Medell\u00edn hacia Ciudad de M\u00e9xico y Canc\u00fan.<\/p>\n\n\n\n<p>La aerol\u00ednea inici\u00f3 el tr\u00e1mite de permisos para esta ruta en julio y est\u00e1 lista para satisfacer la creciente demanda de viajes hacia esta hermosa regi\u00f3n, reafirmando su liderazgo en el mercado mexicano.<\/p>\n\n\n\n<p>\u201cEstamos felices de recibir esta nueva conexi\u00f3n a\u00e9rea, que sigue consolidando a Quintana Roo como el destino preferido internacionalmente, seguimos fortaleciendo nuestras relaciones con las aerol\u00edneas en esta Nueva Era del Turismo encabezada por la gobernadora Mara Lezama, agradecemos la confianza de Avianca por elegirnos y confiar en nosotros para crecer sus rutas a\u00e9reas\u201d coment\u00f3 el secretario de turismo Bernardo Cueto Riestra.<\/p>\n\n\n\n<p> <\/p>\n","protected":false},"excerpt":{"rendered":"<p>Continua el iman de Tulum para seguir creciendo su numero de operaci\u00f3nes en su nuevo aeropuerto internacional, al confirmarse la nueva ruta de la aerol\u00ednea Avianca a partir del 10 de diciembre que ofrecer\u00e1 tres vuelos semanales con la ruta Bogot\u00e1 &#8211; Tulum Los vuelos ser\u00e1n operados por una moderna flota de aeronaves tipo Airbus [&hellip;]<\/p>\n","protected":false},"author":2,"featured_media":11739,"comment_status":"open","ping_status":"open","sticky":false,"template":"","format":"standard","meta":{"footnotes":""},"categories":[29],"tags":[173,13931,390],"yoast_head":"<!-- This site is optimized with the Yoast SEO plugin v22.2 - https:\/\/yoast.com\/wordpress\/plugins\/seo\/ -->\n<title>Confirman a Avianca desde Bogot\u00e1 a Tulum - Nitu - Noticias de la Industria Turistica<\/title>\n<meta name=\"robots\" content=\"index, follow, max-snippet:-1, max-image-preview:large, max-video-preview:-1\" \/>\n<link rel=\"canonical\" href=\"https:\/\/nitu.mx\/index.php\/2024\/09\/28\/confirman-a-avianca-desde-bogota-a-tulum\/\" \/>\n<meta name=\"twitter:card\" content=\"summary_large_image\" \/>\n<meta name=\"twitter:title\" content=\"Confirman a Avianca desde Bogot\u00e1 a Tulum - Nitu - Noticias de la Industria Turistica\" \/>\n<meta name=\"twitter:description\" content=\"Continua el iman de Tulum para seguir creciendo su numero de operaci\u00f3nes en su nuevo aeropuerto internacional, al confirmarse la nueva ruta de la aerol\u00ednea Avianca a partir del 10 de diciembre que ofrecer\u00e1 tres vuelos semanales con la ruta Bogot\u00e1 &#8211; Tulum Los vuelos ser\u00e1n operados por una moderna flota de aeronaves tipo Airbus [&hellip;]\" \/>\n<meta name=\"twitter:image\" content=\"https:\/\/nitu.mx\/wp-content\/uploads\/2017\/07\/Avianca-Venezuela.jpg\" \/>\n<meta name=\"twitter:creator\" content=\"@Arturo_Medina_G\" \/>\n<meta name=\"twitter:site\" content=\"@Arturo_Medina_G\" \/>\n<meta name=\"twitter:label1\" content=\"Escrito por\" \/>\n\t<meta name=\"twitter:data1\" content=\"Arturo Medina\" \/>\n\t<meta name=\"twitter:label2\" content=\"Tiempo de lectura\" \/>\n\t<meta name=\"twitter:data2\" content=\"2 minutos\" \/>\n<script type=\"application\/ld+json\" class=\"yoast-schema-graph\">{\"@context\":\"https:\/\/schema.org\",\"@graph\":[{\"@type\":\"Article\",\"@id\":\"https:\/\/nitu.mx\/index.php\/2024\/09\/28\/confirman-a-avianca-desde-bogota-a-tulum\/#article\",\"isPartOf\":{\"@id\":\"https:\/\/nitu.mx\/index.php\/2024\/09\/28\/confirman-a-avianca-desde-bogota-a-tulum\/\"},\"author\":{\"name\":\"Arturo Medina\",\"@id\":\"https:\/\/nitu.mx\/#\/schema\/person\/ae7a53426417292d3dd07b45a33e01bc\"},\"headline\":\"Confirman a Avianca desde Bogot\u00e1 a Tulum\",\"datePublished\":\"2024-09-28T21:24:02+00:00\",\"dateModified\":\"2024-09-28T21:24:03+00:00\",\"mainEntityOfPage\":{\"@id\":\"https:\/\/nitu.mx\/index.php\/2024\/09\/28\/confirman-a-avianca-desde-bogota-a-tulum\/\"},\"wordCount\":317,\"commentCount\":0,\"publisher\":{\"@id\":\"https:\/\/nitu.mx\/#\/schema\/person\/ae7a53426417292d3dd07b45a33e01bc\"},\"image\":{\"@id\":\"https:\/\/nitu.mx\/index.php\/2024\/09\/28\/confirman-a-avianca-desde-bogota-a-tulum\/#primaryimage\"},\"thumbnailUrl\":\"https:\/\/nitu.mx\/wp-content\/uploads\/2017\/07\/Avianca-Venezuela.jpg\",\"keywords\":[\"Avianca\",\"Bernardo Cueto\",\"Tulum\"],\"articleSection\":[\"Aerol\u00edneas\"],\"inLanguage\":\"es-MX\",\"potentialAction\":[{\"@type\":\"CommentAction\",\"name\":\"Comment\",\"target\":[\"https:\/\/nitu.mx\/index.php\/2024\/09\/28\/confirman-a-avianca-desde-bogota-a-tulum\/#respond\"]}]},{\"@type\":\"WebPage\",\"@id\":\"https:\/\/nitu.mx\/index.php\/2024\/09\/28\/confirman-a-avianca-desde-bogota-a-tulum\/\",\"url\":\"https:\/\/nitu.mx\/index.php\/2024\/09\/28\/confirman-a-avianca-desde-bogota-a-tulum\/\",\"name\":\"Confirman a Avianca desde Bogot\u00e1 a Tulum - Nitu - Noticias de la Industria Turistica\",\"isPartOf\":{\"@id\":\"https:\/\/nitu.mx\/#website\"},\"primaryImageOfPage\":{\"@id\":\"https:\/\/nitu.mx\/index.php\/2024\/09\/28\/confirman-a-avianca-desde-bogota-a-tulum\/#primaryimage\"},\"image\":{\"@id\":\"https:\/\/nitu.mx\/index.php\/2024\/09\/28\/confirman-a-avianca-desde-bogota-a-tulum\/#primaryimage\"},\"thumbnailUrl\":\"https:\/\/nitu.mx\/wp-content\/uploads\/2017\/07\/Avianca-Venezuela.jpg\",\"datePublished\":\"2024-09-28T21:24:02+00:00\",\"dateModified\":\"2024-09-28T21:24:03+00:00\",\"breadcrumb\":{\"@id\":\"https:\/\/nitu.mx\/index.php\/2024\/09\/28\/confirman-a-avianca-desde-bogota-a-tulum\/#breadcrumb\"},\"inLanguage\":\"es-MX\",\"potentialAction\":[{\"@type\":\"ReadAction\",\"target\":[\"https:\/\/nitu.mx\/index.php\/2024\/09\/28\/confirman-a-avianca-desde-bogota-a-tulum\/\"]}]},{\"@type\":\"ImageObject\",\"inLanguage\":\"es-MX\",\"@id\":\"https:\/\/nitu.mx\/index.php\/2024\/09\/28\/confirman-a-avianca-desde-bogota-a-tulum\/#primaryimage\",\"url\":\"https:\/\/nitu.mx\/wp-content\/uploads\/2017\/07\/Avianca-Venezuela.jpg\",\"contentUrl\":\"https:\/\/nitu.mx\/wp-content\/uploads\/2017\/07\/Avianca-Venezuela.jpg\",\"width\":850,\"height\":480,\"caption\":\"Avianca\"},{\"@type\":\"BreadcrumbList\",\"@id\":\"https:\/\/nitu.mx\/index.php\/2024\/09\/28\/confirman-a-avianca-desde-bogota-a-tulum\/#breadcrumb\",\"itemListElement\":[{\"@type\":\"ListItem\",\"position\":1,\"name\":\"Inicio\",\"item\":\"https:\/\/nitu.mx\/\"},{\"@type\":\"ListItem\",\"position\":2,\"name\":\"Confirman a Avianca desde Bogot\u00e1 a Tulum\"}]},{\"@type\":\"WebSite\",\"@id\":\"https:\/\/nitu.mx\/#website\",\"url\":\"https:\/\/nitu.mx\/\",\"name\":\"Nitu - Noticias de la Industria Turistica\",\"description\":\"Noticias de la Industria Turistica\",\"publisher\":{\"@id\":\"https:\/\/nitu.mx\/#\/schema\/person\/ae7a53426417292d3dd07b45a33e01bc\"},\"alternateName\":\"Noticias de la Industria Turistica\",\"potentialAction\":[{\"@type\":\"SearchAction\",\"target\":{\"@type\":\"EntryPoint\",\"urlTemplate\":\"https:\/\/nitu.mx\/?s={search_term_string}\"},\"query-input\":\"required name=search_term_string\"}],\"inLanguage\":\"es-MX\"},{\"@type\":[\"Person\",\"Organization\"],\"@id\":\"https:\/\/nitu.mx\/#\/schema\/person\/ae7a53426417292d3dd07b45a33e01bc\",\"name\":\"Arturo Medina\",\"image\":{\"@type\":\"ImageObject\",\"inLanguage\":\"es-MX\",\"@id\":\"https:\/\/nitu.mx\/#\/schema\/person\/image\/\",\"url\":\"https:\/\/nitu.mx\/wp-content\/uploads\/2024\/04\/4A315622-1904-4D5C-B022-878CDC840E04-90x90-1.jpeg\",\"contentUrl\":\"https:\/\/nitu.mx\/wp-content\/uploads\/2024\/04\/4A315622-1904-4D5C-B022-878CDC840E04-90x90-1.jpeg\",\"width\":90,\"height\":90,\"caption\":\"Arturo Medina\"},\"logo\":{\"@id\":\"https:\/\/nitu.mx\/#\/schema\/person\/image\/\"},\"description\":\"Director NITU.mx, Egresado de la Escuela de Periodismo Carlos Septi\u00e9n Garc\u00eda. Periodista y analista especializado en turismo desde hace 35 a\u00f1os, radicado en Canc\u00fan Q.Roo. arturo@nitu.mx\",\"sameAs\":[\"https:\/\/nitu.mx\",\"https:\/\/www.facebook.com\/NITUmx\/\",\"medinacancun\",\"https:\/\/twitter.com\/@Arturo_Medina_G\"],\"url\":\"https:\/\/nitu.mx\/index.php\/author\/arturo-medina\/\"}]}<\/script>\n<!-- \/ Yoast SEO plugin. -->","yoast_head_json":{"title":"Confirman a Avianca desde Bogot\u00e1 a Tulum - Nitu - Noticias de la Industria Turistica","robots":{"index":"index","follow":"follow","max-snippet":"max-snippet:-1","max-image-preview":"max-image-preview:large","max-video-preview":"max-video-preview:-1"},"canonical":"https:\/\/nitu.mx\/index.php\/2024\/09\/28\/confirman-a-avianca-desde-bogota-a-tulum\/","twitter_card":"summary_large_image","twitter_title":"Confirman a Avianca desde Bogot\u00e1 a Tulum - Nitu - Noticias de la Industria Turistica","twitter_description":"Continua el iman de Tulum para seguir creciendo su numero de operaci\u00f3nes en su nuevo aeropuerto internacional, al confirmarse la nueva ruta de la aerol\u00ednea Avianca a partir del 10 de diciembre que ofrecer\u00e1 tres vuelos semanales con la ruta Bogot\u00e1 &#8211; Tulum Los vuelos ser\u00e1n operados por una moderna flota de aeronaves tipo Airbus [&hellip;]","twitter_image":"https:\/\/nitu.mx\/wp-content\/uploads\/2017\/07\/Avianca-Venezuela.jpg","twitter_creator":"@Arturo_Medina_G","twitter_site":"@Arturo_Medina_G","twitter_misc":{"Escrito por":"Arturo Medina","Tiempo de lectura":"2 minutos"},"schema":{"@context":"https:\/\/schema.org","@graph":[{"@type":"Article","@id":"https:\/\/nitu.mx\/index.php\/2024\/09\/28\/confirman-a-avianca-desde-bogota-a-tulum\/#article","isPartOf":{"@id":"https:\/\/nitu.mx\/index.php\/2024\/09\/28\/confirman-a-avianca-desde-bogota-a-tulum\/"},"author":{"name":"Arturo Medina","@id":"https:\/\/nitu.mx\/#\/schema\/person\/ae7a53426417292d3dd07b45a33e01bc"},"headline":"Confirman a Avianca desde Bogot\u00e1 a Tulum","datePublished":"2024-09-28T21:24:02+00:00","dateModified":"2024-09-28T21:24:03+00:00","mainEntityOfPage":{"@id":"https:\/\/nitu.mx\/index.php\/2024\/09\/28\/confirman-a-avianca-desde-bogota-a-tulum\/"},"wordCount":317,"commentCount":0,"publisher":{"@id":"https:\/\/nitu.mx\/#\/schema\/person\/ae7a53426417292d3dd07b45a33e01bc"},"image":{"@id":"https:\/\/nitu.mx\/index.php\/2024\/09\/28\/confirman-a-avianca-desde-bogota-a-tulum\/#primaryimage"},"thumbnailUrl":"https:\/\/nitu.mx\/wp-content\/uploads\/2017\/07\/Avianca-Venezuela.jpg","keywords":["Avianca","Bernardo Cueto","Tulum"],"articleSection":["Aerol\u00edneas"],"inLanguage":"es-MX","potentialAction":[{"@type":"CommentAction","name":"Comment","target":["https:\/\/nitu.mx\/index.php\/2024\/09\/28\/confirman-a-avianca-desde-bogota-a-tulum\/#respond"]}]},{"@type":"WebPage","@id":"https:\/\/nitu.mx\/index.php\/2024\/09\/28\/confirman-a-avianca-desde-bogota-a-tulum\/","url":"https:\/\/nitu.mx\/index.php\/2024\/09\/28\/confirman-a-avianca-desde-bogota-a-tulum\/","name":"Confirman a Avianca desde Bogot\u00e1 a Tulum - Nitu - Noticias de la Industria Turistica","isPartOf":{"@id":"https:\/\/nitu.mx\/#website"},"primaryImageOfPage":{"@id":"https:\/\/nitu.mx\/index.php\/2024\/09\/28\/confirman-a-avianca-desde-bogota-a-tulum\/#primaryimage"},"image":{"@id":"https:\/\/nitu.mx\/index.php\/2024\/09\/28\/confirman-a-avianca-desde-bogota-a-tulum\/#primaryimage"},"thumbnailUrl":"https:\/\/nitu.mx\/wp-content\/uploads\/2017\/07\/Avianca-Venezuela.jpg","datePublished":"2024-09-28T21:24:02+00:00","dateModified":"2024-09-28T21:24:03+00:00","breadcrumb":{"@id":"https:\/\/nitu.mx\/index.php\/2024\/09\/28\/confirman-a-avianca-desde-bogota-a-tulum\/#breadcrumb"},"inLanguage":"es-MX","potentialAction":[{"@type":"ReadAction","target":["https:\/\/nitu.mx\/index.php\/2024\/09\/28\/confirman-a-avianca-desde-bogota-a-tulum\/"]}]},{"@type":"ImageObject","inLanguage":"es-MX","@id":"https:\/\/nitu.mx\/index.php\/2024\/09\/28\/confirman-a-avianca-desde-bogota-a-tulum\/#primaryimage","url":"https:\/\/nitu.mx\/wp-content\/uploads\/2017\/07\/Avianca-Venezuela.jpg","contentUrl":"https:\/\/nitu.mx\/wp-content\/uploads\/2017\/07\/Avianca-Venezuela.jpg","width":850,"height":480,"caption":"Avianca"},{"@type":"BreadcrumbList","@id":"https:\/\/nitu.mx\/index.php\/2024\/09\/28\/confirman-a-avianca-desde-bogota-a-tulum\/#breadcrumb","itemListElement":[{"@type":"ListItem","position":1,"name":"Inicio","item":"https:\/\/nitu.mx\/"},{"@type":"ListItem","position":2,"name":"Confirman a Avianca desde Bogot\u00e1 a Tulum"}]},{"@type":"WebSite","@id":"https:\/\/nitu.mx\/#website","url":"https:\/\/nitu.mx\/","name":"Nitu - Noticias de la Industria Turistica","description":"Noticias de la Industria Turistica","publisher":{"@id":"https:\/\/nitu.mx\/#\/schema\/person\/ae7a53426417292d3dd07b45a33e01bc"},"alternateName":"Noticias de la Industria Turistica","potentialAction":[{"@type":"SearchAction","target":{"@type":"EntryPoint","urlTemplate":"https:\/\/nitu.mx\/?s={search_term_string}"},"query-input":"required name=search_term_string"}],"inLanguage":"es-MX"},{"@type":["Person","Organization"],"@id":"https:\/\/nitu.mx\/#\/schema\/person\/ae7a53426417292d3dd07b45a33e01bc","name":"Arturo Medina","image":{"@type":"ImageObject","inLanguage":"es-MX","@id":"https:\/\/nitu.mx\/#\/schema\/person\/image\/","url":"https:\/\/nitu.mx\/wp-content\/uploads\/2024\/04\/4A315622-1904-4D5C-B022-878CDC840E04-90x90-1.jpeg","contentUrl":"https:\/\/nitu.mx\/wp-content\/uploads\/2024\/04\/4A315622-1904-4D5C-B022-878CDC840E04-90x90-1.jpeg","width":90,"height":90,"caption":"Arturo Medina"},"logo":{"@id":"https:\/\/nitu.mx\/#\/schema\/person\/image\/"},"description":"Director NITU.mx, Egresado de la Escuela de Periodismo Carlos Septi\u00e9n Garc\u00eda. Periodista y analista especializado en turismo desde hace 35 a\u00f1os, radicado en Canc\u00fan Q.Roo. arturo@nitu.mx","sameAs":["https:\/\/nitu.mx","https:\/\/www.facebook.com\/NITUmx\/","medinacancun","https:\/\/twitter.com\/@Arturo_Medina_G"],"url":"https:\/\/nitu.mx\/index.php\/author\/arturo-medina\/"}]}},"views":628,"_links":{"self":[{"href":"https:\/\/nitu.mx\/index.php\/wp-json\/wp\/v2\/posts\/75291"}],"collection":[{"href":"https:\/\/nitu.mx\/index.php\/wp-json\/wp\/v2\/posts"}],"about":[{"href":"https:\/\/nitu.mx\/index.php\/wp-json\/wp\/v2\/types\/post"}],"author":[{"embeddable":true,"href":"https:\/\/nitu.mx\/index.php\/wp-json\/wp\/v2\/users\/2"}],"replies":[{"embeddable":true,"href":"https:\/\/nitu.mx\/index.php\/wp-json\/wp\/v2\/comments?post=75291"}],"version-history":[{"count":1,"href":"https:\/\/nitu.mx\/index.php\/wp-json\/wp\/v2\/posts\/75291\/revisions"}],"predecessor-version":[{"id":75293,"href":"https:\/\/nitu.mx\/index.php\/wp-json\/wp\/v2\/posts\/75291\/revisions\/75293"}],"wp:featuredmedia":[{"embeddable":true,"href":"https:\/\/nitu.mx\/index.php\/wp-json\/wp\/v2\/media\/11739"}],"wp:attachment":[{"href":"https:\/\/nitu.mx\/index.php\/wp-json\/wp\/v2\/media?parent=75291"}],"wp:term":[{"taxonomy":"category","embeddable":true,"href":"https:\/\/nitu.mx\/index.php\/wp-json\/wp\/v2\/categories?post=75291"},{"taxonomy":"post_tag","embeddable":true,"href":"https:\/\/nitu.mx\/index.php\/wp-json\/wp\/v2\/tags?post=75291"}],"curies":[{"name":"wp","href":"https:\/\/api.w.org\/{rel}","templated":true}]}}