{"id":75265,"date":"2024-09-27T00:57:10","date_gmt":"2024-09-27T06:57:10","guid":{"rendered":"https:\/\/nitu.mx\/?p=75265"},"modified":"2024-09-27T00:57:11","modified_gmt":"2024-09-27T06:57:11","slug":"amigos-de-sian-kaan-inaugura-el-instituto-de-educacion-ambiental-idea-ask","status":"publish","type":"post","link":"https:\/\/nitu.mx\/index.php\/2024\/09\/27\/amigos-de-sian-kaan-inaugura-el-instituto-de-educacion-ambiental-idea-ask\/","title":{"rendered":"Amigos de Sian Ka\u2019an inaugura el Instituto de Educaci\u00f3n Ambiental (IDEA ASK)"},"content":{"rendered":"<p>Amigos de Sian Ka\u2019an, organizaci\u00f3n enfocada en el desarrollo sustentable de la Pen\u00ednsula de Yucat\u00e1n, ha lanzado oficialmente el Instituto de Educaci\u00f3n Ambiental (IDEA ASK). Este espacio tiene como objetivo promover la educaci\u00f3n ambiental, la divulgaci\u00f3n cient\u00edfica y la capacitaci\u00f3n comunitaria, ofreciendo herramientas para la conservaci\u00f3n de los recursos naturales y la biodiversidad.<\/p>\n<p>El instituto cuenta con una oferta acad\u00e9mica respaldada por la Secretar\u00eda de Educaci\u00f3n de Quintana Roo (SEQ), que incluye diplomados en Ciencia Ciudadana Ambiental, Operaci\u00f3n de Plantas de Tratamiento de Aguas Residuales, Buenas Pr\u00e1cticas Sustentables en Empresas Tur\u00edsticas, y Gobernanza Comunitaria del Agua. Tambi\u00e9n se ofrecer\u00e1n capacitaciones sobre buenas pr\u00e1cticas en cenotes y actividades ecotur\u00edsticas, adem\u00e1s de continuar con programas ya establecidos como &#8220;Eres Agua, toma conciencia&#8221; y talleres de observaci\u00f3n de aves.<\/p>\n<p>IDEA ASK es el resultado de casi 40 a\u00f1os de experiencia de Amigos de Sian Ka\u2019an, y busca fomentar un desarrollo sostenible en la regi\u00f3n mediante la formaci\u00f3n de estudiantes, profesionales, empresarios y comunidades locales.<\/p>\n<p>Para m\u00e1s detalles sobre estas actividades, se puede seguir la organizaci\u00f3n en redes sociales bajo el hashtag #AccionesPorLaNaturaleza.<\/p>\n","protected":false},"excerpt":{"rendered":"<p>Amigos de Sian Ka\u2019an, organizaci\u00f3n enfocada en el desarrollo sustentable de la Pen\u00ednsula de Yucat\u00e1n, ha lanzado oficialmente el Instituto de Educaci\u00f3n Ambiental (IDEA ASK). Este espacio tiene como objetivo promover la educaci\u00f3n ambiental, la divulgaci\u00f3n cient\u00edfica y la capacitaci\u00f3n comunitaria, ofreciendo herramientas para la conservaci\u00f3n de los recursos naturales y la biodiversidad. El instituto [&hellip;]<\/p>\n","protected":false},"author":3,"featured_media":75270,"comment_status":"open","ping_status":"open","sticky":false,"template":"","format":"standard","meta":{"footnotes":""},"categories":[18475],"tags":[4450,26165,26164,260],"yoast_head":"<!-- This site is optimized with the Yoast SEO plugin v22.2 - https:\/\/yoast.com\/wordpress\/plugins\/seo\/ -->\n<title>Amigos de Sian Ka\u2019an inaugura el Instituto de Educaci\u00f3n Ambiental (IDEA ASK) - Nitu - Noticias de la Industria Turistica<\/title>\n<meta name=\"robots\" content=\"index, follow, max-snippet:-1, max-image-preview:large, max-video-preview:-1\" \/>\n<link rel=\"canonical\" href=\"https:\/\/nitu.mx\/index.php\/2024\/09\/27\/amigos-de-sian-kaan-inaugura-el-instituto-de-educacion-ambiental-idea-ask\/\" \/>\n<meta name=\"twitter:card\" content=\"summary_large_image\" \/>\n<meta name=\"twitter:title\" content=\"Amigos de Sian Ka\u2019an inaugura el Instituto de Educaci\u00f3n Ambiental (IDEA ASK) - Nitu - Noticias de la Industria Turistica\" \/>\n<meta name=\"twitter:description\" content=\"Amigos de Sian Ka\u2019an, organizaci\u00f3n enfocada en el desarrollo sustentable de la Pen\u00ednsula de Yucat\u00e1n, ha lanzado oficialmente el Instituto de Educaci\u00f3n Ambiental (IDEA ASK). Este espacio tiene como objetivo promover la educaci\u00f3n ambiental, la divulgaci\u00f3n cient\u00edfica y la capacitaci\u00f3n comunitaria, ofreciendo herramientas para la conservaci\u00f3n de los recursos naturales y la biodiversidad. El instituto [&hellip;]\" \/>\n<meta name=\"twitter:image\" content=\"https:\/\/nitu.mx\/wp-content\/uploads\/2024\/09\/634b547f-1ad1-42fe-8a6e-6a2ccca1c1f1.jpeg\" \/>\n<meta name=\"twitter:creator\" content=\"@NITUmx\" \/>\n<meta name=\"twitter:site\" content=\"@Arturo_Medina_G\" \/>\n<meta name=\"twitter:label1\" content=\"Escrito por\" \/>\n\t<meta name=\"twitter:data1\" content=\"Alejandra Moncisbays\" \/>\n\t<meta name=\"twitter:label2\" content=\"Tiempo de lectura\" \/>\n\t<meta name=\"twitter:data2\" content=\"1 minuto\" \/>\n<script type=\"application\/ld+json\" class=\"yoast-schema-graph\">{\"@context\":\"https:\/\/schema.org\",\"@graph\":[{\"@type\":\"Article\",\"@id\":\"https:\/\/nitu.mx\/index.php\/2024\/09\/27\/amigos-de-sian-kaan-inaugura-el-instituto-de-educacion-ambiental-idea-ask\/#article\",\"isPartOf\":{\"@id\":\"https:\/\/nitu.mx\/index.php\/2024\/09\/27\/amigos-de-sian-kaan-inaugura-el-instituto-de-educacion-ambiental-idea-ask\/\"},\"author\":{\"name\":\"Alejandra Moncisbays\",\"@id\":\"https:\/\/nitu.mx\/#\/schema\/person\/2ecd887b19dfd3382d1f14fc5acf24a8\"},\"headline\":\"Amigos de Sian Ka\u2019an inaugura el Instituto de Educaci\u00f3n Ambiental (IDEA ASK)\",\"datePublished\":\"2024-09-27T06:57:10+00:00\",\"dateModified\":\"2024-09-27T06:57:11+00:00\",\"mainEntityOfPage\":{\"@id\":\"https:\/\/nitu.mx\/index.php\/2024\/09\/27\/amigos-de-sian-kaan-inaugura-el-instituto-de-educacion-ambiental-idea-ask\/\"},\"wordCount\":220,\"commentCount\":0,\"publisher\":{\"@id\":\"https:\/\/nitu.mx\/#\/schema\/person\/ae7a53426417292d3dd07b45a33e01bc\"},\"image\":{\"@id\":\"https:\/\/nitu.mx\/index.php\/2024\/09\/27\/amigos-de-sian-kaan-inaugura-el-instituto-de-educacion-ambiental-idea-ask\/#primaryimage\"},\"thumbnailUrl\":\"https:\/\/nitu.mx\/wp-content\/uploads\/2024\/09\/634b547f-1ad1-42fe-8a6e-6a2ccca1c1f1.jpeg\",\"keywords\":[\"Amigos de Sian Ka\u2019an\",\"ecretar\u00eda de Educaci\u00f3n de Quintana Roo\",\"Instituto de Educaci\u00f3n Ambiental\",\"Quintana Roo\"],\"articleSection\":[\"Caribe Mexicano\"],\"inLanguage\":\"es-MX\",\"potentialAction\":[{\"@type\":\"CommentAction\",\"name\":\"Comment\",\"target\":[\"https:\/\/nitu.mx\/index.php\/2024\/09\/27\/amigos-de-sian-kaan-inaugura-el-instituto-de-educacion-ambiental-idea-ask\/#respond\"]}]},{\"@type\":\"WebPage\",\"@id\":\"https:\/\/nitu.mx\/index.php\/2024\/09\/27\/amigos-de-sian-kaan-inaugura-el-instituto-de-educacion-ambiental-idea-ask\/\",\"url\":\"https:\/\/nitu.mx\/index.php\/2024\/09\/27\/amigos-de-sian-kaan-inaugura-el-instituto-de-educacion-ambiental-idea-ask\/\",\"name\":\"Amigos de Sian Ka\u2019an inaugura el Instituto de Educaci\u00f3n Ambiental (IDEA ASK) - Nitu - Noticias de la Industria Turistica\",\"isPartOf\":{\"@id\":\"https:\/\/nitu.mx\/#website\"},\"primaryImageOfPage\":{\"@id\":\"https:\/\/nitu.mx\/index.php\/2024\/09\/27\/amigos-de-sian-kaan-inaugura-el-instituto-de-educacion-ambiental-idea-ask\/#primaryimage\"},\"image\":{\"@id\":\"https:\/\/nitu.mx\/index.php\/2024\/09\/27\/amigos-de-sian-kaan-inaugura-el-instituto-de-educacion-ambiental-idea-ask\/#primaryimage\"},\"thumbnailUrl\":\"https:\/\/nitu.mx\/wp-content\/uploads\/2024\/09\/634b547f-1ad1-42fe-8a6e-6a2ccca1c1f1.jpeg\",\"datePublished\":\"2024-09-27T06:57:10+00:00\",\"dateModified\":\"2024-09-27T06:57:11+00:00\",\"breadcrumb\":{\"@id\":\"https:\/\/nitu.mx\/index.php\/2024\/09\/27\/amigos-de-sian-kaan-inaugura-el-instituto-de-educacion-ambiental-idea-ask\/#breadcrumb\"},\"inLanguage\":\"es-MX\",\"potentialAction\":[{\"@type\":\"ReadAction\",\"target\":[\"https:\/\/nitu.mx\/index.php\/2024\/09\/27\/amigos-de-sian-kaan-inaugura-el-instituto-de-educacion-ambiental-idea-ask\/\"]}]},{\"@type\":\"ImageObject\",\"inLanguage\":\"es-MX\",\"@id\":\"https:\/\/nitu.mx\/index.php\/2024\/09\/27\/amigos-de-sian-kaan-inaugura-el-instituto-de-educacion-ambiental-idea-ask\/#primaryimage\",\"url\":\"https:\/\/nitu.mx\/wp-content\/uploads\/2024\/09\/634b547f-1ad1-42fe-8a6e-6a2ccca1c1f1.jpeg\",\"contentUrl\":\"https:\/\/nitu.mx\/wp-content\/uploads\/2024\/09\/634b547f-1ad1-42fe-8a6e-6a2ccca1c1f1.jpeg\",\"width\":1600,\"height\":900},{\"@type\":\"BreadcrumbList\",\"@id\":\"https:\/\/nitu.mx\/index.php\/2024\/09\/27\/amigos-de-sian-kaan-inaugura-el-instituto-de-educacion-ambiental-idea-ask\/#breadcrumb\",\"itemListElement\":[{\"@type\":\"ListItem\",\"position\":1,\"name\":\"Inicio\",\"item\":\"https:\/\/nitu.mx\/\"},{\"@type\":\"ListItem\",\"position\":2,\"name\":\"Amigos de Sian Ka\u2019an inaugura el Instituto de Educaci\u00f3n Ambiental (IDEA ASK)\"}]},{\"@type\":\"WebSite\",\"@id\":\"https:\/\/nitu.mx\/#website\",\"url\":\"https:\/\/nitu.mx\/\",\"name\":\"Nitu - Noticias de la Industria Turistica\",\"description\":\"Noticias de la Industria Turistica\",\"publisher\":{\"@id\":\"https:\/\/nitu.mx\/#\/schema\/person\/ae7a53426417292d3dd07b45a33e01bc\"},\"alternateName\":\"Noticias de la Industria Turistica\",\"potentialAction\":[{\"@type\":\"SearchAction\",\"target\":{\"@type\":\"EntryPoint\",\"urlTemplate\":\"https:\/\/nitu.mx\/?s={search_term_string}\"},\"query-input\":\"required name=search_term_string\"}],\"inLanguage\":\"es-MX\"},{\"@type\":[\"Person\",\"Organization\"],\"@id\":\"https:\/\/nitu.mx\/#\/schema\/person\/ae7a53426417292d3dd07b45a33e01bc\",\"name\":\"Arturo Medina\",\"image\":{\"@type\":\"ImageObject\",\"inLanguage\":\"es-MX\",\"@id\":\"https:\/\/nitu.mx\/#\/schema\/person\/image\/\",\"url\":\"https:\/\/nitu.mx\/wp-content\/uploads\/2024\/04\/4A315622-1904-4D5C-B022-878CDC840E04-90x90-1.jpeg\",\"contentUrl\":\"https:\/\/nitu.mx\/wp-content\/uploads\/2024\/04\/4A315622-1904-4D5C-B022-878CDC840E04-90x90-1.jpeg\",\"width\":90,\"height\":90,\"caption\":\"Arturo Medina\"},\"logo\":{\"@id\":\"https:\/\/nitu.mx\/#\/schema\/person\/image\/\"},\"description\":\"Director NITU.mx, Egresado de la Escuela de Periodismo Carlos Septi\u00e9n Garc\u00eda. Periodista y analista especializado en turismo desde hace 35 a\u00f1os, radicado en Canc\u00fan Q.Roo. arturo@nitu.mx\",\"sameAs\":[\"https:\/\/nitu.mx\",\"https:\/\/www.facebook.com\/NITUmx\/\",\"medinacancun\",\"https:\/\/twitter.com\/@Arturo_Medina_G\"]},{\"@type\":\"Person\",\"@id\":\"https:\/\/nitu.mx\/#\/schema\/person\/2ecd887b19dfd3382d1f14fc5acf24a8\",\"name\":\"Alejandra Moncisbays\",\"image\":{\"@type\":\"ImageObject\",\"inLanguage\":\"es-MX\",\"@id\":\"https:\/\/nitu.mx\/#\/schema\/person\/image\/\",\"url\":\"https:\/\/secure.gravatar.com\/avatar\/e74f7af0be172b7804dacfd0bfbef787?s=96&d=mm&r=g\",\"contentUrl\":\"https:\/\/secure.gravatar.com\/avatar\/e74f7af0be172b7804dacfd0bfbef787?s=96&d=mm&r=g\",\"caption\":\"Alejandra Moncisbays\"},\"description\":\"Curs\u00e9 la carrera de Periodismo y Comunicaci\u00f3n en la Facultad de Estudios Profesionales Acatl\u00e1n. Vivo en Canc\u00fan desde hace 24 a\u00f1os. Fui reportera de La Tarde de Canc\u00fan, y Novedades de Quintana Roo, colabor\u00e9 en TVCUN, edit\u00e9 Cancun\u00edssimo y colabor\u00e9 en las revistas Latitud21, entre otras, con principal enfoque en los sectores empresarial y tur\u00edstico. Desde hace varios a\u00f1os soy Agente de Seguros con c\u00e9dula de la Comisi\u00f3n Nacional de Seguros y Fianzas. Actualmente, me desarrollo en los \u00e1mbitos del periodismo y el sector asegurador.\",\"sameAs\":[\"https:\/\/nitu.mx\"],\"url\":\"https:\/\/nitu.mx\/index.php\/author\/alejandra\/\"}]}<\/script>\n<!-- \/ Yoast SEO plugin. -->","yoast_head_json":{"title":"Amigos de Sian Ka\u2019an inaugura el Instituto de Educaci\u00f3n Ambiental (IDEA ASK) - Nitu - Noticias de la Industria Turistica","robots":{"index":"index","follow":"follow","max-snippet":"max-snippet:-1","max-image-preview":"max-image-preview:large","max-video-preview":"max-video-preview:-1"},"canonical":"https:\/\/nitu.mx\/index.php\/2024\/09\/27\/amigos-de-sian-kaan-inaugura-el-instituto-de-educacion-ambiental-idea-ask\/","twitter_card":"summary_large_image","twitter_title":"Amigos de Sian Ka\u2019an inaugura el Instituto de Educaci\u00f3n Ambiental (IDEA ASK) - Nitu - Noticias de la Industria Turistica","twitter_description":"Amigos de Sian Ka\u2019an, organizaci\u00f3n enfocada en el desarrollo sustentable de la Pen\u00ednsula de Yucat\u00e1n, ha lanzado oficialmente el Instituto de Educaci\u00f3n Ambiental (IDEA ASK). Este espacio tiene como objetivo promover la educaci\u00f3n ambiental, la divulgaci\u00f3n cient\u00edfica y la capacitaci\u00f3n comunitaria, ofreciendo herramientas para la conservaci\u00f3n de los recursos naturales y la biodiversidad. El instituto [&hellip;]","twitter_image":"https:\/\/nitu.mx\/wp-content\/uploads\/2024\/09\/634b547f-1ad1-42fe-8a6e-6a2ccca1c1f1.jpeg","twitter_creator":"@NITUmx","twitter_site":"@Arturo_Medina_G","twitter_misc":{"Escrito por":"Alejandra Moncisbays","Tiempo de lectura":"1 minuto"},"schema":{"@context":"https:\/\/schema.org","@graph":[{"@type":"Article","@id":"https:\/\/nitu.mx\/index.php\/2024\/09\/27\/amigos-de-sian-kaan-inaugura-el-instituto-de-educacion-ambiental-idea-ask\/#article","isPartOf":{"@id":"https:\/\/nitu.mx\/index.php\/2024\/09\/27\/amigos-de-sian-kaan-inaugura-el-instituto-de-educacion-ambiental-idea-ask\/"},"author":{"name":"Alejandra Moncisbays","@id":"https:\/\/nitu.mx\/#\/schema\/person\/2ecd887b19dfd3382d1f14fc5acf24a8"},"headline":"Amigos de Sian Ka\u2019an inaugura el Instituto de Educaci\u00f3n Ambiental (IDEA ASK)","datePublished":"2024-09-27T06:57:10+00:00","dateModified":"2024-09-27T06:57:11+00:00","mainEntityOfPage":{"@id":"https:\/\/nitu.mx\/index.php\/2024\/09\/27\/amigos-de-sian-kaan-inaugura-el-instituto-de-educacion-ambiental-idea-ask\/"},"wordCount":220,"commentCount":0,"publisher":{"@id":"https:\/\/nitu.mx\/#\/schema\/person\/ae7a53426417292d3dd07b45a33e01bc"},"image":{"@id":"https:\/\/nitu.mx\/index.php\/2024\/09\/27\/amigos-de-sian-kaan-inaugura-el-instituto-de-educacion-ambiental-idea-ask\/#primaryimage"},"thumbnailUrl":"https:\/\/nitu.mx\/wp-content\/uploads\/2024\/09\/634b547f-1ad1-42fe-8a6e-6a2ccca1c1f1.jpeg","keywords":["Amigos de Sian Ka\u2019an","ecretar\u00eda de Educaci\u00f3n de Quintana Roo","Instituto de Educaci\u00f3n Ambiental","Quintana Roo"],"articleSection":["Caribe Mexicano"],"inLanguage":"es-MX","potentialAction":[{"@type":"CommentAction","name":"Comment","target":["https:\/\/nitu.mx\/index.php\/2024\/09\/27\/amigos-de-sian-kaan-inaugura-el-instituto-de-educacion-ambiental-idea-ask\/#respond"]}]},{"@type":"WebPage","@id":"https:\/\/nitu.mx\/index.php\/2024\/09\/27\/amigos-de-sian-kaan-inaugura-el-instituto-de-educacion-ambiental-idea-ask\/","url":"https:\/\/nitu.mx\/index.php\/2024\/09\/27\/amigos-de-sian-kaan-inaugura-el-instituto-de-educacion-ambiental-idea-ask\/","name":"Amigos de Sian Ka\u2019an inaugura el Instituto de Educaci\u00f3n Ambiental (IDEA ASK) - Nitu - Noticias de la Industria Turistica","isPartOf":{"@id":"https:\/\/nitu.mx\/#website"},"primaryImageOfPage":{"@id":"https:\/\/nitu.mx\/index.php\/2024\/09\/27\/amigos-de-sian-kaan-inaugura-el-instituto-de-educacion-ambiental-idea-ask\/#primaryimage"},"image":{"@id":"https:\/\/nitu.mx\/index.php\/2024\/09\/27\/amigos-de-sian-kaan-inaugura-el-instituto-de-educacion-ambiental-idea-ask\/#primaryimage"},"thumbnailUrl":"https:\/\/nitu.mx\/wp-content\/uploads\/2024\/09\/634b547f-1ad1-42fe-8a6e-6a2ccca1c1f1.jpeg","datePublished":"2024-09-27T06:57:10+00:00","dateModified":"2024-09-27T06:57:11+00:00","breadcrumb":{"@id":"https:\/\/nitu.mx\/index.php\/2024\/09\/27\/amigos-de-sian-kaan-inaugura-el-instituto-de-educacion-ambiental-idea-ask\/#breadcrumb"},"inLanguage":"es-MX","potentialAction":[{"@type":"ReadAction","target":["https:\/\/nitu.mx\/index.php\/2024\/09\/27\/amigos-de-sian-kaan-inaugura-el-instituto-de-educacion-ambiental-idea-ask\/"]}]},{"@type":"ImageObject","inLanguage":"es-MX","@id":"https:\/\/nitu.mx\/index.php\/2024\/09\/27\/amigos-de-sian-kaan-inaugura-el-instituto-de-educacion-ambiental-idea-ask\/#primaryimage","url":"https:\/\/nitu.mx\/wp-content\/uploads\/2024\/09\/634b547f-1ad1-42fe-8a6e-6a2ccca1c1f1.jpeg","contentUrl":"https:\/\/nitu.mx\/wp-content\/uploads\/2024\/09\/634b547f-1ad1-42fe-8a6e-6a2ccca1c1f1.jpeg","width":1600,"height":900},{"@type":"BreadcrumbList","@id":"https:\/\/nitu.mx\/index.php\/2024\/09\/27\/amigos-de-sian-kaan-inaugura-el-instituto-de-educacion-ambiental-idea-ask\/#breadcrumb","itemListElement":[{"@type":"ListItem","position":1,"name":"Inicio","item":"https:\/\/nitu.mx\/"},{"@type":"ListItem","position":2,"name":"Amigos de Sian Ka\u2019an inaugura el Instituto de Educaci\u00f3n Ambiental (IDEA ASK)"}]},{"@type":"WebSite","@id":"https:\/\/nitu.mx\/#website","url":"https:\/\/nitu.mx\/","name":"Nitu - Noticias de la Industria Turistica","description":"Noticias de la Industria Turistica","publisher":{"@id":"https:\/\/nitu.mx\/#\/schema\/person\/ae7a53426417292d3dd07b45a33e01bc"},"alternateName":"Noticias de la Industria Turistica","potentialAction":[{"@type":"SearchAction","target":{"@type":"EntryPoint","urlTemplate":"https:\/\/nitu.mx\/?s={search_term_string}"},"query-input":"required name=search_term_string"}],"inLanguage":"es-MX"},{"@type":["Person","Organization"],"@id":"https:\/\/nitu.mx\/#\/schema\/person\/ae7a53426417292d3dd07b45a33e01bc","name":"Arturo Medina","image":{"@type":"ImageObject","inLanguage":"es-MX","@id":"https:\/\/nitu.mx\/#\/schema\/person\/image\/","url":"https:\/\/nitu.mx\/wp-content\/uploads\/2024\/04\/4A315622-1904-4D5C-B022-878CDC840E04-90x90-1.jpeg","contentUrl":"https:\/\/nitu.mx\/wp-content\/uploads\/2024\/04\/4A315622-1904-4D5C-B022-878CDC840E04-90x90-1.jpeg","width":90,"height":90,"caption":"Arturo Medina"},"logo":{"@id":"https:\/\/nitu.mx\/#\/schema\/person\/image\/"},"description":"Director NITU.mx, Egresado de la Escuela de Periodismo Carlos Septi\u00e9n Garc\u00eda. Periodista y analista especializado en turismo desde hace 35 a\u00f1os, radicado en Canc\u00fan Q.Roo. arturo@nitu.mx","sameAs":["https:\/\/nitu.mx","https:\/\/www.facebook.com\/NITUmx\/","medinacancun","https:\/\/twitter.com\/@Arturo_Medina_G"]},{"@type":"Person","@id":"https:\/\/nitu.mx\/#\/schema\/person\/2ecd887b19dfd3382d1f14fc5acf24a8","name":"Alejandra Moncisbays","image":{"@type":"ImageObject","inLanguage":"es-MX","@id":"https:\/\/nitu.mx\/#\/schema\/person\/image\/","url":"https:\/\/secure.gravatar.com\/avatar\/e74f7af0be172b7804dacfd0bfbef787?s=96&d=mm&r=g","contentUrl":"https:\/\/secure.gravatar.com\/avatar\/e74f7af0be172b7804dacfd0bfbef787?s=96&d=mm&r=g","caption":"Alejandra Moncisbays"},"description":"Curs\u00e9 la carrera de Periodismo y Comunicaci\u00f3n en la Facultad de Estudios Profesionales Acatl\u00e1n. Vivo en Canc\u00fan desde hace 24 a\u00f1os. Fui reportera de La Tarde de Canc\u00fan, y Novedades de Quintana Roo, colabor\u00e9 en TVCUN, edit\u00e9 Cancun\u00edssimo y colabor\u00e9 en las revistas Latitud21, entre otras, con principal enfoque en los sectores empresarial y tur\u00edstico. Desde hace varios a\u00f1os soy Agente de Seguros con c\u00e9dula de la Comisi\u00f3n Nacional de Seguros y Fianzas. Actualmente, me desarrollo en los \u00e1mbitos del periodismo y el sector asegurador.","sameAs":["https:\/\/nitu.mx"],"url":"https:\/\/nitu.mx\/index.php\/author\/alejandra\/"}]}},"views":576,"_links":{"self":[{"href":"https:\/\/nitu.mx\/index.php\/wp-json\/wp\/v2\/posts\/75265"}],"collection":[{"href":"https:\/\/nitu.mx\/index.php\/wp-json\/wp\/v2\/posts"}],"about":[{"href":"https:\/\/nitu.mx\/index.php\/wp-json\/wp\/v2\/types\/post"}],"author":[{"embeddable":true,"href":"https:\/\/nitu.mx\/index.php\/wp-json\/wp\/v2\/users\/3"}],"replies":[{"embeddable":true,"href":"https:\/\/nitu.mx\/index.php\/wp-json\/wp\/v2\/comments?post=75265"}],"version-history":[{"count":1,"href":"https:\/\/nitu.mx\/index.php\/wp-json\/wp\/v2\/posts\/75265\/revisions"}],"predecessor-version":[{"id":75266,"href":"https:\/\/nitu.mx\/index.php\/wp-json\/wp\/v2\/posts\/75265\/revisions\/75266"}],"wp:featuredmedia":[{"embeddable":true,"href":"https:\/\/nitu.mx\/index.php\/wp-json\/wp\/v2\/media\/75270"}],"wp:attachment":[{"href":"https:\/\/nitu.mx\/index.php\/wp-json\/wp\/v2\/media?parent=75265"}],"wp:term":[{"taxonomy":"category","embeddable":true,"href":"https:\/\/nitu.mx\/index.php\/wp-json\/wp\/v2\/categories?post=75265"},{"taxonomy":"post_tag","embeddable":true,"href":"https:\/\/nitu.mx\/index.php\/wp-json\/wp\/v2\/tags?post=75265"}],"curies":[{"name":"wp","href":"https:\/\/api.w.org\/{rel}","templated":true}]}}