{"id":75157,"date":"2024-09-25T06:56:02","date_gmt":"2024-09-25T12:56:02","guid":{"rendered":"https:\/\/nitu.mx\/?p=75157"},"modified":"2024-09-25T06:56:02","modified_gmt":"2024-09-25T12:56:02","slug":"laguna-manati-un-santuario-natural-en-el-corazon-urbano-de-cancun","status":"publish","type":"post","link":"https:\/\/nitu.mx\/index.php\/2024\/09\/25\/laguna-manati-un-santuario-natural-en-el-corazon-urbano-de-cancun\/","title":{"rendered":"Laguna Manat\u00ed: un santuario natural en el coraz\u00f3n urbano de Canc\u00fan"},"content":{"rendered":"<p>La Laguna Manat\u00ed, ubicada en una de las zonas m\u00e1s desarrolladas de Canc\u00fan, ha sido reconocida como un \u00c1rea Natural Protegida, destacando su relevancia para la conservaci\u00f3n de la biodiversidad en medio de un entorno urbano. Este cuerpo de agua, que abarca aproximadamente 200 hect\u00e1reas, ha logrado mantenerse como un refugio para diversas especies de flora y fauna, a pesar del crecimiento tur\u00edstico y comercial que lo rodea.<\/p>\n<p>Las \u00e1reas naturales protegidas, como la Laguna Manat\u00ed, juegan un papel crucial en la preservaci\u00f3n de ecosistemas vitales. Estas zonas, resguardadas por el gobierno, buscan mitigar el impacto de la actividad humana y proteger especies en peligro. La laguna, adem\u00e1s de ser alimentada por cenotes, es el hogar de los cuatro tipos de manglares esenciales para el equilibrio costero y la prevenci\u00f3n de la erosi\u00f3n.<\/p>\n<p>El proceso de recuperaci\u00f3n de la Laguna Manat\u00ed ha sido fundamental para su preservaci\u00f3n. Antes de su designaci\u00f3n como \u00e1rea protegida, la laguna enfrentaba problemas graves de contaminaci\u00f3n por desechos. Sin embargo, el trabajo conjunto entre el gobierno, asociaciones civiles y la comunidad local ha permitido revertir los da\u00f1os y devolverle su vitalidad.<\/p>\n<p>Hoy en d\u00eda, la conservaci\u00f3n de la laguna es una prioridad. Personal capacitado supervisa las actividades recreativas, como paseos en bote y kayak, mientras se cuida de especies clave, como cocodrilos y aves locales. Adem\u00e1s, se organizan eventos educativos que promueven la conciencia ambiental y permiten a los visitantes conocer de cerca la importancia de este ecosistema en un entorno urbano.<\/p>\n<p>La Laguna Manat\u00ed no solo ofrece una experiencia cercana a la naturaleza, sino que tambi\u00e9n es un recordatorio del valor de preservar espacios naturales en ciudades en expansi\u00f3n. Las iniciativas de conservaci\u00f3n y concienciaci\u00f3n que se desarrollan en este lugar son clave para la sostenibilidad a largo plazo del entorno natural de Canc\u00fan.<\/p>\n","protected":false},"excerpt":{"rendered":"<p>La Laguna Manat\u00ed, ubicada en una de las zonas m\u00e1s desarrolladas de Canc\u00fan, ha sido reconocida como un \u00c1rea Natural Protegida, destacando su relevancia para la conservaci\u00f3n de la biodiversidad en medio de un entorno urbano. Este cuerpo de agua, que abarca aproximadamente 200 hect\u00e1reas, ha logrado mantenerse como un refugio para diversas especies de [&hellip;]<\/p>\n","protected":false},"author":3,"featured_media":75192,"comment_status":"open","ping_status":"open","sticky":false,"template":"","format":"standard","meta":{"footnotes":""},"categories":[21403],"tags":[26134,26135],"yoast_head":"<!-- This site is optimized with the Yoast SEO plugin v22.2 - https:\/\/yoast.com\/wordpress\/plugins\/seo\/ -->\n<title>Laguna Manat\u00ed: un santuario natural en el coraz\u00f3n urbano de Canc\u00fan - Nitu - Noticias de la Industria Turistica<\/title>\n<meta name=\"robots\" content=\"index, follow, max-snippet:-1, max-image-preview:large, max-video-preview:-1\" \/>\n<link rel=\"canonical\" href=\"https:\/\/nitu.mx\/index.php\/2024\/09\/25\/laguna-manati-un-santuario-natural-en-el-corazon-urbano-de-cancun\/\" \/>\n<meta name=\"twitter:card\" content=\"summary_large_image\" \/>\n<meta name=\"twitter:title\" content=\"Laguna Manat\u00ed: un santuario natural en el coraz\u00f3n urbano de Canc\u00fan - Nitu - Noticias de la Industria Turistica\" \/>\n<meta name=\"twitter:description\" content=\"La Laguna Manat\u00ed, ubicada en una de las zonas m\u00e1s desarrolladas de Canc\u00fan, ha sido reconocida como un \u00c1rea Natural Protegida, destacando su relevancia para la conservaci\u00f3n de la biodiversidad en medio de un entorno urbano. Este cuerpo de agua, que abarca aproximadamente 200 hect\u00e1reas, ha logrado mantenerse como un refugio para diversas especies de [&hellip;]\" \/>\n<meta name=\"twitter:image\" content=\"https:\/\/nitu.mx\/wp-content\/uploads\/2024\/09\/LAGUNA-MANATI.jpg\" \/>\n<meta name=\"twitter:creator\" content=\"@NITUmx\" \/>\n<meta name=\"twitter:site\" content=\"@Arturo_Medina_G\" \/>\n<meta name=\"twitter:label1\" content=\"Escrito por\" \/>\n\t<meta name=\"twitter:data1\" content=\"Alejandra Moncisbays\" \/>\n\t<meta name=\"twitter:label2\" content=\"Tiempo de lectura\" \/>\n\t<meta name=\"twitter:data2\" content=\"2 minutos\" \/>\n<script type=\"application\/ld+json\" class=\"yoast-schema-graph\">{\"@context\":\"https:\/\/schema.org\",\"@graph\":[{\"@type\":\"Article\",\"@id\":\"https:\/\/nitu.mx\/index.php\/2024\/09\/25\/laguna-manati-un-santuario-natural-en-el-corazon-urbano-de-cancun\/#article\",\"isPartOf\":{\"@id\":\"https:\/\/nitu.mx\/index.php\/2024\/09\/25\/laguna-manati-un-santuario-natural-en-el-corazon-urbano-de-cancun\/\"},\"author\":{\"name\":\"Alejandra Moncisbays\",\"@id\":\"https:\/\/nitu.mx\/#\/schema\/person\/2ecd887b19dfd3382d1f14fc5acf24a8\"},\"headline\":\"Laguna Manat\u00ed: un santuario natural en el coraz\u00f3n urbano de Canc\u00fan\",\"datePublished\":\"2024-09-25T12:56:02+00:00\",\"dateModified\":\"2024-09-25T12:56:02+00:00\",\"mainEntityOfPage\":{\"@id\":\"https:\/\/nitu.mx\/index.php\/2024\/09\/25\/laguna-manati-un-santuario-natural-en-el-corazon-urbano-de-cancun\/\"},\"wordCount\":334,\"commentCount\":0,\"publisher\":{\"@id\":\"https:\/\/nitu.mx\/#\/schema\/person\/ae7a53426417292d3dd07b45a33e01bc\"},\"image\":{\"@id\":\"https:\/\/nitu.mx\/index.php\/2024\/09\/25\/laguna-manati-un-santuario-natural-en-el-corazon-urbano-de-cancun\/#primaryimage\"},\"thumbnailUrl\":\"https:\/\/nitu.mx\/wp-content\/uploads\/2024\/09\/LAGUNA-MANATI.jpg\",\"keywords\":[\"Laguna Manat\u00ed\",\"Santuario Natural\"],\"articleSection\":[\"Canc\u00fan\"],\"inLanguage\":\"es-MX\",\"potentialAction\":[{\"@type\":\"CommentAction\",\"name\":\"Comment\",\"target\":[\"https:\/\/nitu.mx\/index.php\/2024\/09\/25\/laguna-manati-un-santuario-natural-en-el-corazon-urbano-de-cancun\/#respond\"]}]},{\"@type\":\"WebPage\",\"@id\":\"https:\/\/nitu.mx\/index.php\/2024\/09\/25\/laguna-manati-un-santuario-natural-en-el-corazon-urbano-de-cancun\/\",\"url\":\"https:\/\/nitu.mx\/index.php\/2024\/09\/25\/laguna-manati-un-santuario-natural-en-el-corazon-urbano-de-cancun\/\",\"name\":\"Laguna Manat\u00ed: un santuario natural en el coraz\u00f3n urbano de Canc\u00fan - Nitu - Noticias de la Industria Turistica\",\"isPartOf\":{\"@id\":\"https:\/\/nitu.mx\/#website\"},\"primaryImageOfPage\":{\"@id\":\"https:\/\/nitu.mx\/index.php\/2024\/09\/25\/laguna-manati-un-santuario-natural-en-el-corazon-urbano-de-cancun\/#primaryimage\"},\"image\":{\"@id\":\"https:\/\/nitu.mx\/index.php\/2024\/09\/25\/laguna-manati-un-santuario-natural-en-el-corazon-urbano-de-cancun\/#primaryimage\"},\"thumbnailUrl\":\"https:\/\/nitu.mx\/wp-content\/uploads\/2024\/09\/LAGUNA-MANATI.jpg\",\"datePublished\":\"2024-09-25T12:56:02+00:00\",\"dateModified\":\"2024-09-25T12:56:02+00:00\",\"breadcrumb\":{\"@id\":\"https:\/\/nitu.mx\/index.php\/2024\/09\/25\/laguna-manati-un-santuario-natural-en-el-corazon-urbano-de-cancun\/#breadcrumb\"},\"inLanguage\":\"es-MX\",\"potentialAction\":[{\"@type\":\"ReadAction\",\"target\":[\"https:\/\/nitu.mx\/index.php\/2024\/09\/25\/laguna-manati-un-santuario-natural-en-el-corazon-urbano-de-cancun\/\"]}]},{\"@type\":\"ImageObject\",\"inLanguage\":\"es-MX\",\"@id\":\"https:\/\/nitu.mx\/index.php\/2024\/09\/25\/laguna-manati-un-santuario-natural-en-el-corazon-urbano-de-cancun\/#primaryimage\",\"url\":\"https:\/\/nitu.mx\/wp-content\/uploads\/2024\/09\/LAGUNA-MANATI.jpg\",\"contentUrl\":\"https:\/\/nitu.mx\/wp-content\/uploads\/2024\/09\/LAGUNA-MANATI.jpg\",\"width\":1200,\"height\":675},{\"@type\":\"BreadcrumbList\",\"@id\":\"https:\/\/nitu.mx\/index.php\/2024\/09\/25\/laguna-manati-un-santuario-natural-en-el-corazon-urbano-de-cancun\/#breadcrumb\",\"itemListElement\":[{\"@type\":\"ListItem\",\"position\":1,\"name\":\"Inicio\",\"item\":\"https:\/\/nitu.mx\/\"},{\"@type\":\"ListItem\",\"position\":2,\"name\":\"Laguna Manat\u00ed: un santuario natural en el coraz\u00f3n urbano de Canc\u00fan\"}]},{\"@type\":\"WebSite\",\"@id\":\"https:\/\/nitu.mx\/#website\",\"url\":\"https:\/\/nitu.mx\/\",\"name\":\"Nitu - Noticias de la Industria Turistica\",\"description\":\"Noticias de la Industria Turistica\",\"publisher\":{\"@id\":\"https:\/\/nitu.mx\/#\/schema\/person\/ae7a53426417292d3dd07b45a33e01bc\"},\"alternateName\":\"Noticias de la Industria Turistica\",\"potentialAction\":[{\"@type\":\"SearchAction\",\"target\":{\"@type\":\"EntryPoint\",\"urlTemplate\":\"https:\/\/nitu.mx\/?s={search_term_string}\"},\"query-input\":\"required name=search_term_string\"}],\"inLanguage\":\"es-MX\"},{\"@type\":[\"Person\",\"Organization\"],\"@id\":\"https:\/\/nitu.mx\/#\/schema\/person\/ae7a53426417292d3dd07b45a33e01bc\",\"name\":\"Arturo Medina\",\"image\":{\"@type\":\"ImageObject\",\"inLanguage\":\"es-MX\",\"@id\":\"https:\/\/nitu.mx\/#\/schema\/person\/image\/\",\"url\":\"https:\/\/nitu.mx\/wp-content\/uploads\/2024\/04\/4A315622-1904-4D5C-B022-878CDC840E04-90x90-1.jpeg\",\"contentUrl\":\"https:\/\/nitu.mx\/wp-content\/uploads\/2024\/04\/4A315622-1904-4D5C-B022-878CDC840E04-90x90-1.jpeg\",\"width\":90,\"height\":90,\"caption\":\"Arturo Medina\"},\"logo\":{\"@id\":\"https:\/\/nitu.mx\/#\/schema\/person\/image\/\"},\"description\":\"Director NITU.mx, Egresado de la Escuela de Periodismo Carlos Septi\u00e9n Garc\u00eda. Periodista y analista especializado en turismo desde hace 35 a\u00f1os, radicado en Canc\u00fan Q.Roo. arturo@nitu.mx\",\"sameAs\":[\"https:\/\/nitu.mx\",\"https:\/\/www.facebook.com\/NITUmx\/\",\"medinacancun\",\"https:\/\/twitter.com\/@Arturo_Medina_G\"]},{\"@type\":\"Person\",\"@id\":\"https:\/\/nitu.mx\/#\/schema\/person\/2ecd887b19dfd3382d1f14fc5acf24a8\",\"name\":\"Alejandra Moncisbays\",\"image\":{\"@type\":\"ImageObject\",\"inLanguage\":\"es-MX\",\"@id\":\"https:\/\/nitu.mx\/#\/schema\/person\/image\/\",\"url\":\"https:\/\/secure.gravatar.com\/avatar\/e74f7af0be172b7804dacfd0bfbef787?s=96&d=mm&r=g\",\"contentUrl\":\"https:\/\/secure.gravatar.com\/avatar\/e74f7af0be172b7804dacfd0bfbef787?s=96&d=mm&r=g\",\"caption\":\"Alejandra Moncisbays\"},\"description\":\"Curs\u00e9 la carrera de Periodismo y Comunicaci\u00f3n en la Facultad de Estudios Profesionales Acatl\u00e1n. Vivo en Canc\u00fan desde hace 24 a\u00f1os. Fui reportera de La Tarde de Canc\u00fan, y Novedades de Quintana Roo, colabor\u00e9 en TVCUN, edit\u00e9 Cancun\u00edssimo y colabor\u00e9 en las revistas Latitud21, entre otras, con principal enfoque en los sectores empresarial y tur\u00edstico. Desde hace varios a\u00f1os soy Agente de Seguros con c\u00e9dula de la Comisi\u00f3n Nacional de Seguros y Fianzas. Actualmente, me desarrollo en los \u00e1mbitos del periodismo y el sector asegurador.\",\"sameAs\":[\"https:\/\/nitu.mx\"],\"url\":\"https:\/\/nitu.mx\/index.php\/author\/alejandra\/\"}]}<\/script>\n<!-- \/ Yoast SEO plugin. -->","yoast_head_json":{"title":"Laguna Manat\u00ed: un santuario natural en el coraz\u00f3n urbano de Canc\u00fan - Nitu - Noticias de la Industria Turistica","robots":{"index":"index","follow":"follow","max-snippet":"max-snippet:-1","max-image-preview":"max-image-preview:large","max-video-preview":"max-video-preview:-1"},"canonical":"https:\/\/nitu.mx\/index.php\/2024\/09\/25\/laguna-manati-un-santuario-natural-en-el-corazon-urbano-de-cancun\/","twitter_card":"summary_large_image","twitter_title":"Laguna Manat\u00ed: un santuario natural en el coraz\u00f3n urbano de Canc\u00fan - Nitu - Noticias de la Industria Turistica","twitter_description":"La Laguna Manat\u00ed, ubicada en una de las zonas m\u00e1s desarrolladas de Canc\u00fan, ha sido reconocida como un \u00c1rea Natural Protegida, destacando su relevancia para la conservaci\u00f3n de la biodiversidad en medio de un entorno urbano. Este cuerpo de agua, que abarca aproximadamente 200 hect\u00e1reas, ha logrado mantenerse como un refugio para diversas especies de [&hellip;]","twitter_image":"https:\/\/nitu.mx\/wp-content\/uploads\/2024\/09\/LAGUNA-MANATI.jpg","twitter_creator":"@NITUmx","twitter_site":"@Arturo_Medina_G","twitter_misc":{"Escrito por":"Alejandra Moncisbays","Tiempo de lectura":"2 minutos"},"schema":{"@context":"https:\/\/schema.org","@graph":[{"@type":"Article","@id":"https:\/\/nitu.mx\/index.php\/2024\/09\/25\/laguna-manati-un-santuario-natural-en-el-corazon-urbano-de-cancun\/#article","isPartOf":{"@id":"https:\/\/nitu.mx\/index.php\/2024\/09\/25\/laguna-manati-un-santuario-natural-en-el-corazon-urbano-de-cancun\/"},"author":{"name":"Alejandra Moncisbays","@id":"https:\/\/nitu.mx\/#\/schema\/person\/2ecd887b19dfd3382d1f14fc5acf24a8"},"headline":"Laguna Manat\u00ed: un santuario natural en el coraz\u00f3n urbano de Canc\u00fan","datePublished":"2024-09-25T12:56:02+00:00","dateModified":"2024-09-25T12:56:02+00:00","mainEntityOfPage":{"@id":"https:\/\/nitu.mx\/index.php\/2024\/09\/25\/laguna-manati-un-santuario-natural-en-el-corazon-urbano-de-cancun\/"},"wordCount":334,"commentCount":0,"publisher":{"@id":"https:\/\/nitu.mx\/#\/schema\/person\/ae7a53426417292d3dd07b45a33e01bc"},"image":{"@id":"https:\/\/nitu.mx\/index.php\/2024\/09\/25\/laguna-manati-un-santuario-natural-en-el-corazon-urbano-de-cancun\/#primaryimage"},"thumbnailUrl":"https:\/\/nitu.mx\/wp-content\/uploads\/2024\/09\/LAGUNA-MANATI.jpg","keywords":["Laguna Manat\u00ed","Santuario Natural"],"articleSection":["Canc\u00fan"],"inLanguage":"es-MX","potentialAction":[{"@type":"CommentAction","name":"Comment","target":["https:\/\/nitu.mx\/index.php\/2024\/09\/25\/laguna-manati-un-santuario-natural-en-el-corazon-urbano-de-cancun\/#respond"]}]},{"@type":"WebPage","@id":"https:\/\/nitu.mx\/index.php\/2024\/09\/25\/laguna-manati-un-santuario-natural-en-el-corazon-urbano-de-cancun\/","url":"https:\/\/nitu.mx\/index.php\/2024\/09\/25\/laguna-manati-un-santuario-natural-en-el-corazon-urbano-de-cancun\/","name":"Laguna Manat\u00ed: un santuario natural en el coraz\u00f3n urbano de Canc\u00fan - Nitu - Noticias de la Industria Turistica","isPartOf":{"@id":"https:\/\/nitu.mx\/#website"},"primaryImageOfPage":{"@id":"https:\/\/nitu.mx\/index.php\/2024\/09\/25\/laguna-manati-un-santuario-natural-en-el-corazon-urbano-de-cancun\/#primaryimage"},"image":{"@id":"https:\/\/nitu.mx\/index.php\/2024\/09\/25\/laguna-manati-un-santuario-natural-en-el-corazon-urbano-de-cancun\/#primaryimage"},"thumbnailUrl":"https:\/\/nitu.mx\/wp-content\/uploads\/2024\/09\/LAGUNA-MANATI.jpg","datePublished":"2024-09-25T12:56:02+00:00","dateModified":"2024-09-25T12:56:02+00:00","breadcrumb":{"@id":"https:\/\/nitu.mx\/index.php\/2024\/09\/25\/laguna-manati-un-santuario-natural-en-el-corazon-urbano-de-cancun\/#breadcrumb"},"inLanguage":"es-MX","potentialAction":[{"@type":"ReadAction","target":["https:\/\/nitu.mx\/index.php\/2024\/09\/25\/laguna-manati-un-santuario-natural-en-el-corazon-urbano-de-cancun\/"]}]},{"@type":"ImageObject","inLanguage":"es-MX","@id":"https:\/\/nitu.mx\/index.php\/2024\/09\/25\/laguna-manati-un-santuario-natural-en-el-corazon-urbano-de-cancun\/#primaryimage","url":"https:\/\/nitu.mx\/wp-content\/uploads\/2024\/09\/LAGUNA-MANATI.jpg","contentUrl":"https:\/\/nitu.mx\/wp-content\/uploads\/2024\/09\/LAGUNA-MANATI.jpg","width":1200,"height":675},{"@type":"BreadcrumbList","@id":"https:\/\/nitu.mx\/index.php\/2024\/09\/25\/laguna-manati-un-santuario-natural-en-el-corazon-urbano-de-cancun\/#breadcrumb","itemListElement":[{"@type":"ListItem","position":1,"name":"Inicio","item":"https:\/\/nitu.mx\/"},{"@type":"ListItem","position":2,"name":"Laguna Manat\u00ed: un santuario natural en el coraz\u00f3n urbano de Canc\u00fan"}]},{"@type":"WebSite","@id":"https:\/\/nitu.mx\/#website","url":"https:\/\/nitu.mx\/","name":"Nitu - Noticias de la Industria Turistica","description":"Noticias de la Industria Turistica","publisher":{"@id":"https:\/\/nitu.mx\/#\/schema\/person\/ae7a53426417292d3dd07b45a33e01bc"},"alternateName":"Noticias de la Industria Turistica","potentialAction":[{"@type":"SearchAction","target":{"@type":"EntryPoint","urlTemplate":"https:\/\/nitu.mx\/?s={search_term_string}"},"query-input":"required name=search_term_string"}],"inLanguage":"es-MX"},{"@type":["Person","Organization"],"@id":"https:\/\/nitu.mx\/#\/schema\/person\/ae7a53426417292d3dd07b45a33e01bc","name":"Arturo Medina","image":{"@type":"ImageObject","inLanguage":"es-MX","@id":"https:\/\/nitu.mx\/#\/schema\/person\/image\/","url":"https:\/\/nitu.mx\/wp-content\/uploads\/2024\/04\/4A315622-1904-4D5C-B022-878CDC840E04-90x90-1.jpeg","contentUrl":"https:\/\/nitu.mx\/wp-content\/uploads\/2024\/04\/4A315622-1904-4D5C-B022-878CDC840E04-90x90-1.jpeg","width":90,"height":90,"caption":"Arturo Medina"},"logo":{"@id":"https:\/\/nitu.mx\/#\/schema\/person\/image\/"},"description":"Director NITU.mx, Egresado de la Escuela de Periodismo Carlos Septi\u00e9n Garc\u00eda. Periodista y analista especializado en turismo desde hace 35 a\u00f1os, radicado en Canc\u00fan Q.Roo. arturo@nitu.mx","sameAs":["https:\/\/nitu.mx","https:\/\/www.facebook.com\/NITUmx\/","medinacancun","https:\/\/twitter.com\/@Arturo_Medina_G"]},{"@type":"Person","@id":"https:\/\/nitu.mx\/#\/schema\/person\/2ecd887b19dfd3382d1f14fc5acf24a8","name":"Alejandra Moncisbays","image":{"@type":"ImageObject","inLanguage":"es-MX","@id":"https:\/\/nitu.mx\/#\/schema\/person\/image\/","url":"https:\/\/secure.gravatar.com\/avatar\/e74f7af0be172b7804dacfd0bfbef787?s=96&d=mm&r=g","contentUrl":"https:\/\/secure.gravatar.com\/avatar\/e74f7af0be172b7804dacfd0bfbef787?s=96&d=mm&r=g","caption":"Alejandra Moncisbays"},"description":"Curs\u00e9 la carrera de Periodismo y Comunicaci\u00f3n en la Facultad de Estudios Profesionales Acatl\u00e1n. Vivo en Canc\u00fan desde hace 24 a\u00f1os. Fui reportera de La Tarde de Canc\u00fan, y Novedades de Quintana Roo, colabor\u00e9 en TVCUN, edit\u00e9 Cancun\u00edssimo y colabor\u00e9 en las revistas Latitud21, entre otras, con principal enfoque en los sectores empresarial y tur\u00edstico. Desde hace varios a\u00f1os soy Agente de Seguros con c\u00e9dula de la Comisi\u00f3n Nacional de Seguros y Fianzas. Actualmente, me desarrollo en los \u00e1mbitos del periodismo y el sector asegurador.","sameAs":["https:\/\/nitu.mx"],"url":"https:\/\/nitu.mx\/index.php\/author\/alejandra\/"}]}},"views":3210,"_links":{"self":[{"href":"https:\/\/nitu.mx\/index.php\/wp-json\/wp\/v2\/posts\/75157"}],"collection":[{"href":"https:\/\/nitu.mx\/index.php\/wp-json\/wp\/v2\/posts"}],"about":[{"href":"https:\/\/nitu.mx\/index.php\/wp-json\/wp\/v2\/types\/post"}],"author":[{"embeddable":true,"href":"https:\/\/nitu.mx\/index.php\/wp-json\/wp\/v2\/users\/3"}],"replies":[{"embeddable":true,"href":"https:\/\/nitu.mx\/index.php\/wp-json\/wp\/v2\/comments?post=75157"}],"version-history":[{"count":2,"href":"https:\/\/nitu.mx\/index.php\/wp-json\/wp\/v2\/posts\/75157\/revisions"}],"predecessor-version":[{"id":75193,"href":"https:\/\/nitu.mx\/index.php\/wp-json\/wp\/v2\/posts\/75157\/revisions\/75193"}],"wp:featuredmedia":[{"embeddable":true,"href":"https:\/\/nitu.mx\/index.php\/wp-json\/wp\/v2\/media\/75192"}],"wp:attachment":[{"href":"https:\/\/nitu.mx\/index.php\/wp-json\/wp\/v2\/media?parent=75157"}],"wp:term":[{"taxonomy":"category","embeddable":true,"href":"https:\/\/nitu.mx\/index.php\/wp-json\/wp\/v2\/categories?post=75157"},{"taxonomy":"post_tag","embeddable":true,"href":"https:\/\/nitu.mx\/index.php\/wp-json\/wp\/v2\/tags?post=75157"}],"curies":[{"name":"wp","href":"https:\/\/api.w.org\/{rel}","templated":true}]}}