{"id":7506,"date":"2017-03-05T23:18:09","date_gmt":"2017-03-06T04:18:09","guid":{"rendered":"http:\/\/www.dev.nitu.mx\/?p=7506"},"modified":"2017-03-06T00:02:34","modified_gmt":"2017-03-06T05:02:34","slug":"volaris-inaugura-su-ruta-ciudad-de-mexico-nueva-york","status":"publish","type":"post","link":"https:\/\/nitu.mx\/index.php\/2017\/03\/05\/volaris-inaugura-su-ruta-ciudad-de-mexico-nueva-york\/","title":{"rendered":"Volaris inaugura su ruta Ciudad de M\u00e9xico \u2013 Nueva York"},"content":{"rendered":"<p>Volaris, la aerol\u00ednea mexicana de bajo costo que opera en M\u00e9xico, Estados Unidos y Centroam\u00e9rica, ampl\u00eda su presencia y conectividad hacia Estados Unidos al inaugurar el jueves su ruta Ciudad de M\u00e9xico \u2013 Nueva York, uniendo as\u00ed a dos de las ciudades m\u00e1s cosmopolitas del mundo y con importante actividad financiera, cultural y tur\u00edstica.<\/p>\n<p>La ciudad de Nueva York es la m\u00e1s poblada de Estados Unidos, y se caracteriza por ser el centro financiero m\u00e1s importante de ese pa\u00eds y del mundo, adem\u00e1s de contar con una gran diversidad cultural y tur\u00edstica. Por su parte, la Ciudad de M\u00e9xico es el principal centro empresarial, pol\u00edtico, financiero, social, econ\u00f3mico y cultural de M\u00e9xico.<\/p>\n<p>\u201cEl mercado de visitantes mexicanos es de vital importancia para la ciudad de Nueva York y esperamos dar la bienvenida a los viajeros a partir de este a\u00f1o, con la nueva ruta de Volaris desde la Ciudad de M\u00e9xico hacia el aeropuerto internacional JFK\u201d dijo Fred Dixon, presidente y CEO de NYC &amp; Company, en un comunicado de la empresa.<\/p>\n<p>M\u00e9xico se encuentra entre los 10 pa\u00edses que atraen m\u00e1s turistas a Nueva York, por lo que esta nueva ruta de Volaris se convierte en una excelente oportunidad para acceder a precios altamente competitivos, para visitar los atractivos que ofrece esta ciudad del noroeste americano, adem\u00e1s de incentivar el acercamiento entre familiares y amigos, y facilitar los negocios entre ambas ciudades, de acuerdo a informaci\u00f3n de NYC &amp; Company.<\/p>\n<p>\u201cEstamos seguros que al ofrecer una opci\u00f3n accesible para unir v\u00eda a\u00e9rea a estas dos importantes ciudades, la nueva ruta de Volaris traer\u00e1 beneficios sociales, tur\u00edsticos y de negocios para ambos destinos. Esto es una muestra del trabajo diario de la familia Volaris para seguir haciendo que todo el mundo vuele\u201d, se\u00f1al\u00f3 Juliana Ram\u00edrez, gerente de Ingresos Adicionales de Volaris.<\/p>\n<p>Como se ha informado en <em><strong>NITU.mx<\/strong><\/em>, la aerol\u00ednea sigue firme en continuar su expansi\u00f3n hacia Estados Unidos.\u00a0(<a title=\"Volaris abrir\u00e1 tres rutas para conectar el Baj\u00edo con EU\" href=\"http:\/\/www.dev.nitu.mx\/index.php\/2017\/02\/26\/volaris-abrira-tres-rutas-para-conectar-el-bajio-con-eu\/\" rel=\"bookmark\">Volaris abrir\u00e1 tres rutas para conectar el Baj\u00edo con EU<\/a>).<\/p>\n","protected":false},"excerpt":{"rendered":"<p>Volaris, la aerol\u00ednea mexicana de bajo costo que opera en M\u00e9xico, Estados Unidos y Centroam\u00e9rica, ampl\u00eda su presencia y conectividad hacia Estados Unidos al inaugurar el jueves su ruta Ciudad de M\u00e9xico \u2013 Nueva York, uniendo as\u00ed a dos de las ciudades m\u00e1s cosmopolitas del mundo y con importante actividad financiera, cultural y tur\u00edstica. La [&hellip;]<\/p>\n","protected":false},"author":17,"featured_media":6586,"comment_status":"open","ping_status":"open","sticky":false,"template":"","format":"standard","meta":{"footnotes":""},"categories":[29,6],"tags":[3353,403,3354,100,3366,68,131],"yoast_head":"<!-- This site is optimized with the Yoast SEO plugin v22.2 - https:\/\/yoast.com\/wordpress\/plugins\/seo\/ -->\n<title>Volaris inaugura su ruta Ciudad de M\u00e9xico \u2013 Nueva York - Nitu - Noticias de la Industria Turistica<\/title>\n<meta name=\"description\" content=\"Volaris ampl\u00eda su presencia y conectividad hacia Estados Unidos al inaugurar el jueves su ruta Ciudad de M\u00e9xico \u2013 Nueva York.\" \/>\n<meta name=\"robots\" content=\"index, follow, max-snippet:-1, max-image-preview:large, max-video-preview:-1\" \/>\n<link rel=\"canonical\" href=\"https:\/\/nitu.mx\/index.php\/2017\/03\/05\/volaris-inaugura-su-ruta-ciudad-de-mexico-nueva-york\/\" \/>\n<meta name=\"twitter:card\" content=\"summary_large_image\" \/>\n<meta name=\"twitter:title\" content=\"Volaris inaugura su ruta Ciudad de M\u00e9xico \u2013 Nueva York - Nitu - Noticias de la Industria Turistica\" \/>\n<meta name=\"twitter:description\" content=\"Volaris ampl\u00eda su presencia y conectividad hacia Estados Unidos al inaugurar el jueves su ruta Ciudad de M\u00e9xico \u2013 Nueva York.\" \/>\n<meta name=\"twitter:image\" content=\"https:\/\/nitu.mx\/wp-content\/uploads\/2017\/02\/Volaris-Miami-CDMX-GDL.jpg\" \/>\n<meta name=\"twitter:creator\" content=\"@NITUmx\" \/>\n<meta name=\"twitter:site\" content=\"@Arturo_Medina_G\" \/>\n<meta name=\"twitter:label1\" content=\"Escrito por\" \/>\n\t<meta name=\"twitter:data1\" content=\"Redacci\u00f3n\" \/>\n\t<meta name=\"twitter:label2\" content=\"Tiempo de lectura\" \/>\n\t<meta name=\"twitter:data2\" content=\"2 minutos\" \/>\n<script type=\"application\/ld+json\" class=\"yoast-schema-graph\">{\"@context\":\"https:\/\/schema.org\",\"@graph\":[{\"@type\":\"Article\",\"@id\":\"https:\/\/nitu.mx\/index.php\/2017\/03\/05\/volaris-inaugura-su-ruta-ciudad-de-mexico-nueva-york\/#article\",\"isPartOf\":{\"@id\":\"https:\/\/nitu.mx\/index.php\/2017\/03\/05\/volaris-inaugura-su-ruta-ciudad-de-mexico-nueva-york\/\"},\"author\":{\"name\":\"Redacci\u00f3n\",\"@id\":\"https:\/\/nitu.mx\/#\/schema\/person\/4a28fe9bd65924f7c90623773daf1b0b\"},\"headline\":\"Volaris inaugura su ruta Ciudad de M\u00e9xico \u2013 Nueva York\",\"datePublished\":\"2017-03-06T04:18:09+00:00\",\"dateModified\":\"2017-03-06T05:02:34+00:00\",\"mainEntityOfPage\":{\"@id\":\"https:\/\/nitu.mx\/index.php\/2017\/03\/05\/volaris-inaugura-su-ruta-ciudad-de-mexico-nueva-york\/\"},\"wordCount\":369,\"commentCount\":0,\"publisher\":{\"@id\":\"https:\/\/nitu.mx\/#\/schema\/person\/ae7a53426417292d3dd07b45a33e01bc\"},\"image\":{\"@id\":\"https:\/\/nitu.mx\/index.php\/2017\/03\/05\/volaris-inaugura-su-ruta-ciudad-de-mexico-nueva-york\/#primaryimage\"},\"thumbnailUrl\":\"https:\/\/nitu.mx\/wp-content\/uploads\/2017\/02\/Volaris-Miami-CDMX-GDL.jpg\",\"keywords\":[\"Aeropuerto Internacional John F. Kennedy\",\"Centroam\u00e9rica\",\"Ciudad de M\u00e9xico \u2013 Nueva York\",\"Estados Unidos\",\"Juliana Ram\u00edrez\",\"M\u00e9xico\",\"Volaris\"],\"articleSection\":[\"Aerol\u00edneas\",\"M\u00e9xico\"],\"inLanguage\":\"es-MX\",\"potentialAction\":[{\"@type\":\"CommentAction\",\"name\":\"Comment\",\"target\":[\"https:\/\/nitu.mx\/index.php\/2017\/03\/05\/volaris-inaugura-su-ruta-ciudad-de-mexico-nueva-york\/#respond\"]}]},{\"@type\":\"WebPage\",\"@id\":\"https:\/\/nitu.mx\/index.php\/2017\/03\/05\/volaris-inaugura-su-ruta-ciudad-de-mexico-nueva-york\/\",\"url\":\"https:\/\/nitu.mx\/index.php\/2017\/03\/05\/volaris-inaugura-su-ruta-ciudad-de-mexico-nueva-york\/\",\"name\":\"Volaris inaugura su ruta Ciudad de M\u00e9xico \u2013 Nueva York - Nitu - Noticias de la Industria Turistica\",\"isPartOf\":{\"@id\":\"https:\/\/nitu.mx\/#website\"},\"primaryImageOfPage\":{\"@id\":\"https:\/\/nitu.mx\/index.php\/2017\/03\/05\/volaris-inaugura-su-ruta-ciudad-de-mexico-nueva-york\/#primaryimage\"},\"image\":{\"@id\":\"https:\/\/nitu.mx\/index.php\/2017\/03\/05\/volaris-inaugura-su-ruta-ciudad-de-mexico-nueva-york\/#primaryimage\"},\"thumbnailUrl\":\"https:\/\/nitu.mx\/wp-content\/uploads\/2017\/02\/Volaris-Miami-CDMX-GDL.jpg\",\"datePublished\":\"2017-03-06T04:18:09+00:00\",\"dateModified\":\"2017-03-06T05:02:34+00:00\",\"description\":\"Volaris ampl\u00eda su presencia y conectividad hacia Estados Unidos al inaugurar el jueves su ruta Ciudad de M\u00e9xico \u2013 Nueva York.\",\"breadcrumb\":{\"@id\":\"https:\/\/nitu.mx\/index.php\/2017\/03\/05\/volaris-inaugura-su-ruta-ciudad-de-mexico-nueva-york\/#breadcrumb\"},\"inLanguage\":\"es-MX\",\"potentialAction\":[{\"@type\":\"ReadAction\",\"target\":[\"https:\/\/nitu.mx\/index.php\/2017\/03\/05\/volaris-inaugura-su-ruta-ciudad-de-mexico-nueva-york\/\"]}]},{\"@type\":\"ImageObject\",\"inLanguage\":\"es-MX\",\"@id\":\"https:\/\/nitu.mx\/index.php\/2017\/03\/05\/volaris-inaugura-su-ruta-ciudad-de-mexico-nueva-york\/#primaryimage\",\"url\":\"https:\/\/nitu.mx\/wp-content\/uploads\/2017\/02\/Volaris-Miami-CDMX-GDL.jpg\",\"contentUrl\":\"https:\/\/nitu.mx\/wp-content\/uploads\/2017\/02\/Volaris-Miami-CDMX-GDL.jpg\",\"width\":850,\"height\":480,\"caption\":\"Volaris Miami CDMX GDL\"},{\"@type\":\"BreadcrumbList\",\"@id\":\"https:\/\/nitu.mx\/index.php\/2017\/03\/05\/volaris-inaugura-su-ruta-ciudad-de-mexico-nueva-york\/#breadcrumb\",\"itemListElement\":[{\"@type\":\"ListItem\",\"position\":1,\"name\":\"Inicio\",\"item\":\"https:\/\/nitu.mx\/\"},{\"@type\":\"ListItem\",\"position\":2,\"name\":\"Volaris inaugura su ruta Ciudad de M\u00e9xico \u2013 Nueva York\"}]},{\"@type\":\"WebSite\",\"@id\":\"https:\/\/nitu.mx\/#website\",\"url\":\"https:\/\/nitu.mx\/\",\"name\":\"Nitu - Noticias de la Industria Turistica\",\"description\":\"Noticias de la Industria Turistica\",\"publisher\":{\"@id\":\"https:\/\/nitu.mx\/#\/schema\/person\/ae7a53426417292d3dd07b45a33e01bc\"},\"alternateName\":\"Noticias de la Industria Turistica\",\"potentialAction\":[{\"@type\":\"SearchAction\",\"target\":{\"@type\":\"EntryPoint\",\"urlTemplate\":\"https:\/\/nitu.mx\/?s={search_term_string}\"},\"query-input\":\"required name=search_term_string\"}],\"inLanguage\":\"es-MX\"},{\"@type\":[\"Person\",\"Organization\"],\"@id\":\"https:\/\/nitu.mx\/#\/schema\/person\/ae7a53426417292d3dd07b45a33e01bc\",\"name\":\"Arturo Medina\",\"image\":{\"@type\":\"ImageObject\",\"inLanguage\":\"es-MX\",\"@id\":\"https:\/\/nitu.mx\/#\/schema\/person\/image\/\",\"url\":\"https:\/\/nitu.mx\/wp-content\/uploads\/2024\/04\/4A315622-1904-4D5C-B022-878CDC840E04-90x90-1.jpeg\",\"contentUrl\":\"https:\/\/nitu.mx\/wp-content\/uploads\/2024\/04\/4A315622-1904-4D5C-B022-878CDC840E04-90x90-1.jpeg\",\"width\":90,\"height\":90,\"caption\":\"Arturo Medina\"},\"logo\":{\"@id\":\"https:\/\/nitu.mx\/#\/schema\/person\/image\/\"},\"description\":\"Director NITU.mx, Egresado de la Escuela de Periodismo Carlos Septi\u00e9n Garc\u00eda. Periodista y analista especializado en turismo desde hace 35 a\u00f1os, radicado en Canc\u00fan Q.Roo. arturo@nitu.mx\",\"sameAs\":[\"https:\/\/nitu.mx\",\"https:\/\/www.facebook.com\/NITUmx\/\",\"medinacancun\",\"https:\/\/twitter.com\/@Arturo_Medina_G\"]},{\"@type\":\"Person\",\"@id\":\"https:\/\/nitu.mx\/#\/schema\/person\/4a28fe9bd65924f7c90623773daf1b0b\",\"name\":\"Redacci\u00f3n\",\"image\":{\"@type\":\"ImageObject\",\"inLanguage\":\"es-MX\",\"@id\":\"https:\/\/nitu.mx\/#\/schema\/person\/image\/\",\"url\":\"https:\/\/secure.gravatar.com\/avatar\/5dd011c8ccfc5cd7e4c81e42252aab38?s=96&d=mm&r=g\",\"contentUrl\":\"https:\/\/secure.gravatar.com\/avatar\/5dd011c8ccfc5cd7e4c81e42252aab38?s=96&d=mm&r=g\",\"caption\":\"Redacci\u00f3n\"},\"url\":\"https:\/\/nitu.mx\/index.php\/author\/redaccion\/\"}]}<\/script>\n<!-- \/ Yoast SEO plugin. -->","yoast_head_json":{"title":"Volaris inaugura su ruta Ciudad de M\u00e9xico \u2013 Nueva York - Nitu - Noticias de la Industria Turistica","description":"Volaris ampl\u00eda su presencia y conectividad hacia Estados Unidos al inaugurar el jueves su ruta Ciudad de M\u00e9xico \u2013 Nueva York.","robots":{"index":"index","follow":"follow","max-snippet":"max-snippet:-1","max-image-preview":"max-image-preview:large","max-video-preview":"max-video-preview:-1"},"canonical":"https:\/\/nitu.mx\/index.php\/2017\/03\/05\/volaris-inaugura-su-ruta-ciudad-de-mexico-nueva-york\/","twitter_card":"summary_large_image","twitter_title":"Volaris inaugura su ruta Ciudad de M\u00e9xico \u2013 Nueva York - Nitu - Noticias de la Industria Turistica","twitter_description":"Volaris ampl\u00eda su presencia y conectividad hacia Estados Unidos al inaugurar el jueves su ruta Ciudad de M\u00e9xico \u2013 Nueva York.","twitter_image":"https:\/\/nitu.mx\/wp-content\/uploads\/2017\/02\/Volaris-Miami-CDMX-GDL.jpg","twitter_creator":"@NITUmx","twitter_site":"@Arturo_Medina_G","twitter_misc":{"Escrito por":"Redacci\u00f3n","Tiempo de lectura":"2 minutos"},"schema":{"@context":"https:\/\/schema.org","@graph":[{"@type":"Article","@id":"https:\/\/nitu.mx\/index.php\/2017\/03\/05\/volaris-inaugura-su-ruta-ciudad-de-mexico-nueva-york\/#article","isPartOf":{"@id":"https:\/\/nitu.mx\/index.php\/2017\/03\/05\/volaris-inaugura-su-ruta-ciudad-de-mexico-nueva-york\/"},"author":{"name":"Redacci\u00f3n","@id":"https:\/\/nitu.mx\/#\/schema\/person\/4a28fe9bd65924f7c90623773daf1b0b"},"headline":"Volaris inaugura su ruta Ciudad de M\u00e9xico \u2013 Nueva York","datePublished":"2017-03-06T04:18:09+00:00","dateModified":"2017-03-06T05:02:34+00:00","mainEntityOfPage":{"@id":"https:\/\/nitu.mx\/index.php\/2017\/03\/05\/volaris-inaugura-su-ruta-ciudad-de-mexico-nueva-york\/"},"wordCount":369,"commentCount":0,"publisher":{"@id":"https:\/\/nitu.mx\/#\/schema\/person\/ae7a53426417292d3dd07b45a33e01bc"},"image":{"@id":"https:\/\/nitu.mx\/index.php\/2017\/03\/05\/volaris-inaugura-su-ruta-ciudad-de-mexico-nueva-york\/#primaryimage"},"thumbnailUrl":"https:\/\/nitu.mx\/wp-content\/uploads\/2017\/02\/Volaris-Miami-CDMX-GDL.jpg","keywords":["Aeropuerto Internacional John F. Kennedy","Centroam\u00e9rica","Ciudad de M\u00e9xico \u2013 Nueva York","Estados Unidos","Juliana Ram\u00edrez","M\u00e9xico","Volaris"],"articleSection":["Aerol\u00edneas","M\u00e9xico"],"inLanguage":"es-MX","potentialAction":[{"@type":"CommentAction","name":"Comment","target":["https:\/\/nitu.mx\/index.php\/2017\/03\/05\/volaris-inaugura-su-ruta-ciudad-de-mexico-nueva-york\/#respond"]}]},{"@type":"WebPage","@id":"https:\/\/nitu.mx\/index.php\/2017\/03\/05\/volaris-inaugura-su-ruta-ciudad-de-mexico-nueva-york\/","url":"https:\/\/nitu.mx\/index.php\/2017\/03\/05\/volaris-inaugura-su-ruta-ciudad-de-mexico-nueva-york\/","name":"Volaris inaugura su ruta Ciudad de M\u00e9xico \u2013 Nueva York - Nitu - Noticias de la Industria Turistica","isPartOf":{"@id":"https:\/\/nitu.mx\/#website"},"primaryImageOfPage":{"@id":"https:\/\/nitu.mx\/index.php\/2017\/03\/05\/volaris-inaugura-su-ruta-ciudad-de-mexico-nueva-york\/#primaryimage"},"image":{"@id":"https:\/\/nitu.mx\/index.php\/2017\/03\/05\/volaris-inaugura-su-ruta-ciudad-de-mexico-nueva-york\/#primaryimage"},"thumbnailUrl":"https:\/\/nitu.mx\/wp-content\/uploads\/2017\/02\/Volaris-Miami-CDMX-GDL.jpg","datePublished":"2017-03-06T04:18:09+00:00","dateModified":"2017-03-06T05:02:34+00:00","description":"Volaris ampl\u00eda su presencia y conectividad hacia Estados Unidos al inaugurar el jueves su ruta Ciudad de M\u00e9xico \u2013 Nueva York.","breadcrumb":{"@id":"https:\/\/nitu.mx\/index.php\/2017\/03\/05\/volaris-inaugura-su-ruta-ciudad-de-mexico-nueva-york\/#breadcrumb"},"inLanguage":"es-MX","potentialAction":[{"@type":"ReadAction","target":["https:\/\/nitu.mx\/index.php\/2017\/03\/05\/volaris-inaugura-su-ruta-ciudad-de-mexico-nueva-york\/"]}]},{"@type":"ImageObject","inLanguage":"es-MX","@id":"https:\/\/nitu.mx\/index.php\/2017\/03\/05\/volaris-inaugura-su-ruta-ciudad-de-mexico-nueva-york\/#primaryimage","url":"https:\/\/nitu.mx\/wp-content\/uploads\/2017\/02\/Volaris-Miami-CDMX-GDL.jpg","contentUrl":"https:\/\/nitu.mx\/wp-content\/uploads\/2017\/02\/Volaris-Miami-CDMX-GDL.jpg","width":850,"height":480,"caption":"Volaris Miami CDMX GDL"},{"@type":"BreadcrumbList","@id":"https:\/\/nitu.mx\/index.php\/2017\/03\/05\/volaris-inaugura-su-ruta-ciudad-de-mexico-nueva-york\/#breadcrumb","itemListElement":[{"@type":"ListItem","position":1,"name":"Inicio","item":"https:\/\/nitu.mx\/"},{"@type":"ListItem","position":2,"name":"Volaris inaugura su ruta Ciudad de M\u00e9xico \u2013 Nueva York"}]},{"@type":"WebSite","@id":"https:\/\/nitu.mx\/#website","url":"https:\/\/nitu.mx\/","name":"Nitu - Noticias de la Industria Turistica","description":"Noticias de la Industria Turistica","publisher":{"@id":"https:\/\/nitu.mx\/#\/schema\/person\/ae7a53426417292d3dd07b45a33e01bc"},"alternateName":"Noticias de la Industria Turistica","potentialAction":[{"@type":"SearchAction","target":{"@type":"EntryPoint","urlTemplate":"https:\/\/nitu.mx\/?s={search_term_string}"},"query-input":"required name=search_term_string"}],"inLanguage":"es-MX"},{"@type":["Person","Organization"],"@id":"https:\/\/nitu.mx\/#\/schema\/person\/ae7a53426417292d3dd07b45a33e01bc","name":"Arturo Medina","image":{"@type":"ImageObject","inLanguage":"es-MX","@id":"https:\/\/nitu.mx\/#\/schema\/person\/image\/","url":"https:\/\/nitu.mx\/wp-content\/uploads\/2024\/04\/4A315622-1904-4D5C-B022-878CDC840E04-90x90-1.jpeg","contentUrl":"https:\/\/nitu.mx\/wp-content\/uploads\/2024\/04\/4A315622-1904-4D5C-B022-878CDC840E04-90x90-1.jpeg","width":90,"height":90,"caption":"Arturo Medina"},"logo":{"@id":"https:\/\/nitu.mx\/#\/schema\/person\/image\/"},"description":"Director NITU.mx, Egresado de la Escuela de Periodismo Carlos Septi\u00e9n Garc\u00eda. Periodista y analista especializado en turismo desde hace 35 a\u00f1os, radicado en Canc\u00fan Q.Roo. arturo@nitu.mx","sameAs":["https:\/\/nitu.mx","https:\/\/www.facebook.com\/NITUmx\/","medinacancun","https:\/\/twitter.com\/@Arturo_Medina_G"]},{"@type":"Person","@id":"https:\/\/nitu.mx\/#\/schema\/person\/4a28fe9bd65924f7c90623773daf1b0b","name":"Redacci\u00f3n","image":{"@type":"ImageObject","inLanguage":"es-MX","@id":"https:\/\/nitu.mx\/#\/schema\/person\/image\/","url":"https:\/\/secure.gravatar.com\/avatar\/5dd011c8ccfc5cd7e4c81e42252aab38?s=96&d=mm&r=g","contentUrl":"https:\/\/secure.gravatar.com\/avatar\/5dd011c8ccfc5cd7e4c81e42252aab38?s=96&d=mm&r=g","caption":"Redacci\u00f3n"},"url":"https:\/\/nitu.mx\/index.php\/author\/redaccion\/"}]}},"views":314,"_links":{"self":[{"href":"https:\/\/nitu.mx\/index.php\/wp-json\/wp\/v2\/posts\/7506"}],"collection":[{"href":"https:\/\/nitu.mx\/index.php\/wp-json\/wp\/v2\/posts"}],"about":[{"href":"https:\/\/nitu.mx\/index.php\/wp-json\/wp\/v2\/types\/post"}],"author":[{"embeddable":true,"href":"https:\/\/nitu.mx\/index.php\/wp-json\/wp\/v2\/users\/17"}],"replies":[{"embeddable":true,"href":"https:\/\/nitu.mx\/index.php\/wp-json\/wp\/v2\/comments?post=7506"}],"version-history":[{"count":3,"href":"https:\/\/nitu.mx\/index.php\/wp-json\/wp\/v2\/posts\/7506\/revisions"}],"predecessor-version":[{"id":7524,"href":"https:\/\/nitu.mx\/index.php\/wp-json\/wp\/v2\/posts\/7506\/revisions\/7524"}],"wp:featuredmedia":[{"embeddable":true,"href":"https:\/\/nitu.mx\/index.php\/wp-json\/wp\/v2\/media\/6586"}],"wp:attachment":[{"href":"https:\/\/nitu.mx\/index.php\/wp-json\/wp\/v2\/media?parent=7506"}],"wp:term":[{"taxonomy":"category","embeddable":true,"href":"https:\/\/nitu.mx\/index.php\/wp-json\/wp\/v2\/categories?post=7506"},{"taxonomy":"post_tag","embeddable":true,"href":"https:\/\/nitu.mx\/index.php\/wp-json\/wp\/v2\/tags?post=7506"}],"curies":[{"name":"wp","href":"https:\/\/api.w.org\/{rel}","templated":true}]}}